{"id":14303,"date":"2021-11-23T19:40:50","date_gmt":"2021-11-23T19:40:50","guid":{"rendered":"https:\/\/www.africa-press.net\/tchad\/politique\/un-colloque-sur-la-securisation-du-foncier-agro-pastoral-se-tient-a-ndjamena"},"modified":"2021-11-23T21:17:32","modified_gmt":"2021-11-23T21:17:32","slug":"un-colloque-sur-la-securisation-du-foncier-agro-pastoral-se-tient-a-ndjamena","status":"publish","type":"post","link":"https:\/\/www.africa-press.net\/tchad\/economie\/un-colloque-sur-la-securisation-du-foncier-agro-pastoral-se-tient-a-ndjamena","title":{"rendered":"un colloque sur la s\u00e9curisation du foncier agro-pastoral se tient \u00e0 Ndjamena"},"content":{"rendered":"<p><span style=\"color: #ff6600\"><strong>Africa-Press &#8211; Tchad. <\/strong><\/span>La capitale du Tchad abrite, du 23 au 25 novembre 2021, un colloque r\u00e9gional sur la s\u00e9curit\u00e9 du foncier agro-pastoral sous le th\u00e8me : \u00ab S\u00e9curiser le foncier agro-pastoral et pr\u00e9venir les conflits agro-pastoraux en Afrique du Centre et de l\u2019Ouest \u00bb.<\/p>\n<p>Ce colloque portera sur quatre axes principaux : processus d\u2019\u00e9laboration des politiques fonci\u00e8res l\u00e9gitimes et l\u00e9galis\u00e9es, statuts des terres agro-pastorales et des communs pastoraux, dispositifs de gouvernance responsable du foncier agro-pastoral et les m\u00e9canismes d\u2019information et de d\u00e9fense des droits par les agriculteurs et les \u00e9leveurs.<\/p>\n<p>Au cours de la c\u00e9r\u00e9monie officielle d\u2019ouverture des travaux, le ministre de l\u2019Elevage et des Productions animales, Dr Abderahim Awat Atteib, a soulign\u00e9 que \u00ab le Tchad est un pays pour lequel l\u2019\u00e9levage et l\u2019agriculture constituent les principaux piliers de son \u00e9conomie, mais la gestion actuelle des ressources naturelles fait souvent l\u2019objet des conflits entre usagers, avec des cons\u00e9quences parfois tr\u00e8s tristes.<\/p>\n<p>\u00bb Pour le ministre Aderahim Awat, la r\u00e9flexion sur la s\u00e9curisation du foncier agro-pastoral doit s\u2019inscrire dans une perspective portant sur la viabilit\u00e9 \u00e9conomique et sociale de ces principaux piliers de l\u2019\u00e9conomie nationale.<\/p>\n<p>Le cadre l\u00e9gislatif et r\u00e8glementaire r\u00e9gissant l\u2019acc\u00e8s au foncier et autres ressources naturelles, n\u2019est pas en phase avec le contexte actuel. Au regard de ces constats, la probl\u00e9matique du foncier agro-pastoral m\u00e9rite une r\u00e9flexion plus approfondie, a conclu le ministre.<\/p>\n<p>Quant au repr\u00e9sentant de la d\u00e9l\u00e9gation de l\u2019Union europ\u00e9enne, Didier Carton explique que l\u2019organisation de ce colloque entre dans le sillage de la strat\u00e9gie Sahel, du Programme indicatif national(PIN) du 11\u00e8me PED secteur \u00ab gestion durable des ressources naturelles \u00bb.<\/p>\n<p>Selon lui, les enjeux et d\u00e9fis de la s\u00e9curisation du foncier agro-pastoral m\u00e9ritent d\u2019\u00eatre analys\u00e9s et trait\u00e9s, lorsqu\u2019on sait que le socle de l\u2019\u00e9conomie tchadienne et r\u00e9gionale est bas\u00e9 sur l\u2019agriculture et l\u2019\u00e9levage.<\/p>\n<p><strong>Pour plus d&rsquo;informations et d&rsquo;analyses sur la <a href=\"https:\/\/www.africa-press.net\/tchad\">Tchad<\/a>, suivez <a href=\"https:\/\/www.africa-press.net\/\">Africa-Press<\/a><\/strong><\/p>\n","protected":false},"excerpt":{"rendered":"<p>Africa-Press &#8211; Tchad. La capitale du Tchad abrite, du 23 au 25 novembre 2021, un colloque r\u00e9gional sur la s\u00e9curit\u00e9 du foncier agro-pastoral sous le th\u00e8me : \u00ab S\u00e9curiser le foncier agro-pastoral et pr\u00e9venir les conflits agro-pastoraux en Afrique du Centre et de l\u2019Ouest \u00bb. Ce colloque portera sur quatre axes principaux : processus d\u2019\u00e9laboration [&hellip;]<\/p>\n","protected":false},"author":82,"featured_media":14302,"comment_status":"open","ping_status":"closed","sticky":false,"template":"","format":"standard","meta":{"footnotes":""},"categories":[3,11,10],"tags":[37,292,2057,2693,29],"class_list":["post-14303","post","type-post","status-publish","format-standard","has-post-thumbnail","hentry","category-economie","category-homepage-french","category-toutes-les-actualites","tag-africa-press","tag-africa-press-tchad","tag-ndjamena-4","tag-securisation","tag-tchad"],"yoast_head":"<!-- This site is optimized with the Yoast SEO Premium plugin v26.1 (Yoast SEO v27.0) - https:\/\/yoast.com\/product\/yoast-seo-premium-wordpress\/ -->\n<title>un colloque sur la s\u00e9curisation du foncier agro-pastoral se tient \u00e0 Ndjamena - tchad<\/title>\n<meta name=\"description\" content=\"La capitale du Tchad abrite, du 23 au 25 novembre 2021, un colloque r\u00e9gional sur la s\u00e9curit\u00e9 du foncier agro-pastoral so ...\" \/>\n<meta name=\"robots\" content=\"index, follow, max-snippet:-1, max-image-preview:large, max-video-preview:-1\" \/>\n<link rel=\"canonical\" href=\"https:\/\/www.africa-press.net\/tchad\/economie\/un-colloque-sur-la-securisation-du-foncier-agro-pastoral-se-tient-a-ndjamena\" \/>\n<meta property=\"og:locale\" content=\"fr_FR\" \/>\n<meta property=\"og:type\" content=\"article\" \/>\n<meta property=\"og:title\" content=\"un colloque sur la s\u00e9curisation du foncier agro-pastoral se tient \u00e0 Ndjamena\" \/>\n<meta property=\"og:description\" content=\"La capitale du Tchad abrite, du 23 au 25 novembre 2021, un colloque r\u00e9gional sur la s\u00e9curit\u00e9 du foncier agro-pastoral so ...\" \/>\n<meta property=\"og:url\" content=\"https:\/\/www.africa-press.net\/tchad\/economie\/un-colloque-sur-la-securisation-du-foncier-agro-pastoral-se-tient-a-ndjamena\" \/>\n<meta property=\"og:site_name\" content=\"tchad\" \/>\n<meta property=\"article:published_time\" content=\"2021-11-23T19:40:50+00:00\" \/>\n<meta property=\"article:modified_time\" content=\"2021-11-23T21:17:32+00:00\" \/>\n<meta property=\"og:image\" content=\"https:\/\/static.africa-press.net\/tchad\/sites\/41\/2021\/11\/img-619d5a4906fc2.jpg\" \/>\n\t<meta property=\"og:image:width\" content=\"870\" \/>\n\t<meta property=\"og:image:height\" content=\"570\" \/>\n\t<meta property=\"og:image:type\" content=\"image\/jpeg\" \/>\n<meta name=\"author\" content=\"cfeditorfr\" \/>\n<meta name=\"twitter:card\" content=\"summary_large_image\" \/>\n<meta name=\"twitter:label1\" content=\"\u00c9crit par\" \/>\n\t<meta name=\"twitter:data1\" content=\"cfeditorfr\" \/>\n\t<meta name=\"twitter:label2\" content=\"Dur\u00e9e de lecture estim\u00e9e\" \/>\n\t<meta name=\"twitter:data2\" content=\"2 minutes\" \/>\n<script type=\"application\/ld+json\" class=\"yoast-schema-graph\">{\"@context\":\"https:\/\/schema.org\",\"@graph\":[{\"@type\":\"Article\",\"@id\":\"https:\/\/www.africa-press.net\/tchad\/economie\/un-colloque-sur-la-securisation-du-foncier-agro-pastoral-se-tient-a-ndjamena#article\",\"isPartOf\":{\"@id\":\"https:\/\/www.africa-press.net\/tchad\/economie\/un-colloque-sur-la-securisation-du-foncier-agro-pastoral-se-tient-a-ndjamena\"},\"author\":{\"name\":\"cfeditorfr\",\"@id\":\"https:\/\/www.africa-press.net\/tchad\/#\/schema\/person\/2b1cf3cd81a31e3cd26889ca66d677f1\"},\"headline\":\"un colloque sur la s\u00e9curisation du foncier agro-pastoral se tient \u00e0 Ndjamena\",\"datePublished\":\"2021-11-23T19:40:50+00:00\",\"dateModified\":\"2021-11-23T21:17:32+00:00\",\"mainEntityOfPage\":{\"@id\":\"https:\/\/www.africa-press.net\/tchad\/economie\/un-colloque-sur-la-securisation-du-foncier-agro-pastoral-se-tient-a-ndjamena\"},\"wordCount\":367,\"commentCount\":0,\"image\":{\"@id\":\"https:\/\/www.africa-press.net\/tchad\/economie\/un-colloque-sur-la-securisation-du-foncier-agro-pastoral-se-tient-a-ndjamena#primaryimage\"},\"thumbnailUrl\":\"https:\/\/static.africa-press.net\/tchad\/sites\/41\/2021\/11\/img-619d5a4906fc2.jpg\",\"keywords\":[\"Africa Press\",\"Africa Press-Tchad\",\"Ndjam\u00e9na\",\"s\u00e9curisation\",\"Tchad\"],\"articleSection\":[\"\u00c9conomie\",\"homepage-french\",\"Toutes les actualit\u00e9s\"],\"inLanguage\":\"fr-FR\",\"potentialAction\":[{\"@type\":\"CommentAction\",\"name\":\"Comment\",\"target\":[\"https:\/\/www.africa-press.net\/tchad\/economie\/un-colloque-sur-la-securisation-du-foncier-agro-pastoral-se-tient-a-ndjamena#respond\"]}]},{\"@type\":\"WebPage\",\"@id\":\"https:\/\/www.africa-press.net\/tchad\/economie\/un-colloque-sur-la-securisation-du-foncier-agro-pastoral-se-tient-a-ndjamena\",\"url\":\"https:\/\/www.africa-press.net\/tchad\/economie\/un-colloque-sur-la-securisation-du-foncier-agro-pastoral-se-tient-a-ndjamena\",\"name\":\"un colloque sur la s\u00e9curisation du foncier agro-pastoral se tient \u00e0 Ndjamena - tchad\",\"isPartOf\":{\"@id\":\"https:\/\/www.africa-press.net\/tchad\/#website\"},\"primaryImageOfPage\":{\"@id\":\"https:\/\/www.africa-press.net\/tchad\/economie\/un-colloque-sur-la-securisation-du-foncier-agro-pastoral-se-tient-a-ndjamena#primaryimage\"},\"image\":{\"@id\":\"https:\/\/www.africa-press.net\/tchad\/economie\/un-colloque-sur-la-securisation-du-foncier-agro-pastoral-se-tient-a-ndjamena#primaryimage\"},\"thumbnailUrl\":\"https:\/\/static.africa-press.net\/tchad\/sites\/41\/2021\/11\/img-619d5a4906fc2.jpg\",\"datePublished\":\"2021-11-23T19:40:50+00:00\",\"dateModified\":\"2021-11-23T21:17:32+00:00\",\"author\":{\"@id\":\"https:\/\/www.africa-press.net\/tchad\/#\/schema\/person\/2b1cf3cd81a31e3cd26889ca66d677f1\"},\"description\":\"La capitale du Tchad abrite, du 23 au 25 novembre 2021, un colloque r\u00e9gional sur la s\u00e9curit\u00e9 du foncier agro-pastoral so ...\",\"breadcrumb\":{\"@id\":\"https:\/\/www.africa-press.net\/tchad\/economie\/un-colloque-sur-la-securisation-du-foncier-agro-pastoral-se-tient-a-ndjamena#breadcrumb\"},\"inLanguage\":\"fr-FR\",\"potentialAction\":[{\"@type\":\"ReadAction\",\"target\":[\"https:\/\/www.africa-press.net\/tchad\/economie\/un-colloque-sur-la-securisation-du-foncier-agro-pastoral-se-tient-a-ndjamena\"]}]},{\"@type\":\"ImageObject\",\"inLanguage\":\"fr-FR\",\"@id\":\"https:\/\/www.africa-press.net\/tchad\/economie\/un-colloque-sur-la-securisation-du-foncier-agro-pastoral-se-tient-a-ndjamena#primaryimage\",\"url\":\"https:\/\/static.africa-press.net\/tchad\/sites\/41\/2021\/11\/img-619d5a4906fc2.jpg\",\"contentUrl\":\"https:\/\/static.africa-press.net\/tchad\/sites\/41\/2021\/11\/img-619d5a4906fc2.jpg\",\"width\":870,\"height\":570,\"caption\":\"un colloque sur la s\u00e9curisation du foncier agro-pastoral se tient \u00e0 Ndjamena\"},{\"@type\":\"BreadcrumbList\",\"@id\":\"https:\/\/www.africa-press.net\/tchad\/economie\/un-colloque-sur-la-securisation-du-foncier-agro-pastoral-se-tient-a-ndjamena#breadcrumb\",\"itemListElement\":[{\"@type\":\"ListItem\",\"position\":1,\"name\":\"Accueil\",\"item\":\"https:\/\/www.africa-press.net\/tchad\/\"},{\"@type\":\"ListItem\",\"position\":2,\"name\":\"un colloque sur la s\u00e9curisation du foncier agro-pastoral se tient \u00e0 Ndjamena\"}]},{\"@type\":\"WebSite\",\"@id\":\"https:\/\/www.africa-press.net\/tchad\/#website\",\"url\":\"https:\/\/www.africa-press.net\/tchad\/\",\"name\":\"tchad\",\"description\":\"Just another Africa News Agency Sites site\",\"potentialAction\":[{\"@type\":\"SearchAction\",\"target\":{\"@type\":\"EntryPoint\",\"urlTemplate\":\"https:\/\/www.africa-press.net\/tchad\/?s={search_term_string}\"},\"query-input\":{\"@type\":\"PropertyValueSpecification\",\"valueRequired\":true,\"valueName\":\"search_term_string\"}}],\"inLanguage\":\"fr-FR\"},{\"@type\":\"Person\",\"@id\":\"https:\/\/www.africa-press.net\/tchad\/#\/schema\/person\/2b1cf3cd81a31e3cd26889ca66d677f1\",\"name\":\"cfeditorfr\"}]}<\/script>\n<!-- \/ Yoast SEO Premium plugin. -->","yoast_head_json":{"title":"un colloque sur la s\u00e9curisation du foncier agro-pastoral se tient \u00e0 Ndjamena - tchad","description":"La capitale du Tchad abrite, du 23 au 25 novembre 2021, un colloque r\u00e9gional sur la s\u00e9curit\u00e9 du foncier agro-pastoral so ...","robots":{"index":"index","follow":"follow","max-snippet":"max-snippet:-1","max-image-preview":"max-image-preview:large","max-video-preview":"max-video-preview:-1"},"canonical":"https:\/\/www.africa-press.net\/tchad\/economie\/un-colloque-sur-la-securisation-du-foncier-agro-pastoral-se-tient-a-ndjamena","og_locale":"fr_FR","og_type":"article","og_title":"un colloque sur la s\u00e9curisation du foncier agro-pastoral se tient \u00e0 Ndjamena","og_description":"La capitale du Tchad abrite, du 23 au 25 novembre 2021, un colloque r\u00e9gional sur la s\u00e9curit\u00e9 du foncier agro-pastoral so ...","og_url":"https:\/\/www.africa-press.net\/tchad\/economie\/un-colloque-sur-la-securisation-du-foncier-agro-pastoral-se-tient-a-ndjamena","og_site_name":"tchad","article_published_time":"2021-11-23T19:40:50+00:00","article_modified_time":"2021-11-23T21:17:32+00:00","og_image":[{"width":870,"height":570,"url":"https:\/\/static.africa-press.net\/tchad\/sites\/41\/2021\/11\/img-619d5a4906fc2.jpg","type":"image\/jpeg"}],"author":"cfeditorfr","twitter_card":"summary_large_image","twitter_misc":{"\u00c9crit par":"cfeditorfr","Dur\u00e9e de lecture estim\u00e9e":"2 minutes"},"schema":{"@context":"https:\/\/schema.org","@graph":[{"@type":"Article","@id":"https:\/\/www.africa-press.net\/tchad\/economie\/un-colloque-sur-la-securisation-du-foncier-agro-pastoral-se-tient-a-ndjamena#article","isPartOf":{"@id":"https:\/\/www.africa-press.net\/tchad\/economie\/un-colloque-sur-la-securisation-du-foncier-agro-pastoral-se-tient-a-ndjamena"},"author":{"name":"cfeditorfr","@id":"https:\/\/www.africa-press.net\/tchad\/#\/schema\/person\/2b1cf3cd81a31e3cd26889ca66d677f1"},"headline":"un colloque sur la s\u00e9curisation du foncier agro-pastoral se tient \u00e0 Ndjamena","datePublished":"2021-11-23T19:40:50+00:00","dateModified":"2021-11-23T21:17:32+00:00","mainEntityOfPage":{"@id":"https:\/\/www.africa-press.net\/tchad\/economie\/un-colloque-sur-la-securisation-du-foncier-agro-pastoral-se-tient-a-ndjamena"},"wordCount":367,"commentCount":0,"image":{"@id":"https:\/\/www.africa-press.net\/tchad\/economie\/un-colloque-sur-la-securisation-du-foncier-agro-pastoral-se-tient-a-ndjamena#primaryimage"},"thumbnailUrl":"https:\/\/static.africa-press.net\/tchad\/sites\/41\/2021\/11\/img-619d5a4906fc2.jpg","keywords":["Africa Press","Africa Press-Tchad","Ndjam\u00e9na","s\u00e9curisation","Tchad"],"articleSection":["\u00c9conomie","homepage-french","Toutes les actualit\u00e9s"],"inLanguage":"fr-FR","potentialAction":[{"@type":"CommentAction","name":"Comment","target":["https:\/\/www.africa-press.net\/tchad\/economie\/un-colloque-sur-la-securisation-du-foncier-agro-pastoral-se-tient-a-ndjamena#respond"]}]},{"@type":"WebPage","@id":"https:\/\/www.africa-press.net\/tchad\/economie\/un-colloque-sur-la-securisation-du-foncier-agro-pastoral-se-tient-a-ndjamena","url":"https:\/\/www.africa-press.net\/tchad\/economie\/un-colloque-sur-la-securisation-du-foncier-agro-pastoral-se-tient-a-ndjamena","name":"un colloque sur la s\u00e9curisation du foncier agro-pastoral se tient \u00e0 Ndjamena - tchad","isPartOf":{"@id":"https:\/\/www.africa-press.net\/tchad\/#website"},"primaryImageOfPage":{"@id":"https:\/\/www.africa-press.net\/tchad\/economie\/un-colloque-sur-la-securisation-du-foncier-agro-pastoral-se-tient-a-ndjamena#primaryimage"},"image":{"@id":"https:\/\/www.africa-press.net\/tchad\/economie\/un-colloque-sur-la-securisation-du-foncier-agro-pastoral-se-tient-a-ndjamena#primaryimage"},"thumbnailUrl":"https:\/\/static.africa-press.net\/tchad\/sites\/41\/2021\/11\/img-619d5a4906fc2.jpg","datePublished":"2021-11-23T19:40:50+00:00","dateModified":"2021-11-23T21:17:32+00:00","author":{"@id":"https:\/\/www.africa-press.net\/tchad\/#\/schema\/person\/2b1cf3cd81a31e3cd26889ca66d677f1"},"description":"La capitale du Tchad abrite, du 23 au 25 novembre 2021, un colloque r\u00e9gional sur la s\u00e9curit\u00e9 du foncier agro-pastoral so ...","breadcrumb":{"@id":"https:\/\/www.africa-press.net\/tchad\/economie\/un-colloque-sur-la-securisation-du-foncier-agro-pastoral-se-tient-a-ndjamena#breadcrumb"},"inLanguage":"fr-FR","potentialAction":[{"@type":"ReadAction","target":["https:\/\/www.africa-press.net\/tchad\/economie\/un-colloque-sur-la-securisation-du-foncier-agro-pastoral-se-tient-a-ndjamena"]}]},{"@type":"ImageObject","inLanguage":"fr-FR","@id":"https:\/\/www.africa-press.net\/tchad\/economie\/un-colloque-sur-la-securisation-du-foncier-agro-pastoral-se-tient-a-ndjamena#primaryimage","url":"https:\/\/static.africa-press.net\/tchad\/sites\/41\/2021\/11\/img-619d5a4906fc2.jpg","contentUrl":"https:\/\/static.africa-press.net\/tchad\/sites\/41\/2021\/11\/img-619d5a4906fc2.jpg","width":870,"height":570,"caption":"un colloque sur la s\u00e9curisation du foncier agro-pastoral se tient \u00e0 Ndjamena"},{"@type":"BreadcrumbList","@id":"https:\/\/www.africa-press.net\/tchad\/economie\/un-colloque-sur-la-securisation-du-foncier-agro-pastoral-se-tient-a-ndjamena#breadcrumb","itemListElement":[{"@type":"ListItem","position":1,"name":"Accueil","item":"https:\/\/www.africa-press.net\/tchad\/"},{"@type":"ListItem","position":2,"name":"un colloque sur la s\u00e9curisation du foncier agro-pastoral se tient \u00e0 Ndjamena"}]},{"@type":"WebSite","@id":"https:\/\/www.africa-press.net\/tchad\/#website","url":"https:\/\/www.africa-press.net\/tchad\/","name":"tchad","description":"Just another Africa News Agency Sites site","potentialAction":[{"@type":"SearchAction","target":{"@type":"EntryPoint","urlTemplate":"https:\/\/www.africa-press.net\/tchad\/?s={search_term_string}"},"query-input":{"@type":"PropertyValueSpecification","valueRequired":true,"valueName":"search_term_string"}}],"inLanguage":"fr-FR"},{"@type":"Person","@id":"https:\/\/www.africa-press.net\/tchad\/#\/schema\/person\/2b1cf3cd81a31e3cd26889ca66d677f1","name":"cfeditorfr"}]}},"_links":{"self":[{"href":"https:\/\/www.africa-press.net\/tchad\/wp-json\/wp\/v2\/posts\/14303","targetHints":{"allow":["GET"]}}],"collection":[{"href":"https:\/\/www.africa-press.net\/tchad\/wp-json\/wp\/v2\/posts"}],"about":[{"href":"https:\/\/www.africa-press.net\/tchad\/wp-json\/wp\/v2\/types\/post"}],"author":[{"embeddable":true,"href":"https:\/\/www.africa-press.net\/tchad\/wp-json\/wp\/v2\/users\/82"}],"replies":[{"embeddable":true,"href":"https:\/\/www.africa-press.net\/tchad\/wp-json\/wp\/v2\/comments?post=14303"}],"version-history":[{"count":0,"href":"https:\/\/www.africa-press.net\/tchad\/wp-json\/wp\/v2\/posts\/14303\/revisions"}],"wp:featuredmedia":[{"embeddable":true,"href":"https:\/\/www.africa-press.net\/tchad\/wp-json\/wp\/v2\/media\/14302"}],"wp:attachment":[{"href":"https:\/\/www.africa-press.net\/tchad\/wp-json\/wp\/v2\/media?parent=14303"}],"wp:term":[{"taxonomy":"category","embeddable":true,"href":"https:\/\/www.africa-press.net\/tchad\/wp-json\/wp\/v2\/categories?post=14303"},{"taxonomy":"post_tag","embeddable":true,"href":"https:\/\/www.africa-press.net\/tchad\/wp-json\/wp\/v2\/tags?post=14303"}],"curies":[{"name":"wp","href":"https:\/\/api.w.org\/{rel}","templated":true}]}}