{"id":14382,"date":"2021-11-25T18:49:17","date_gmt":"2021-11-25T18:49:17","guid":{"rendered":"https:\/\/www.africa-press.net\/tchad\/politique\/bisbille-autour-de-lorganisation-du-concert-de-fally-ipupa"},"modified":"2021-11-25T19:26:44","modified_gmt":"2021-11-25T19:26:44","slug":"bisbille-autour-de-lorganisation-du-concert-de-fally-ipupa","status":"publish","type":"post","link":"https:\/\/www.africa-press.net\/tchad\/culture-et-art\/bisbille-autour-de-lorganisation-du-concert-de-fally-ipupa","title":{"rendered":"Bisbille autour de l\u2019organisation du concert de Fally Ipupa"},"content":{"rendered":"<p><span style=\"color: #ff6600\"><strong>Africa-Press &#8211; Tchad. <\/strong><\/span>Le Manager de la plateforme culturelle Boostons Nos artistes (Bna), Ndoudjalar Alida a exprim\u00e9 son m\u00e9contentement apr\u00e8s l\u2019appropriation de son projet d\u2019organisation du concert de Fally Ipupa par l\u2019Agence Eltchado.<br \/>\nA quelques jours de l\u2019arriv\u00e9e de l\u2019artiste congolais Fally Ipupa \u00e0 N\u2019Djam\u00e9na, des brouilles de plagiat \u00e9clatent entre plateforme. Le Manager de Bna accuse l\u2019agence Eltchado de plagier son projet. \u00ab Nous avons fait toutes les d\u00e9marches n\u00e9cessaires pour son arriv\u00e9e, son installation et avons lanc\u00e9 les proc\u00e9dures de n\u00e9gociations avec l\u2019\u00e9quipe manag\u00e9riale de l\u2019artiste qui nous ont donn\u00e9s leurs conditions avant que celui-ci ne valide les 2 concerts pr\u00e9vus les 26 et 28 novembre. Ce qu\u2019il nous restait \u00e0 faire, c\u2019est la recherche des sponsors pour la collecte des fonds pour l\u2019organisation de sa venue \u00bb, informe le Manager.<br \/>\nPour cela souligne-t-il, \u00ab nous avons d\u00fb d\u00e9poser une correspondance au gouvernement qui a r\u00e9pondu favorablement \u00e0 la demande de fonds \u00bb.<br \/>\nCependant, d\u00e9plore Ndoudjalar Alida, \u00ab \u00e0 notre grand surprise, l\u2019agence Eltchado, nous a contact\u00e9 par t\u00e9l\u00e9phone pour nous faire savoir qu\u2019apparemment nous avons un m\u00eame projet et qu\u2019il fallait que nous nous retrouvions pour trouver un terrain d\u2019entente. Quelques jours plus tard, nous avons re\u00e7u un appel de la pr\u00e9sidence nous convoquant pour une confrontation. Car ils ont re\u00e7u deux dossiers identiques provenant de deux institutions diff\u00e9rentes\u00bb.<br \/>\nPour pouvoir faire avancer les choses, la plateforme Bna a d\u00e9cid\u00e9 de faire confiance \u00e0 l\u2019\u00e9quipe adverse. \u00ab D\u2019un commun accord, il a \u00e9t\u00e9 convenu qu\u2019ils organiseront le concert. Mais nous aurons un pourcentage sur les revenus. Apr\u00e8s plusieurs jours d\u2019attente ceux-ci reviennent sur leurs d\u00e9cisions et nous refait une contre proposition qui ne nous satisfait pas \u00bb, s\u2019indigne le Manager tout en indiquant que par leur d\u00e9dain l\u2019agence Eltchado a \u00ab voulu montrer qu\u2019ils sont au dessus de nous \u00bb.<br \/>\nen outre, Ndoudjalar Alida pr\u00e9vient que \u00ab Bna d\u00e9clinera toute responsabilit\u00e9 en lien avec l\u2019 organisation de cet \u00e9v\u00e9nement \u00bb.<\/p>\n<p><strong>Pour plus d&rsquo;informations et d&rsquo;analyses sur la <a href=\"https:\/\/www.africa-press.net\/tchad\">Tchad<\/a>, suivez <a href=\"https:\/\/www.africa-press.net\/\">Africa-Press<\/a><\/strong><\/p>\n","protected":false},"excerpt":{"rendered":"<p>Africa-Press &#8211; Tchad. Le Manager de la plateforme culturelle Boostons Nos artistes (Bna), Ndoudjalar Alida a exprim\u00e9 son m\u00e9contentement apr\u00e8s l\u2019appropriation de son projet d\u2019organisation du concert de Fally Ipupa par l\u2019Agence Eltchado. A quelques jours de l\u2019arriv\u00e9e de l\u2019artiste congolais Fally Ipupa \u00e0 N\u2019Djam\u00e9na, des brouilles de plagiat \u00e9clatent entre plateforme. Le Manager de [&hellip;]<\/p>\n","protected":false},"author":82,"featured_media":14381,"comment_status":"open","ping_status":"closed","sticky":false,"template":"","format":"standard","meta":{"footnotes":""},"categories":[5,11,10],"tags":[37,292,2715,29],"class_list":["post-14382","post","type-post","status-publish","format-standard","has-post-thumbnail","hentry","category-culture-et-art","category-homepage-french","category-toutes-les-actualites","tag-africa-press","tag-africa-press-tchad","tag-fally-ipupa","tag-tchad"],"yoast_head":"<!-- This site is optimized with the Yoast SEO Premium plugin v26.1 (Yoast SEO v27.0) - https:\/\/yoast.com\/product\/yoast-seo-premium-wordpress\/ -->\n<title>Bisbille autour de l\u2019organisation du concert de Fally Ipupa - tchad<\/title>\n<meta name=\"description\" content=\"Le Manager de la plateforme culturelle Boostons Nos artistes (Bna), Ndoudjalar Alida a exprim\u00e9 son m\u00e9contentement apr\u00e8s ...\" \/>\n<meta name=\"robots\" content=\"index, follow, max-snippet:-1, max-image-preview:large, max-video-preview:-1\" \/>\n<link rel=\"canonical\" href=\"https:\/\/www.africa-press.net\/tchad\/culture-et-art\/bisbille-autour-de-lorganisation-du-concert-de-fally-ipupa\" \/>\n<meta property=\"og:locale\" content=\"fr_FR\" \/>\n<meta property=\"og:type\" content=\"article\" \/>\n<meta property=\"og:title\" content=\"Bisbille autour de l\u2019organisation du concert de Fally Ipupa\" \/>\n<meta property=\"og:description\" content=\"Le Manager de la plateforme culturelle Boostons Nos artistes (Bna), Ndoudjalar Alida a exprim\u00e9 son m\u00e9contentement apr\u00e8s ...\" \/>\n<meta property=\"og:url\" content=\"https:\/\/www.africa-press.net\/tchad\/culture-et-art\/bisbille-autour-de-lorganisation-du-concert-de-fally-ipupa\" \/>\n<meta property=\"og:site_name\" content=\"tchad\" \/>\n<meta property=\"article:published_time\" content=\"2021-11-25T18:49:17+00:00\" \/>\n<meta property=\"article:modified_time\" content=\"2021-11-25T19:26:44+00:00\" \/>\n<meta property=\"og:image\" content=\"https:\/\/static.africa-press.net\/tchad\/sites\/41\/2021\/11\/img-619fe348df694.jpg\" \/>\n\t<meta property=\"og:image:width\" content=\"1024\" \/>\n\t<meta property=\"og:image:height\" content=\"768\" \/>\n\t<meta property=\"og:image:type\" content=\"image\/jpeg\" \/>\n<meta name=\"author\" content=\"cfeditorfr\" \/>\n<meta name=\"twitter:card\" content=\"summary_large_image\" \/>\n<meta name=\"twitter:label1\" content=\"\u00c9crit par\" \/>\n\t<meta name=\"twitter:data1\" content=\"cfeditorfr\" \/>\n\t<meta name=\"twitter:label2\" content=\"Dur\u00e9e de lecture estim\u00e9e\" \/>\n\t<meta name=\"twitter:data2\" content=\"2 minutes\" \/>\n<script type=\"application\/ld+json\" class=\"yoast-schema-graph\">{\"@context\":\"https:\/\/schema.org\",\"@graph\":[{\"@type\":\"Article\",\"@id\":\"https:\/\/www.africa-press.net\/tchad\/culture-et-art\/bisbille-autour-de-lorganisation-du-concert-de-fally-ipupa#article\",\"isPartOf\":{\"@id\":\"https:\/\/www.africa-press.net\/tchad\/culture-et-art\/bisbille-autour-de-lorganisation-du-concert-de-fally-ipupa\"},\"author\":{\"name\":\"cfeditorfr\",\"@id\":\"https:\/\/www.africa-press.net\/tchad\/#\/schema\/person\/2b1cf3cd81a31e3cd26889ca66d677f1\"},\"headline\":\"Bisbille autour de l\u2019organisation du concert de Fally Ipupa\",\"datePublished\":\"2021-11-25T18:49:17+00:00\",\"dateModified\":\"2021-11-25T19:26:44+00:00\",\"mainEntityOfPage\":{\"@id\":\"https:\/\/www.africa-press.net\/tchad\/culture-et-art\/bisbille-autour-de-lorganisation-du-concert-de-fally-ipupa\"},\"wordCount\":378,\"commentCount\":0,\"image\":{\"@id\":\"https:\/\/www.africa-press.net\/tchad\/culture-et-art\/bisbille-autour-de-lorganisation-du-concert-de-fally-ipupa#primaryimage\"},\"thumbnailUrl\":\"https:\/\/static.africa-press.net\/tchad\/sites\/41\/2021\/11\/img-619fe348df694.jpg\",\"keywords\":[\"Africa Press\",\"Africa Press-Tchad\",\"Fally Ipupa\",\"Tchad\"],\"articleSection\":[\"Culture et Art\",\"homepage-french\",\"Toutes les actualit\u00e9s\"],\"inLanguage\":\"fr-FR\",\"potentialAction\":[{\"@type\":\"CommentAction\",\"name\":\"Comment\",\"target\":[\"https:\/\/www.africa-press.net\/tchad\/culture-et-art\/bisbille-autour-de-lorganisation-du-concert-de-fally-ipupa#respond\"]}]},{\"@type\":\"WebPage\",\"@id\":\"https:\/\/www.africa-press.net\/tchad\/culture-et-art\/bisbille-autour-de-lorganisation-du-concert-de-fally-ipupa\",\"url\":\"https:\/\/www.africa-press.net\/tchad\/culture-et-art\/bisbille-autour-de-lorganisation-du-concert-de-fally-ipupa\",\"name\":\"Bisbille autour de l\u2019organisation du concert de Fally Ipupa - tchad\",\"isPartOf\":{\"@id\":\"https:\/\/www.africa-press.net\/tchad\/#website\"},\"primaryImageOfPage\":{\"@id\":\"https:\/\/www.africa-press.net\/tchad\/culture-et-art\/bisbille-autour-de-lorganisation-du-concert-de-fally-ipupa#primaryimage\"},\"image\":{\"@id\":\"https:\/\/www.africa-press.net\/tchad\/culture-et-art\/bisbille-autour-de-lorganisation-du-concert-de-fally-ipupa#primaryimage\"},\"thumbnailUrl\":\"https:\/\/static.africa-press.net\/tchad\/sites\/41\/2021\/11\/img-619fe348df694.jpg\",\"datePublished\":\"2021-11-25T18:49:17+00:00\",\"dateModified\":\"2021-11-25T19:26:44+00:00\",\"author\":{\"@id\":\"https:\/\/www.africa-press.net\/tchad\/#\/schema\/person\/2b1cf3cd81a31e3cd26889ca66d677f1\"},\"description\":\"Le Manager de la plateforme culturelle Boostons Nos artistes (Bna), Ndoudjalar Alida a exprim\u00e9 son m\u00e9contentement apr\u00e8s ...\",\"breadcrumb\":{\"@id\":\"https:\/\/www.africa-press.net\/tchad\/culture-et-art\/bisbille-autour-de-lorganisation-du-concert-de-fally-ipupa#breadcrumb\"},\"inLanguage\":\"fr-FR\",\"potentialAction\":[{\"@type\":\"ReadAction\",\"target\":[\"https:\/\/www.africa-press.net\/tchad\/culture-et-art\/bisbille-autour-de-lorganisation-du-concert-de-fally-ipupa\"]}]},{\"@type\":\"ImageObject\",\"inLanguage\":\"fr-FR\",\"@id\":\"https:\/\/www.africa-press.net\/tchad\/culture-et-art\/bisbille-autour-de-lorganisation-du-concert-de-fally-ipupa#primaryimage\",\"url\":\"https:\/\/static.africa-press.net\/tchad\/sites\/41\/2021\/11\/img-619fe348df694.jpg\",\"contentUrl\":\"https:\/\/static.africa-press.net\/tchad\/sites\/41\/2021\/11\/img-619fe348df694.jpg\",\"width\":1024,\"height\":768,\"caption\":\"Bisbille autour de l\u2019organisation du concert de Fally Ipupa\"},{\"@type\":\"BreadcrumbList\",\"@id\":\"https:\/\/www.africa-press.net\/tchad\/culture-et-art\/bisbille-autour-de-lorganisation-du-concert-de-fally-ipupa#breadcrumb\",\"itemListElement\":[{\"@type\":\"ListItem\",\"position\":1,\"name\":\"Accueil\",\"item\":\"https:\/\/www.africa-press.net\/tchad\/\"},{\"@type\":\"ListItem\",\"position\":2,\"name\":\"Bisbille autour de l\u2019organisation du concert de Fally Ipupa\"}]},{\"@type\":\"WebSite\",\"@id\":\"https:\/\/www.africa-press.net\/tchad\/#website\",\"url\":\"https:\/\/www.africa-press.net\/tchad\/\",\"name\":\"tchad\",\"description\":\"Just another Africa News Agency Sites site\",\"potentialAction\":[{\"@type\":\"SearchAction\",\"target\":{\"@type\":\"EntryPoint\",\"urlTemplate\":\"https:\/\/www.africa-press.net\/tchad\/?s={search_term_string}\"},\"query-input\":{\"@type\":\"PropertyValueSpecification\",\"valueRequired\":true,\"valueName\":\"search_term_string\"}}],\"inLanguage\":\"fr-FR\"},{\"@type\":\"Person\",\"@id\":\"https:\/\/www.africa-press.net\/tchad\/#\/schema\/person\/2b1cf3cd81a31e3cd26889ca66d677f1\",\"name\":\"cfeditorfr\"}]}<\/script>\n<!-- \/ Yoast SEO Premium plugin. -->","yoast_head_json":{"title":"Bisbille autour de l\u2019organisation du concert de Fally Ipupa - tchad","description":"Le Manager de la plateforme culturelle Boostons Nos artistes (Bna), Ndoudjalar Alida a exprim\u00e9 son m\u00e9contentement apr\u00e8s ...","robots":{"index":"index","follow":"follow","max-snippet":"max-snippet:-1","max-image-preview":"max-image-preview:large","max-video-preview":"max-video-preview:-1"},"canonical":"https:\/\/www.africa-press.net\/tchad\/culture-et-art\/bisbille-autour-de-lorganisation-du-concert-de-fally-ipupa","og_locale":"fr_FR","og_type":"article","og_title":"Bisbille autour de l\u2019organisation du concert de Fally Ipupa","og_description":"Le Manager de la plateforme culturelle Boostons Nos artistes (Bna), Ndoudjalar Alida a exprim\u00e9 son m\u00e9contentement apr\u00e8s ...","og_url":"https:\/\/www.africa-press.net\/tchad\/culture-et-art\/bisbille-autour-de-lorganisation-du-concert-de-fally-ipupa","og_site_name":"tchad","article_published_time":"2021-11-25T18:49:17+00:00","article_modified_time":"2021-11-25T19:26:44+00:00","og_image":[{"width":1024,"height":768,"url":"https:\/\/static.africa-press.net\/tchad\/sites\/41\/2021\/11\/img-619fe348df694.jpg","type":"image\/jpeg"}],"author":"cfeditorfr","twitter_card":"summary_large_image","twitter_misc":{"\u00c9crit par":"cfeditorfr","Dur\u00e9e de lecture estim\u00e9e":"2 minutes"},"schema":{"@context":"https:\/\/schema.org","@graph":[{"@type":"Article","@id":"https:\/\/www.africa-press.net\/tchad\/culture-et-art\/bisbille-autour-de-lorganisation-du-concert-de-fally-ipupa#article","isPartOf":{"@id":"https:\/\/www.africa-press.net\/tchad\/culture-et-art\/bisbille-autour-de-lorganisation-du-concert-de-fally-ipupa"},"author":{"name":"cfeditorfr","@id":"https:\/\/www.africa-press.net\/tchad\/#\/schema\/person\/2b1cf3cd81a31e3cd26889ca66d677f1"},"headline":"Bisbille autour de l\u2019organisation du concert de Fally Ipupa","datePublished":"2021-11-25T18:49:17+00:00","dateModified":"2021-11-25T19:26:44+00:00","mainEntityOfPage":{"@id":"https:\/\/www.africa-press.net\/tchad\/culture-et-art\/bisbille-autour-de-lorganisation-du-concert-de-fally-ipupa"},"wordCount":378,"commentCount":0,"image":{"@id":"https:\/\/www.africa-press.net\/tchad\/culture-et-art\/bisbille-autour-de-lorganisation-du-concert-de-fally-ipupa#primaryimage"},"thumbnailUrl":"https:\/\/static.africa-press.net\/tchad\/sites\/41\/2021\/11\/img-619fe348df694.jpg","keywords":["Africa Press","Africa Press-Tchad","Fally Ipupa","Tchad"],"articleSection":["Culture et Art","homepage-french","Toutes les actualit\u00e9s"],"inLanguage":"fr-FR","potentialAction":[{"@type":"CommentAction","name":"Comment","target":["https:\/\/www.africa-press.net\/tchad\/culture-et-art\/bisbille-autour-de-lorganisation-du-concert-de-fally-ipupa#respond"]}]},{"@type":"WebPage","@id":"https:\/\/www.africa-press.net\/tchad\/culture-et-art\/bisbille-autour-de-lorganisation-du-concert-de-fally-ipupa","url":"https:\/\/www.africa-press.net\/tchad\/culture-et-art\/bisbille-autour-de-lorganisation-du-concert-de-fally-ipupa","name":"Bisbille autour de l\u2019organisation du concert de Fally Ipupa - tchad","isPartOf":{"@id":"https:\/\/www.africa-press.net\/tchad\/#website"},"primaryImageOfPage":{"@id":"https:\/\/www.africa-press.net\/tchad\/culture-et-art\/bisbille-autour-de-lorganisation-du-concert-de-fally-ipupa#primaryimage"},"image":{"@id":"https:\/\/www.africa-press.net\/tchad\/culture-et-art\/bisbille-autour-de-lorganisation-du-concert-de-fally-ipupa#primaryimage"},"thumbnailUrl":"https:\/\/static.africa-press.net\/tchad\/sites\/41\/2021\/11\/img-619fe348df694.jpg","datePublished":"2021-11-25T18:49:17+00:00","dateModified":"2021-11-25T19:26:44+00:00","author":{"@id":"https:\/\/www.africa-press.net\/tchad\/#\/schema\/person\/2b1cf3cd81a31e3cd26889ca66d677f1"},"description":"Le Manager de la plateforme culturelle Boostons Nos artistes (Bna), Ndoudjalar Alida a exprim\u00e9 son m\u00e9contentement apr\u00e8s ...","breadcrumb":{"@id":"https:\/\/www.africa-press.net\/tchad\/culture-et-art\/bisbille-autour-de-lorganisation-du-concert-de-fally-ipupa#breadcrumb"},"inLanguage":"fr-FR","potentialAction":[{"@type":"ReadAction","target":["https:\/\/www.africa-press.net\/tchad\/culture-et-art\/bisbille-autour-de-lorganisation-du-concert-de-fally-ipupa"]}]},{"@type":"ImageObject","inLanguage":"fr-FR","@id":"https:\/\/www.africa-press.net\/tchad\/culture-et-art\/bisbille-autour-de-lorganisation-du-concert-de-fally-ipupa#primaryimage","url":"https:\/\/static.africa-press.net\/tchad\/sites\/41\/2021\/11\/img-619fe348df694.jpg","contentUrl":"https:\/\/static.africa-press.net\/tchad\/sites\/41\/2021\/11\/img-619fe348df694.jpg","width":1024,"height":768,"caption":"Bisbille autour de l\u2019organisation du concert de Fally Ipupa"},{"@type":"BreadcrumbList","@id":"https:\/\/www.africa-press.net\/tchad\/culture-et-art\/bisbille-autour-de-lorganisation-du-concert-de-fally-ipupa#breadcrumb","itemListElement":[{"@type":"ListItem","position":1,"name":"Accueil","item":"https:\/\/www.africa-press.net\/tchad\/"},{"@type":"ListItem","position":2,"name":"Bisbille autour de l\u2019organisation du concert de Fally Ipupa"}]},{"@type":"WebSite","@id":"https:\/\/www.africa-press.net\/tchad\/#website","url":"https:\/\/www.africa-press.net\/tchad\/","name":"tchad","description":"Just another Africa News Agency Sites site","potentialAction":[{"@type":"SearchAction","target":{"@type":"EntryPoint","urlTemplate":"https:\/\/www.africa-press.net\/tchad\/?s={search_term_string}"},"query-input":{"@type":"PropertyValueSpecification","valueRequired":true,"valueName":"search_term_string"}}],"inLanguage":"fr-FR"},{"@type":"Person","@id":"https:\/\/www.africa-press.net\/tchad\/#\/schema\/person\/2b1cf3cd81a31e3cd26889ca66d677f1","name":"cfeditorfr"}]}},"_links":{"self":[{"href":"https:\/\/www.africa-press.net\/tchad\/wp-json\/wp\/v2\/posts\/14382","targetHints":{"allow":["GET"]}}],"collection":[{"href":"https:\/\/www.africa-press.net\/tchad\/wp-json\/wp\/v2\/posts"}],"about":[{"href":"https:\/\/www.africa-press.net\/tchad\/wp-json\/wp\/v2\/types\/post"}],"author":[{"embeddable":true,"href":"https:\/\/www.africa-press.net\/tchad\/wp-json\/wp\/v2\/users\/82"}],"replies":[{"embeddable":true,"href":"https:\/\/www.africa-press.net\/tchad\/wp-json\/wp\/v2\/comments?post=14382"}],"version-history":[{"count":0,"href":"https:\/\/www.africa-press.net\/tchad\/wp-json\/wp\/v2\/posts\/14382\/revisions"}],"wp:featuredmedia":[{"embeddable":true,"href":"https:\/\/www.africa-press.net\/tchad\/wp-json\/wp\/v2\/media\/14381"}],"wp:attachment":[{"href":"https:\/\/www.africa-press.net\/tchad\/wp-json\/wp\/v2\/media?parent=14382"}],"wp:term":[{"taxonomy":"category","embeddable":true,"href":"https:\/\/www.africa-press.net\/tchad\/wp-json\/wp\/v2\/categories?post=14382"},{"taxonomy":"post_tag","embeddable":true,"href":"https:\/\/www.africa-press.net\/tchad\/wp-json\/wp\/v2\/tags?post=14382"}],"curies":[{"name":"wp","href":"https:\/\/api.w.org\/{rel}","templated":true}]}}