{"id":14385,"date":"2021-11-25T18:50:04","date_gmt":"2021-11-25T18:50:04","guid":{"rendered":"https:\/\/www.africa-press.net\/tchad\/politique\/un-colloque-international-sur-les-messages-des-eveques-a-la-nation-est-lance"},"modified":"2021-11-25T19:27:27","modified_gmt":"2021-11-25T19:27:27","slug":"un-colloque-international-sur-les-messages-des-eveques-a-la-nation-est-lance","status":"publish","type":"post","link":"https:\/\/www.africa-press.net\/tchad\/toutes-les-actualites\/un-colloque-international-sur-les-messages-des-eveques-a-la-nation-est-lance","title":{"rendered":"Un colloque international sur les messages des \u00e9v\u00eaques \u00e0 la nation est lanc\u00e9"},"content":{"rendered":"<p><span style=\"color: #ff6600\"><strong>Africa-Press &#8211; Tchad. <\/strong><\/span>Le pr\u00e9sident de la conf\u00e9rence \u00e9piscopale du Tchad (Cet), l\u2019archev\u00eaque m\u00e9tropolitain de Ndjamena, monseigneur Edmond Djitangar , par une conf\u00e9rence de presse anim\u00e9e ce mercredi 24 novembre 2021 a proc\u00e9d\u00e9 au lancement du colloque international sur le message de No\u00ebl des \u00e9v\u00eaques \u00e0 la nation de 1965 \u00e0 2020.<br \/>\nC\u2019est dans la perspective du centenaire de l\u2019\u00e9glise catholique du Tchad de 2029 que ce colloque sera organis\u00e9 du 29 novembre au 1er d\u00e9cembre 2021 au Cefod, sous le th\u00e8me \u2018\u2018 Veilleurs sur la nation, message des \u00e9v\u00eaques du Tchad \u00e0 l\u2019\u00e9glise et \u00e0 la nation de 1965-2020\u2019\u2019.<br \/>\nPour monseigneur Edmond Djitangar, ces assises permettrons de revisiter le pass\u00e9 mis en lumi\u00e8re par les messages des \u00e9v\u00eaques du Tchad depuis 1965. Trois objectifs tr\u00e8s significatifs se d\u00e9gagent de ce colloque. \u00ab Relire l\u2019histoire de l\u2019\u00e9glise du Tchad comme une histoire inscrite dans la marche de la nation tchadienne\u2026, traduire les messages en sillons d\u2019un engagement socio-politique et religieux responsable afin de b\u00e2tir une fraternit\u00e9 universelle\u2026 discerner les enjeux des messages de l\u2019\u00e9piscopat tchadien face aux appels sociaux et eccl\u00e9siaux du pays en vue de l\u2019\u00e9dification d\u2019une communaut\u00e9 de chr\u00e9tiens unis et de citoyens engag\u00e9s dans la promotion du d\u00e9veloppement humain int\u00e9gral \u00bb, informe monseigneur Edmond Djitangar.<br \/>\nCe colloque s\u2019articulera aussi autour de l\u2019\u0153uvre de la s\u0153ur No\u00eblie Djimadoumbaye, qui a fait une compilation de tous les messages des \u00e9v\u00eaques depuis 1965 en un livre intitul\u00e9 \u2018\u2018 Lumi\u00e8re dans notre nuit \u2019\u2019. Ce colloque verra la participation de son \u00e9minence Peter Cardinal Turkson, pr\u00e9fet du dicast\u00e8re pour la promotion du d\u00e9veloppement humain int\u00e9gral et aussi du Nonce Apostolique Mgr Santiago De Wit Guzman.<\/p>\n<p><strong>Pour plus d&rsquo;informations et d&rsquo;analyses sur la <a href=\"https:\/\/www.africa-press.net\/tchad\">Tchad<\/a>, suivez <a href=\"https:\/\/www.africa-press.net\/\">Africa-Press<\/a><\/strong><\/p>\n","protected":false},"excerpt":{"rendered":"<p>Africa-Press &#8211; Tchad. Le pr\u00e9sident de la conf\u00e9rence \u00e9piscopale du Tchad (Cet), l\u2019archev\u00eaque m\u00e9tropolitain de Ndjamena, monseigneur Edmond Djitangar , par une conf\u00e9rence de presse anim\u00e9e ce mercredi 24 novembre 2021 a proc\u00e9d\u00e9 au lancement du colloque international sur le message de No\u00ebl des \u00e9v\u00eaques \u00e0 la nation de 1965 \u00e0 2020. C\u2019est dans la [&hellip;]<\/p>\n","protected":false},"author":82,"featured_media":14384,"comment_status":"open","ping_status":"closed","sticky":false,"template":"","format":"standard","meta":{"footnotes":""},"categories":[21,11,10],"tags":[37,292,1263,29],"class_list":["post-14385","post","type-post","status-publish","format-standard","has-post-thumbnail","hentry","category-communaute","category-homepage-french","category-toutes-les-actualites","tag-africa-press","tag-africa-press-tchad","tag-messages","tag-tchad"],"yoast_head":"<!-- This site is optimized with the Yoast SEO Premium plugin v26.1 (Yoast SEO v27.0) - https:\/\/yoast.com\/product\/yoast-seo-premium-wordpress\/ -->\n<title>Un colloque international sur les messages des \u00e9v\u00eaques \u00e0 la nation est lanc\u00e9 - tchad<\/title>\n<meta name=\"description\" content=\"Le pr\u00e9sident de la conf\u00e9rence \u00e9piscopale du Tchad (Cet), l\u2019archev\u00eaque m\u00e9tropolitain de Ndjamena, monseigneur Edmond Djit ...\" \/>\n<meta name=\"robots\" content=\"index, follow, max-snippet:-1, max-image-preview:large, max-video-preview:-1\" \/>\n<link rel=\"canonical\" href=\"https:\/\/www.africa-press.net\/tchad\/toutes-les-actualites\/un-colloque-international-sur-les-messages-des-eveques-a-la-nation-est-lance\" \/>\n<meta property=\"og:locale\" content=\"fr_FR\" \/>\n<meta property=\"og:type\" content=\"article\" \/>\n<meta property=\"og:title\" content=\"Un colloque international sur les messages des \u00e9v\u00eaques \u00e0 la nation est lanc\u00e9\" \/>\n<meta property=\"og:description\" content=\"Le pr\u00e9sident de la conf\u00e9rence \u00e9piscopale du Tchad (Cet), l\u2019archev\u00eaque m\u00e9tropolitain de Ndjamena, monseigneur Edmond Djit ...\" \/>\n<meta property=\"og:url\" content=\"https:\/\/www.africa-press.net\/tchad\/toutes-les-actualites\/un-colloque-international-sur-les-messages-des-eveques-a-la-nation-est-lance\" \/>\n<meta property=\"og:site_name\" content=\"tchad\" \/>\n<meta property=\"article:published_time\" content=\"2021-11-25T18:50:04+00:00\" \/>\n<meta property=\"article:modified_time\" content=\"2021-11-25T19:27:27+00:00\" \/>\n<meta property=\"og:image\" content=\"https:\/\/static.africa-press.net\/tchad\/sites\/41\/2021\/11\/img-619fe37ecc1cb.jpg\" \/>\n\t<meta property=\"og:image:width\" content=\"1024\" \/>\n\t<meta property=\"og:image:height\" content=\"768\" \/>\n\t<meta property=\"og:image:type\" content=\"image\/jpeg\" \/>\n<meta name=\"author\" content=\"cfeditorfr\" \/>\n<meta name=\"twitter:card\" content=\"summary_large_image\" \/>\n<meta name=\"twitter:label1\" content=\"\u00c9crit par\" \/>\n\t<meta name=\"twitter:data1\" content=\"cfeditorfr\" \/>\n\t<meta name=\"twitter:label2\" content=\"Dur\u00e9e de lecture estim\u00e9e\" \/>\n\t<meta name=\"twitter:data2\" content=\"2 minutes\" \/>\n<script type=\"application\/ld+json\" class=\"yoast-schema-graph\">{\"@context\":\"https:\/\/schema.org\",\"@graph\":[{\"@type\":\"Article\",\"@id\":\"https:\/\/www.africa-press.net\/tchad\/toutes-les-actualites\/un-colloque-international-sur-les-messages-des-eveques-a-la-nation-est-lance#article\",\"isPartOf\":{\"@id\":\"https:\/\/www.africa-press.net\/tchad\/toutes-les-actualites\/un-colloque-international-sur-les-messages-des-eveques-a-la-nation-est-lance\"},\"author\":{\"name\":\"cfeditorfr\",\"@id\":\"https:\/\/www.africa-press.net\/tchad\/#\/schema\/person\/2b1cf3cd81a31e3cd26889ca66d677f1\"},\"headline\":\"Un colloque international sur les messages des \u00e9v\u00eaques \u00e0 la nation est lanc\u00e9\",\"datePublished\":\"2021-11-25T18:50:04+00:00\",\"dateModified\":\"2021-11-25T19:27:27+00:00\",\"mainEntityOfPage\":{\"@id\":\"https:\/\/www.africa-press.net\/tchad\/toutes-les-actualites\/un-colloque-international-sur-les-messages-des-eveques-a-la-nation-est-lance\"},\"wordCount\":322,\"commentCount\":0,\"image\":{\"@id\":\"https:\/\/www.africa-press.net\/tchad\/toutes-les-actualites\/un-colloque-international-sur-les-messages-des-eveques-a-la-nation-est-lance#primaryimage\"},\"thumbnailUrl\":\"https:\/\/static.africa-press.net\/tchad\/sites\/41\/2021\/11\/img-619fe37ecc1cb.jpg\",\"keywords\":[\"Africa Press\",\"Africa Press-Tchad\",\"messages\",\"Tchad\"],\"articleSection\":[\"Communaut\u00e9\",\"homepage-french\",\"Toutes les actualit\u00e9s\"],\"inLanguage\":\"fr-FR\",\"potentialAction\":[{\"@type\":\"CommentAction\",\"name\":\"Comment\",\"target\":[\"https:\/\/www.africa-press.net\/tchad\/toutes-les-actualites\/un-colloque-international-sur-les-messages-des-eveques-a-la-nation-est-lance#respond\"]}]},{\"@type\":\"WebPage\",\"@id\":\"https:\/\/www.africa-press.net\/tchad\/toutes-les-actualites\/un-colloque-international-sur-les-messages-des-eveques-a-la-nation-est-lance\",\"url\":\"https:\/\/www.africa-press.net\/tchad\/toutes-les-actualites\/un-colloque-international-sur-les-messages-des-eveques-a-la-nation-est-lance\",\"name\":\"Un colloque international sur les messages des \u00e9v\u00eaques \u00e0 la nation est lanc\u00e9 - tchad\",\"isPartOf\":{\"@id\":\"https:\/\/www.africa-press.net\/tchad\/#website\"},\"primaryImageOfPage\":{\"@id\":\"https:\/\/www.africa-press.net\/tchad\/toutes-les-actualites\/un-colloque-international-sur-les-messages-des-eveques-a-la-nation-est-lance#primaryimage\"},\"image\":{\"@id\":\"https:\/\/www.africa-press.net\/tchad\/toutes-les-actualites\/un-colloque-international-sur-les-messages-des-eveques-a-la-nation-est-lance#primaryimage\"},\"thumbnailUrl\":\"https:\/\/static.africa-press.net\/tchad\/sites\/41\/2021\/11\/img-619fe37ecc1cb.jpg\",\"datePublished\":\"2021-11-25T18:50:04+00:00\",\"dateModified\":\"2021-11-25T19:27:27+00:00\",\"author\":{\"@id\":\"https:\/\/www.africa-press.net\/tchad\/#\/schema\/person\/2b1cf3cd81a31e3cd26889ca66d677f1\"},\"description\":\"Le pr\u00e9sident de la conf\u00e9rence \u00e9piscopale du Tchad (Cet), l\u2019archev\u00eaque m\u00e9tropolitain de Ndjamena, monseigneur Edmond Djit ...\",\"breadcrumb\":{\"@id\":\"https:\/\/www.africa-press.net\/tchad\/toutes-les-actualites\/un-colloque-international-sur-les-messages-des-eveques-a-la-nation-est-lance#breadcrumb\"},\"inLanguage\":\"fr-FR\",\"potentialAction\":[{\"@type\":\"ReadAction\",\"target\":[\"https:\/\/www.africa-press.net\/tchad\/toutes-les-actualites\/un-colloque-international-sur-les-messages-des-eveques-a-la-nation-est-lance\"]}]},{\"@type\":\"ImageObject\",\"inLanguage\":\"fr-FR\",\"@id\":\"https:\/\/www.africa-press.net\/tchad\/toutes-les-actualites\/un-colloque-international-sur-les-messages-des-eveques-a-la-nation-est-lance#primaryimage\",\"url\":\"https:\/\/static.africa-press.net\/tchad\/sites\/41\/2021\/11\/img-619fe37ecc1cb.jpg\",\"contentUrl\":\"https:\/\/static.africa-press.net\/tchad\/sites\/41\/2021\/11\/img-619fe37ecc1cb.jpg\",\"width\":1024,\"height\":768,\"caption\":\"Un colloque international sur les messages des \u00e9v\u00eaques \u00e0 la nation est lanc\u00e9\"},{\"@type\":\"BreadcrumbList\",\"@id\":\"https:\/\/www.africa-press.net\/tchad\/toutes-les-actualites\/un-colloque-international-sur-les-messages-des-eveques-a-la-nation-est-lance#breadcrumb\",\"itemListElement\":[{\"@type\":\"ListItem\",\"position\":1,\"name\":\"Accueil\",\"item\":\"https:\/\/www.africa-press.net\/tchad\/\"},{\"@type\":\"ListItem\",\"position\":2,\"name\":\"Un colloque international sur les messages des \u00e9v\u00eaques \u00e0 la nation est lanc\u00e9\"}]},{\"@type\":\"WebSite\",\"@id\":\"https:\/\/www.africa-press.net\/tchad\/#website\",\"url\":\"https:\/\/www.africa-press.net\/tchad\/\",\"name\":\"tchad\",\"description\":\"Just another Africa News Agency Sites site\",\"potentialAction\":[{\"@type\":\"SearchAction\",\"target\":{\"@type\":\"EntryPoint\",\"urlTemplate\":\"https:\/\/www.africa-press.net\/tchad\/?s={search_term_string}\"},\"query-input\":{\"@type\":\"PropertyValueSpecification\",\"valueRequired\":true,\"valueName\":\"search_term_string\"}}],\"inLanguage\":\"fr-FR\"},{\"@type\":\"Person\",\"@id\":\"https:\/\/www.africa-press.net\/tchad\/#\/schema\/person\/2b1cf3cd81a31e3cd26889ca66d677f1\",\"name\":\"cfeditorfr\"}]}<\/script>\n<!-- \/ Yoast SEO Premium plugin. -->","yoast_head_json":{"title":"Un colloque international sur les messages des \u00e9v\u00eaques \u00e0 la nation est lanc\u00e9 - tchad","description":"Le pr\u00e9sident de la conf\u00e9rence \u00e9piscopale du Tchad (Cet), l\u2019archev\u00eaque m\u00e9tropolitain de Ndjamena, monseigneur Edmond Djit ...","robots":{"index":"index","follow":"follow","max-snippet":"max-snippet:-1","max-image-preview":"max-image-preview:large","max-video-preview":"max-video-preview:-1"},"canonical":"https:\/\/www.africa-press.net\/tchad\/toutes-les-actualites\/un-colloque-international-sur-les-messages-des-eveques-a-la-nation-est-lance","og_locale":"fr_FR","og_type":"article","og_title":"Un colloque international sur les messages des \u00e9v\u00eaques \u00e0 la nation est lanc\u00e9","og_description":"Le pr\u00e9sident de la conf\u00e9rence \u00e9piscopale du Tchad (Cet), l\u2019archev\u00eaque m\u00e9tropolitain de Ndjamena, monseigneur Edmond Djit ...","og_url":"https:\/\/www.africa-press.net\/tchad\/toutes-les-actualites\/un-colloque-international-sur-les-messages-des-eveques-a-la-nation-est-lance","og_site_name":"tchad","article_published_time":"2021-11-25T18:50:04+00:00","article_modified_time":"2021-11-25T19:27:27+00:00","og_image":[{"width":1024,"height":768,"url":"https:\/\/static.africa-press.net\/tchad\/sites\/41\/2021\/11\/img-619fe37ecc1cb.jpg","type":"image\/jpeg"}],"author":"cfeditorfr","twitter_card":"summary_large_image","twitter_misc":{"\u00c9crit par":"cfeditorfr","Dur\u00e9e de lecture estim\u00e9e":"2 minutes"},"schema":{"@context":"https:\/\/schema.org","@graph":[{"@type":"Article","@id":"https:\/\/www.africa-press.net\/tchad\/toutes-les-actualites\/un-colloque-international-sur-les-messages-des-eveques-a-la-nation-est-lance#article","isPartOf":{"@id":"https:\/\/www.africa-press.net\/tchad\/toutes-les-actualites\/un-colloque-international-sur-les-messages-des-eveques-a-la-nation-est-lance"},"author":{"name":"cfeditorfr","@id":"https:\/\/www.africa-press.net\/tchad\/#\/schema\/person\/2b1cf3cd81a31e3cd26889ca66d677f1"},"headline":"Un colloque international sur les messages des \u00e9v\u00eaques \u00e0 la nation est lanc\u00e9","datePublished":"2021-11-25T18:50:04+00:00","dateModified":"2021-11-25T19:27:27+00:00","mainEntityOfPage":{"@id":"https:\/\/www.africa-press.net\/tchad\/toutes-les-actualites\/un-colloque-international-sur-les-messages-des-eveques-a-la-nation-est-lance"},"wordCount":322,"commentCount":0,"image":{"@id":"https:\/\/www.africa-press.net\/tchad\/toutes-les-actualites\/un-colloque-international-sur-les-messages-des-eveques-a-la-nation-est-lance#primaryimage"},"thumbnailUrl":"https:\/\/static.africa-press.net\/tchad\/sites\/41\/2021\/11\/img-619fe37ecc1cb.jpg","keywords":["Africa Press","Africa Press-Tchad","messages","Tchad"],"articleSection":["Communaut\u00e9","homepage-french","Toutes les actualit\u00e9s"],"inLanguage":"fr-FR","potentialAction":[{"@type":"CommentAction","name":"Comment","target":["https:\/\/www.africa-press.net\/tchad\/toutes-les-actualites\/un-colloque-international-sur-les-messages-des-eveques-a-la-nation-est-lance#respond"]}]},{"@type":"WebPage","@id":"https:\/\/www.africa-press.net\/tchad\/toutes-les-actualites\/un-colloque-international-sur-les-messages-des-eveques-a-la-nation-est-lance","url":"https:\/\/www.africa-press.net\/tchad\/toutes-les-actualites\/un-colloque-international-sur-les-messages-des-eveques-a-la-nation-est-lance","name":"Un colloque international sur les messages des \u00e9v\u00eaques \u00e0 la nation est lanc\u00e9 - tchad","isPartOf":{"@id":"https:\/\/www.africa-press.net\/tchad\/#website"},"primaryImageOfPage":{"@id":"https:\/\/www.africa-press.net\/tchad\/toutes-les-actualites\/un-colloque-international-sur-les-messages-des-eveques-a-la-nation-est-lance#primaryimage"},"image":{"@id":"https:\/\/www.africa-press.net\/tchad\/toutes-les-actualites\/un-colloque-international-sur-les-messages-des-eveques-a-la-nation-est-lance#primaryimage"},"thumbnailUrl":"https:\/\/static.africa-press.net\/tchad\/sites\/41\/2021\/11\/img-619fe37ecc1cb.jpg","datePublished":"2021-11-25T18:50:04+00:00","dateModified":"2021-11-25T19:27:27+00:00","author":{"@id":"https:\/\/www.africa-press.net\/tchad\/#\/schema\/person\/2b1cf3cd81a31e3cd26889ca66d677f1"},"description":"Le pr\u00e9sident de la conf\u00e9rence \u00e9piscopale du Tchad (Cet), l\u2019archev\u00eaque m\u00e9tropolitain de Ndjamena, monseigneur Edmond Djit ...","breadcrumb":{"@id":"https:\/\/www.africa-press.net\/tchad\/toutes-les-actualites\/un-colloque-international-sur-les-messages-des-eveques-a-la-nation-est-lance#breadcrumb"},"inLanguage":"fr-FR","potentialAction":[{"@type":"ReadAction","target":["https:\/\/www.africa-press.net\/tchad\/toutes-les-actualites\/un-colloque-international-sur-les-messages-des-eveques-a-la-nation-est-lance"]}]},{"@type":"ImageObject","inLanguage":"fr-FR","@id":"https:\/\/www.africa-press.net\/tchad\/toutes-les-actualites\/un-colloque-international-sur-les-messages-des-eveques-a-la-nation-est-lance#primaryimage","url":"https:\/\/static.africa-press.net\/tchad\/sites\/41\/2021\/11\/img-619fe37ecc1cb.jpg","contentUrl":"https:\/\/static.africa-press.net\/tchad\/sites\/41\/2021\/11\/img-619fe37ecc1cb.jpg","width":1024,"height":768,"caption":"Un colloque international sur les messages des \u00e9v\u00eaques \u00e0 la nation est lanc\u00e9"},{"@type":"BreadcrumbList","@id":"https:\/\/www.africa-press.net\/tchad\/toutes-les-actualites\/un-colloque-international-sur-les-messages-des-eveques-a-la-nation-est-lance#breadcrumb","itemListElement":[{"@type":"ListItem","position":1,"name":"Accueil","item":"https:\/\/www.africa-press.net\/tchad\/"},{"@type":"ListItem","position":2,"name":"Un colloque international sur les messages des \u00e9v\u00eaques \u00e0 la nation est lanc\u00e9"}]},{"@type":"WebSite","@id":"https:\/\/www.africa-press.net\/tchad\/#website","url":"https:\/\/www.africa-press.net\/tchad\/","name":"tchad","description":"Just another Africa News Agency Sites site","potentialAction":[{"@type":"SearchAction","target":{"@type":"EntryPoint","urlTemplate":"https:\/\/www.africa-press.net\/tchad\/?s={search_term_string}"},"query-input":{"@type":"PropertyValueSpecification","valueRequired":true,"valueName":"search_term_string"}}],"inLanguage":"fr-FR"},{"@type":"Person","@id":"https:\/\/www.africa-press.net\/tchad\/#\/schema\/person\/2b1cf3cd81a31e3cd26889ca66d677f1","name":"cfeditorfr"}]}},"_links":{"self":[{"href":"https:\/\/www.africa-press.net\/tchad\/wp-json\/wp\/v2\/posts\/14385","targetHints":{"allow":["GET"]}}],"collection":[{"href":"https:\/\/www.africa-press.net\/tchad\/wp-json\/wp\/v2\/posts"}],"about":[{"href":"https:\/\/www.africa-press.net\/tchad\/wp-json\/wp\/v2\/types\/post"}],"author":[{"embeddable":true,"href":"https:\/\/www.africa-press.net\/tchad\/wp-json\/wp\/v2\/users\/82"}],"replies":[{"embeddable":true,"href":"https:\/\/www.africa-press.net\/tchad\/wp-json\/wp\/v2\/comments?post=14385"}],"version-history":[{"count":0,"href":"https:\/\/www.africa-press.net\/tchad\/wp-json\/wp\/v2\/posts\/14385\/revisions"}],"wp:featuredmedia":[{"embeddable":true,"href":"https:\/\/www.africa-press.net\/tchad\/wp-json\/wp\/v2\/media\/14384"}],"wp:attachment":[{"href":"https:\/\/www.africa-press.net\/tchad\/wp-json\/wp\/v2\/media?parent=14385"}],"wp:term":[{"taxonomy":"category","embeddable":true,"href":"https:\/\/www.africa-press.net\/tchad\/wp-json\/wp\/v2\/categories?post=14385"},{"taxonomy":"post_tag","embeddable":true,"href":"https:\/\/www.africa-press.net\/tchad\/wp-json\/wp\/v2\/tags?post=14385"}],"curies":[{"name":"wp","href":"https:\/\/api.w.org\/{rel}","templated":true}]}}