{"id":14397,"date":"2021-11-25T18:52:51","date_gmt":"2021-11-25T18:52:51","guid":{"rendered":"https:\/\/www.africa-press.net\/tchad\/politique\/le-ministere-de-la-femme-accompagne-la-fillette-de-6-ans-violee"},"modified":"2021-11-25T19:30:18","modified_gmt":"2021-11-25T19:30:18","slug":"le-ministere-de-la-femme-accompagne-la-fillette-de-6-ans-violee","status":"publish","type":"post","link":"https:\/\/www.africa-press.net\/tchad\/toutes-les-actualites\/le-ministere-de-la-femme-accompagne-la-fillette-de-6-ans-violee","title":{"rendered":"Le minist\u00e8re de la Femme accompagne la fillette de 6 ans viol\u00e9e"},"content":{"rendered":"<p><span style=\"color: #ff6600\"><strong>Africa-Press &#8211; Tchad. <\/strong><\/span>Le minist\u00e8re de la Femme, de la Famille et de la Protection de l\u2019enfance, \u00e0 travers ses directions, accompagne la fille de six ans viol\u00e9e par un adolescent. Le crime a \u00e9t\u00e9 commis il y a un mois au village Bard\u00e9 situ\u00e9 \u00e0 7 kilom\u00e8tres de Linia \u00e0 l\u2019Est de N\u2019Djamena.<\/p>\n<p>Le m\u00eame jour o\u00f9 la sc\u00e8ne s\u2019est produite, il y a eu deux autres cas dont celui d\u2019une fille de 12 ans \u00e9gorg\u00e9e par son demi-fr\u00e8re et une femme du nom de Haoua maltrait\u00e9e par son mari, renseigne la directrice de la l\u00e9gislation et des droits des femmes, Zilekha Moctar Diphane.<\/p>\n<p>\u00ab Automatiquement le minist\u00e8re a enclench\u00e9 la proc\u00e9dure judiciaire \u00e0 travers notre partenaire centre juridique d\u2019int\u00e9r\u00eat public (PILC) g\u00e9r\u00e9 par Me Kemneloum Delphine.<\/p>\n<p>Nous avons m\u00eame assist\u00e9 \u00e0 la premi\u00e8re audience pour le cas de Haoua au palais de Justice. Et nous suivons bout \u00e0 bout les autres audiences afin que la Justice soit rendue aux victimes.<\/p>\n<p>Tous les criminels sont actuellement en prison et ils attendent leurs jugements \u00bb, confie Zilekha Moctar Diphane. La directrice de la l\u00e9gislation et des droits des femmes \u00e9value l\u2019\u00e9volution de l\u2019\u00e9tat de sant\u00e9 de la petite de six ans de positif : \u00ab au d\u00e9but, elle a subi l\u2019op\u00e9ration.<\/p>\n<p>Et maintenant Dieu merci, elle est lib\u00e9r\u00e9e et se trouve avec sa famille \u00e0 la maison. Toutefois, nous irons toujours lui rendre visite de temps en temps pour s\u2019assurer que tout va bien \u00bb.<\/p>\n<p>Amina Priscille Longoh, ministre de la Femme, de la Famille et de la Protection de l\u2019enfant souligne que des cas sont enregistr\u00e9s tous les jours par son d\u00e9partement.<\/p>\n<p>\u00ab Chaque jour qui passe, nous enregistrons au moins 5 cas des violences sexuelles, violences conjugales, mais malheureusement nous ne pouvons pas les publier quotidiennement, mais nous apportons l\u2019assistance n\u00e9cessaire comme appui psychologique, m\u00e9dical, juridique et la r\u00e9insertion \u00bb, a-t-elle post\u00e9 sur les r\u00e9seaux sociaux.<\/p>\n<p>Selon la psychologue du centre d\u2019\u00e9coute, Zenaba Alhadji Abba Alifa, pour le cas de la fille de six ans viol\u00e9e, le travail repose beaucoup plus sur sa m\u00e8re.<\/p>\n<p>\u00ab La m\u00e8re doit faire en sorte que sa fille reprenne sa vie normale sans penser \u00e0 ce qu\u2019elle avait subi.<\/p>\n<p>Elle doit montrer \u00e0 sa fille que ce qui est pass\u00e9 ne va plus se reproduire. Elle doit donner confiance \u00e0 sa fille. Ainsi nous aussi intervenons avec des conseils pour qu\u2019elle retrouve sa vie normale \u00bb.<\/p>\n<p>Le p\u00e8re de la fille, Tidjani Ali souligne que sa fille va bien maintenant, il n\u2019attend que le travail de la Justice. \u00ab Le m\u00e9decin nous a lib\u00e9r\u00e9s il y a quelques jours et nous sommes actuellement \u00e0 la maison.<\/p>\n<p>Ma fille se porte bien et on attend l\u2019audience \u00bb. En plus de la Justice, le minist\u00e8re de la femme a un centre d\u2019\u00e9coute log\u00e9 au sein de la maison de la femme. Mais son ouverture officielle avec un num\u00e9ro vert sera lanc\u00e9 le 25 novembre 2021 lors des 16 jours d\u2019activisme.<\/p>\n<p><strong>Pour plus d&rsquo;informations et d&rsquo;analyses sur la <a href=\"https:\/\/www.africa-press.net\/tchad\">Tchad<\/a>, suivez <a href=\"https:\/\/www.africa-press.net\/\">Africa-Press<\/a><\/strong><\/p>\n","protected":false},"excerpt":{"rendered":"<p>Africa-Press &#8211; Tchad. Le minist\u00e8re de la Femme, de la Famille et de la Protection de l\u2019enfance, \u00e0 travers ses directions, accompagne la fille de six ans viol\u00e9e par un adolescent. Le crime a \u00e9t\u00e9 commis il y a un mois au village Bard\u00e9 situ\u00e9 \u00e0 7 kilom\u00e8tres de Linia \u00e0 l\u2019Est de N\u2019Djamena. Le [&hellip;]<\/p>\n","protected":false},"author":82,"featured_media":14396,"comment_status":"open","ping_status":"closed","sticky":false,"template":"","format":"standard","meta":{"footnotes":""},"categories":[21,11,10],"tags":[37,292,142,29],"class_list":["post-14397","post","type-post","status-publish","format-standard","has-post-thumbnail","hentry","category-communaute","category-homepage-french","category-toutes-les-actualites","tag-africa-press","tag-africa-press-tchad","tag-femme","tag-tchad"],"yoast_head":"<!-- This site is optimized with the Yoast SEO Premium plugin v26.1 (Yoast SEO v27.0) - https:\/\/yoast.com\/product\/yoast-seo-premium-wordpress\/ -->\n<title>Le minist\u00e8re de la Femme accompagne la fillette de 6 ans viol\u00e9e - tchad<\/title>\n<meta name=\"description\" content=\"Le minist\u00e8re de la Femme, de la Famille et de la Protection de l\u2019enfance, \u00e0 travers ses directions, accompagne la fille ...\" \/>\n<meta name=\"robots\" content=\"index, follow, max-snippet:-1, max-image-preview:large, max-video-preview:-1\" \/>\n<link rel=\"canonical\" href=\"https:\/\/www.africa-press.net\/tchad\/toutes-les-actualites\/le-ministere-de-la-femme-accompagne-la-fillette-de-6-ans-violee\" \/>\n<meta property=\"og:locale\" content=\"fr_FR\" \/>\n<meta property=\"og:type\" content=\"article\" \/>\n<meta property=\"og:title\" content=\"Le minist\u00e8re de la Femme accompagne la fillette de 6 ans viol\u00e9e\" \/>\n<meta property=\"og:description\" content=\"Le minist\u00e8re de la Femme, de la Famille et de la Protection de l\u2019enfance, \u00e0 travers ses directions, accompagne la fille ...\" \/>\n<meta property=\"og:url\" content=\"https:\/\/www.africa-press.net\/tchad\/toutes-les-actualites\/le-ministere-de-la-femme-accompagne-la-fillette-de-6-ans-violee\" \/>\n<meta property=\"og:site_name\" content=\"tchad\" \/>\n<meta property=\"article:published_time\" content=\"2021-11-25T18:52:51+00:00\" \/>\n<meta property=\"article:modified_time\" content=\"2021-11-25T19:30:18+00:00\" \/>\n<meta property=\"og:image\" content=\"https:\/\/static.africa-press.net\/tchad\/sites\/41\/2021\/11\/img-619fe42a8109c.jpg\" \/>\n\t<meta property=\"og:image:width\" content=\"1536\" \/>\n\t<meta property=\"og:image:height\" content=\"1024\" \/>\n\t<meta property=\"og:image:type\" content=\"image\/jpeg\" \/>\n<meta name=\"author\" content=\"cfeditorfr\" \/>\n<meta name=\"twitter:card\" content=\"summary_large_image\" \/>\n<meta name=\"twitter:label1\" content=\"\u00c9crit par\" \/>\n\t<meta name=\"twitter:data1\" content=\"cfeditorfr\" \/>\n\t<meta name=\"twitter:label2\" content=\"Dur\u00e9e de lecture estim\u00e9e\" \/>\n\t<meta name=\"twitter:data2\" content=\"3 minutes\" \/>\n<script type=\"application\/ld+json\" class=\"yoast-schema-graph\">{\"@context\":\"https:\/\/schema.org\",\"@graph\":[{\"@type\":\"Article\",\"@id\":\"https:\/\/www.africa-press.net\/tchad\/toutes-les-actualites\/le-ministere-de-la-femme-accompagne-la-fillette-de-6-ans-violee#article\",\"isPartOf\":{\"@id\":\"https:\/\/www.africa-press.net\/tchad\/toutes-les-actualites\/le-ministere-de-la-femme-accompagne-la-fillette-de-6-ans-violee\"},\"author\":{\"name\":\"cfeditorfr\",\"@id\":\"https:\/\/www.africa-press.net\/tchad\/#\/schema\/person\/2b1cf3cd81a31e3cd26889ca66d677f1\"},\"headline\":\"Le minist\u00e8re de la Femme accompagne la fillette de 6 ans viol\u00e9e\",\"datePublished\":\"2021-11-25T18:52:51+00:00\",\"dateModified\":\"2021-11-25T19:30:18+00:00\",\"mainEntityOfPage\":{\"@id\":\"https:\/\/www.africa-press.net\/tchad\/toutes-les-actualites\/le-ministere-de-la-femme-accompagne-la-fillette-de-6-ans-violee\"},\"wordCount\":548,\"commentCount\":0,\"image\":{\"@id\":\"https:\/\/www.africa-press.net\/tchad\/toutes-les-actualites\/le-ministere-de-la-femme-accompagne-la-fillette-de-6-ans-violee#primaryimage\"},\"thumbnailUrl\":\"https:\/\/static.africa-press.net\/tchad\/sites\/41\/2021\/11\/img-619fe42a8109c.jpg\",\"keywords\":[\"Africa Press\",\"Africa Press-Tchad\",\"femme\",\"Tchad\"],\"articleSection\":[\"Communaut\u00e9\",\"homepage-french\",\"Toutes les actualit\u00e9s\"],\"inLanguage\":\"fr-FR\",\"potentialAction\":[{\"@type\":\"CommentAction\",\"name\":\"Comment\",\"target\":[\"https:\/\/www.africa-press.net\/tchad\/toutes-les-actualites\/le-ministere-de-la-femme-accompagne-la-fillette-de-6-ans-violee#respond\"]}]},{\"@type\":\"WebPage\",\"@id\":\"https:\/\/www.africa-press.net\/tchad\/toutes-les-actualites\/le-ministere-de-la-femme-accompagne-la-fillette-de-6-ans-violee\",\"url\":\"https:\/\/www.africa-press.net\/tchad\/toutes-les-actualites\/le-ministere-de-la-femme-accompagne-la-fillette-de-6-ans-violee\",\"name\":\"Le minist\u00e8re de la Femme accompagne la fillette de 6 ans viol\u00e9e - tchad\",\"isPartOf\":{\"@id\":\"https:\/\/www.africa-press.net\/tchad\/#website\"},\"primaryImageOfPage\":{\"@id\":\"https:\/\/www.africa-press.net\/tchad\/toutes-les-actualites\/le-ministere-de-la-femme-accompagne-la-fillette-de-6-ans-violee#primaryimage\"},\"image\":{\"@id\":\"https:\/\/www.africa-press.net\/tchad\/toutes-les-actualites\/le-ministere-de-la-femme-accompagne-la-fillette-de-6-ans-violee#primaryimage\"},\"thumbnailUrl\":\"https:\/\/static.africa-press.net\/tchad\/sites\/41\/2021\/11\/img-619fe42a8109c.jpg\",\"datePublished\":\"2021-11-25T18:52:51+00:00\",\"dateModified\":\"2021-11-25T19:30:18+00:00\",\"author\":{\"@id\":\"https:\/\/www.africa-press.net\/tchad\/#\/schema\/person\/2b1cf3cd81a31e3cd26889ca66d677f1\"},\"description\":\"Le minist\u00e8re de la Femme, de la Famille et de la Protection de l\u2019enfance, \u00e0 travers ses directions, accompagne la fille ...\",\"breadcrumb\":{\"@id\":\"https:\/\/www.africa-press.net\/tchad\/toutes-les-actualites\/le-ministere-de-la-femme-accompagne-la-fillette-de-6-ans-violee#breadcrumb\"},\"inLanguage\":\"fr-FR\",\"potentialAction\":[{\"@type\":\"ReadAction\",\"target\":[\"https:\/\/www.africa-press.net\/tchad\/toutes-les-actualites\/le-ministere-de-la-femme-accompagne-la-fillette-de-6-ans-violee\"]}]},{\"@type\":\"ImageObject\",\"inLanguage\":\"fr-FR\",\"@id\":\"https:\/\/www.africa-press.net\/tchad\/toutes-les-actualites\/le-ministere-de-la-femme-accompagne-la-fillette-de-6-ans-violee#primaryimage\",\"url\":\"https:\/\/static.africa-press.net\/tchad\/sites\/41\/2021\/11\/img-619fe42a8109c.jpg\",\"contentUrl\":\"https:\/\/static.africa-press.net\/tchad\/sites\/41\/2021\/11\/img-619fe42a8109c.jpg\",\"width\":1536,\"height\":1024,\"caption\":\"Le minist\u00e8re de la Femme accompagne la fillette de 6 ans viol\u00e9e\"},{\"@type\":\"BreadcrumbList\",\"@id\":\"https:\/\/www.africa-press.net\/tchad\/toutes-les-actualites\/le-ministere-de-la-femme-accompagne-la-fillette-de-6-ans-violee#breadcrumb\",\"itemListElement\":[{\"@type\":\"ListItem\",\"position\":1,\"name\":\"Accueil\",\"item\":\"https:\/\/www.africa-press.net\/tchad\/\"},{\"@type\":\"ListItem\",\"position\":2,\"name\":\"Le minist\u00e8re de la Femme accompagne la fillette de 6 ans viol\u00e9e\"}]},{\"@type\":\"WebSite\",\"@id\":\"https:\/\/www.africa-press.net\/tchad\/#website\",\"url\":\"https:\/\/www.africa-press.net\/tchad\/\",\"name\":\"tchad\",\"description\":\"Just another Africa News Agency Sites site\",\"potentialAction\":[{\"@type\":\"SearchAction\",\"target\":{\"@type\":\"EntryPoint\",\"urlTemplate\":\"https:\/\/www.africa-press.net\/tchad\/?s={search_term_string}\"},\"query-input\":{\"@type\":\"PropertyValueSpecification\",\"valueRequired\":true,\"valueName\":\"search_term_string\"}}],\"inLanguage\":\"fr-FR\"},{\"@type\":\"Person\",\"@id\":\"https:\/\/www.africa-press.net\/tchad\/#\/schema\/person\/2b1cf3cd81a31e3cd26889ca66d677f1\",\"name\":\"cfeditorfr\"}]}<\/script>\n<!-- \/ Yoast SEO Premium plugin. -->","yoast_head_json":{"title":"Le minist\u00e8re de la Femme accompagne la fillette de 6 ans viol\u00e9e - tchad","description":"Le minist\u00e8re de la Femme, de la Famille et de la Protection de l\u2019enfance, \u00e0 travers ses directions, accompagne la fille ...","robots":{"index":"index","follow":"follow","max-snippet":"max-snippet:-1","max-image-preview":"max-image-preview:large","max-video-preview":"max-video-preview:-1"},"canonical":"https:\/\/www.africa-press.net\/tchad\/toutes-les-actualites\/le-ministere-de-la-femme-accompagne-la-fillette-de-6-ans-violee","og_locale":"fr_FR","og_type":"article","og_title":"Le minist\u00e8re de la Femme accompagne la fillette de 6 ans viol\u00e9e","og_description":"Le minist\u00e8re de la Femme, de la Famille et de la Protection de l\u2019enfance, \u00e0 travers ses directions, accompagne la fille ...","og_url":"https:\/\/www.africa-press.net\/tchad\/toutes-les-actualites\/le-ministere-de-la-femme-accompagne-la-fillette-de-6-ans-violee","og_site_name":"tchad","article_published_time":"2021-11-25T18:52:51+00:00","article_modified_time":"2021-11-25T19:30:18+00:00","og_image":[{"width":1536,"height":1024,"url":"https:\/\/static.africa-press.net\/tchad\/sites\/41\/2021\/11\/img-619fe42a8109c.jpg","type":"image\/jpeg"}],"author":"cfeditorfr","twitter_card":"summary_large_image","twitter_misc":{"\u00c9crit par":"cfeditorfr","Dur\u00e9e de lecture estim\u00e9e":"3 minutes"},"schema":{"@context":"https:\/\/schema.org","@graph":[{"@type":"Article","@id":"https:\/\/www.africa-press.net\/tchad\/toutes-les-actualites\/le-ministere-de-la-femme-accompagne-la-fillette-de-6-ans-violee#article","isPartOf":{"@id":"https:\/\/www.africa-press.net\/tchad\/toutes-les-actualites\/le-ministere-de-la-femme-accompagne-la-fillette-de-6-ans-violee"},"author":{"name":"cfeditorfr","@id":"https:\/\/www.africa-press.net\/tchad\/#\/schema\/person\/2b1cf3cd81a31e3cd26889ca66d677f1"},"headline":"Le minist\u00e8re de la Femme accompagne la fillette de 6 ans viol\u00e9e","datePublished":"2021-11-25T18:52:51+00:00","dateModified":"2021-11-25T19:30:18+00:00","mainEntityOfPage":{"@id":"https:\/\/www.africa-press.net\/tchad\/toutes-les-actualites\/le-ministere-de-la-femme-accompagne-la-fillette-de-6-ans-violee"},"wordCount":548,"commentCount":0,"image":{"@id":"https:\/\/www.africa-press.net\/tchad\/toutes-les-actualites\/le-ministere-de-la-femme-accompagne-la-fillette-de-6-ans-violee#primaryimage"},"thumbnailUrl":"https:\/\/static.africa-press.net\/tchad\/sites\/41\/2021\/11\/img-619fe42a8109c.jpg","keywords":["Africa Press","Africa Press-Tchad","femme","Tchad"],"articleSection":["Communaut\u00e9","homepage-french","Toutes les actualit\u00e9s"],"inLanguage":"fr-FR","potentialAction":[{"@type":"CommentAction","name":"Comment","target":["https:\/\/www.africa-press.net\/tchad\/toutes-les-actualites\/le-ministere-de-la-femme-accompagne-la-fillette-de-6-ans-violee#respond"]}]},{"@type":"WebPage","@id":"https:\/\/www.africa-press.net\/tchad\/toutes-les-actualites\/le-ministere-de-la-femme-accompagne-la-fillette-de-6-ans-violee","url":"https:\/\/www.africa-press.net\/tchad\/toutes-les-actualites\/le-ministere-de-la-femme-accompagne-la-fillette-de-6-ans-violee","name":"Le minist\u00e8re de la Femme accompagne la fillette de 6 ans viol\u00e9e - tchad","isPartOf":{"@id":"https:\/\/www.africa-press.net\/tchad\/#website"},"primaryImageOfPage":{"@id":"https:\/\/www.africa-press.net\/tchad\/toutes-les-actualites\/le-ministere-de-la-femme-accompagne-la-fillette-de-6-ans-violee#primaryimage"},"image":{"@id":"https:\/\/www.africa-press.net\/tchad\/toutes-les-actualites\/le-ministere-de-la-femme-accompagne-la-fillette-de-6-ans-violee#primaryimage"},"thumbnailUrl":"https:\/\/static.africa-press.net\/tchad\/sites\/41\/2021\/11\/img-619fe42a8109c.jpg","datePublished":"2021-11-25T18:52:51+00:00","dateModified":"2021-11-25T19:30:18+00:00","author":{"@id":"https:\/\/www.africa-press.net\/tchad\/#\/schema\/person\/2b1cf3cd81a31e3cd26889ca66d677f1"},"description":"Le minist\u00e8re de la Femme, de la Famille et de la Protection de l\u2019enfance, \u00e0 travers ses directions, accompagne la fille ...","breadcrumb":{"@id":"https:\/\/www.africa-press.net\/tchad\/toutes-les-actualites\/le-ministere-de-la-femme-accompagne-la-fillette-de-6-ans-violee#breadcrumb"},"inLanguage":"fr-FR","potentialAction":[{"@type":"ReadAction","target":["https:\/\/www.africa-press.net\/tchad\/toutes-les-actualites\/le-ministere-de-la-femme-accompagne-la-fillette-de-6-ans-violee"]}]},{"@type":"ImageObject","inLanguage":"fr-FR","@id":"https:\/\/www.africa-press.net\/tchad\/toutes-les-actualites\/le-ministere-de-la-femme-accompagne-la-fillette-de-6-ans-violee#primaryimage","url":"https:\/\/static.africa-press.net\/tchad\/sites\/41\/2021\/11\/img-619fe42a8109c.jpg","contentUrl":"https:\/\/static.africa-press.net\/tchad\/sites\/41\/2021\/11\/img-619fe42a8109c.jpg","width":1536,"height":1024,"caption":"Le minist\u00e8re de la Femme accompagne la fillette de 6 ans viol\u00e9e"},{"@type":"BreadcrumbList","@id":"https:\/\/www.africa-press.net\/tchad\/toutes-les-actualites\/le-ministere-de-la-femme-accompagne-la-fillette-de-6-ans-violee#breadcrumb","itemListElement":[{"@type":"ListItem","position":1,"name":"Accueil","item":"https:\/\/www.africa-press.net\/tchad\/"},{"@type":"ListItem","position":2,"name":"Le minist\u00e8re de la Femme accompagne la fillette de 6 ans viol\u00e9e"}]},{"@type":"WebSite","@id":"https:\/\/www.africa-press.net\/tchad\/#website","url":"https:\/\/www.africa-press.net\/tchad\/","name":"tchad","description":"Just another Africa News Agency Sites site","potentialAction":[{"@type":"SearchAction","target":{"@type":"EntryPoint","urlTemplate":"https:\/\/www.africa-press.net\/tchad\/?s={search_term_string}"},"query-input":{"@type":"PropertyValueSpecification","valueRequired":true,"valueName":"search_term_string"}}],"inLanguage":"fr-FR"},{"@type":"Person","@id":"https:\/\/www.africa-press.net\/tchad\/#\/schema\/person\/2b1cf3cd81a31e3cd26889ca66d677f1","name":"cfeditorfr"}]}},"_links":{"self":[{"href":"https:\/\/www.africa-press.net\/tchad\/wp-json\/wp\/v2\/posts\/14397","targetHints":{"allow":["GET"]}}],"collection":[{"href":"https:\/\/www.africa-press.net\/tchad\/wp-json\/wp\/v2\/posts"}],"about":[{"href":"https:\/\/www.africa-press.net\/tchad\/wp-json\/wp\/v2\/types\/post"}],"author":[{"embeddable":true,"href":"https:\/\/www.africa-press.net\/tchad\/wp-json\/wp\/v2\/users\/82"}],"replies":[{"embeddable":true,"href":"https:\/\/www.africa-press.net\/tchad\/wp-json\/wp\/v2\/comments?post=14397"}],"version-history":[{"count":0,"href":"https:\/\/www.africa-press.net\/tchad\/wp-json\/wp\/v2\/posts\/14397\/revisions"}],"wp:featuredmedia":[{"embeddable":true,"href":"https:\/\/www.africa-press.net\/tchad\/wp-json\/wp\/v2\/media\/14396"}],"wp:attachment":[{"href":"https:\/\/www.africa-press.net\/tchad\/wp-json\/wp\/v2\/media?parent=14397"}],"wp:term":[{"taxonomy":"category","embeddable":true,"href":"https:\/\/www.africa-press.net\/tchad\/wp-json\/wp\/v2\/categories?post=14397"},{"taxonomy":"post_tag","embeddable":true,"href":"https:\/\/www.africa-press.net\/tchad\/wp-json\/wp\/v2\/tags?post=14397"}],"curies":[{"name":"wp","href":"https:\/\/api.w.org\/{rel}","templated":true}]}}