{"id":14412,"date":"2021-11-25T18:58:24","date_gmt":"2021-11-25T18:58:24","guid":{"rendered":"https:\/\/www.africa-press.net\/tchad\/politique\/une-tentative-de-marche-empechee-par-les-forces-de-lordre"},"modified":"2021-11-25T19:34:16","modified_gmt":"2021-11-25T19:34:16","slug":"une-tentative-de-marche-empechee-par-les-forces-de-lordre","status":"publish","type":"post","link":"https:\/\/www.africa-press.net\/tchad\/politique\/une-tentative-de-marche-empechee-par-les-forces-de-lordre","title":{"rendered":"une tentative de marche emp\u00each\u00e9e par les forces de l\u2019ordre"},"content":{"rendered":"<p><span style=\"color: #ff6600\"><strong>Africa-Press &#8211; Tchad. <\/strong><\/span>L\u2019appel \u00e0 la marche, lanc\u00e9 par le parti politique de l\u2019opposition le Rassemblement pour la Justice et l\u2019Egalit\u00e9 au Tchad (RAJET) de ce 25 novembre 2021, a \u00e9t\u00e9 emp\u00each\u00e9 par un d\u00e9ploiement massif des forces de l\u2019ordre.<\/p>\n<p>Le RAJET a convi\u00e9 les militants, les sympathisants, les partisans, les personnes apolitiques, les leaders des partis politiques, des associations civiles et des droits de l&rsquo;Homme, \u00e0 une marche pacifique de soutien \u00e0 la population de Faya.<\/p>\n<p>Le point de convergence des manifestants pacifiques, \u00e0 c\u00f4t\u00e9 du stade Andjari de 8\u00e8me arrondissement non loin de l&rsquo;h\u00f4tel Kempeski, a \u00e9t\u00e9 investi ce jeudi tr\u00e8s t\u00f4t par les \u00e9l\u00e9ments du Groupement mobile d\u2019intervention de la police (GMIP), emp\u00eachant ainsi tout regroupement de plus de deux personnes.<\/p>\n<p>Actuellement, le calme pr\u00e9vaut dans le secteur et les habitants riverains vaquent normalement \u00e0 leurs activit\u00e9s. Une tentative de rassemblement de quelques militants a \u00e9t\u00e9 rapidement dispers\u00e9 par les forces de l\u2019ordre.<\/p>\n<p>\u00ab Cet appel vibrant est un bouclier pour la r\u00e9pression de la population de Faya. \u00c0 cette occasion, nous demandons \u00e0 toutes les personnes \u00e9prises de valeurs r\u00e9publicaines, de nous joindre pour exprimer leur soutien.<\/p>\n<p>Aucun \u00c9tat normal ne laisse une partie de sa population tra\u00eenaill\u00e9e et traumatis\u00e9e par des r\u00e9pressions, pour avoir r\u00e9clam\u00e9 un droit civique \u00bb, d\u00e9clare le pr\u00e9sident de RAJET, Ordjei Abderahim Chaha.<\/p>\n<p>Cet appel \u00e0 la marche de RAJET est soutenu par la plateforme Wakit Tamma, regroupant l\u2019opposition et la soci\u00e9t\u00e9 civile hostile \u00e0 l\u2019actuel pouvoir en place au Tchad.<\/p>\n<p><strong>Pour plus d&rsquo;informations et d&rsquo;analyses sur la <a href=\"https:\/\/www.africa-press.net\/tchad\">Tchad<\/a>, suivez <a href=\"https:\/\/www.africa-press.net\/\">Africa-Press<\/a><\/strong><\/p>\n","protected":false},"excerpt":{"rendered":"<p>Africa-Press &#8211; Tchad. L\u2019appel \u00e0 la marche, lanc\u00e9 par le parti politique de l\u2019opposition le Rassemblement pour la Justice et l\u2019Egalit\u00e9 au Tchad (RAJET) de ce 25 novembre 2021, a \u00e9t\u00e9 emp\u00each\u00e9 par un d\u00e9ploiement massif des forces de l\u2019ordre. Le RAJET a convi\u00e9 les militants, les sympathisants, les partisans, les personnes apolitiques, les leaders [&hellip;]<\/p>\n","protected":false},"author":82,"featured_media":14411,"comment_status":"open","ping_status":"closed","sticky":false,"template":"","format":"standard","meta":{"footnotes":""},"categories":[11,2,10],"tags":[37,292,2328,29],"class_list":["post-14412","post","type-post","status-publish","format-standard","has-post-thumbnail","hentry","category-homepage-french","category-politique","category-toutes-les-actualites","tag-africa-press","tag-africa-press-tchad","tag-forces","tag-tchad"],"yoast_head":"<!-- This site is optimized with the Yoast SEO Premium plugin v26.1 (Yoast SEO v27.0) - https:\/\/yoast.com\/product\/yoast-seo-premium-wordpress\/ -->\n<title>une tentative de marche emp\u00each\u00e9e par les forces de l\u2019ordre - tchad<\/title>\n<meta name=\"description\" content=\"L\u2019appel \u00e0 la marche, lanc\u00e9 par le parti politique de l\u2019opposition le Rassemblement pour la Justice et l\u2019Egalit\u00e9 au Tchad ...\" \/>\n<meta name=\"robots\" content=\"index, follow, max-snippet:-1, max-image-preview:large, max-video-preview:-1\" \/>\n<link rel=\"canonical\" href=\"https:\/\/www.africa-press.net\/tchad\/politique\/une-tentative-de-marche-empechee-par-les-forces-de-lordre\" \/>\n<meta property=\"og:locale\" content=\"fr_FR\" \/>\n<meta property=\"og:type\" content=\"article\" \/>\n<meta property=\"og:title\" content=\"une tentative de marche emp\u00each\u00e9e par les forces de l\u2019ordre\" \/>\n<meta property=\"og:description\" content=\"L\u2019appel \u00e0 la marche, lanc\u00e9 par le parti politique de l\u2019opposition le Rassemblement pour la Justice et l\u2019Egalit\u00e9 au Tchad ...\" \/>\n<meta property=\"og:url\" content=\"https:\/\/www.africa-press.net\/tchad\/politique\/une-tentative-de-marche-empechee-par-les-forces-de-lordre\" \/>\n<meta property=\"og:site_name\" content=\"tchad\" \/>\n<meta property=\"article:published_time\" content=\"2021-11-25T18:58:24+00:00\" \/>\n<meta property=\"article:modified_time\" content=\"2021-11-25T19:34:16+00:00\" \/>\n<meta property=\"og:image\" content=\"https:\/\/static.africa-press.net\/tchad\/sites\/41\/2021\/11\/img-619fe51d4ddc7.jpg\" \/>\n\t<meta property=\"og:image:width\" content=\"869\" \/>\n\t<meta property=\"og:image:height\" content=\"401\" \/>\n\t<meta property=\"og:image:type\" content=\"image\/jpeg\" \/>\n<meta name=\"author\" content=\"cfeditorfr\" \/>\n<meta name=\"twitter:card\" content=\"summary_large_image\" \/>\n<meta name=\"twitter:label1\" content=\"\u00c9crit par\" \/>\n\t<meta name=\"twitter:data1\" content=\"cfeditorfr\" \/>\n\t<meta name=\"twitter:label2\" content=\"Dur\u00e9e de lecture estim\u00e9e\" \/>\n\t<meta name=\"twitter:data2\" content=\"1 minute\" \/>\n<script type=\"application\/ld+json\" class=\"yoast-schema-graph\">{\"@context\":\"https:\/\/schema.org\",\"@graph\":[{\"@type\":\"Article\",\"@id\":\"https:\/\/www.africa-press.net\/tchad\/politique\/une-tentative-de-marche-empechee-par-les-forces-de-lordre#article\",\"isPartOf\":{\"@id\":\"https:\/\/www.africa-press.net\/tchad\/politique\/une-tentative-de-marche-empechee-par-les-forces-de-lordre\"},\"author\":{\"name\":\"cfeditorfr\",\"@id\":\"https:\/\/www.africa-press.net\/tchad\/#\/schema\/person\/2b1cf3cd81a31e3cd26889ca66d677f1\"},\"headline\":\"une tentative de marche emp\u00each\u00e9e par les forces de l\u2019ordre\",\"datePublished\":\"2021-11-25T18:58:24+00:00\",\"dateModified\":\"2021-11-25T19:34:16+00:00\",\"mainEntityOfPage\":{\"@id\":\"https:\/\/www.africa-press.net\/tchad\/politique\/une-tentative-de-marche-empechee-par-les-forces-de-lordre\"},\"wordCount\":292,\"commentCount\":0,\"image\":{\"@id\":\"https:\/\/www.africa-press.net\/tchad\/politique\/une-tentative-de-marche-empechee-par-les-forces-de-lordre#primaryimage\"},\"thumbnailUrl\":\"https:\/\/static.africa-press.net\/tchad\/sites\/41\/2021\/11\/img-619fe51d4ddc7.jpg\",\"keywords\":[\"Africa Press\",\"Africa Press-Tchad\",\"forces\",\"Tchad\"],\"articleSection\":[\"homepage-french\",\"Politique\",\"Toutes les actualit\u00e9s\"],\"inLanguage\":\"fr-FR\",\"potentialAction\":[{\"@type\":\"CommentAction\",\"name\":\"Comment\",\"target\":[\"https:\/\/www.africa-press.net\/tchad\/politique\/une-tentative-de-marche-empechee-par-les-forces-de-lordre#respond\"]}]},{\"@type\":\"WebPage\",\"@id\":\"https:\/\/www.africa-press.net\/tchad\/politique\/une-tentative-de-marche-empechee-par-les-forces-de-lordre\",\"url\":\"https:\/\/www.africa-press.net\/tchad\/politique\/une-tentative-de-marche-empechee-par-les-forces-de-lordre\",\"name\":\"une tentative de marche emp\u00each\u00e9e par les forces de l\u2019ordre - tchad\",\"isPartOf\":{\"@id\":\"https:\/\/www.africa-press.net\/tchad\/#website\"},\"primaryImageOfPage\":{\"@id\":\"https:\/\/www.africa-press.net\/tchad\/politique\/une-tentative-de-marche-empechee-par-les-forces-de-lordre#primaryimage\"},\"image\":{\"@id\":\"https:\/\/www.africa-press.net\/tchad\/politique\/une-tentative-de-marche-empechee-par-les-forces-de-lordre#primaryimage\"},\"thumbnailUrl\":\"https:\/\/static.africa-press.net\/tchad\/sites\/41\/2021\/11\/img-619fe51d4ddc7.jpg\",\"datePublished\":\"2021-11-25T18:58:24+00:00\",\"dateModified\":\"2021-11-25T19:34:16+00:00\",\"author\":{\"@id\":\"https:\/\/www.africa-press.net\/tchad\/#\/schema\/person\/2b1cf3cd81a31e3cd26889ca66d677f1\"},\"description\":\"L\u2019appel \u00e0 la marche, lanc\u00e9 par le parti politique de l\u2019opposition le Rassemblement pour la Justice et l\u2019Egalit\u00e9 au Tchad ...\",\"breadcrumb\":{\"@id\":\"https:\/\/www.africa-press.net\/tchad\/politique\/une-tentative-de-marche-empechee-par-les-forces-de-lordre#breadcrumb\"},\"inLanguage\":\"fr-FR\",\"potentialAction\":[{\"@type\":\"ReadAction\",\"target\":[\"https:\/\/www.africa-press.net\/tchad\/politique\/une-tentative-de-marche-empechee-par-les-forces-de-lordre\"]}]},{\"@type\":\"ImageObject\",\"inLanguage\":\"fr-FR\",\"@id\":\"https:\/\/www.africa-press.net\/tchad\/politique\/une-tentative-de-marche-empechee-par-les-forces-de-lordre#primaryimage\",\"url\":\"https:\/\/static.africa-press.net\/tchad\/sites\/41\/2021\/11\/img-619fe51d4ddc7.jpg\",\"contentUrl\":\"https:\/\/static.africa-press.net\/tchad\/sites\/41\/2021\/11\/img-619fe51d4ddc7.jpg\",\"width\":869,\"height\":401,\"caption\":\"une tentative de marche emp\u00each\u00e9e par les forces de l\u2019ordre\"},{\"@type\":\"BreadcrumbList\",\"@id\":\"https:\/\/www.africa-press.net\/tchad\/politique\/une-tentative-de-marche-empechee-par-les-forces-de-lordre#breadcrumb\",\"itemListElement\":[{\"@type\":\"ListItem\",\"position\":1,\"name\":\"Accueil\",\"item\":\"https:\/\/www.africa-press.net\/tchad\/\"},{\"@type\":\"ListItem\",\"position\":2,\"name\":\"une tentative de marche emp\u00each\u00e9e par les forces de l\u2019ordre\"}]},{\"@type\":\"WebSite\",\"@id\":\"https:\/\/www.africa-press.net\/tchad\/#website\",\"url\":\"https:\/\/www.africa-press.net\/tchad\/\",\"name\":\"tchad\",\"description\":\"Just another Africa News Agency Sites site\",\"potentialAction\":[{\"@type\":\"SearchAction\",\"target\":{\"@type\":\"EntryPoint\",\"urlTemplate\":\"https:\/\/www.africa-press.net\/tchad\/?s={search_term_string}\"},\"query-input\":{\"@type\":\"PropertyValueSpecification\",\"valueRequired\":true,\"valueName\":\"search_term_string\"}}],\"inLanguage\":\"fr-FR\"},{\"@type\":\"Person\",\"@id\":\"https:\/\/www.africa-press.net\/tchad\/#\/schema\/person\/2b1cf3cd81a31e3cd26889ca66d677f1\",\"name\":\"cfeditorfr\"}]}<\/script>\n<!-- \/ Yoast SEO Premium plugin. -->","yoast_head_json":{"title":"une tentative de marche emp\u00each\u00e9e par les forces de l\u2019ordre - tchad","description":"L\u2019appel \u00e0 la marche, lanc\u00e9 par le parti politique de l\u2019opposition le Rassemblement pour la Justice et l\u2019Egalit\u00e9 au Tchad ...","robots":{"index":"index","follow":"follow","max-snippet":"max-snippet:-1","max-image-preview":"max-image-preview:large","max-video-preview":"max-video-preview:-1"},"canonical":"https:\/\/www.africa-press.net\/tchad\/politique\/une-tentative-de-marche-empechee-par-les-forces-de-lordre","og_locale":"fr_FR","og_type":"article","og_title":"une tentative de marche emp\u00each\u00e9e par les forces de l\u2019ordre","og_description":"L\u2019appel \u00e0 la marche, lanc\u00e9 par le parti politique de l\u2019opposition le Rassemblement pour la Justice et l\u2019Egalit\u00e9 au Tchad ...","og_url":"https:\/\/www.africa-press.net\/tchad\/politique\/une-tentative-de-marche-empechee-par-les-forces-de-lordre","og_site_name":"tchad","article_published_time":"2021-11-25T18:58:24+00:00","article_modified_time":"2021-11-25T19:34:16+00:00","og_image":[{"width":869,"height":401,"url":"https:\/\/static.africa-press.net\/tchad\/sites\/41\/2021\/11\/img-619fe51d4ddc7.jpg","type":"image\/jpeg"}],"author":"cfeditorfr","twitter_card":"summary_large_image","twitter_misc":{"\u00c9crit par":"cfeditorfr","Dur\u00e9e de lecture estim\u00e9e":"1 minute"},"schema":{"@context":"https:\/\/schema.org","@graph":[{"@type":"Article","@id":"https:\/\/www.africa-press.net\/tchad\/politique\/une-tentative-de-marche-empechee-par-les-forces-de-lordre#article","isPartOf":{"@id":"https:\/\/www.africa-press.net\/tchad\/politique\/une-tentative-de-marche-empechee-par-les-forces-de-lordre"},"author":{"name":"cfeditorfr","@id":"https:\/\/www.africa-press.net\/tchad\/#\/schema\/person\/2b1cf3cd81a31e3cd26889ca66d677f1"},"headline":"une tentative de marche emp\u00each\u00e9e par les forces de l\u2019ordre","datePublished":"2021-11-25T18:58:24+00:00","dateModified":"2021-11-25T19:34:16+00:00","mainEntityOfPage":{"@id":"https:\/\/www.africa-press.net\/tchad\/politique\/une-tentative-de-marche-empechee-par-les-forces-de-lordre"},"wordCount":292,"commentCount":0,"image":{"@id":"https:\/\/www.africa-press.net\/tchad\/politique\/une-tentative-de-marche-empechee-par-les-forces-de-lordre#primaryimage"},"thumbnailUrl":"https:\/\/static.africa-press.net\/tchad\/sites\/41\/2021\/11\/img-619fe51d4ddc7.jpg","keywords":["Africa Press","Africa Press-Tchad","forces","Tchad"],"articleSection":["homepage-french","Politique","Toutes les actualit\u00e9s"],"inLanguage":"fr-FR","potentialAction":[{"@type":"CommentAction","name":"Comment","target":["https:\/\/www.africa-press.net\/tchad\/politique\/une-tentative-de-marche-empechee-par-les-forces-de-lordre#respond"]}]},{"@type":"WebPage","@id":"https:\/\/www.africa-press.net\/tchad\/politique\/une-tentative-de-marche-empechee-par-les-forces-de-lordre","url":"https:\/\/www.africa-press.net\/tchad\/politique\/une-tentative-de-marche-empechee-par-les-forces-de-lordre","name":"une tentative de marche emp\u00each\u00e9e par les forces de l\u2019ordre - tchad","isPartOf":{"@id":"https:\/\/www.africa-press.net\/tchad\/#website"},"primaryImageOfPage":{"@id":"https:\/\/www.africa-press.net\/tchad\/politique\/une-tentative-de-marche-empechee-par-les-forces-de-lordre#primaryimage"},"image":{"@id":"https:\/\/www.africa-press.net\/tchad\/politique\/une-tentative-de-marche-empechee-par-les-forces-de-lordre#primaryimage"},"thumbnailUrl":"https:\/\/static.africa-press.net\/tchad\/sites\/41\/2021\/11\/img-619fe51d4ddc7.jpg","datePublished":"2021-11-25T18:58:24+00:00","dateModified":"2021-11-25T19:34:16+00:00","author":{"@id":"https:\/\/www.africa-press.net\/tchad\/#\/schema\/person\/2b1cf3cd81a31e3cd26889ca66d677f1"},"description":"L\u2019appel \u00e0 la marche, lanc\u00e9 par le parti politique de l\u2019opposition le Rassemblement pour la Justice et l\u2019Egalit\u00e9 au Tchad ...","breadcrumb":{"@id":"https:\/\/www.africa-press.net\/tchad\/politique\/une-tentative-de-marche-empechee-par-les-forces-de-lordre#breadcrumb"},"inLanguage":"fr-FR","potentialAction":[{"@type":"ReadAction","target":["https:\/\/www.africa-press.net\/tchad\/politique\/une-tentative-de-marche-empechee-par-les-forces-de-lordre"]}]},{"@type":"ImageObject","inLanguage":"fr-FR","@id":"https:\/\/www.africa-press.net\/tchad\/politique\/une-tentative-de-marche-empechee-par-les-forces-de-lordre#primaryimage","url":"https:\/\/static.africa-press.net\/tchad\/sites\/41\/2021\/11\/img-619fe51d4ddc7.jpg","contentUrl":"https:\/\/static.africa-press.net\/tchad\/sites\/41\/2021\/11\/img-619fe51d4ddc7.jpg","width":869,"height":401,"caption":"une tentative de marche emp\u00each\u00e9e par les forces de l\u2019ordre"},{"@type":"BreadcrumbList","@id":"https:\/\/www.africa-press.net\/tchad\/politique\/une-tentative-de-marche-empechee-par-les-forces-de-lordre#breadcrumb","itemListElement":[{"@type":"ListItem","position":1,"name":"Accueil","item":"https:\/\/www.africa-press.net\/tchad\/"},{"@type":"ListItem","position":2,"name":"une tentative de marche emp\u00each\u00e9e par les forces de l\u2019ordre"}]},{"@type":"WebSite","@id":"https:\/\/www.africa-press.net\/tchad\/#website","url":"https:\/\/www.africa-press.net\/tchad\/","name":"tchad","description":"Just another Africa News Agency Sites site","potentialAction":[{"@type":"SearchAction","target":{"@type":"EntryPoint","urlTemplate":"https:\/\/www.africa-press.net\/tchad\/?s={search_term_string}"},"query-input":{"@type":"PropertyValueSpecification","valueRequired":true,"valueName":"search_term_string"}}],"inLanguage":"fr-FR"},{"@type":"Person","@id":"https:\/\/www.africa-press.net\/tchad\/#\/schema\/person\/2b1cf3cd81a31e3cd26889ca66d677f1","name":"cfeditorfr"}]}},"_links":{"self":[{"href":"https:\/\/www.africa-press.net\/tchad\/wp-json\/wp\/v2\/posts\/14412","targetHints":{"allow":["GET"]}}],"collection":[{"href":"https:\/\/www.africa-press.net\/tchad\/wp-json\/wp\/v2\/posts"}],"about":[{"href":"https:\/\/www.africa-press.net\/tchad\/wp-json\/wp\/v2\/types\/post"}],"author":[{"embeddable":true,"href":"https:\/\/www.africa-press.net\/tchad\/wp-json\/wp\/v2\/users\/82"}],"replies":[{"embeddable":true,"href":"https:\/\/www.africa-press.net\/tchad\/wp-json\/wp\/v2\/comments?post=14412"}],"version-history":[{"count":0,"href":"https:\/\/www.africa-press.net\/tchad\/wp-json\/wp\/v2\/posts\/14412\/revisions"}],"wp:featuredmedia":[{"embeddable":true,"href":"https:\/\/www.africa-press.net\/tchad\/wp-json\/wp\/v2\/media\/14411"}],"wp:attachment":[{"href":"https:\/\/www.africa-press.net\/tchad\/wp-json\/wp\/v2\/media?parent=14412"}],"wp:term":[{"taxonomy":"category","embeddable":true,"href":"https:\/\/www.africa-press.net\/tchad\/wp-json\/wp\/v2\/categories?post=14412"},{"taxonomy":"post_tag","embeddable":true,"href":"https:\/\/www.africa-press.net\/tchad\/wp-json\/wp\/v2\/tags?post=14412"}],"curies":[{"name":"wp","href":"https:\/\/api.w.org\/{rel}","templated":true}]}}