{"id":14439,"date":"2021-11-25T16:05:55","date_gmt":"2021-11-25T16:05:55","guid":{"rendered":"https:\/\/www.africa-press.net\/tchad\/politique\/mali-hommage-a-deux-casques-bleus-tchadiens-tombes-au-service-de-la-paix"},"modified":"2021-11-25T19:40:24","modified_gmt":"2021-11-25T19:40:24","slug":"mali-hommage-a-deux-casques-bleus-tchadiens-tombes-au-service-de-la-paix","status":"publish","type":"post","link":"https:\/\/www.africa-press.net\/tchad\/politique\/mali-hommage-a-deux-casques-bleus-tchadiens-tombes-au-service-de-la-paix","title":{"rendered":"Mali : hommage \u00e0 deux casques bleus tchadiens tomb\u00e9s au service de la paix"},"content":{"rendered":"<p><span style=\"color: #ff6600\"><strong>Africa-Press &#8211; Tchad. <\/strong><\/span>Il s\u2019agit du soldat de 2\u00e8me classe Mahamat Goudra HAROUN, d\u00e9c\u00e9d\u00e9 le 06 novembre 2021, \u00e0 la suite d\u2019un accident de la circulation, lors d&rsquo;une patrouille, aux environs de la r\u00e9gion d\u2019Aguelhok et du Soldat Mahamat Moussa IBRAHIM, dont le c\u0153ur s\u2019est arr\u00eat\u00e9 de battre le 16 novembre dernier au camp de Tessalit o\u00f9 il a \u00e9t\u00e9 piqu\u00e9 par un scorpion alors qu\u2019il \u00e9tait de faction \u00e0 son poste de garde.<\/p>\n<p>Ces deux casques bleus d\u00e9ploy\u00e9s au nord du Mali, au sein du contingent tchadien, ont quotidiennement c\u00f4toy\u00e9 le danger, jusqu\u2019au sacrifice honorable et supr\u00eame.<\/p>\n<p>Pr\u00e9sid\u00e9e par le Chef de la MINUSMA, El-Ghassim WANE, la c\u00e9r\u00e9monie d\u2019hommage a enregistr\u00e9 la pr\u00e9sence du G\u00e9n\u00e9ral Paul NDIAYE, commandant la force par int\u00e9rim, de Son Excellence Madame l\u2019Ambassadrice de la R\u00e9publique du Tchad au Mali, des repr\u00e9sentants des autorit\u00e9s civiles et militaires maliennes, ainsi que de la hi\u00e9rarchie militaire de la force de la Mission de l\u2019ONU au Mali, y compris la d\u00e9l\u00e9gation du contingent tchadien conduite par le G\u00e9n\u00e9ral de division Oumar VIKMOU, Commandant le secteur nord.<\/p>\n<p>Des membres de la Direction de la MINUSMA, le repr\u00e9sentant de la force conjointe G5 Sahel, ainsi que les fr\u00e8res d\u2019armes de deux soldats d\u00e9c\u00e9d\u00e9s \u00e9taient \u00e9galement pr\u00e9sents.<\/p>\n<p>\u00ab Aujourd\u2019hui c&rsquo;est encore l&rsquo;heure o\u00f9 sonne le clairon qui nous plonge tous dans le malheur.<\/p>\n<p>Je m\u2019incline devant vous, pour vous rendre les hommages \u00e0 mon tour au nom du 8\u00e8me Contingent tchadien au Mali. Vous, fils du Tchad sous le fanion des Nations Unies pour la paix.<\/p>\n<p>Oui, l&rsquo;immortalit\u00e9 vient \u00e0 ce jour vous faucher \u00e0 la veille de l\u2019aurore laissant vos \u00e2mes d\u00e9sarm\u00e9es\u2026 Tous du contingent tchadien, engag\u00e9s aux c\u00f4t\u00e9s de nos fr\u00e8res d\u2019armes d\u2019autres pays pour une cause noble qui est la paix \u00bb, a d\u00e9clar\u00e9 le commandant DETOIDJI Os\u00e9, charg\u00e9 de lire l\u2019oraison fun\u00e8bre au nom du contingent tchadien.<\/p>\n<p>Pour sa part, le commandant de la Force par int\u00e9rim, apr\u00e8s avoir d\u00e9cor\u00e9 les deux d\u00e9pouilles de la m\u00e9daille des Nations Unies \u00e0 titre posthume, rappelle : \u00ab en faisant preuve d\u2019un esprit exceptionnel et d\u2019une admirable d\u00e9termination, ces jeunes partis dans la fleur de l\u2019\u00e2ge, se sont distingu\u00e9s par leur esprit d\u2019\u00e9quipe et surtout leur attachement \u00e0 la r\u00e9ussite des missions qui sont confi\u00e9es \u00e0 leurs unit\u00e9s respectives \u00bb.<\/p>\n<p>S\u2019adressant directement aux d\u00e9pouilles de ces soldats, le G\u00e9n\u00e9ral NDIAYE ajoute : \u00ab en ce douloureux moment, mes pens\u00e9es vont en particulier \u00e0 l\u2019endroit de vos familles respectives que vous laissez derri\u00e8re vous, mais aussi \u00e0 vos compagnons bless\u00e9s et qui souffrent dans leur chair.<\/p>\n<p>Je leur souhaite un prompt r\u00e9tablissement \u00bb. Apr\u00e8s avoir proc\u00e9d\u00e9 au d\u00e9p\u00f4t de gerbes de fleurs sur les deux cercueils et pr\u00e9sent\u00e9 ses condol\u00e9ances \u00e0 l\u2019Etat tchadien, aux coll\u00e8gues, aux familles et amis des d\u00e9funts, Monsieur WANE a lui aussi tenu \u00e0 s\u2019adresser directement aux braves casques bleus d\u00e9c\u00e9d\u00e9s.<\/p>\n<p>\u00ab Vous venez d\u2019augmenter le nombre de d\u00e9c\u00e9d\u00e9s de la force dont les noms figurent sur le Monument aux morts auquel les v\u00f4tres aussi seront grav\u00e9s, \u00bb leur a-t-il dit avant d\u2019ajouter : \u00ab vos sacrifices ne seront pas laiss\u00e9s pour compte, ils resteront dans les annales de la MINUSMA et qui inspireront l\u2019ensemble des Casques bleus d\u00e9ploy\u00e9s au Mali \u00bb.<\/p>\n<p><strong>Pour plus d&rsquo;informations et d&rsquo;analyses sur la <a href=\"https:\/\/www.africa-press.net\/tchad\">Tchad<\/a>, suivez <a href=\"https:\/\/www.africa-press.net\/\">Africa-Press<\/a><\/strong><\/p>\n","protected":false},"excerpt":{"rendered":"<p>Africa-Press &#8211; Tchad. Il s\u2019agit du soldat de 2\u00e8me classe Mahamat Goudra HAROUN, d\u00e9c\u00e9d\u00e9 le 06 novembre 2021, \u00e0 la suite d\u2019un accident de la circulation, lors d&rsquo;une patrouille, aux environs de la r\u00e9gion d\u2019Aguelhok et du Soldat Mahamat Moussa IBRAHIM, dont le c\u0153ur s\u2019est arr\u00eat\u00e9 de battre le 16 novembre dernier au camp de [&hellip;]<\/p>\n","protected":false},"author":82,"featured_media":14438,"comment_status":"open","ping_status":"closed","sticky":false,"template":"","format":"standard","meta":{"footnotes":""},"categories":[11,2,10],"tags":[37,292,400,29],"class_list":["post-14439","post","type-post","status-publish","format-standard","has-post-thumbnail","hentry","category-homepage-french","category-politique","category-toutes-les-actualites","tag-africa-press","tag-africa-press-tchad","tag-mali","tag-tchad"],"yoast_head":"<!-- This site is optimized with the Yoast SEO Premium plugin v26.1 (Yoast SEO v27.0) - https:\/\/yoast.com\/product\/yoast-seo-premium-wordpress\/ -->\n<title>Mali : hommage \u00e0 deux casques bleus tchadiens tomb\u00e9s au service de la paix - tchad<\/title>\n<meta name=\"description\" content=\"Il s\u2019agit du soldat de 2\u00e8me classe Mahamat Goudra HAROUN, d\u00e9c\u00e9d\u00e9 le 06 novembre 2021, \u00e0 la suite d\u2019un accident de la cir ...\" \/>\n<meta name=\"robots\" content=\"index, follow, max-snippet:-1, max-image-preview:large, max-video-preview:-1\" \/>\n<link rel=\"canonical\" href=\"https:\/\/www.africa-press.net\/tchad\/politique\/mali-hommage-a-deux-casques-bleus-tchadiens-tombes-au-service-de-la-paix\" \/>\n<meta property=\"og:locale\" content=\"fr_FR\" \/>\n<meta property=\"og:type\" content=\"article\" \/>\n<meta property=\"og:title\" content=\"Mali : hommage \u00e0 deux casques bleus tchadiens tomb\u00e9s au service de la paix\" \/>\n<meta property=\"og:description\" content=\"Il s\u2019agit du soldat de 2\u00e8me classe Mahamat Goudra HAROUN, d\u00e9c\u00e9d\u00e9 le 06 novembre 2021, \u00e0 la suite d\u2019un accident de la cir ...\" \/>\n<meta property=\"og:url\" content=\"https:\/\/www.africa-press.net\/tchad\/politique\/mali-hommage-a-deux-casques-bleus-tchadiens-tombes-au-service-de-la-paix\" \/>\n<meta property=\"og:site_name\" content=\"tchad\" \/>\n<meta property=\"article:published_time\" content=\"2021-11-25T16:05:55+00:00\" \/>\n<meta property=\"article:modified_time\" content=\"2021-11-25T19:40:24+00:00\" \/>\n<meta property=\"og:image\" content=\"https:\/\/static.africa-press.net\/tchad\/sites\/41\/2021\/11\/img-619fe68e33d3d.jpg\" \/>\n\t<meta property=\"og:image:width\" content=\"819\" \/>\n\t<meta property=\"og:image:height\" content=\"536\" \/>\n\t<meta property=\"og:image:type\" content=\"image\/jpeg\" \/>\n<meta name=\"author\" content=\"cfeditorfr\" \/>\n<meta name=\"twitter:card\" content=\"summary_large_image\" \/>\n<meta name=\"twitter:label1\" content=\"\u00c9crit par\" \/>\n\t<meta name=\"twitter:data1\" content=\"cfeditorfr\" \/>\n\t<meta name=\"twitter:label2\" content=\"Dur\u00e9e de lecture estim\u00e9e\" \/>\n\t<meta name=\"twitter:data2\" content=\"3 minutes\" \/>\n<script type=\"application\/ld+json\" class=\"yoast-schema-graph\">{\"@context\":\"https:\/\/schema.org\",\"@graph\":[{\"@type\":\"Article\",\"@id\":\"https:\/\/www.africa-press.net\/tchad\/politique\/mali-hommage-a-deux-casques-bleus-tchadiens-tombes-au-service-de-la-paix#article\",\"isPartOf\":{\"@id\":\"https:\/\/www.africa-press.net\/tchad\/politique\/mali-hommage-a-deux-casques-bleus-tchadiens-tombes-au-service-de-la-paix\"},\"author\":{\"name\":\"cfeditorfr\",\"@id\":\"https:\/\/www.africa-press.net\/tchad\/#\/schema\/person\/2b1cf3cd81a31e3cd26889ca66d677f1\"},\"headline\":\"Mali : hommage \u00e0 deux casques bleus tchadiens tomb\u00e9s au service de la paix\",\"datePublished\":\"2021-11-25T16:05:55+00:00\",\"dateModified\":\"2021-11-25T19:40:24+00:00\",\"mainEntityOfPage\":{\"@id\":\"https:\/\/www.africa-press.net\/tchad\/politique\/mali-hommage-a-deux-casques-bleus-tchadiens-tombes-au-service-de-la-paix\"},\"wordCount\":638,\"commentCount\":0,\"image\":{\"@id\":\"https:\/\/www.africa-press.net\/tchad\/politique\/mali-hommage-a-deux-casques-bleus-tchadiens-tombes-au-service-de-la-paix#primaryimage\"},\"thumbnailUrl\":\"https:\/\/static.africa-press.net\/tchad\/sites\/41\/2021\/11\/img-619fe68e33d3d.jpg\",\"keywords\":[\"Africa Press\",\"Africa Press-Tchad\",\"MALI\",\"Tchad\"],\"articleSection\":[\"homepage-french\",\"Politique\",\"Toutes les actualit\u00e9s\"],\"inLanguage\":\"fr-FR\",\"potentialAction\":[{\"@type\":\"CommentAction\",\"name\":\"Comment\",\"target\":[\"https:\/\/www.africa-press.net\/tchad\/politique\/mali-hommage-a-deux-casques-bleus-tchadiens-tombes-au-service-de-la-paix#respond\"]}]},{\"@type\":\"WebPage\",\"@id\":\"https:\/\/www.africa-press.net\/tchad\/politique\/mali-hommage-a-deux-casques-bleus-tchadiens-tombes-au-service-de-la-paix\",\"url\":\"https:\/\/www.africa-press.net\/tchad\/politique\/mali-hommage-a-deux-casques-bleus-tchadiens-tombes-au-service-de-la-paix\",\"name\":\"Mali : hommage \u00e0 deux casques bleus tchadiens tomb\u00e9s au service de la paix - tchad\",\"isPartOf\":{\"@id\":\"https:\/\/www.africa-press.net\/tchad\/#website\"},\"primaryImageOfPage\":{\"@id\":\"https:\/\/www.africa-press.net\/tchad\/politique\/mali-hommage-a-deux-casques-bleus-tchadiens-tombes-au-service-de-la-paix#primaryimage\"},\"image\":{\"@id\":\"https:\/\/www.africa-press.net\/tchad\/politique\/mali-hommage-a-deux-casques-bleus-tchadiens-tombes-au-service-de-la-paix#primaryimage\"},\"thumbnailUrl\":\"https:\/\/static.africa-press.net\/tchad\/sites\/41\/2021\/11\/img-619fe68e33d3d.jpg\",\"datePublished\":\"2021-11-25T16:05:55+00:00\",\"dateModified\":\"2021-11-25T19:40:24+00:00\",\"author\":{\"@id\":\"https:\/\/www.africa-press.net\/tchad\/#\/schema\/person\/2b1cf3cd81a31e3cd26889ca66d677f1\"},\"description\":\"Il s\u2019agit du soldat de 2\u00e8me classe Mahamat Goudra HAROUN, d\u00e9c\u00e9d\u00e9 le 06 novembre 2021, \u00e0 la suite d\u2019un accident de la cir ...\",\"breadcrumb\":{\"@id\":\"https:\/\/www.africa-press.net\/tchad\/politique\/mali-hommage-a-deux-casques-bleus-tchadiens-tombes-au-service-de-la-paix#breadcrumb\"},\"inLanguage\":\"fr-FR\",\"potentialAction\":[{\"@type\":\"ReadAction\",\"target\":[\"https:\/\/www.africa-press.net\/tchad\/politique\/mali-hommage-a-deux-casques-bleus-tchadiens-tombes-au-service-de-la-paix\"]}]},{\"@type\":\"ImageObject\",\"inLanguage\":\"fr-FR\",\"@id\":\"https:\/\/www.africa-press.net\/tchad\/politique\/mali-hommage-a-deux-casques-bleus-tchadiens-tombes-au-service-de-la-paix#primaryimage\",\"url\":\"https:\/\/static.africa-press.net\/tchad\/sites\/41\/2021\/11\/img-619fe68e33d3d.jpg\",\"contentUrl\":\"https:\/\/static.africa-press.net\/tchad\/sites\/41\/2021\/11\/img-619fe68e33d3d.jpg\",\"width\":819,\"height\":536,\"caption\":\"Mali : hommage \u00e0 deux casques bleus tchadiens tomb\u00e9s au service de la paix\"},{\"@type\":\"BreadcrumbList\",\"@id\":\"https:\/\/www.africa-press.net\/tchad\/politique\/mali-hommage-a-deux-casques-bleus-tchadiens-tombes-au-service-de-la-paix#breadcrumb\",\"itemListElement\":[{\"@type\":\"ListItem\",\"position\":1,\"name\":\"Accueil\",\"item\":\"https:\/\/www.africa-press.net\/tchad\/\"},{\"@type\":\"ListItem\",\"position\":2,\"name\":\"Mali : hommage \u00e0 deux casques bleus tchadiens tomb\u00e9s au service de la paix\"}]},{\"@type\":\"WebSite\",\"@id\":\"https:\/\/www.africa-press.net\/tchad\/#website\",\"url\":\"https:\/\/www.africa-press.net\/tchad\/\",\"name\":\"tchad\",\"description\":\"Just another Africa News Agency Sites site\",\"potentialAction\":[{\"@type\":\"SearchAction\",\"target\":{\"@type\":\"EntryPoint\",\"urlTemplate\":\"https:\/\/www.africa-press.net\/tchad\/?s={search_term_string}\"},\"query-input\":{\"@type\":\"PropertyValueSpecification\",\"valueRequired\":true,\"valueName\":\"search_term_string\"}}],\"inLanguage\":\"fr-FR\"},{\"@type\":\"Person\",\"@id\":\"https:\/\/www.africa-press.net\/tchad\/#\/schema\/person\/2b1cf3cd81a31e3cd26889ca66d677f1\",\"name\":\"cfeditorfr\"}]}<\/script>\n<!-- \/ Yoast SEO Premium plugin. -->","yoast_head_json":{"title":"Mali : hommage \u00e0 deux casques bleus tchadiens tomb\u00e9s au service de la paix - tchad","description":"Il s\u2019agit du soldat de 2\u00e8me classe Mahamat Goudra HAROUN, d\u00e9c\u00e9d\u00e9 le 06 novembre 2021, \u00e0 la suite d\u2019un accident de la cir ...","robots":{"index":"index","follow":"follow","max-snippet":"max-snippet:-1","max-image-preview":"max-image-preview:large","max-video-preview":"max-video-preview:-1"},"canonical":"https:\/\/www.africa-press.net\/tchad\/politique\/mali-hommage-a-deux-casques-bleus-tchadiens-tombes-au-service-de-la-paix","og_locale":"fr_FR","og_type":"article","og_title":"Mali : hommage \u00e0 deux casques bleus tchadiens tomb\u00e9s au service de la paix","og_description":"Il s\u2019agit du soldat de 2\u00e8me classe Mahamat Goudra HAROUN, d\u00e9c\u00e9d\u00e9 le 06 novembre 2021, \u00e0 la suite d\u2019un accident de la cir ...","og_url":"https:\/\/www.africa-press.net\/tchad\/politique\/mali-hommage-a-deux-casques-bleus-tchadiens-tombes-au-service-de-la-paix","og_site_name":"tchad","article_published_time":"2021-11-25T16:05:55+00:00","article_modified_time":"2021-11-25T19:40:24+00:00","og_image":[{"width":819,"height":536,"url":"https:\/\/static.africa-press.net\/tchad\/sites\/41\/2021\/11\/img-619fe68e33d3d.jpg","type":"image\/jpeg"}],"author":"cfeditorfr","twitter_card":"summary_large_image","twitter_misc":{"\u00c9crit par":"cfeditorfr","Dur\u00e9e de lecture estim\u00e9e":"3 minutes"},"schema":{"@context":"https:\/\/schema.org","@graph":[{"@type":"Article","@id":"https:\/\/www.africa-press.net\/tchad\/politique\/mali-hommage-a-deux-casques-bleus-tchadiens-tombes-au-service-de-la-paix#article","isPartOf":{"@id":"https:\/\/www.africa-press.net\/tchad\/politique\/mali-hommage-a-deux-casques-bleus-tchadiens-tombes-au-service-de-la-paix"},"author":{"name":"cfeditorfr","@id":"https:\/\/www.africa-press.net\/tchad\/#\/schema\/person\/2b1cf3cd81a31e3cd26889ca66d677f1"},"headline":"Mali : hommage \u00e0 deux casques bleus tchadiens tomb\u00e9s au service de la paix","datePublished":"2021-11-25T16:05:55+00:00","dateModified":"2021-11-25T19:40:24+00:00","mainEntityOfPage":{"@id":"https:\/\/www.africa-press.net\/tchad\/politique\/mali-hommage-a-deux-casques-bleus-tchadiens-tombes-au-service-de-la-paix"},"wordCount":638,"commentCount":0,"image":{"@id":"https:\/\/www.africa-press.net\/tchad\/politique\/mali-hommage-a-deux-casques-bleus-tchadiens-tombes-au-service-de-la-paix#primaryimage"},"thumbnailUrl":"https:\/\/static.africa-press.net\/tchad\/sites\/41\/2021\/11\/img-619fe68e33d3d.jpg","keywords":["Africa Press","Africa Press-Tchad","MALI","Tchad"],"articleSection":["homepage-french","Politique","Toutes les actualit\u00e9s"],"inLanguage":"fr-FR","potentialAction":[{"@type":"CommentAction","name":"Comment","target":["https:\/\/www.africa-press.net\/tchad\/politique\/mali-hommage-a-deux-casques-bleus-tchadiens-tombes-au-service-de-la-paix#respond"]}]},{"@type":"WebPage","@id":"https:\/\/www.africa-press.net\/tchad\/politique\/mali-hommage-a-deux-casques-bleus-tchadiens-tombes-au-service-de-la-paix","url":"https:\/\/www.africa-press.net\/tchad\/politique\/mali-hommage-a-deux-casques-bleus-tchadiens-tombes-au-service-de-la-paix","name":"Mali : hommage \u00e0 deux casques bleus tchadiens tomb\u00e9s au service de la paix - tchad","isPartOf":{"@id":"https:\/\/www.africa-press.net\/tchad\/#website"},"primaryImageOfPage":{"@id":"https:\/\/www.africa-press.net\/tchad\/politique\/mali-hommage-a-deux-casques-bleus-tchadiens-tombes-au-service-de-la-paix#primaryimage"},"image":{"@id":"https:\/\/www.africa-press.net\/tchad\/politique\/mali-hommage-a-deux-casques-bleus-tchadiens-tombes-au-service-de-la-paix#primaryimage"},"thumbnailUrl":"https:\/\/static.africa-press.net\/tchad\/sites\/41\/2021\/11\/img-619fe68e33d3d.jpg","datePublished":"2021-11-25T16:05:55+00:00","dateModified":"2021-11-25T19:40:24+00:00","author":{"@id":"https:\/\/www.africa-press.net\/tchad\/#\/schema\/person\/2b1cf3cd81a31e3cd26889ca66d677f1"},"description":"Il s\u2019agit du soldat de 2\u00e8me classe Mahamat Goudra HAROUN, d\u00e9c\u00e9d\u00e9 le 06 novembre 2021, \u00e0 la suite d\u2019un accident de la cir ...","breadcrumb":{"@id":"https:\/\/www.africa-press.net\/tchad\/politique\/mali-hommage-a-deux-casques-bleus-tchadiens-tombes-au-service-de-la-paix#breadcrumb"},"inLanguage":"fr-FR","potentialAction":[{"@type":"ReadAction","target":["https:\/\/www.africa-press.net\/tchad\/politique\/mali-hommage-a-deux-casques-bleus-tchadiens-tombes-au-service-de-la-paix"]}]},{"@type":"ImageObject","inLanguage":"fr-FR","@id":"https:\/\/www.africa-press.net\/tchad\/politique\/mali-hommage-a-deux-casques-bleus-tchadiens-tombes-au-service-de-la-paix#primaryimage","url":"https:\/\/static.africa-press.net\/tchad\/sites\/41\/2021\/11\/img-619fe68e33d3d.jpg","contentUrl":"https:\/\/static.africa-press.net\/tchad\/sites\/41\/2021\/11\/img-619fe68e33d3d.jpg","width":819,"height":536,"caption":"Mali : hommage \u00e0 deux casques bleus tchadiens tomb\u00e9s au service de la paix"},{"@type":"BreadcrumbList","@id":"https:\/\/www.africa-press.net\/tchad\/politique\/mali-hommage-a-deux-casques-bleus-tchadiens-tombes-au-service-de-la-paix#breadcrumb","itemListElement":[{"@type":"ListItem","position":1,"name":"Accueil","item":"https:\/\/www.africa-press.net\/tchad\/"},{"@type":"ListItem","position":2,"name":"Mali : hommage \u00e0 deux casques bleus tchadiens tomb\u00e9s au service de la paix"}]},{"@type":"WebSite","@id":"https:\/\/www.africa-press.net\/tchad\/#website","url":"https:\/\/www.africa-press.net\/tchad\/","name":"tchad","description":"Just another Africa News Agency Sites site","potentialAction":[{"@type":"SearchAction","target":{"@type":"EntryPoint","urlTemplate":"https:\/\/www.africa-press.net\/tchad\/?s={search_term_string}"},"query-input":{"@type":"PropertyValueSpecification","valueRequired":true,"valueName":"search_term_string"}}],"inLanguage":"fr-FR"},{"@type":"Person","@id":"https:\/\/www.africa-press.net\/tchad\/#\/schema\/person\/2b1cf3cd81a31e3cd26889ca66d677f1","name":"cfeditorfr"}]}},"_links":{"self":[{"href":"https:\/\/www.africa-press.net\/tchad\/wp-json\/wp\/v2\/posts\/14439","targetHints":{"allow":["GET"]}}],"collection":[{"href":"https:\/\/www.africa-press.net\/tchad\/wp-json\/wp\/v2\/posts"}],"about":[{"href":"https:\/\/www.africa-press.net\/tchad\/wp-json\/wp\/v2\/types\/post"}],"author":[{"embeddable":true,"href":"https:\/\/www.africa-press.net\/tchad\/wp-json\/wp\/v2\/users\/82"}],"replies":[{"embeddable":true,"href":"https:\/\/www.africa-press.net\/tchad\/wp-json\/wp\/v2\/comments?post=14439"}],"version-history":[{"count":0,"href":"https:\/\/www.africa-press.net\/tchad\/wp-json\/wp\/v2\/posts\/14439\/revisions"}],"wp:featuredmedia":[{"embeddable":true,"href":"https:\/\/www.africa-press.net\/tchad\/wp-json\/wp\/v2\/media\/14438"}],"wp:attachment":[{"href":"https:\/\/www.africa-press.net\/tchad\/wp-json\/wp\/v2\/media?parent=14439"}],"wp:term":[{"taxonomy":"category","embeddable":true,"href":"https:\/\/www.africa-press.net\/tchad\/wp-json\/wp\/v2\/categories?post=14439"},{"taxonomy":"post_tag","embeddable":true,"href":"https:\/\/www.africa-press.net\/tchad\/wp-json\/wp\/v2\/tags?post=14439"}],"curies":[{"name":"wp","href":"https:\/\/api.w.org\/{rel}","templated":true}]}}