{"id":14517,"date":"2021-11-26T17:29:28","date_gmt":"2021-11-26T17:29:28","guid":{"rendered":"https:\/\/www.africa-press.net\/tchad\/politique\/le-president-de-bdeac-eleve-au-rang-de-commandeur-de-lordre-national-du-tchad"},"modified":"2021-11-26T17:54:06","modified_gmt":"2021-11-26T17:54:06","slug":"le-president-de-bdeac-eleve-au-rang-de-commandeur-de-lordre-national-du-tchad","status":"publish","type":"post","link":"https:\/\/www.africa-press.net\/tchad\/politique\/le-president-de-bdeac-eleve-au-rang-de-commandeur-de-lordre-national-du-tchad","title":{"rendered":"Le pr\u00e9sident de BDEAC \u00e9lev\u00e9 au rang de Commandeur de l\u2019Ordre national du Tchad"},"content":{"rendered":"<p><span style=\"color: #ff6600\"><strong>Africa-Press &#8211; Tchad. <\/strong><\/span><b>Apr\u00e8s quatre ann\u00e9es de services au Tchad, le pr\u00e9sident de la BDEAC a \u00e9t\u00e9 d\u00e9cor\u00e9 au. Il est fait Commandeur de l\u2019Ordre national du Tchad, par le pr\u00e9sident du Conseil militaire de transition.<\/b><\/p>\n<p>Le Pr\u00e9sident du Conseil Militaire de Transition, le G\u00e9n\u00e9ral de Corps d\u2019Arm\u00e9e Mahamat Idriss Deby a d\u00e9cor\u00e9 ce matin le pr\u00e9sident de la Banque de D\u00e9veloppement des \u00c9tats de l\u2019Afrique Centrale Fortunato-Ofa Mbo Nchama en l\u2019\u00e9levant au rang de Commandeur de l\u2019Ordre National du Tchad pour services rendus.<\/p>\n<p><b>Commandeur de l\u2019Ordre National du Tchad<\/b><\/p>\n<p>Nomm\u00e9 \u00e0 ce poste en f\u00e9vrier 2017, le patron de la BDEAC dont le mandat tire \u00e0 sa fin est venu informer le Pr\u00e9sident de la R\u00e9publique des avanc\u00e9es r\u00e9alis\u00e9es dans l\u2019ex\u00e9cution des programmes et projets en cours. La BDEAC, il faut le noter, est l\u2019un des acteurs majeurs dans le financement des projets de d\u00e9veloppement au Tchad dans le cadre d\u2019un partenariat qui date de 1975.<\/p>\n<p><b>omm\u00e9 \u00e0 ce poste en f\u00e9vrier 2017, le patron de la BDEAC dont le mandat tire \u00e0 sa fin<\/b><\/p>\n<p>Le Pr\u00e9sident de l\u2019institution bancaire r\u00e9gionale dont la derni\u00e8re entrevue avec le Chef de l\u2019Etat, le G\u00e9n\u00e9ral de Corps d\u2019Arm\u00e9e Mahamat Idriss Deby remonte au 15 septembre dernier, indique que ce partenariat est appel\u00e9 \u00e0 se raffermir davantage pour offrir de meilleures conditions de vie \u00e0 la population \u00e0 travers le financement des infrastructures socio\u00e9conomiques.<\/p>\n<p><strong>Pour plus d&rsquo;informations et d&rsquo;analyses sur la <a href=\"https:\/\/www.africa-press.net\/tchad\">Tchad<\/a>, suivez <a href=\"https:\/\/www.africa-press.net\/\">Africa-Press<\/a><\/strong><\/p>\n","protected":false},"excerpt":{"rendered":"<p>Africa-Press &#8211; Tchad. Apr\u00e8s quatre ann\u00e9es de services au Tchad, le pr\u00e9sident de la BDEAC a \u00e9t\u00e9 d\u00e9cor\u00e9 au. Il est fait Commandeur de l\u2019Ordre national du Tchad, par le pr\u00e9sident du Conseil militaire de transition. Le Pr\u00e9sident du Conseil Militaire de Transition, le G\u00e9n\u00e9ral de Corps d\u2019Arm\u00e9e Mahamat Idriss Deby a d\u00e9cor\u00e9 ce matin [&hellip;]<\/p>\n","protected":false},"author":82,"featured_media":14516,"comment_status":"open","ping_status":"closed","sticky":false,"template":"","format":"standard","meta":{"footnotes":""},"categories":[11,2,20,10],"tags":[37,292,2743,2744,29],"class_list":["post-14517","post","type-post","status-publish","format-standard","has-post-thumbnail","hentry","category-homepage-french","category-politique","category-top-nouvelles","category-toutes-les-actualites","tag-africa-press","tag-africa-press-tchad","tag-commandeur-de-lordre-national-du-tchad","tag-president-de-bdeac","tag-tchad"],"yoast_head":"<!-- This site is optimized with the Yoast SEO Premium plugin v26.1 (Yoast SEO v27.0) - https:\/\/yoast.com\/product\/yoast-seo-premium-wordpress\/ -->\n<title>Le pr\u00e9sident de BDEAC \u00e9lev\u00e9 au rang de Commandeur de l\u2019Ordre national du Tchad - tchad<\/title>\n<meta name=\"description\" content=\"Apr\u00e8s quatre ann\u00e9es de services au Tchad, le pr\u00e9sident de la BDEAC a \u00e9t\u00e9 d\u00e9cor\u00e9 au. Il est fait Commandeur de l\u2019Ordre ...\" \/>\n<meta name=\"robots\" content=\"index, follow, max-snippet:-1, max-image-preview:large, max-video-preview:-1\" \/>\n<link rel=\"canonical\" href=\"https:\/\/www.africa-press.net\/tchad\/politique\/le-president-de-bdeac-eleve-au-rang-de-commandeur-de-lordre-national-du-tchad\" \/>\n<meta property=\"og:locale\" content=\"fr_FR\" \/>\n<meta property=\"og:type\" content=\"article\" \/>\n<meta property=\"og:title\" content=\"Le pr\u00e9sident de BDEAC \u00e9lev\u00e9 au rang de Commandeur de l\u2019Ordre national du Tchad\" \/>\n<meta property=\"og:description\" content=\"Apr\u00e8s quatre ann\u00e9es de services au Tchad, le pr\u00e9sident de la BDEAC a \u00e9t\u00e9 d\u00e9cor\u00e9 au. Il est fait Commandeur de l\u2019Ordre ...\" \/>\n<meta property=\"og:url\" content=\"https:\/\/www.africa-press.net\/tchad\/politique\/le-president-de-bdeac-eleve-au-rang-de-commandeur-de-lordre-national-du-tchad\" \/>\n<meta property=\"og:site_name\" content=\"tchad\" \/>\n<meta property=\"article:published_time\" content=\"2021-11-26T17:29:28+00:00\" \/>\n<meta property=\"article:modified_time\" content=\"2021-11-26T17:54:06+00:00\" \/>\n<meta property=\"og:image\" content=\"https:\/\/static.africa-press.net\/tchad\/sites\/41\/2021\/11\/img-61a11f1a7d4d2.jpg\" \/>\n\t<meta property=\"og:image:width\" content=\"780\" \/>\n\t<meta property=\"og:image:height\" content=\"440\" \/>\n\t<meta property=\"og:image:type\" content=\"image\/jpeg\" \/>\n<meta name=\"author\" content=\"cfeditorfr\" \/>\n<meta name=\"twitter:card\" content=\"summary_large_image\" \/>\n<meta name=\"twitter:label1\" content=\"\u00c9crit par\" \/>\n\t<meta name=\"twitter:data1\" content=\"cfeditorfr\" \/>\n\t<meta name=\"twitter:label2\" content=\"Dur\u00e9e de lecture estim\u00e9e\" \/>\n\t<meta name=\"twitter:data2\" content=\"1 minute\" \/>\n<script type=\"application\/ld+json\" class=\"yoast-schema-graph\">{\"@context\":\"https:\/\/schema.org\",\"@graph\":[{\"@type\":\"Article\",\"@id\":\"https:\/\/www.africa-press.net\/tchad\/politique\/le-president-de-bdeac-eleve-au-rang-de-commandeur-de-lordre-national-du-tchad#article\",\"isPartOf\":{\"@id\":\"https:\/\/www.africa-press.net\/tchad\/politique\/le-president-de-bdeac-eleve-au-rang-de-commandeur-de-lordre-national-du-tchad\"},\"author\":{\"name\":\"cfeditorfr\",\"@id\":\"https:\/\/www.africa-press.net\/tchad\/#\/schema\/person\/2b1cf3cd81a31e3cd26889ca66d677f1\"},\"headline\":\"Le pr\u00e9sident de BDEAC \u00e9lev\u00e9 au rang de Commandeur de l\u2019Ordre national du Tchad\",\"datePublished\":\"2021-11-26T17:29:28+00:00\",\"dateModified\":\"2021-11-26T17:54:06+00:00\",\"mainEntityOfPage\":{\"@id\":\"https:\/\/www.africa-press.net\/tchad\/politique\/le-president-de-bdeac-eleve-au-rang-de-commandeur-de-lordre-national-du-tchad\"},\"wordCount\":288,\"commentCount\":0,\"image\":{\"@id\":\"https:\/\/www.africa-press.net\/tchad\/politique\/le-president-de-bdeac-eleve-au-rang-de-commandeur-de-lordre-national-du-tchad#primaryimage\"},\"thumbnailUrl\":\"https:\/\/static.africa-press.net\/tchad\/sites\/41\/2021\/11\/img-61a11f1a7d4d2.jpg\",\"keywords\":[\"Africa Press\",\"Africa Press-Tchad\",\"Commandeur de l\u2019Ordre national du Tchad\",\"pr\u00e9sident de BDEAC\",\"Tchad\"],\"articleSection\":[\"homepage-french\",\"Politique\",\"Top Nouvelles\",\"Toutes les actualit\u00e9s\"],\"inLanguage\":\"fr-FR\",\"potentialAction\":[{\"@type\":\"CommentAction\",\"name\":\"Comment\",\"target\":[\"https:\/\/www.africa-press.net\/tchad\/politique\/le-president-de-bdeac-eleve-au-rang-de-commandeur-de-lordre-national-du-tchad#respond\"]}]},{\"@type\":\"WebPage\",\"@id\":\"https:\/\/www.africa-press.net\/tchad\/politique\/le-president-de-bdeac-eleve-au-rang-de-commandeur-de-lordre-national-du-tchad\",\"url\":\"https:\/\/www.africa-press.net\/tchad\/politique\/le-president-de-bdeac-eleve-au-rang-de-commandeur-de-lordre-national-du-tchad\",\"name\":\"Le pr\u00e9sident de BDEAC \u00e9lev\u00e9 au rang de Commandeur de l\u2019Ordre national du Tchad - tchad\",\"isPartOf\":{\"@id\":\"https:\/\/www.africa-press.net\/tchad\/#website\"},\"primaryImageOfPage\":{\"@id\":\"https:\/\/www.africa-press.net\/tchad\/politique\/le-president-de-bdeac-eleve-au-rang-de-commandeur-de-lordre-national-du-tchad#primaryimage\"},\"image\":{\"@id\":\"https:\/\/www.africa-press.net\/tchad\/politique\/le-president-de-bdeac-eleve-au-rang-de-commandeur-de-lordre-national-du-tchad#primaryimage\"},\"thumbnailUrl\":\"https:\/\/static.africa-press.net\/tchad\/sites\/41\/2021\/11\/img-61a11f1a7d4d2.jpg\",\"datePublished\":\"2021-11-26T17:29:28+00:00\",\"dateModified\":\"2021-11-26T17:54:06+00:00\",\"author\":{\"@id\":\"https:\/\/www.africa-press.net\/tchad\/#\/schema\/person\/2b1cf3cd81a31e3cd26889ca66d677f1\"},\"description\":\"Apr\u00e8s quatre ann\u00e9es de services au Tchad, le pr\u00e9sident de la BDEAC a \u00e9t\u00e9 d\u00e9cor\u00e9 au. Il est fait Commandeur de l\u2019Ordre ...\",\"breadcrumb\":{\"@id\":\"https:\/\/www.africa-press.net\/tchad\/politique\/le-president-de-bdeac-eleve-au-rang-de-commandeur-de-lordre-national-du-tchad#breadcrumb\"},\"inLanguage\":\"fr-FR\",\"potentialAction\":[{\"@type\":\"ReadAction\",\"target\":[\"https:\/\/www.africa-press.net\/tchad\/politique\/le-president-de-bdeac-eleve-au-rang-de-commandeur-de-lordre-national-du-tchad\"]}]},{\"@type\":\"ImageObject\",\"inLanguage\":\"fr-FR\",\"@id\":\"https:\/\/www.africa-press.net\/tchad\/politique\/le-president-de-bdeac-eleve-au-rang-de-commandeur-de-lordre-national-du-tchad#primaryimage\",\"url\":\"https:\/\/static.africa-press.net\/tchad\/sites\/41\/2021\/11\/img-61a11f1a7d4d2.jpg\",\"contentUrl\":\"https:\/\/static.africa-press.net\/tchad\/sites\/41\/2021\/11\/img-61a11f1a7d4d2.jpg\",\"width\":780,\"height\":440,\"caption\":\"Le pr\u00e9sident de BDEAC \u00e9lev\u00e9 au rang de Commandeur de l\u2019Ordre national du Tchad\"},{\"@type\":\"BreadcrumbList\",\"@id\":\"https:\/\/www.africa-press.net\/tchad\/politique\/le-president-de-bdeac-eleve-au-rang-de-commandeur-de-lordre-national-du-tchad#breadcrumb\",\"itemListElement\":[{\"@type\":\"ListItem\",\"position\":1,\"name\":\"Accueil\",\"item\":\"https:\/\/www.africa-press.net\/tchad\/\"},{\"@type\":\"ListItem\",\"position\":2,\"name\":\"Le pr\u00e9sident de BDEAC \u00e9lev\u00e9 au rang de Commandeur de l\u2019Ordre national du Tchad\"}]},{\"@type\":\"WebSite\",\"@id\":\"https:\/\/www.africa-press.net\/tchad\/#website\",\"url\":\"https:\/\/www.africa-press.net\/tchad\/\",\"name\":\"tchad\",\"description\":\"Just another Africa News Agency Sites site\",\"potentialAction\":[{\"@type\":\"SearchAction\",\"target\":{\"@type\":\"EntryPoint\",\"urlTemplate\":\"https:\/\/www.africa-press.net\/tchad\/?s={search_term_string}\"},\"query-input\":{\"@type\":\"PropertyValueSpecification\",\"valueRequired\":true,\"valueName\":\"search_term_string\"}}],\"inLanguage\":\"fr-FR\"},{\"@type\":\"Person\",\"@id\":\"https:\/\/www.africa-press.net\/tchad\/#\/schema\/person\/2b1cf3cd81a31e3cd26889ca66d677f1\",\"name\":\"cfeditorfr\"}]}<\/script>\n<!-- \/ Yoast SEO Premium plugin. -->","yoast_head_json":{"title":"Le pr\u00e9sident de BDEAC \u00e9lev\u00e9 au rang de Commandeur de l\u2019Ordre national du Tchad - tchad","description":"Apr\u00e8s quatre ann\u00e9es de services au Tchad, le pr\u00e9sident de la BDEAC a \u00e9t\u00e9 d\u00e9cor\u00e9 au. Il est fait Commandeur de l\u2019Ordre ...","robots":{"index":"index","follow":"follow","max-snippet":"max-snippet:-1","max-image-preview":"max-image-preview:large","max-video-preview":"max-video-preview:-1"},"canonical":"https:\/\/www.africa-press.net\/tchad\/politique\/le-president-de-bdeac-eleve-au-rang-de-commandeur-de-lordre-national-du-tchad","og_locale":"fr_FR","og_type":"article","og_title":"Le pr\u00e9sident de BDEAC \u00e9lev\u00e9 au rang de Commandeur de l\u2019Ordre national du Tchad","og_description":"Apr\u00e8s quatre ann\u00e9es de services au Tchad, le pr\u00e9sident de la BDEAC a \u00e9t\u00e9 d\u00e9cor\u00e9 au. Il est fait Commandeur de l\u2019Ordre ...","og_url":"https:\/\/www.africa-press.net\/tchad\/politique\/le-president-de-bdeac-eleve-au-rang-de-commandeur-de-lordre-national-du-tchad","og_site_name":"tchad","article_published_time":"2021-11-26T17:29:28+00:00","article_modified_time":"2021-11-26T17:54:06+00:00","og_image":[{"width":780,"height":440,"url":"https:\/\/static.africa-press.net\/tchad\/sites\/41\/2021\/11\/img-61a11f1a7d4d2.jpg","type":"image\/jpeg"}],"author":"cfeditorfr","twitter_card":"summary_large_image","twitter_misc":{"\u00c9crit par":"cfeditorfr","Dur\u00e9e de lecture estim\u00e9e":"1 minute"},"schema":{"@context":"https:\/\/schema.org","@graph":[{"@type":"Article","@id":"https:\/\/www.africa-press.net\/tchad\/politique\/le-president-de-bdeac-eleve-au-rang-de-commandeur-de-lordre-national-du-tchad#article","isPartOf":{"@id":"https:\/\/www.africa-press.net\/tchad\/politique\/le-president-de-bdeac-eleve-au-rang-de-commandeur-de-lordre-national-du-tchad"},"author":{"name":"cfeditorfr","@id":"https:\/\/www.africa-press.net\/tchad\/#\/schema\/person\/2b1cf3cd81a31e3cd26889ca66d677f1"},"headline":"Le pr\u00e9sident de BDEAC \u00e9lev\u00e9 au rang de Commandeur de l\u2019Ordre national du Tchad","datePublished":"2021-11-26T17:29:28+00:00","dateModified":"2021-11-26T17:54:06+00:00","mainEntityOfPage":{"@id":"https:\/\/www.africa-press.net\/tchad\/politique\/le-president-de-bdeac-eleve-au-rang-de-commandeur-de-lordre-national-du-tchad"},"wordCount":288,"commentCount":0,"image":{"@id":"https:\/\/www.africa-press.net\/tchad\/politique\/le-president-de-bdeac-eleve-au-rang-de-commandeur-de-lordre-national-du-tchad#primaryimage"},"thumbnailUrl":"https:\/\/static.africa-press.net\/tchad\/sites\/41\/2021\/11\/img-61a11f1a7d4d2.jpg","keywords":["Africa Press","Africa Press-Tchad","Commandeur de l\u2019Ordre national du Tchad","pr\u00e9sident de BDEAC","Tchad"],"articleSection":["homepage-french","Politique","Top Nouvelles","Toutes les actualit\u00e9s"],"inLanguage":"fr-FR","potentialAction":[{"@type":"CommentAction","name":"Comment","target":["https:\/\/www.africa-press.net\/tchad\/politique\/le-president-de-bdeac-eleve-au-rang-de-commandeur-de-lordre-national-du-tchad#respond"]}]},{"@type":"WebPage","@id":"https:\/\/www.africa-press.net\/tchad\/politique\/le-president-de-bdeac-eleve-au-rang-de-commandeur-de-lordre-national-du-tchad","url":"https:\/\/www.africa-press.net\/tchad\/politique\/le-president-de-bdeac-eleve-au-rang-de-commandeur-de-lordre-national-du-tchad","name":"Le pr\u00e9sident de BDEAC \u00e9lev\u00e9 au rang de Commandeur de l\u2019Ordre national du Tchad - tchad","isPartOf":{"@id":"https:\/\/www.africa-press.net\/tchad\/#website"},"primaryImageOfPage":{"@id":"https:\/\/www.africa-press.net\/tchad\/politique\/le-president-de-bdeac-eleve-au-rang-de-commandeur-de-lordre-national-du-tchad#primaryimage"},"image":{"@id":"https:\/\/www.africa-press.net\/tchad\/politique\/le-president-de-bdeac-eleve-au-rang-de-commandeur-de-lordre-national-du-tchad#primaryimage"},"thumbnailUrl":"https:\/\/static.africa-press.net\/tchad\/sites\/41\/2021\/11\/img-61a11f1a7d4d2.jpg","datePublished":"2021-11-26T17:29:28+00:00","dateModified":"2021-11-26T17:54:06+00:00","author":{"@id":"https:\/\/www.africa-press.net\/tchad\/#\/schema\/person\/2b1cf3cd81a31e3cd26889ca66d677f1"},"description":"Apr\u00e8s quatre ann\u00e9es de services au Tchad, le pr\u00e9sident de la BDEAC a \u00e9t\u00e9 d\u00e9cor\u00e9 au. Il est fait Commandeur de l\u2019Ordre ...","breadcrumb":{"@id":"https:\/\/www.africa-press.net\/tchad\/politique\/le-president-de-bdeac-eleve-au-rang-de-commandeur-de-lordre-national-du-tchad#breadcrumb"},"inLanguage":"fr-FR","potentialAction":[{"@type":"ReadAction","target":["https:\/\/www.africa-press.net\/tchad\/politique\/le-president-de-bdeac-eleve-au-rang-de-commandeur-de-lordre-national-du-tchad"]}]},{"@type":"ImageObject","inLanguage":"fr-FR","@id":"https:\/\/www.africa-press.net\/tchad\/politique\/le-president-de-bdeac-eleve-au-rang-de-commandeur-de-lordre-national-du-tchad#primaryimage","url":"https:\/\/static.africa-press.net\/tchad\/sites\/41\/2021\/11\/img-61a11f1a7d4d2.jpg","contentUrl":"https:\/\/static.africa-press.net\/tchad\/sites\/41\/2021\/11\/img-61a11f1a7d4d2.jpg","width":780,"height":440,"caption":"Le pr\u00e9sident de BDEAC \u00e9lev\u00e9 au rang de Commandeur de l\u2019Ordre national du Tchad"},{"@type":"BreadcrumbList","@id":"https:\/\/www.africa-press.net\/tchad\/politique\/le-president-de-bdeac-eleve-au-rang-de-commandeur-de-lordre-national-du-tchad#breadcrumb","itemListElement":[{"@type":"ListItem","position":1,"name":"Accueil","item":"https:\/\/www.africa-press.net\/tchad\/"},{"@type":"ListItem","position":2,"name":"Le pr\u00e9sident de BDEAC \u00e9lev\u00e9 au rang de Commandeur de l\u2019Ordre national du Tchad"}]},{"@type":"WebSite","@id":"https:\/\/www.africa-press.net\/tchad\/#website","url":"https:\/\/www.africa-press.net\/tchad\/","name":"tchad","description":"Just another Africa News Agency Sites site","potentialAction":[{"@type":"SearchAction","target":{"@type":"EntryPoint","urlTemplate":"https:\/\/www.africa-press.net\/tchad\/?s={search_term_string}"},"query-input":{"@type":"PropertyValueSpecification","valueRequired":true,"valueName":"search_term_string"}}],"inLanguage":"fr-FR"},{"@type":"Person","@id":"https:\/\/www.africa-press.net\/tchad\/#\/schema\/person\/2b1cf3cd81a31e3cd26889ca66d677f1","name":"cfeditorfr"}]}},"_links":{"self":[{"href":"https:\/\/www.africa-press.net\/tchad\/wp-json\/wp\/v2\/posts\/14517","targetHints":{"allow":["GET"]}}],"collection":[{"href":"https:\/\/www.africa-press.net\/tchad\/wp-json\/wp\/v2\/posts"}],"about":[{"href":"https:\/\/www.africa-press.net\/tchad\/wp-json\/wp\/v2\/types\/post"}],"author":[{"embeddable":true,"href":"https:\/\/www.africa-press.net\/tchad\/wp-json\/wp\/v2\/users\/82"}],"replies":[{"embeddable":true,"href":"https:\/\/www.africa-press.net\/tchad\/wp-json\/wp\/v2\/comments?post=14517"}],"version-history":[{"count":0,"href":"https:\/\/www.africa-press.net\/tchad\/wp-json\/wp\/v2\/posts\/14517\/revisions"}],"wp:featuredmedia":[{"embeddable":true,"href":"https:\/\/www.africa-press.net\/tchad\/wp-json\/wp\/v2\/media\/14516"}],"wp:attachment":[{"href":"https:\/\/www.africa-press.net\/tchad\/wp-json\/wp\/v2\/media?parent=14517"}],"wp:term":[{"taxonomy":"category","embeddable":true,"href":"https:\/\/www.africa-press.net\/tchad\/wp-json\/wp\/v2\/categories?post=14517"},{"taxonomy":"post_tag","embeddable":true,"href":"https:\/\/www.africa-press.net\/tchad\/wp-json\/wp\/v2\/tags?post=14517"}],"curies":[{"name":"wp","href":"https:\/\/api.w.org\/{rel}","templated":true}]}}