{"id":14547,"date":"2021-11-26T17:37:43","date_gmt":"2021-11-26T17:37:43","guid":{"rendered":"https:\/\/www.africa-press.net\/tchad\/politique\/la-journee-du-lundi-29-novembre-est-ouvrable"},"modified":"2021-11-26T18:04:18","modified_gmt":"2021-11-26T18:04:18","slug":"la-journee-du-lundi-29-novembre-est-ouvrable","status":"publish","type":"post","link":"https:\/\/www.africa-press.net\/tchad\/politique\/la-journee-du-lundi-29-novembre-est-ouvrable","title":{"rendered":"La journ\u00e9e du lundi 29 novembre est ouvrable"},"content":{"rendered":"<p><span style=\"color: #ff6600\"><strong>Africa-Press &#8211; Tchad. <\/strong><\/span>Le ministre de la Fonction publique a, par un communiqu\u00e9 officiel, d\u00e9clar\u00e9 la journ\u00e9e du lundi 29 est ouvrable.<\/p>\n<p>D\u2019abord le ministre de la Fonction publique, du Dialogue social et du Travail, Brah Mahamat a d\u00e9clar\u00e9 la journ\u00e9e du dimanche 28 novembre f\u00e9ri\u00e9e, ch\u00f4m\u00e9e et pay\u00e9e \u00e0 l\u2019occasion de l\u2019anniversaire de la proclamation de la R\u00e9publique.<\/p>\n<p>Contrairement \u00e0 la journ\u00e9e du 28 novembre, celle du lundi 29 est d\u00e9clar\u00e9e ouvrable.<\/p>\n<p><strong>Pour plus d&rsquo;informations et d&rsquo;analyses sur la <a href=\"https:\/\/www.africa-press.net\/tchad\">Tchad<\/a>, suivez <a href=\"https:\/\/www.africa-press.net\/\">Africa-Press<\/a><\/strong><\/p>\n","protected":false},"excerpt":{"rendered":"<p>Africa-Press &#8211; Tchad. Le ministre de la Fonction publique a, par un communiqu\u00e9 officiel, d\u00e9clar\u00e9 la journ\u00e9e du lundi 29 est ouvrable. D\u2019abord le ministre de la Fonction publique, du Dialogue social et du Travail, Brah Mahamat a d\u00e9clar\u00e9 la journ\u00e9e du dimanche 28 novembre f\u00e9ri\u00e9e, ch\u00f4m\u00e9e et pay\u00e9e \u00e0 l\u2019occasion de l\u2019anniversaire de la [&hellip;]<\/p>\n","protected":false},"author":82,"featured_media":14546,"comment_status":"open","ping_status":"closed","sticky":false,"template":"","format":"standard","meta":{"footnotes":""},"categories":[11,2,10],"tags":[37,292,2752,29],"class_list":["post-14547","post","type-post","status-publish","format-standard","has-post-thumbnail","hentry","category-homepage-french","category-politique","category-toutes-les-actualites","tag-africa-press","tag-africa-press-tchad","tag-ouvrable","tag-tchad"],"yoast_head":"<!-- This site is optimized with the Yoast SEO Premium plugin v26.1 (Yoast SEO v27.0) - https:\/\/yoast.com\/product\/yoast-seo-premium-wordpress\/ -->\n<title>La journ\u00e9e du lundi 29 novembre est ouvrable - tchad<\/title>\n<meta name=\"description\" content=\"Le ministre de la Fonction publique a, par un communiqu\u00e9 officiel, d\u00e9clar\u00e9 la journ\u00e9e du lundi 29 est ouvrable. D\u2019abord ...\" \/>\n<meta name=\"robots\" content=\"index, follow, max-snippet:-1, max-image-preview:large, max-video-preview:-1\" \/>\n<link rel=\"canonical\" href=\"https:\/\/www.africa-press.net\/tchad\/politique\/la-journee-du-lundi-29-novembre-est-ouvrable\" \/>\n<meta property=\"og:locale\" content=\"fr_FR\" \/>\n<meta property=\"og:type\" content=\"article\" \/>\n<meta property=\"og:title\" content=\"La journ\u00e9e du lundi 29 novembre est ouvrable\" \/>\n<meta property=\"og:description\" content=\"Le ministre de la Fonction publique a, par un communiqu\u00e9 officiel, d\u00e9clar\u00e9 la journ\u00e9e du lundi 29 est ouvrable. D\u2019abord ...\" \/>\n<meta property=\"og:url\" content=\"https:\/\/www.africa-press.net\/tchad\/politique\/la-journee-du-lundi-29-novembre-est-ouvrable\" \/>\n<meta property=\"og:site_name\" content=\"tchad\" \/>\n<meta property=\"article:published_time\" content=\"2021-11-26T17:37:43+00:00\" \/>\n<meta property=\"article:modified_time\" content=\"2021-11-26T18:04:18+00:00\" \/>\n<meta property=\"og:image\" content=\"https:\/\/static.africa-press.net\/tchad\/sites\/41\/2021\/11\/img-61a1216147706.jpg\" \/>\n\t<meta property=\"og:image:width\" content=\"696\" \/>\n\t<meta property=\"og:image:height\" content=\"423\" \/>\n\t<meta property=\"og:image:type\" content=\"image\/jpeg\" \/>\n<meta name=\"author\" content=\"cfeditorfr\" \/>\n<meta name=\"twitter:card\" content=\"summary_large_image\" \/>\n<meta name=\"twitter:label1\" content=\"\u00c9crit par\" \/>\n\t<meta name=\"twitter:data1\" content=\"cfeditorfr\" \/>\n<script type=\"application\/ld+json\" class=\"yoast-schema-graph\">{\"@context\":\"https:\/\/schema.org\",\"@graph\":[{\"@type\":\"Article\",\"@id\":\"https:\/\/www.africa-press.net\/tchad\/politique\/la-journee-du-lundi-29-novembre-est-ouvrable#article\",\"isPartOf\":{\"@id\":\"https:\/\/www.africa-press.net\/tchad\/politique\/la-journee-du-lundi-29-novembre-est-ouvrable\"},\"author\":{\"name\":\"cfeditorfr\",\"@id\":\"https:\/\/www.africa-press.net\/tchad\/#\/schema\/person\/2b1cf3cd81a31e3cd26889ca66d677f1\"},\"headline\":\"La journ\u00e9e du lundi 29 novembre est ouvrable\",\"datePublished\":\"2021-11-26T17:37:43+00:00\",\"dateModified\":\"2021-11-26T18:04:18+00:00\",\"mainEntityOfPage\":{\"@id\":\"https:\/\/www.africa-press.net\/tchad\/politique\/la-journee-du-lundi-29-novembre-est-ouvrable\"},\"wordCount\":103,\"commentCount\":0,\"image\":{\"@id\":\"https:\/\/www.africa-press.net\/tchad\/politique\/la-journee-du-lundi-29-novembre-est-ouvrable#primaryimage\"},\"thumbnailUrl\":\"https:\/\/static.africa-press.net\/tchad\/sites\/41\/2021\/11\/img-61a1216147706.jpg\",\"keywords\":[\"Africa Press\",\"Africa Press-Tchad\",\"ouvrable\",\"Tchad\"],\"articleSection\":[\"homepage-french\",\"Politique\",\"Toutes les actualit\u00e9s\"],\"inLanguage\":\"fr-FR\",\"potentialAction\":[{\"@type\":\"CommentAction\",\"name\":\"Comment\",\"target\":[\"https:\/\/www.africa-press.net\/tchad\/politique\/la-journee-du-lundi-29-novembre-est-ouvrable#respond\"]}]},{\"@type\":\"WebPage\",\"@id\":\"https:\/\/www.africa-press.net\/tchad\/politique\/la-journee-du-lundi-29-novembre-est-ouvrable\",\"url\":\"https:\/\/www.africa-press.net\/tchad\/politique\/la-journee-du-lundi-29-novembre-est-ouvrable\",\"name\":\"La journ\u00e9e du lundi 29 novembre est ouvrable - tchad\",\"isPartOf\":{\"@id\":\"https:\/\/www.africa-press.net\/tchad\/#website\"},\"primaryImageOfPage\":{\"@id\":\"https:\/\/www.africa-press.net\/tchad\/politique\/la-journee-du-lundi-29-novembre-est-ouvrable#primaryimage\"},\"image\":{\"@id\":\"https:\/\/www.africa-press.net\/tchad\/politique\/la-journee-du-lundi-29-novembre-est-ouvrable#primaryimage\"},\"thumbnailUrl\":\"https:\/\/static.africa-press.net\/tchad\/sites\/41\/2021\/11\/img-61a1216147706.jpg\",\"datePublished\":\"2021-11-26T17:37:43+00:00\",\"dateModified\":\"2021-11-26T18:04:18+00:00\",\"author\":{\"@id\":\"https:\/\/www.africa-press.net\/tchad\/#\/schema\/person\/2b1cf3cd81a31e3cd26889ca66d677f1\"},\"description\":\"Le ministre de la Fonction publique a, par un communiqu\u00e9 officiel, d\u00e9clar\u00e9 la journ\u00e9e du lundi 29 est ouvrable. D\u2019abord ...\",\"breadcrumb\":{\"@id\":\"https:\/\/www.africa-press.net\/tchad\/politique\/la-journee-du-lundi-29-novembre-est-ouvrable#breadcrumb\"},\"inLanguage\":\"fr-FR\",\"potentialAction\":[{\"@type\":\"ReadAction\",\"target\":[\"https:\/\/www.africa-press.net\/tchad\/politique\/la-journee-du-lundi-29-novembre-est-ouvrable\"]}]},{\"@type\":\"ImageObject\",\"inLanguage\":\"fr-FR\",\"@id\":\"https:\/\/www.africa-press.net\/tchad\/politique\/la-journee-du-lundi-29-novembre-est-ouvrable#primaryimage\",\"url\":\"https:\/\/static.africa-press.net\/tchad\/sites\/41\/2021\/11\/img-61a1216147706.jpg\",\"contentUrl\":\"https:\/\/static.africa-press.net\/tchad\/sites\/41\/2021\/11\/img-61a1216147706.jpg\",\"width\":696,\"height\":423,\"caption\":\"La journ\u00e9e du lundi 29 novembre est ouvrable\"},{\"@type\":\"BreadcrumbList\",\"@id\":\"https:\/\/www.africa-press.net\/tchad\/politique\/la-journee-du-lundi-29-novembre-est-ouvrable#breadcrumb\",\"itemListElement\":[{\"@type\":\"ListItem\",\"position\":1,\"name\":\"Accueil\",\"item\":\"https:\/\/www.africa-press.net\/tchad\/\"},{\"@type\":\"ListItem\",\"position\":2,\"name\":\"La journ\u00e9e du lundi 29 novembre est ouvrable\"}]},{\"@type\":\"WebSite\",\"@id\":\"https:\/\/www.africa-press.net\/tchad\/#website\",\"url\":\"https:\/\/www.africa-press.net\/tchad\/\",\"name\":\"tchad\",\"description\":\"Just another Africa News Agency Sites site\",\"potentialAction\":[{\"@type\":\"SearchAction\",\"target\":{\"@type\":\"EntryPoint\",\"urlTemplate\":\"https:\/\/www.africa-press.net\/tchad\/?s={search_term_string}\"},\"query-input\":{\"@type\":\"PropertyValueSpecification\",\"valueRequired\":true,\"valueName\":\"search_term_string\"}}],\"inLanguage\":\"fr-FR\"},{\"@type\":\"Person\",\"@id\":\"https:\/\/www.africa-press.net\/tchad\/#\/schema\/person\/2b1cf3cd81a31e3cd26889ca66d677f1\",\"name\":\"cfeditorfr\"}]}<\/script>\n<!-- \/ Yoast SEO Premium plugin. -->","yoast_head_json":{"title":"La journ\u00e9e du lundi 29 novembre est ouvrable - tchad","description":"Le ministre de la Fonction publique a, par un communiqu\u00e9 officiel, d\u00e9clar\u00e9 la journ\u00e9e du lundi 29 est ouvrable. D\u2019abord ...","robots":{"index":"index","follow":"follow","max-snippet":"max-snippet:-1","max-image-preview":"max-image-preview:large","max-video-preview":"max-video-preview:-1"},"canonical":"https:\/\/www.africa-press.net\/tchad\/politique\/la-journee-du-lundi-29-novembre-est-ouvrable","og_locale":"fr_FR","og_type":"article","og_title":"La journ\u00e9e du lundi 29 novembre est ouvrable","og_description":"Le ministre de la Fonction publique a, par un communiqu\u00e9 officiel, d\u00e9clar\u00e9 la journ\u00e9e du lundi 29 est ouvrable. D\u2019abord ...","og_url":"https:\/\/www.africa-press.net\/tchad\/politique\/la-journee-du-lundi-29-novembre-est-ouvrable","og_site_name":"tchad","article_published_time":"2021-11-26T17:37:43+00:00","article_modified_time":"2021-11-26T18:04:18+00:00","og_image":[{"width":696,"height":423,"url":"https:\/\/static.africa-press.net\/tchad\/sites\/41\/2021\/11\/img-61a1216147706.jpg","type":"image\/jpeg"}],"author":"cfeditorfr","twitter_card":"summary_large_image","twitter_misc":{"\u00c9crit par":"cfeditorfr"},"schema":{"@context":"https:\/\/schema.org","@graph":[{"@type":"Article","@id":"https:\/\/www.africa-press.net\/tchad\/politique\/la-journee-du-lundi-29-novembre-est-ouvrable#article","isPartOf":{"@id":"https:\/\/www.africa-press.net\/tchad\/politique\/la-journee-du-lundi-29-novembre-est-ouvrable"},"author":{"name":"cfeditorfr","@id":"https:\/\/www.africa-press.net\/tchad\/#\/schema\/person\/2b1cf3cd81a31e3cd26889ca66d677f1"},"headline":"La journ\u00e9e du lundi 29 novembre est ouvrable","datePublished":"2021-11-26T17:37:43+00:00","dateModified":"2021-11-26T18:04:18+00:00","mainEntityOfPage":{"@id":"https:\/\/www.africa-press.net\/tchad\/politique\/la-journee-du-lundi-29-novembre-est-ouvrable"},"wordCount":103,"commentCount":0,"image":{"@id":"https:\/\/www.africa-press.net\/tchad\/politique\/la-journee-du-lundi-29-novembre-est-ouvrable#primaryimage"},"thumbnailUrl":"https:\/\/static.africa-press.net\/tchad\/sites\/41\/2021\/11\/img-61a1216147706.jpg","keywords":["Africa Press","Africa Press-Tchad","ouvrable","Tchad"],"articleSection":["homepage-french","Politique","Toutes les actualit\u00e9s"],"inLanguage":"fr-FR","potentialAction":[{"@type":"CommentAction","name":"Comment","target":["https:\/\/www.africa-press.net\/tchad\/politique\/la-journee-du-lundi-29-novembre-est-ouvrable#respond"]}]},{"@type":"WebPage","@id":"https:\/\/www.africa-press.net\/tchad\/politique\/la-journee-du-lundi-29-novembre-est-ouvrable","url":"https:\/\/www.africa-press.net\/tchad\/politique\/la-journee-du-lundi-29-novembre-est-ouvrable","name":"La journ\u00e9e du lundi 29 novembre est ouvrable - tchad","isPartOf":{"@id":"https:\/\/www.africa-press.net\/tchad\/#website"},"primaryImageOfPage":{"@id":"https:\/\/www.africa-press.net\/tchad\/politique\/la-journee-du-lundi-29-novembre-est-ouvrable#primaryimage"},"image":{"@id":"https:\/\/www.africa-press.net\/tchad\/politique\/la-journee-du-lundi-29-novembre-est-ouvrable#primaryimage"},"thumbnailUrl":"https:\/\/static.africa-press.net\/tchad\/sites\/41\/2021\/11\/img-61a1216147706.jpg","datePublished":"2021-11-26T17:37:43+00:00","dateModified":"2021-11-26T18:04:18+00:00","author":{"@id":"https:\/\/www.africa-press.net\/tchad\/#\/schema\/person\/2b1cf3cd81a31e3cd26889ca66d677f1"},"description":"Le ministre de la Fonction publique a, par un communiqu\u00e9 officiel, d\u00e9clar\u00e9 la journ\u00e9e du lundi 29 est ouvrable. D\u2019abord ...","breadcrumb":{"@id":"https:\/\/www.africa-press.net\/tchad\/politique\/la-journee-du-lundi-29-novembre-est-ouvrable#breadcrumb"},"inLanguage":"fr-FR","potentialAction":[{"@type":"ReadAction","target":["https:\/\/www.africa-press.net\/tchad\/politique\/la-journee-du-lundi-29-novembre-est-ouvrable"]}]},{"@type":"ImageObject","inLanguage":"fr-FR","@id":"https:\/\/www.africa-press.net\/tchad\/politique\/la-journee-du-lundi-29-novembre-est-ouvrable#primaryimage","url":"https:\/\/static.africa-press.net\/tchad\/sites\/41\/2021\/11\/img-61a1216147706.jpg","contentUrl":"https:\/\/static.africa-press.net\/tchad\/sites\/41\/2021\/11\/img-61a1216147706.jpg","width":696,"height":423,"caption":"La journ\u00e9e du lundi 29 novembre est ouvrable"},{"@type":"BreadcrumbList","@id":"https:\/\/www.africa-press.net\/tchad\/politique\/la-journee-du-lundi-29-novembre-est-ouvrable#breadcrumb","itemListElement":[{"@type":"ListItem","position":1,"name":"Accueil","item":"https:\/\/www.africa-press.net\/tchad\/"},{"@type":"ListItem","position":2,"name":"La journ\u00e9e du lundi 29 novembre est ouvrable"}]},{"@type":"WebSite","@id":"https:\/\/www.africa-press.net\/tchad\/#website","url":"https:\/\/www.africa-press.net\/tchad\/","name":"tchad","description":"Just another Africa News Agency Sites site","potentialAction":[{"@type":"SearchAction","target":{"@type":"EntryPoint","urlTemplate":"https:\/\/www.africa-press.net\/tchad\/?s={search_term_string}"},"query-input":{"@type":"PropertyValueSpecification","valueRequired":true,"valueName":"search_term_string"}}],"inLanguage":"fr-FR"},{"@type":"Person","@id":"https:\/\/www.africa-press.net\/tchad\/#\/schema\/person\/2b1cf3cd81a31e3cd26889ca66d677f1","name":"cfeditorfr"}]}},"_links":{"self":[{"href":"https:\/\/www.africa-press.net\/tchad\/wp-json\/wp\/v2\/posts\/14547","targetHints":{"allow":["GET"]}}],"collection":[{"href":"https:\/\/www.africa-press.net\/tchad\/wp-json\/wp\/v2\/posts"}],"about":[{"href":"https:\/\/www.africa-press.net\/tchad\/wp-json\/wp\/v2\/types\/post"}],"author":[{"embeddable":true,"href":"https:\/\/www.africa-press.net\/tchad\/wp-json\/wp\/v2\/users\/82"}],"replies":[{"embeddable":true,"href":"https:\/\/www.africa-press.net\/tchad\/wp-json\/wp\/v2\/comments?post=14547"}],"version-history":[{"count":0,"href":"https:\/\/www.africa-press.net\/tchad\/wp-json\/wp\/v2\/posts\/14547\/revisions"}],"wp:featuredmedia":[{"embeddable":true,"href":"https:\/\/www.africa-press.net\/tchad\/wp-json\/wp\/v2\/media\/14546"}],"wp:attachment":[{"href":"https:\/\/www.africa-press.net\/tchad\/wp-json\/wp\/v2\/media?parent=14547"}],"wp:term":[{"taxonomy":"category","embeddable":true,"href":"https:\/\/www.africa-press.net\/tchad\/wp-json\/wp\/v2\/categories?post=14547"},{"taxonomy":"post_tag","embeddable":true,"href":"https:\/\/www.africa-press.net\/tchad\/wp-json\/wp\/v2\/tags?post=14547"}],"curies":[{"name":"wp","href":"https:\/\/api.w.org\/{rel}","templated":true}]}}