{"id":14562,"date":"2021-11-26T17:46:13","date_gmt":"2021-11-26T17:46:13","guid":{"rendered":"https:\/\/www.africa-press.net\/tchad\/politique\/wenaklabs-initie-des-eleves-aux-outils-numeriques"},"modified":"2021-11-26T18:09:50","modified_gmt":"2021-11-26T18:09:50","slug":"wenaklabs-initie-des-eleves-aux-outils-numeriques","status":"publish","type":"post","link":"https:\/\/www.africa-press.net\/tchad\/toutes-les-actualites\/wenaklabs-initie-des-eleves-aux-outils-numeriques","title":{"rendered":"Wenaklabs initie des \u00e9l\u00e8ves aux outils num\u00e9riques"},"content":{"rendered":"<p><span style=\"color: #ff6600\"><strong>Africa-Press &#8211; Tchad. <\/strong><\/span>L\u2019incubateur num\u00e9rique Wenaklabs initie ce vendredi 26 novembre des \u00e9l\u00e8ves aux outils num\u00e9riques. Cette activit\u00e9 d\u00e9nomm\u00e9e \u00ab num\u00e9risante \u00bb s\u2019inscrit dans le cadre du mois du num\u00e9rique. Elle se veut une niche des filles passionn\u00e9es de ce domaine et qui savent en tirer la valeur ajout\u00e9e.<\/p>\n<p>\u00ab Pour un d\u00e9but, nous allons les enseigner notamment comment faire une pr\u00e9sentation dans Power point, comment cr\u00e9er un compte zoom, y organiser et planifier une r\u00e9union et l\u2019annoncer \u00bb, explique la formatrice Amzine Amine Djalal.<\/p>\n<p>Cette activit\u00e9 qui est \u00e0 sa troisi\u00e8me \u00e9dition est partie du constat selon lequel peu de jeunes filles s\u2019int\u00e9ressent aux m\u00e9tiers du num\u00e9rique. \u00ab Quand on essaye de faire un petit sondage par rapport aux gens qui interviennent sur le plan du num\u00e9rique, il est rare d\u2019avoir de filles.<\/p>\n<p>Et pourtant, nous sommes \u00e0 l\u2019heure du num\u00e9rique donc on aimerait les amener \u00e0 ouvrir une fen\u00eatre dans ce domaine \u00bb, interpelle le responsable de programmes \u00e0 Wenaklabs, Fadoul Hissein.<\/p>\n<p>Une trentaine d\u2019\u00e9l\u00e8ves participent \u00e0 cette formation. WenakLabs est un laboratoire de fabrication num\u00e9rique qui a pour but la cr\u00e9ation d\u2019un plateau d\u2019expressions. Il ambitionne de rassembler les passionn\u00e9s de la cr\u00e9ation num\u00e9rique afin de stimuler l\u2019esprit de cr\u00e9ativit\u00e9 et de partage de connaissances.<\/p>\n<p><strong>Pour plus d&rsquo;informations et d&rsquo;analyses sur la <a href=\"https:\/\/www.africa-press.net\/tchad\">Tchad<\/a>, suivez <a href=\"https:\/\/www.africa-press.net\/\">Africa-Press<\/a><\/strong><\/p>\n","protected":false},"excerpt":{"rendered":"<p>Africa-Press &#8211; Tchad. L\u2019incubateur num\u00e9rique Wenaklabs initie ce vendredi 26 novembre des \u00e9l\u00e8ves aux outils num\u00e9riques. Cette activit\u00e9 d\u00e9nomm\u00e9e \u00ab num\u00e9risante \u00bb s\u2019inscrit dans le cadre du mois du num\u00e9rique. Elle se veut une niche des filles passionn\u00e9es de ce domaine et qui savent en tirer la valeur ajout\u00e9e. \u00ab Pour un d\u00e9but, nous allons [&hellip;]<\/p>\n","protected":false},"author":82,"featured_media":14561,"comment_status":"open","ping_status":"closed","sticky":false,"template":"","format":"standard","meta":{"footnotes":""},"categories":[21,11,10],"tags":[37,292,29,2291],"class_list":["post-14562","post","type-post","status-publish","format-standard","has-post-thumbnail","hentry","category-communaute","category-homepage-french","category-toutes-les-actualites","tag-africa-press","tag-africa-press-tchad","tag-tchad","tag-wenaklabs"],"yoast_head":"<!-- This site is optimized with the Yoast SEO Premium plugin v26.1 (Yoast SEO v27.0) - https:\/\/yoast.com\/product\/yoast-seo-premium-wordpress\/ -->\n<title>Wenaklabs initie des \u00e9l\u00e8ves aux outils num\u00e9riques - tchad<\/title>\n<meta name=\"description\" content=\"L\u2019incubateur num\u00e9rique Wenaklabs initie ce vendredi 26 novembre des \u00e9l\u00e8ves aux outils num\u00e9riques. Cette activit\u00e9 d\u00e9nomm\u00e9 ...\" \/>\n<meta name=\"robots\" content=\"index, follow, max-snippet:-1, max-image-preview:large, max-video-preview:-1\" \/>\n<link rel=\"canonical\" href=\"https:\/\/www.africa-press.net\/tchad\/toutes-les-actualites\/wenaklabs-initie-des-eleves-aux-outils-numeriques\" \/>\n<meta property=\"og:locale\" content=\"fr_FR\" \/>\n<meta property=\"og:type\" content=\"article\" \/>\n<meta property=\"og:title\" content=\"Wenaklabs initie des \u00e9l\u00e8ves aux outils num\u00e9riques\" \/>\n<meta property=\"og:description\" content=\"L\u2019incubateur num\u00e9rique Wenaklabs initie ce vendredi 26 novembre des \u00e9l\u00e8ves aux outils num\u00e9riques. Cette activit\u00e9 d\u00e9nomm\u00e9 ...\" \/>\n<meta property=\"og:url\" content=\"https:\/\/www.africa-press.net\/tchad\/toutes-les-actualites\/wenaklabs-initie-des-eleves-aux-outils-numeriques\" \/>\n<meta property=\"og:site_name\" content=\"tchad\" \/>\n<meta property=\"article:published_time\" content=\"2021-11-26T17:46:13+00:00\" \/>\n<meta property=\"article:modified_time\" content=\"2021-11-26T18:09:50+00:00\" \/>\n<meta property=\"og:image\" content=\"https:\/\/static.africa-press.net\/tchad\/sites\/41\/2021\/11\/img-61a122ae571bd.jpg\" \/>\n\t<meta property=\"og:image:width\" content=\"696\" \/>\n\t<meta property=\"og:image:height\" content=\"522\" \/>\n\t<meta property=\"og:image:type\" content=\"image\/jpeg\" \/>\n<meta name=\"author\" content=\"cfeditorfr\" \/>\n<meta name=\"twitter:card\" content=\"summary_large_image\" \/>\n<meta name=\"twitter:label1\" content=\"\u00c9crit par\" \/>\n\t<meta name=\"twitter:data1\" content=\"cfeditorfr\" \/>\n\t<meta name=\"twitter:label2\" content=\"Dur\u00e9e de lecture estim\u00e9e\" \/>\n\t<meta name=\"twitter:data2\" content=\"1 minute\" \/>\n<script type=\"application\/ld+json\" class=\"yoast-schema-graph\">{\"@context\":\"https:\/\/schema.org\",\"@graph\":[{\"@type\":\"Article\",\"@id\":\"https:\/\/www.africa-press.net\/tchad\/toutes-les-actualites\/wenaklabs-initie-des-eleves-aux-outils-numeriques#article\",\"isPartOf\":{\"@id\":\"https:\/\/www.africa-press.net\/tchad\/toutes-les-actualites\/wenaklabs-initie-des-eleves-aux-outils-numeriques\"},\"author\":{\"name\":\"cfeditorfr\",\"@id\":\"https:\/\/www.africa-press.net\/tchad\/#\/schema\/person\/2b1cf3cd81a31e3cd26889ca66d677f1\"},\"headline\":\"Wenaklabs initie des \u00e9l\u00e8ves aux outils num\u00e9riques\",\"datePublished\":\"2021-11-26T17:46:13+00:00\",\"dateModified\":\"2021-11-26T18:09:50+00:00\",\"mainEntityOfPage\":{\"@id\":\"https:\/\/www.africa-press.net\/tchad\/toutes-les-actualites\/wenaklabs-initie-des-eleves-aux-outils-numeriques\"},\"wordCount\":254,\"commentCount\":0,\"image\":{\"@id\":\"https:\/\/www.africa-press.net\/tchad\/toutes-les-actualites\/wenaklabs-initie-des-eleves-aux-outils-numeriques#primaryimage\"},\"thumbnailUrl\":\"https:\/\/static.africa-press.net\/tchad\/sites\/41\/2021\/11\/img-61a122ae571bd.jpg\",\"keywords\":[\"Africa Press\",\"Africa Press-Tchad\",\"Tchad\",\"Wenaklabs\"],\"articleSection\":[\"Communaut\u00e9\",\"homepage-french\",\"Toutes les actualit\u00e9s\"],\"inLanguage\":\"fr-FR\",\"potentialAction\":[{\"@type\":\"CommentAction\",\"name\":\"Comment\",\"target\":[\"https:\/\/www.africa-press.net\/tchad\/toutes-les-actualites\/wenaklabs-initie-des-eleves-aux-outils-numeriques#respond\"]}]},{\"@type\":\"WebPage\",\"@id\":\"https:\/\/www.africa-press.net\/tchad\/toutes-les-actualites\/wenaklabs-initie-des-eleves-aux-outils-numeriques\",\"url\":\"https:\/\/www.africa-press.net\/tchad\/toutes-les-actualites\/wenaklabs-initie-des-eleves-aux-outils-numeriques\",\"name\":\"Wenaklabs initie des \u00e9l\u00e8ves aux outils num\u00e9riques - tchad\",\"isPartOf\":{\"@id\":\"https:\/\/www.africa-press.net\/tchad\/#website\"},\"primaryImageOfPage\":{\"@id\":\"https:\/\/www.africa-press.net\/tchad\/toutes-les-actualites\/wenaklabs-initie-des-eleves-aux-outils-numeriques#primaryimage\"},\"image\":{\"@id\":\"https:\/\/www.africa-press.net\/tchad\/toutes-les-actualites\/wenaklabs-initie-des-eleves-aux-outils-numeriques#primaryimage\"},\"thumbnailUrl\":\"https:\/\/static.africa-press.net\/tchad\/sites\/41\/2021\/11\/img-61a122ae571bd.jpg\",\"datePublished\":\"2021-11-26T17:46:13+00:00\",\"dateModified\":\"2021-11-26T18:09:50+00:00\",\"author\":{\"@id\":\"https:\/\/www.africa-press.net\/tchad\/#\/schema\/person\/2b1cf3cd81a31e3cd26889ca66d677f1\"},\"description\":\"L\u2019incubateur num\u00e9rique Wenaklabs initie ce vendredi 26 novembre des \u00e9l\u00e8ves aux outils num\u00e9riques. Cette activit\u00e9 d\u00e9nomm\u00e9 ...\",\"breadcrumb\":{\"@id\":\"https:\/\/www.africa-press.net\/tchad\/toutes-les-actualites\/wenaklabs-initie-des-eleves-aux-outils-numeriques#breadcrumb\"},\"inLanguage\":\"fr-FR\",\"potentialAction\":[{\"@type\":\"ReadAction\",\"target\":[\"https:\/\/www.africa-press.net\/tchad\/toutes-les-actualites\/wenaklabs-initie-des-eleves-aux-outils-numeriques\"]}]},{\"@type\":\"ImageObject\",\"inLanguage\":\"fr-FR\",\"@id\":\"https:\/\/www.africa-press.net\/tchad\/toutes-les-actualites\/wenaklabs-initie-des-eleves-aux-outils-numeriques#primaryimage\",\"url\":\"https:\/\/static.africa-press.net\/tchad\/sites\/41\/2021\/11\/img-61a122ae571bd.jpg\",\"contentUrl\":\"https:\/\/static.africa-press.net\/tchad\/sites\/41\/2021\/11\/img-61a122ae571bd.jpg\",\"width\":696,\"height\":522,\"caption\":\"Wenaklabs initie des \u00e9l\u00e8ves aux outils num\u00e9riques\"},{\"@type\":\"BreadcrumbList\",\"@id\":\"https:\/\/www.africa-press.net\/tchad\/toutes-les-actualites\/wenaklabs-initie-des-eleves-aux-outils-numeriques#breadcrumb\",\"itemListElement\":[{\"@type\":\"ListItem\",\"position\":1,\"name\":\"Accueil\",\"item\":\"https:\/\/www.africa-press.net\/tchad\/\"},{\"@type\":\"ListItem\",\"position\":2,\"name\":\"Wenaklabs initie des \u00e9l\u00e8ves aux outils num\u00e9riques\"}]},{\"@type\":\"WebSite\",\"@id\":\"https:\/\/www.africa-press.net\/tchad\/#website\",\"url\":\"https:\/\/www.africa-press.net\/tchad\/\",\"name\":\"tchad\",\"description\":\"Just another Africa News Agency Sites site\",\"potentialAction\":[{\"@type\":\"SearchAction\",\"target\":{\"@type\":\"EntryPoint\",\"urlTemplate\":\"https:\/\/www.africa-press.net\/tchad\/?s={search_term_string}\"},\"query-input\":{\"@type\":\"PropertyValueSpecification\",\"valueRequired\":true,\"valueName\":\"search_term_string\"}}],\"inLanguage\":\"fr-FR\"},{\"@type\":\"Person\",\"@id\":\"https:\/\/www.africa-press.net\/tchad\/#\/schema\/person\/2b1cf3cd81a31e3cd26889ca66d677f1\",\"name\":\"cfeditorfr\"}]}<\/script>\n<!-- \/ Yoast SEO Premium plugin. -->","yoast_head_json":{"title":"Wenaklabs initie des \u00e9l\u00e8ves aux outils num\u00e9riques - tchad","description":"L\u2019incubateur num\u00e9rique Wenaklabs initie ce vendredi 26 novembre des \u00e9l\u00e8ves aux outils num\u00e9riques. Cette activit\u00e9 d\u00e9nomm\u00e9 ...","robots":{"index":"index","follow":"follow","max-snippet":"max-snippet:-1","max-image-preview":"max-image-preview:large","max-video-preview":"max-video-preview:-1"},"canonical":"https:\/\/www.africa-press.net\/tchad\/toutes-les-actualites\/wenaklabs-initie-des-eleves-aux-outils-numeriques","og_locale":"fr_FR","og_type":"article","og_title":"Wenaklabs initie des \u00e9l\u00e8ves aux outils num\u00e9riques","og_description":"L\u2019incubateur num\u00e9rique Wenaklabs initie ce vendredi 26 novembre des \u00e9l\u00e8ves aux outils num\u00e9riques. Cette activit\u00e9 d\u00e9nomm\u00e9 ...","og_url":"https:\/\/www.africa-press.net\/tchad\/toutes-les-actualites\/wenaklabs-initie-des-eleves-aux-outils-numeriques","og_site_name":"tchad","article_published_time":"2021-11-26T17:46:13+00:00","article_modified_time":"2021-11-26T18:09:50+00:00","og_image":[{"width":696,"height":522,"url":"https:\/\/static.africa-press.net\/tchad\/sites\/41\/2021\/11\/img-61a122ae571bd.jpg","type":"image\/jpeg"}],"author":"cfeditorfr","twitter_card":"summary_large_image","twitter_misc":{"\u00c9crit par":"cfeditorfr","Dur\u00e9e de lecture estim\u00e9e":"1 minute"},"schema":{"@context":"https:\/\/schema.org","@graph":[{"@type":"Article","@id":"https:\/\/www.africa-press.net\/tchad\/toutes-les-actualites\/wenaklabs-initie-des-eleves-aux-outils-numeriques#article","isPartOf":{"@id":"https:\/\/www.africa-press.net\/tchad\/toutes-les-actualites\/wenaklabs-initie-des-eleves-aux-outils-numeriques"},"author":{"name":"cfeditorfr","@id":"https:\/\/www.africa-press.net\/tchad\/#\/schema\/person\/2b1cf3cd81a31e3cd26889ca66d677f1"},"headline":"Wenaklabs initie des \u00e9l\u00e8ves aux outils num\u00e9riques","datePublished":"2021-11-26T17:46:13+00:00","dateModified":"2021-11-26T18:09:50+00:00","mainEntityOfPage":{"@id":"https:\/\/www.africa-press.net\/tchad\/toutes-les-actualites\/wenaklabs-initie-des-eleves-aux-outils-numeriques"},"wordCount":254,"commentCount":0,"image":{"@id":"https:\/\/www.africa-press.net\/tchad\/toutes-les-actualites\/wenaklabs-initie-des-eleves-aux-outils-numeriques#primaryimage"},"thumbnailUrl":"https:\/\/static.africa-press.net\/tchad\/sites\/41\/2021\/11\/img-61a122ae571bd.jpg","keywords":["Africa Press","Africa Press-Tchad","Tchad","Wenaklabs"],"articleSection":["Communaut\u00e9","homepage-french","Toutes les actualit\u00e9s"],"inLanguage":"fr-FR","potentialAction":[{"@type":"CommentAction","name":"Comment","target":["https:\/\/www.africa-press.net\/tchad\/toutes-les-actualites\/wenaklabs-initie-des-eleves-aux-outils-numeriques#respond"]}]},{"@type":"WebPage","@id":"https:\/\/www.africa-press.net\/tchad\/toutes-les-actualites\/wenaklabs-initie-des-eleves-aux-outils-numeriques","url":"https:\/\/www.africa-press.net\/tchad\/toutes-les-actualites\/wenaklabs-initie-des-eleves-aux-outils-numeriques","name":"Wenaklabs initie des \u00e9l\u00e8ves aux outils num\u00e9riques - tchad","isPartOf":{"@id":"https:\/\/www.africa-press.net\/tchad\/#website"},"primaryImageOfPage":{"@id":"https:\/\/www.africa-press.net\/tchad\/toutes-les-actualites\/wenaklabs-initie-des-eleves-aux-outils-numeriques#primaryimage"},"image":{"@id":"https:\/\/www.africa-press.net\/tchad\/toutes-les-actualites\/wenaklabs-initie-des-eleves-aux-outils-numeriques#primaryimage"},"thumbnailUrl":"https:\/\/static.africa-press.net\/tchad\/sites\/41\/2021\/11\/img-61a122ae571bd.jpg","datePublished":"2021-11-26T17:46:13+00:00","dateModified":"2021-11-26T18:09:50+00:00","author":{"@id":"https:\/\/www.africa-press.net\/tchad\/#\/schema\/person\/2b1cf3cd81a31e3cd26889ca66d677f1"},"description":"L\u2019incubateur num\u00e9rique Wenaklabs initie ce vendredi 26 novembre des \u00e9l\u00e8ves aux outils num\u00e9riques. Cette activit\u00e9 d\u00e9nomm\u00e9 ...","breadcrumb":{"@id":"https:\/\/www.africa-press.net\/tchad\/toutes-les-actualites\/wenaklabs-initie-des-eleves-aux-outils-numeriques#breadcrumb"},"inLanguage":"fr-FR","potentialAction":[{"@type":"ReadAction","target":["https:\/\/www.africa-press.net\/tchad\/toutes-les-actualites\/wenaklabs-initie-des-eleves-aux-outils-numeriques"]}]},{"@type":"ImageObject","inLanguage":"fr-FR","@id":"https:\/\/www.africa-press.net\/tchad\/toutes-les-actualites\/wenaklabs-initie-des-eleves-aux-outils-numeriques#primaryimage","url":"https:\/\/static.africa-press.net\/tchad\/sites\/41\/2021\/11\/img-61a122ae571bd.jpg","contentUrl":"https:\/\/static.africa-press.net\/tchad\/sites\/41\/2021\/11\/img-61a122ae571bd.jpg","width":696,"height":522,"caption":"Wenaklabs initie des \u00e9l\u00e8ves aux outils num\u00e9riques"},{"@type":"BreadcrumbList","@id":"https:\/\/www.africa-press.net\/tchad\/toutes-les-actualites\/wenaklabs-initie-des-eleves-aux-outils-numeriques#breadcrumb","itemListElement":[{"@type":"ListItem","position":1,"name":"Accueil","item":"https:\/\/www.africa-press.net\/tchad\/"},{"@type":"ListItem","position":2,"name":"Wenaklabs initie des \u00e9l\u00e8ves aux outils num\u00e9riques"}]},{"@type":"WebSite","@id":"https:\/\/www.africa-press.net\/tchad\/#website","url":"https:\/\/www.africa-press.net\/tchad\/","name":"tchad","description":"Just another Africa News Agency Sites site","potentialAction":[{"@type":"SearchAction","target":{"@type":"EntryPoint","urlTemplate":"https:\/\/www.africa-press.net\/tchad\/?s={search_term_string}"},"query-input":{"@type":"PropertyValueSpecification","valueRequired":true,"valueName":"search_term_string"}}],"inLanguage":"fr-FR"},{"@type":"Person","@id":"https:\/\/www.africa-press.net\/tchad\/#\/schema\/person\/2b1cf3cd81a31e3cd26889ca66d677f1","name":"cfeditorfr"}]}},"_links":{"self":[{"href":"https:\/\/www.africa-press.net\/tchad\/wp-json\/wp\/v2\/posts\/14562","targetHints":{"allow":["GET"]}}],"collection":[{"href":"https:\/\/www.africa-press.net\/tchad\/wp-json\/wp\/v2\/posts"}],"about":[{"href":"https:\/\/www.africa-press.net\/tchad\/wp-json\/wp\/v2\/types\/post"}],"author":[{"embeddable":true,"href":"https:\/\/www.africa-press.net\/tchad\/wp-json\/wp\/v2\/users\/82"}],"replies":[{"embeddable":true,"href":"https:\/\/www.africa-press.net\/tchad\/wp-json\/wp\/v2\/comments?post=14562"}],"version-history":[{"count":0,"href":"https:\/\/www.africa-press.net\/tchad\/wp-json\/wp\/v2\/posts\/14562\/revisions"}],"wp:featuredmedia":[{"embeddable":true,"href":"https:\/\/www.africa-press.net\/tchad\/wp-json\/wp\/v2\/media\/14561"}],"wp:attachment":[{"href":"https:\/\/www.africa-press.net\/tchad\/wp-json\/wp\/v2\/media?parent=14562"}],"wp:term":[{"taxonomy":"category","embeddable":true,"href":"https:\/\/www.africa-press.net\/tchad\/wp-json\/wp\/v2\/categories?post=14562"},{"taxonomy":"post_tag","embeddable":true,"href":"https:\/\/www.africa-press.net\/tchad\/wp-json\/wp\/v2\/tags?post=14562"}],"curies":[{"name":"wp","href":"https:\/\/api.w.org\/{rel}","templated":true}]}}