{"id":14591,"date":"2021-11-27T15:29:38","date_gmt":"2021-11-27T15:29:38","guid":{"rendered":"https:\/\/www.africa-press.net\/tchad\/politique\/le-lyceen-qui-a-agresse-un-professeur-de-sport-emprisonne-a-ati"},"modified":"2021-11-27T15:47:34","modified_gmt":"2021-11-27T15:47:34","slug":"le-lyceen-qui-a-agresse-un-professeur-de-sport-emprisonne-a-ati","status":"publish","type":"post","link":"https:\/\/www.africa-press.net\/tchad\/toutes-les-actualites\/le-lyceen-qui-a-agresse-un-professeur-de-sport-emprisonne-a-ati","title":{"rendered":"le lyc\u00e9en qui a agress\u00e9 un professeur de sport emprisonn\u00e9 \u00e0 Ati"},"content":{"rendered":"<p><span style=\"color: #ff6600\"><strong>Africa-Press &#8211; Tchad. <\/strong><\/span>Poursuivi pour coups et blessures volontaires, l&rsquo;\u00e9l\u00e8ve scolaris\u00e9 en classe de 6\u00e8me a \u00e9t\u00e9 pr\u00e9sent\u00e9 le 26 novembre \u00e0 un juge pour enfants du Tribunal de grande instance d&rsquo;Ati, informe N&rsquo;Djamena Actu.<\/p>\n<p>Le 22 novembre, au cours de la matin\u00e9e, l&rsquo;\u00e9l\u00e8ve \u00e2g\u00e9 de 18 ans a bless\u00e9 son professeur \u00e0 la t\u00eate avec un b\u00e2ton. Le professeur aurait demand\u00e9 \u00e0 l&rsquo;\u00e9l\u00e8ve turbulent de s&rsquo;\u00e9loigner du cours.<\/p>\n<p>L&rsquo;auteur des faits a \u00e9t\u00e9 ensuite arr\u00eat\u00e9 par la brigade de gendarmerie de Koundjourou. La victime, le professeur d&rsquo;\u00c9ducation physique et sportive (EPS) Djimadoum Jo\u00ebl d\u00e9crit son agresseur comme un jeune turbulent et irrespectueux.<\/p>\n<p>Cette \u00e9ni\u00e8me agression d&rsquo;un professeur a d\u00e9clench\u00e9 une vague d&rsquo;indignation, entrainant notamment une gr\u00e8ve des enseignants de trois jours dans la province du Batha. Le gouverneur du Batha, Djimta Ben Dergon, a condamn\u00e9 cette agression et assur\u00e9 de son engagement \u00e0 lutter contre la violence en milieu scolaire.<\/p>\n<p><strong>Pour plus d&rsquo;informations et d&rsquo;analyses sur la <a href=\"https:\/\/www.africa-press.net\/tchad\">Tchad<\/a>, suivez <a href=\"https:\/\/www.africa-press.net\/\">Africa-Press<\/a><\/strong><\/p>\n","protected":false},"excerpt":{"rendered":"<p>Africa-Press &#8211; Tchad. Poursuivi pour coups et blessures volontaires, l&rsquo;\u00e9l\u00e8ve scolaris\u00e9 en classe de 6\u00e8me a \u00e9t\u00e9 pr\u00e9sent\u00e9 le 26 novembre \u00e0 un juge pour enfants du Tribunal de grande instance d&rsquo;Ati, informe N&rsquo;Djamena Actu. Le 22 novembre, au cours de la matin\u00e9e, l&rsquo;\u00e9l\u00e8ve \u00e2g\u00e9 de 18 ans a bless\u00e9 son professeur \u00e0 la t\u00eate [&hellip;]<\/p>\n","protected":false},"author":82,"featured_media":14590,"comment_status":"open","ping_status":"closed","sticky":false,"template":"","format":"standard","meta":{"footnotes":""},"categories":[21,11,10],"tags":[37,292,2759,2758,29],"class_list":["post-14591","post","type-post","status-publish","format-standard","has-post-thumbnail","hentry","category-communaute","category-homepage-french","category-toutes-les-actualites","tag-africa-press","tag-africa-press-tchad","tag-emprisonne","tag-poursuivi","tag-tchad"],"yoast_head":"<!-- This site is optimized with the Yoast SEO Premium plugin v26.1 (Yoast SEO v27.0) - https:\/\/yoast.com\/product\/yoast-seo-premium-wordpress\/ -->\n<title>le lyc\u00e9en qui a agress\u00e9 un professeur de sport emprisonn\u00e9 \u00e0 Ati - tchad<\/title>\n<meta name=\"description\" content=\"Poursuivi pour coups et blessures volontaires, l&#039;\u00e9l\u00e8ve scolaris\u00e9 en classe de 6\u00e8me a \u00e9t\u00e9 pr\u00e9sent\u00e9 le 26 novembre \u00e0 un ju ...\" \/>\n<meta name=\"robots\" content=\"index, follow, max-snippet:-1, max-image-preview:large, max-video-preview:-1\" \/>\n<link rel=\"canonical\" href=\"https:\/\/www.africa-press.net\/tchad\/toutes-les-actualites\/le-lyceen-qui-a-agresse-un-professeur-de-sport-emprisonne-a-ati\" \/>\n<meta property=\"og:locale\" content=\"fr_FR\" \/>\n<meta property=\"og:type\" content=\"article\" \/>\n<meta property=\"og:title\" content=\"le lyc\u00e9en qui a agress\u00e9 un professeur de sport emprisonn\u00e9 \u00e0 Ati\" \/>\n<meta property=\"og:description\" content=\"Poursuivi pour coups et blessures volontaires, l&#039;\u00e9l\u00e8ve scolaris\u00e9 en classe de 6\u00e8me a \u00e9t\u00e9 pr\u00e9sent\u00e9 le 26 novembre \u00e0 un ju ...\" \/>\n<meta property=\"og:url\" content=\"https:\/\/www.africa-press.net\/tchad\/toutes-les-actualites\/le-lyceen-qui-a-agresse-un-professeur-de-sport-emprisonne-a-ati\" \/>\n<meta property=\"og:site_name\" content=\"tchad\" \/>\n<meta property=\"article:published_time\" content=\"2021-11-27T15:29:38+00:00\" \/>\n<meta property=\"article:modified_time\" content=\"2021-11-27T15:47:34+00:00\" \/>\n<meta property=\"og:image\" content=\"https:\/\/static.africa-press.net\/tchad\/sites\/41\/2021\/11\/img-61a252e95273f.jpg\" \/>\n\t<meta property=\"og:image:width\" content=\"675\" \/>\n\t<meta property=\"og:image:height\" content=\"616\" \/>\n\t<meta property=\"og:image:type\" content=\"image\/jpeg\" \/>\n<meta name=\"author\" content=\"cfeditorfr\" \/>\n<meta name=\"twitter:card\" content=\"summary_large_image\" \/>\n<meta name=\"twitter:label1\" content=\"\u00c9crit par\" \/>\n\t<meta name=\"twitter:data1\" content=\"cfeditorfr\" \/>\n\t<meta name=\"twitter:label2\" content=\"Dur\u00e9e de lecture estim\u00e9e\" \/>\n\t<meta name=\"twitter:data2\" content=\"1 minute\" \/>\n<script type=\"application\/ld+json\" class=\"yoast-schema-graph\">{\"@context\":\"https:\/\/schema.org\",\"@graph\":[{\"@type\":\"Article\",\"@id\":\"https:\/\/www.africa-press.net\/tchad\/toutes-les-actualites\/le-lyceen-qui-a-agresse-un-professeur-de-sport-emprisonne-a-ati#article\",\"isPartOf\":{\"@id\":\"https:\/\/www.africa-press.net\/tchad\/toutes-les-actualites\/le-lyceen-qui-a-agresse-un-professeur-de-sport-emprisonne-a-ati\"},\"author\":{\"name\":\"cfeditorfr\",\"@id\":\"https:\/\/www.africa-press.net\/tchad\/#\/schema\/person\/2b1cf3cd81a31e3cd26889ca66d677f1\"},\"headline\":\"le lyc\u00e9en qui a agress\u00e9 un professeur de sport emprisonn\u00e9 \u00e0 Ati\",\"datePublished\":\"2021-11-27T15:29:38+00:00\",\"dateModified\":\"2021-11-27T15:47:34+00:00\",\"mainEntityOfPage\":{\"@id\":\"https:\/\/www.africa-press.net\/tchad\/toutes-les-actualites\/le-lyceen-qui-a-agresse-un-professeur-de-sport-emprisonne-a-ati\"},\"wordCount\":191,\"commentCount\":0,\"image\":{\"@id\":\"https:\/\/www.africa-press.net\/tchad\/toutes-les-actualites\/le-lyceen-qui-a-agresse-un-professeur-de-sport-emprisonne-a-ati#primaryimage\"},\"thumbnailUrl\":\"https:\/\/static.africa-press.net\/tchad\/sites\/41\/2021\/11\/img-61a252e95273f.jpg\",\"keywords\":[\"Africa Press\",\"Africa Press-Tchad\",\"emprisonn\u00e9\",\"Poursuivi\",\"Tchad\"],\"articleSection\":[\"Communaut\u00e9\",\"homepage-french\",\"Toutes les actualit\u00e9s\"],\"inLanguage\":\"fr-FR\",\"potentialAction\":[{\"@type\":\"CommentAction\",\"name\":\"Comment\",\"target\":[\"https:\/\/www.africa-press.net\/tchad\/toutes-les-actualites\/le-lyceen-qui-a-agresse-un-professeur-de-sport-emprisonne-a-ati#respond\"]}]},{\"@type\":\"WebPage\",\"@id\":\"https:\/\/www.africa-press.net\/tchad\/toutes-les-actualites\/le-lyceen-qui-a-agresse-un-professeur-de-sport-emprisonne-a-ati\",\"url\":\"https:\/\/www.africa-press.net\/tchad\/toutes-les-actualites\/le-lyceen-qui-a-agresse-un-professeur-de-sport-emprisonne-a-ati\",\"name\":\"le lyc\u00e9en qui a agress\u00e9 un professeur de sport emprisonn\u00e9 \u00e0 Ati - tchad\",\"isPartOf\":{\"@id\":\"https:\/\/www.africa-press.net\/tchad\/#website\"},\"primaryImageOfPage\":{\"@id\":\"https:\/\/www.africa-press.net\/tchad\/toutes-les-actualites\/le-lyceen-qui-a-agresse-un-professeur-de-sport-emprisonne-a-ati#primaryimage\"},\"image\":{\"@id\":\"https:\/\/www.africa-press.net\/tchad\/toutes-les-actualites\/le-lyceen-qui-a-agresse-un-professeur-de-sport-emprisonne-a-ati#primaryimage\"},\"thumbnailUrl\":\"https:\/\/static.africa-press.net\/tchad\/sites\/41\/2021\/11\/img-61a252e95273f.jpg\",\"datePublished\":\"2021-11-27T15:29:38+00:00\",\"dateModified\":\"2021-11-27T15:47:34+00:00\",\"author\":{\"@id\":\"https:\/\/www.africa-press.net\/tchad\/#\/schema\/person\/2b1cf3cd81a31e3cd26889ca66d677f1\"},\"description\":\"Poursuivi pour coups et blessures volontaires, l'\u00e9l\u00e8ve scolaris\u00e9 en classe de 6\u00e8me a \u00e9t\u00e9 pr\u00e9sent\u00e9 le 26 novembre \u00e0 un ju ...\",\"breadcrumb\":{\"@id\":\"https:\/\/www.africa-press.net\/tchad\/toutes-les-actualites\/le-lyceen-qui-a-agresse-un-professeur-de-sport-emprisonne-a-ati#breadcrumb\"},\"inLanguage\":\"fr-FR\",\"potentialAction\":[{\"@type\":\"ReadAction\",\"target\":[\"https:\/\/www.africa-press.net\/tchad\/toutes-les-actualites\/le-lyceen-qui-a-agresse-un-professeur-de-sport-emprisonne-a-ati\"]}]},{\"@type\":\"ImageObject\",\"inLanguage\":\"fr-FR\",\"@id\":\"https:\/\/www.africa-press.net\/tchad\/toutes-les-actualites\/le-lyceen-qui-a-agresse-un-professeur-de-sport-emprisonne-a-ati#primaryimage\",\"url\":\"https:\/\/static.africa-press.net\/tchad\/sites\/41\/2021\/11\/img-61a252e95273f.jpg\",\"contentUrl\":\"https:\/\/static.africa-press.net\/tchad\/sites\/41\/2021\/11\/img-61a252e95273f.jpg\",\"width\":675,\"height\":616,\"caption\":\"le lyc\u00e9en qui a agress\u00e9 un professeur de sport emprisonn\u00e9 \u00e0 Ati\"},{\"@type\":\"BreadcrumbList\",\"@id\":\"https:\/\/www.africa-press.net\/tchad\/toutes-les-actualites\/le-lyceen-qui-a-agresse-un-professeur-de-sport-emprisonne-a-ati#breadcrumb\",\"itemListElement\":[{\"@type\":\"ListItem\",\"position\":1,\"name\":\"Accueil\",\"item\":\"https:\/\/www.africa-press.net\/tchad\/\"},{\"@type\":\"ListItem\",\"position\":2,\"name\":\"le lyc\u00e9en qui a agress\u00e9 un professeur de sport emprisonn\u00e9 \u00e0 Ati\"}]},{\"@type\":\"WebSite\",\"@id\":\"https:\/\/www.africa-press.net\/tchad\/#website\",\"url\":\"https:\/\/www.africa-press.net\/tchad\/\",\"name\":\"tchad\",\"description\":\"Just another Africa News Agency Sites site\",\"potentialAction\":[{\"@type\":\"SearchAction\",\"target\":{\"@type\":\"EntryPoint\",\"urlTemplate\":\"https:\/\/www.africa-press.net\/tchad\/?s={search_term_string}\"},\"query-input\":{\"@type\":\"PropertyValueSpecification\",\"valueRequired\":true,\"valueName\":\"search_term_string\"}}],\"inLanguage\":\"fr-FR\"},{\"@type\":\"Person\",\"@id\":\"https:\/\/www.africa-press.net\/tchad\/#\/schema\/person\/2b1cf3cd81a31e3cd26889ca66d677f1\",\"name\":\"cfeditorfr\"}]}<\/script>\n<!-- \/ Yoast SEO Premium plugin. -->","yoast_head_json":{"title":"le lyc\u00e9en qui a agress\u00e9 un professeur de sport emprisonn\u00e9 \u00e0 Ati - tchad","description":"Poursuivi pour coups et blessures volontaires, l'\u00e9l\u00e8ve scolaris\u00e9 en classe de 6\u00e8me a \u00e9t\u00e9 pr\u00e9sent\u00e9 le 26 novembre \u00e0 un ju ...","robots":{"index":"index","follow":"follow","max-snippet":"max-snippet:-1","max-image-preview":"max-image-preview:large","max-video-preview":"max-video-preview:-1"},"canonical":"https:\/\/www.africa-press.net\/tchad\/toutes-les-actualites\/le-lyceen-qui-a-agresse-un-professeur-de-sport-emprisonne-a-ati","og_locale":"fr_FR","og_type":"article","og_title":"le lyc\u00e9en qui a agress\u00e9 un professeur de sport emprisonn\u00e9 \u00e0 Ati","og_description":"Poursuivi pour coups et blessures volontaires, l'\u00e9l\u00e8ve scolaris\u00e9 en classe de 6\u00e8me a \u00e9t\u00e9 pr\u00e9sent\u00e9 le 26 novembre \u00e0 un ju ...","og_url":"https:\/\/www.africa-press.net\/tchad\/toutes-les-actualites\/le-lyceen-qui-a-agresse-un-professeur-de-sport-emprisonne-a-ati","og_site_name":"tchad","article_published_time":"2021-11-27T15:29:38+00:00","article_modified_time":"2021-11-27T15:47:34+00:00","og_image":[{"width":675,"height":616,"url":"https:\/\/static.africa-press.net\/tchad\/sites\/41\/2021\/11\/img-61a252e95273f.jpg","type":"image\/jpeg"}],"author":"cfeditorfr","twitter_card":"summary_large_image","twitter_misc":{"\u00c9crit par":"cfeditorfr","Dur\u00e9e de lecture estim\u00e9e":"1 minute"},"schema":{"@context":"https:\/\/schema.org","@graph":[{"@type":"Article","@id":"https:\/\/www.africa-press.net\/tchad\/toutes-les-actualites\/le-lyceen-qui-a-agresse-un-professeur-de-sport-emprisonne-a-ati#article","isPartOf":{"@id":"https:\/\/www.africa-press.net\/tchad\/toutes-les-actualites\/le-lyceen-qui-a-agresse-un-professeur-de-sport-emprisonne-a-ati"},"author":{"name":"cfeditorfr","@id":"https:\/\/www.africa-press.net\/tchad\/#\/schema\/person\/2b1cf3cd81a31e3cd26889ca66d677f1"},"headline":"le lyc\u00e9en qui a agress\u00e9 un professeur de sport emprisonn\u00e9 \u00e0 Ati","datePublished":"2021-11-27T15:29:38+00:00","dateModified":"2021-11-27T15:47:34+00:00","mainEntityOfPage":{"@id":"https:\/\/www.africa-press.net\/tchad\/toutes-les-actualites\/le-lyceen-qui-a-agresse-un-professeur-de-sport-emprisonne-a-ati"},"wordCount":191,"commentCount":0,"image":{"@id":"https:\/\/www.africa-press.net\/tchad\/toutes-les-actualites\/le-lyceen-qui-a-agresse-un-professeur-de-sport-emprisonne-a-ati#primaryimage"},"thumbnailUrl":"https:\/\/static.africa-press.net\/tchad\/sites\/41\/2021\/11\/img-61a252e95273f.jpg","keywords":["Africa Press","Africa Press-Tchad","emprisonn\u00e9","Poursuivi","Tchad"],"articleSection":["Communaut\u00e9","homepage-french","Toutes les actualit\u00e9s"],"inLanguage":"fr-FR","potentialAction":[{"@type":"CommentAction","name":"Comment","target":["https:\/\/www.africa-press.net\/tchad\/toutes-les-actualites\/le-lyceen-qui-a-agresse-un-professeur-de-sport-emprisonne-a-ati#respond"]}]},{"@type":"WebPage","@id":"https:\/\/www.africa-press.net\/tchad\/toutes-les-actualites\/le-lyceen-qui-a-agresse-un-professeur-de-sport-emprisonne-a-ati","url":"https:\/\/www.africa-press.net\/tchad\/toutes-les-actualites\/le-lyceen-qui-a-agresse-un-professeur-de-sport-emprisonne-a-ati","name":"le lyc\u00e9en qui a agress\u00e9 un professeur de sport emprisonn\u00e9 \u00e0 Ati - tchad","isPartOf":{"@id":"https:\/\/www.africa-press.net\/tchad\/#website"},"primaryImageOfPage":{"@id":"https:\/\/www.africa-press.net\/tchad\/toutes-les-actualites\/le-lyceen-qui-a-agresse-un-professeur-de-sport-emprisonne-a-ati#primaryimage"},"image":{"@id":"https:\/\/www.africa-press.net\/tchad\/toutes-les-actualites\/le-lyceen-qui-a-agresse-un-professeur-de-sport-emprisonne-a-ati#primaryimage"},"thumbnailUrl":"https:\/\/static.africa-press.net\/tchad\/sites\/41\/2021\/11\/img-61a252e95273f.jpg","datePublished":"2021-11-27T15:29:38+00:00","dateModified":"2021-11-27T15:47:34+00:00","author":{"@id":"https:\/\/www.africa-press.net\/tchad\/#\/schema\/person\/2b1cf3cd81a31e3cd26889ca66d677f1"},"description":"Poursuivi pour coups et blessures volontaires, l'\u00e9l\u00e8ve scolaris\u00e9 en classe de 6\u00e8me a \u00e9t\u00e9 pr\u00e9sent\u00e9 le 26 novembre \u00e0 un ju ...","breadcrumb":{"@id":"https:\/\/www.africa-press.net\/tchad\/toutes-les-actualites\/le-lyceen-qui-a-agresse-un-professeur-de-sport-emprisonne-a-ati#breadcrumb"},"inLanguage":"fr-FR","potentialAction":[{"@type":"ReadAction","target":["https:\/\/www.africa-press.net\/tchad\/toutes-les-actualites\/le-lyceen-qui-a-agresse-un-professeur-de-sport-emprisonne-a-ati"]}]},{"@type":"ImageObject","inLanguage":"fr-FR","@id":"https:\/\/www.africa-press.net\/tchad\/toutes-les-actualites\/le-lyceen-qui-a-agresse-un-professeur-de-sport-emprisonne-a-ati#primaryimage","url":"https:\/\/static.africa-press.net\/tchad\/sites\/41\/2021\/11\/img-61a252e95273f.jpg","contentUrl":"https:\/\/static.africa-press.net\/tchad\/sites\/41\/2021\/11\/img-61a252e95273f.jpg","width":675,"height":616,"caption":"le lyc\u00e9en qui a agress\u00e9 un professeur de sport emprisonn\u00e9 \u00e0 Ati"},{"@type":"BreadcrumbList","@id":"https:\/\/www.africa-press.net\/tchad\/toutes-les-actualites\/le-lyceen-qui-a-agresse-un-professeur-de-sport-emprisonne-a-ati#breadcrumb","itemListElement":[{"@type":"ListItem","position":1,"name":"Accueil","item":"https:\/\/www.africa-press.net\/tchad\/"},{"@type":"ListItem","position":2,"name":"le lyc\u00e9en qui a agress\u00e9 un professeur de sport emprisonn\u00e9 \u00e0 Ati"}]},{"@type":"WebSite","@id":"https:\/\/www.africa-press.net\/tchad\/#website","url":"https:\/\/www.africa-press.net\/tchad\/","name":"tchad","description":"Just another Africa News Agency Sites site","potentialAction":[{"@type":"SearchAction","target":{"@type":"EntryPoint","urlTemplate":"https:\/\/www.africa-press.net\/tchad\/?s={search_term_string}"},"query-input":{"@type":"PropertyValueSpecification","valueRequired":true,"valueName":"search_term_string"}}],"inLanguage":"fr-FR"},{"@type":"Person","@id":"https:\/\/www.africa-press.net\/tchad\/#\/schema\/person\/2b1cf3cd81a31e3cd26889ca66d677f1","name":"cfeditorfr"}]}},"_links":{"self":[{"href":"https:\/\/www.africa-press.net\/tchad\/wp-json\/wp\/v2\/posts\/14591","targetHints":{"allow":["GET"]}}],"collection":[{"href":"https:\/\/www.africa-press.net\/tchad\/wp-json\/wp\/v2\/posts"}],"about":[{"href":"https:\/\/www.africa-press.net\/tchad\/wp-json\/wp\/v2\/types\/post"}],"author":[{"embeddable":true,"href":"https:\/\/www.africa-press.net\/tchad\/wp-json\/wp\/v2\/users\/82"}],"replies":[{"embeddable":true,"href":"https:\/\/www.africa-press.net\/tchad\/wp-json\/wp\/v2\/comments?post=14591"}],"version-history":[{"count":0,"href":"https:\/\/www.africa-press.net\/tchad\/wp-json\/wp\/v2\/posts\/14591\/revisions"}],"wp:featuredmedia":[{"embeddable":true,"href":"https:\/\/www.africa-press.net\/tchad\/wp-json\/wp\/v2\/media\/14590"}],"wp:attachment":[{"href":"https:\/\/www.africa-press.net\/tchad\/wp-json\/wp\/v2\/media?parent=14591"}],"wp:term":[{"taxonomy":"category","embeddable":true,"href":"https:\/\/www.africa-press.net\/tchad\/wp-json\/wp\/v2\/categories?post=14591"},{"taxonomy":"post_tag","embeddable":true,"href":"https:\/\/www.africa-press.net\/tchad\/wp-json\/wp\/v2\/tags?post=14591"}],"curies":[{"name":"wp","href":"https:\/\/api.w.org\/{rel}","templated":true}]}}