{"id":14604,"date":"2021-11-27T15:34:39","date_gmt":"2021-11-27T15:34:39","guid":{"rendered":"https:\/\/www.africa-press.net\/tchad\/politique\/laction-humanitaire-vistata-international-plaide-pour-la-protection-des-civils-en-periode-de-conflit"},"modified":"2021-11-27T18:08:06","modified_gmt":"2021-11-27T18:08:06","slug":"laction-humanitaire-vistata-international-plaide-pour-la-protection-des-civils-en-periode-de-conflit","status":"publish","type":"post","link":"https:\/\/www.africa-press.net\/tchad\/toutes-les-actualites\/laction-humanitaire-vistata-international-plaide-pour-la-protection-des-civils-en-periode-de-conflit","title":{"rendered":"L\u2019Action humanitaire vistata international plaide pour la protection des civils en p\u00e9riode de conflit"},"content":{"rendered":"<p><span style=\"color: #ff6600\"><strong>Africa-Press &#8211; Tchad. <\/strong><\/span>A l\u2019occasion de l\u2019installation des membres fondateurs de l\u2019Action humanitaire vistata international (AHVI), section du Tchad, ce matin \u00e0 N\u2019Djam\u00e9na, un appel de soutien aux civils et humanitaires pris au pi\u00e8ge dans les zones de conflit, a \u00e9t\u00e9 lanc\u00e9.<\/p>\n<p>L\u2019Action humanitaire vistata international (AHVI), est n\u00e9e \u00e0 G\u00e9n\u00e8ve sous l\u2019id\u00e9ologie de la dignit\u00e9 humaine, lors des conflits arm\u00e9s. Elle a notamment pour objectif de contribuer \u00e0 la r\u00e9alisation des Objectifs de d\u00e9veloppement durable (ODD) par une citoyennet\u00e9 bas\u00e9e sur la formation humanitaire et le digital.<\/p>\n<p>\u00ab En jetant un regard en arri\u00e8re, quand il s\u2019agissait de faire de l\u2019action humanitaire c\u2019est \u00e0 dire qui vise pacifiquement et sans discrimination \u00e0 pr\u00e9server la vie dans le respect de la dignit\u00e9, \u00e0 restaurer l\u2019ordre dans ses capacit\u00e9s de choix il y a de cela 150 ans, l\u2019\u00e9quation n\u2019\u00e9tait pas facile \u00bb, reconnait le pr\u00e9sident de l\u2019AHVI-Tchad, Boukar Michel.<\/p>\n<p>Dans les pays en conflit, constate-t-il, les civils sont les premi\u00e8res victimes de violence et les humanitaires et m\u00e9dicaux qui les assistent sont de plus en plus pris pour cible sur des terrains op\u00e9rationnels.<\/p>\n<p>Pourtant, avance Boukar Michel, le Droit international humanitaire prot\u00e8ge les civils dans des situations de conflit. Face aux violences, \u00ab la communaut\u00e9 humanitaire lance un appel fort pour que les civils soient \u00e9pargn\u00e9s de ces souffrances que rien ne saurait justifi\u00e9 .<\/p>\n<p>\u00bb<\/p>\n<p>Le syst\u00e8me de l\u2019Action humanitaire vitasta international est r\u00e9git par trois principes fondamentaux \u00e0 savoir l\u2019humanit\u00e9, la redevabilit\u00e9 et la solidarit\u00e9.<\/p>\n<p><strong>Pour plus d&rsquo;informations et d&rsquo;analyses sur la <a href=\"https:\/\/www.africa-press.net\/tchad\">Tchad<\/a>, suivez <a href=\"https:\/\/www.africa-press.net\/\">Africa-Press<\/a><\/strong><\/p>\n","protected":false},"excerpt":{"rendered":"<p>Africa-Press &#8211; Tchad. A l\u2019occasion de l\u2019installation des membres fondateurs de l\u2019Action humanitaire vistata international (AHVI), section du Tchad, ce matin \u00e0 N\u2019Djam\u00e9na, un appel de soutien aux civils et humanitaires pris au pi\u00e8ge dans les zones de conflit, a \u00e9t\u00e9 lanc\u00e9. L\u2019Action humanitaire vistata international (AHVI), est n\u00e9e \u00e0 G\u00e9n\u00e8ve sous l\u2019id\u00e9ologie de la [&hellip;]<\/p>\n","protected":false},"author":82,"featured_media":14602,"comment_status":"open","ping_status":"closed","sticky":false,"template":"","format":"standard","meta":{"footnotes":""},"categories":[21,11,10],"tags":[37,292,2285,29],"class_list":["post-14604","post","type-post","status-publish","format-standard","has-post-thumbnail","hentry","category-communaute","category-homepage-french","category-toutes-les-actualites","tag-africa-press","tag-africa-press-tchad","tag-protection","tag-tchad"],"yoast_head":"<!-- This site is optimized with the Yoast SEO Premium plugin v26.1 (Yoast SEO v27.0) - https:\/\/yoast.com\/product\/yoast-seo-premium-wordpress\/ -->\n<title>L\u2019Action humanitaire vistata international plaide pour la protection des civils en p\u00e9riode de conflit - tchad<\/title>\n<meta name=\"description\" content=\"A l\u2019occasion de l\u2019installation des membres fondateurs de l\u2019Action humanitaire vistata international (AHVI), section du T ...\" \/>\n<meta name=\"robots\" content=\"index, follow, max-snippet:-1, max-image-preview:large, max-video-preview:-1\" \/>\n<link rel=\"canonical\" href=\"https:\/\/www.africa-press.net\/tchad\/toutes-les-actualites\/laction-humanitaire-vistata-international-plaide-pour-la-protection-des-civils-en-periode-de-conflit\" \/>\n<meta property=\"og:locale\" content=\"fr_FR\" \/>\n<meta property=\"og:type\" content=\"article\" \/>\n<meta property=\"og:title\" content=\"L\u2019Action humanitaire vistata international plaide pour la protection des civils en p\u00e9riode de conflit\" \/>\n<meta property=\"og:description\" content=\"A l\u2019occasion de l\u2019installation des membres fondateurs de l\u2019Action humanitaire vistata international (AHVI), section du T ...\" \/>\n<meta property=\"og:url\" content=\"https:\/\/www.africa-press.net\/tchad\/toutes-les-actualites\/laction-humanitaire-vistata-international-plaide-pour-la-protection-des-civils-en-periode-de-conflit\" \/>\n<meta property=\"og:site_name\" content=\"tchad\" \/>\n<meta property=\"article:published_time\" content=\"2021-11-27T15:34:39+00:00\" \/>\n<meta property=\"article:modified_time\" content=\"2021-11-27T18:08:06+00:00\" \/>\n<meta property=\"og:image\" content=\"https:\/\/static.africa-press.net\/tchad\/sites\/41\/2021\/11\/img-61a273dccde0e.jpg\" \/>\n\t<meta property=\"og:image:width\" content=\"696\" \/>\n\t<meta property=\"og:image:height\" content=\"522\" \/>\n\t<meta property=\"og:image:type\" content=\"image\/jpeg\" \/>\n<meta name=\"author\" content=\"cfeditorfr\" \/>\n<meta name=\"twitter:card\" content=\"summary_large_image\" \/>\n<meta name=\"twitter:label1\" content=\"\u00c9crit par\" \/>\n\t<meta name=\"twitter:data1\" content=\"cfeditorfr\" \/>\n\t<meta name=\"twitter:label2\" content=\"Dur\u00e9e de lecture estim\u00e9e\" \/>\n\t<meta name=\"twitter:data2\" content=\"1 minute\" \/>\n<script type=\"application\/ld+json\" class=\"yoast-schema-graph\">{\"@context\":\"https:\/\/schema.org\",\"@graph\":[{\"@type\":\"Article\",\"@id\":\"https:\/\/www.africa-press.net\/tchad\/toutes-les-actualites\/laction-humanitaire-vistata-international-plaide-pour-la-protection-des-civils-en-periode-de-conflit#article\",\"isPartOf\":{\"@id\":\"https:\/\/www.africa-press.net\/tchad\/toutes-les-actualites\/laction-humanitaire-vistata-international-plaide-pour-la-protection-des-civils-en-periode-de-conflit\"},\"author\":{\"name\":\"cfeditorfr\",\"@id\":\"https:\/\/www.africa-press.net\/tchad\/#\/schema\/person\/2b1cf3cd81a31e3cd26889ca66d677f1\"},\"headline\":\"L\u2019Action humanitaire vistata international plaide pour la protection des civils en p\u00e9riode de conflit\",\"datePublished\":\"2021-11-27T15:34:39+00:00\",\"dateModified\":\"2021-11-27T18:08:06+00:00\",\"mainEntityOfPage\":{\"@id\":\"https:\/\/www.africa-press.net\/tchad\/toutes-les-actualites\/laction-humanitaire-vistata-international-plaide-pour-la-protection-des-civils-en-periode-de-conflit\"},\"wordCount\":298,\"commentCount\":0,\"image\":{\"@id\":\"https:\/\/www.africa-press.net\/tchad\/toutes-les-actualites\/laction-humanitaire-vistata-international-plaide-pour-la-protection-des-civils-en-periode-de-conflit#primaryimage\"},\"thumbnailUrl\":\"https:\/\/static.africa-press.net\/tchad\/sites\/41\/2021\/11\/img-61a273dccde0e.jpg\",\"keywords\":[\"Africa Press\",\"Africa Press-Tchad\",\"protection\",\"Tchad\"],\"articleSection\":[\"Communaut\u00e9\",\"homepage-french\",\"Toutes les actualit\u00e9s\"],\"inLanguage\":\"fr-FR\",\"potentialAction\":[{\"@type\":\"CommentAction\",\"name\":\"Comment\",\"target\":[\"https:\/\/www.africa-press.net\/tchad\/toutes-les-actualites\/laction-humanitaire-vistata-international-plaide-pour-la-protection-des-civils-en-periode-de-conflit#respond\"]}]},{\"@type\":\"WebPage\",\"@id\":\"https:\/\/www.africa-press.net\/tchad\/toutes-les-actualites\/laction-humanitaire-vistata-international-plaide-pour-la-protection-des-civils-en-periode-de-conflit\",\"url\":\"https:\/\/www.africa-press.net\/tchad\/toutes-les-actualites\/laction-humanitaire-vistata-international-plaide-pour-la-protection-des-civils-en-periode-de-conflit\",\"name\":\"L\u2019Action humanitaire vistata international plaide pour la protection des civils en p\u00e9riode de conflit - tchad\",\"isPartOf\":{\"@id\":\"https:\/\/www.africa-press.net\/tchad\/#website\"},\"primaryImageOfPage\":{\"@id\":\"https:\/\/www.africa-press.net\/tchad\/toutes-les-actualites\/laction-humanitaire-vistata-international-plaide-pour-la-protection-des-civils-en-periode-de-conflit#primaryimage\"},\"image\":{\"@id\":\"https:\/\/www.africa-press.net\/tchad\/toutes-les-actualites\/laction-humanitaire-vistata-international-plaide-pour-la-protection-des-civils-en-periode-de-conflit#primaryimage\"},\"thumbnailUrl\":\"https:\/\/static.africa-press.net\/tchad\/sites\/41\/2021\/11\/img-61a273dccde0e.jpg\",\"datePublished\":\"2021-11-27T15:34:39+00:00\",\"dateModified\":\"2021-11-27T18:08:06+00:00\",\"author\":{\"@id\":\"https:\/\/www.africa-press.net\/tchad\/#\/schema\/person\/2b1cf3cd81a31e3cd26889ca66d677f1\"},\"description\":\"A l\u2019occasion de l\u2019installation des membres fondateurs de l\u2019Action humanitaire vistata international (AHVI), section du T ...\",\"breadcrumb\":{\"@id\":\"https:\/\/www.africa-press.net\/tchad\/toutes-les-actualites\/laction-humanitaire-vistata-international-plaide-pour-la-protection-des-civils-en-periode-de-conflit#breadcrumb\"},\"inLanguage\":\"fr-FR\",\"potentialAction\":[{\"@type\":\"ReadAction\",\"target\":[\"https:\/\/www.africa-press.net\/tchad\/toutes-les-actualites\/laction-humanitaire-vistata-international-plaide-pour-la-protection-des-civils-en-periode-de-conflit\"]}]},{\"@type\":\"ImageObject\",\"inLanguage\":\"fr-FR\",\"@id\":\"https:\/\/www.africa-press.net\/tchad\/toutes-les-actualites\/laction-humanitaire-vistata-international-plaide-pour-la-protection-des-civils-en-periode-de-conflit#primaryimage\",\"url\":\"https:\/\/static.africa-press.net\/tchad\/sites\/41\/2021\/11\/img-61a273dccde0e.jpg\",\"contentUrl\":\"https:\/\/static.africa-press.net\/tchad\/sites\/41\/2021\/11\/img-61a273dccde0e.jpg\",\"width\":696,\"height\":522,\"caption\":\"L\u2019Action humanitaire vistata international plaide pour la protection des civils en p\u00e9riode de conflit\"},{\"@type\":\"BreadcrumbList\",\"@id\":\"https:\/\/www.africa-press.net\/tchad\/toutes-les-actualites\/laction-humanitaire-vistata-international-plaide-pour-la-protection-des-civils-en-periode-de-conflit#breadcrumb\",\"itemListElement\":[{\"@type\":\"ListItem\",\"position\":1,\"name\":\"Accueil\",\"item\":\"https:\/\/www.africa-press.net\/tchad\/\"},{\"@type\":\"ListItem\",\"position\":2,\"name\":\"L\u2019Action humanitaire vistata international plaide pour la protection des civils en p\u00e9riode de conflit\"}]},{\"@type\":\"WebSite\",\"@id\":\"https:\/\/www.africa-press.net\/tchad\/#website\",\"url\":\"https:\/\/www.africa-press.net\/tchad\/\",\"name\":\"tchad\",\"description\":\"Just another Africa News Agency Sites site\",\"potentialAction\":[{\"@type\":\"SearchAction\",\"target\":{\"@type\":\"EntryPoint\",\"urlTemplate\":\"https:\/\/www.africa-press.net\/tchad\/?s={search_term_string}\"},\"query-input\":{\"@type\":\"PropertyValueSpecification\",\"valueRequired\":true,\"valueName\":\"search_term_string\"}}],\"inLanguage\":\"fr-FR\"},{\"@type\":\"Person\",\"@id\":\"https:\/\/www.africa-press.net\/tchad\/#\/schema\/person\/2b1cf3cd81a31e3cd26889ca66d677f1\",\"name\":\"cfeditorfr\"}]}<\/script>\n<!-- \/ Yoast SEO Premium plugin. -->","yoast_head_json":{"title":"L\u2019Action humanitaire vistata international plaide pour la protection des civils en p\u00e9riode de conflit - tchad","description":"A l\u2019occasion de l\u2019installation des membres fondateurs de l\u2019Action humanitaire vistata international (AHVI), section du T ...","robots":{"index":"index","follow":"follow","max-snippet":"max-snippet:-1","max-image-preview":"max-image-preview:large","max-video-preview":"max-video-preview:-1"},"canonical":"https:\/\/www.africa-press.net\/tchad\/toutes-les-actualites\/laction-humanitaire-vistata-international-plaide-pour-la-protection-des-civils-en-periode-de-conflit","og_locale":"fr_FR","og_type":"article","og_title":"L\u2019Action humanitaire vistata international plaide pour la protection des civils en p\u00e9riode de conflit","og_description":"A l\u2019occasion de l\u2019installation des membres fondateurs de l\u2019Action humanitaire vistata international (AHVI), section du T ...","og_url":"https:\/\/www.africa-press.net\/tchad\/toutes-les-actualites\/laction-humanitaire-vistata-international-plaide-pour-la-protection-des-civils-en-periode-de-conflit","og_site_name":"tchad","article_published_time":"2021-11-27T15:34:39+00:00","article_modified_time":"2021-11-27T18:08:06+00:00","og_image":[{"width":696,"height":522,"url":"https:\/\/static.africa-press.net\/tchad\/sites\/41\/2021\/11\/img-61a273dccde0e.jpg","type":"image\/jpeg"}],"author":"cfeditorfr","twitter_card":"summary_large_image","twitter_misc":{"\u00c9crit par":"cfeditorfr","Dur\u00e9e de lecture estim\u00e9e":"1 minute"},"schema":{"@context":"https:\/\/schema.org","@graph":[{"@type":"Article","@id":"https:\/\/www.africa-press.net\/tchad\/toutes-les-actualites\/laction-humanitaire-vistata-international-plaide-pour-la-protection-des-civils-en-periode-de-conflit#article","isPartOf":{"@id":"https:\/\/www.africa-press.net\/tchad\/toutes-les-actualites\/laction-humanitaire-vistata-international-plaide-pour-la-protection-des-civils-en-periode-de-conflit"},"author":{"name":"cfeditorfr","@id":"https:\/\/www.africa-press.net\/tchad\/#\/schema\/person\/2b1cf3cd81a31e3cd26889ca66d677f1"},"headline":"L\u2019Action humanitaire vistata international plaide pour la protection des civils en p\u00e9riode de conflit","datePublished":"2021-11-27T15:34:39+00:00","dateModified":"2021-11-27T18:08:06+00:00","mainEntityOfPage":{"@id":"https:\/\/www.africa-press.net\/tchad\/toutes-les-actualites\/laction-humanitaire-vistata-international-plaide-pour-la-protection-des-civils-en-periode-de-conflit"},"wordCount":298,"commentCount":0,"image":{"@id":"https:\/\/www.africa-press.net\/tchad\/toutes-les-actualites\/laction-humanitaire-vistata-international-plaide-pour-la-protection-des-civils-en-periode-de-conflit#primaryimage"},"thumbnailUrl":"https:\/\/static.africa-press.net\/tchad\/sites\/41\/2021\/11\/img-61a273dccde0e.jpg","keywords":["Africa Press","Africa Press-Tchad","protection","Tchad"],"articleSection":["Communaut\u00e9","homepage-french","Toutes les actualit\u00e9s"],"inLanguage":"fr-FR","potentialAction":[{"@type":"CommentAction","name":"Comment","target":["https:\/\/www.africa-press.net\/tchad\/toutes-les-actualites\/laction-humanitaire-vistata-international-plaide-pour-la-protection-des-civils-en-periode-de-conflit#respond"]}]},{"@type":"WebPage","@id":"https:\/\/www.africa-press.net\/tchad\/toutes-les-actualites\/laction-humanitaire-vistata-international-plaide-pour-la-protection-des-civils-en-periode-de-conflit","url":"https:\/\/www.africa-press.net\/tchad\/toutes-les-actualites\/laction-humanitaire-vistata-international-plaide-pour-la-protection-des-civils-en-periode-de-conflit","name":"L\u2019Action humanitaire vistata international plaide pour la protection des civils en p\u00e9riode de conflit - tchad","isPartOf":{"@id":"https:\/\/www.africa-press.net\/tchad\/#website"},"primaryImageOfPage":{"@id":"https:\/\/www.africa-press.net\/tchad\/toutes-les-actualites\/laction-humanitaire-vistata-international-plaide-pour-la-protection-des-civils-en-periode-de-conflit#primaryimage"},"image":{"@id":"https:\/\/www.africa-press.net\/tchad\/toutes-les-actualites\/laction-humanitaire-vistata-international-plaide-pour-la-protection-des-civils-en-periode-de-conflit#primaryimage"},"thumbnailUrl":"https:\/\/static.africa-press.net\/tchad\/sites\/41\/2021\/11\/img-61a273dccde0e.jpg","datePublished":"2021-11-27T15:34:39+00:00","dateModified":"2021-11-27T18:08:06+00:00","author":{"@id":"https:\/\/www.africa-press.net\/tchad\/#\/schema\/person\/2b1cf3cd81a31e3cd26889ca66d677f1"},"description":"A l\u2019occasion de l\u2019installation des membres fondateurs de l\u2019Action humanitaire vistata international (AHVI), section du T ...","breadcrumb":{"@id":"https:\/\/www.africa-press.net\/tchad\/toutes-les-actualites\/laction-humanitaire-vistata-international-plaide-pour-la-protection-des-civils-en-periode-de-conflit#breadcrumb"},"inLanguage":"fr-FR","potentialAction":[{"@type":"ReadAction","target":["https:\/\/www.africa-press.net\/tchad\/toutes-les-actualites\/laction-humanitaire-vistata-international-plaide-pour-la-protection-des-civils-en-periode-de-conflit"]}]},{"@type":"ImageObject","inLanguage":"fr-FR","@id":"https:\/\/www.africa-press.net\/tchad\/toutes-les-actualites\/laction-humanitaire-vistata-international-plaide-pour-la-protection-des-civils-en-periode-de-conflit#primaryimage","url":"https:\/\/static.africa-press.net\/tchad\/sites\/41\/2021\/11\/img-61a273dccde0e.jpg","contentUrl":"https:\/\/static.africa-press.net\/tchad\/sites\/41\/2021\/11\/img-61a273dccde0e.jpg","width":696,"height":522,"caption":"L\u2019Action humanitaire vistata international plaide pour la protection des civils en p\u00e9riode de conflit"},{"@type":"BreadcrumbList","@id":"https:\/\/www.africa-press.net\/tchad\/toutes-les-actualites\/laction-humanitaire-vistata-international-plaide-pour-la-protection-des-civils-en-periode-de-conflit#breadcrumb","itemListElement":[{"@type":"ListItem","position":1,"name":"Accueil","item":"https:\/\/www.africa-press.net\/tchad\/"},{"@type":"ListItem","position":2,"name":"L\u2019Action humanitaire vistata international plaide pour la protection des civils en p\u00e9riode de conflit"}]},{"@type":"WebSite","@id":"https:\/\/www.africa-press.net\/tchad\/#website","url":"https:\/\/www.africa-press.net\/tchad\/","name":"tchad","description":"Just another Africa News Agency Sites site","potentialAction":[{"@type":"SearchAction","target":{"@type":"EntryPoint","urlTemplate":"https:\/\/www.africa-press.net\/tchad\/?s={search_term_string}"},"query-input":{"@type":"PropertyValueSpecification","valueRequired":true,"valueName":"search_term_string"}}],"inLanguage":"fr-FR"},{"@type":"Person","@id":"https:\/\/www.africa-press.net\/tchad\/#\/schema\/person\/2b1cf3cd81a31e3cd26889ca66d677f1","name":"cfeditorfr"}]}},"_links":{"self":[{"href":"https:\/\/www.africa-press.net\/tchad\/wp-json\/wp\/v2\/posts\/14604","targetHints":{"allow":["GET"]}}],"collection":[{"href":"https:\/\/www.africa-press.net\/tchad\/wp-json\/wp\/v2\/posts"}],"about":[{"href":"https:\/\/www.africa-press.net\/tchad\/wp-json\/wp\/v2\/types\/post"}],"author":[{"embeddable":true,"href":"https:\/\/www.africa-press.net\/tchad\/wp-json\/wp\/v2\/users\/82"}],"replies":[{"embeddable":true,"href":"https:\/\/www.africa-press.net\/tchad\/wp-json\/wp\/v2\/comments?post=14604"}],"version-history":[{"count":0,"href":"https:\/\/www.africa-press.net\/tchad\/wp-json\/wp\/v2\/posts\/14604\/revisions"}],"wp:featuredmedia":[{"embeddable":true,"href":"https:\/\/www.africa-press.net\/tchad\/wp-json\/wp\/v2\/media\/14602"}],"wp:attachment":[{"href":"https:\/\/www.africa-press.net\/tchad\/wp-json\/wp\/v2\/media?parent=14604"}],"wp:term":[{"taxonomy":"category","embeddable":true,"href":"https:\/\/www.africa-press.net\/tchad\/wp-json\/wp\/v2\/categories?post=14604"},{"taxonomy":"post_tag","embeddable":true,"href":"https:\/\/www.africa-press.net\/tchad\/wp-json\/wp\/v2\/tags?post=14604"}],"curies":[{"name":"wp","href":"https:\/\/api.w.org\/{rel}","templated":true}]}}