{"id":14609,"date":"2021-11-27T15:35:28","date_gmt":"2021-11-27T15:35:28","guid":{"rendered":"https:\/\/www.africa-press.net\/tchad\/politique\/une-representante-onusienne-en-mission-pour-la-protection-de-lenfance"},"modified":"2021-11-27T18:08:58","modified_gmt":"2021-11-27T18:08:58","slug":"une-representante-onusienne-en-mission-pour-la-protection-de-lenfance","status":"publish","type":"post","link":"https:\/\/www.africa-press.net\/tchad\/toutes-les-actualites\/une-representante-onusienne-en-mission-pour-la-protection-de-lenfance","title":{"rendered":"une repr\u00e9sentante onusienne en mission pour la protection de l\u2019enfance"},"content":{"rendered":"<p><span style=\"color: #ff6600\"><strong>Africa-Press &#8211; Tchad. <\/strong><\/span>Dr Najat Maalla M\u2019jid, Repr\u00e9sentante Sp\u00e9ciale du Secr\u00e9taire G\u00e9n\u00e9ral du Syst\u00e8me des Nations Unies en charge des questions de violence contre les enfants, termine ce samedi 27 novembre sa visite officielle de travail au Tchad, pays de Touma\u00ef, berceau de l\u2019humanit\u00e9.<\/p>\n<p>Apr\u00e8s sept (7) Jours de travail au Tchad en \u00e9troite collaboration avec la Coordonnatrice r\u00e9sidente du syst\u00e8me des Nations Unies, la Repr\u00e9sentante Sp\u00e9ciale a eu des \u00e9changes tr\u00e8s fructueux avec les plus hautes autorit\u00e9s de la R\u00e9publique, les responsables des organisations de la soci\u00e9t\u00e9 civile, la plateforme inter-confessionnelle, les ambassadeurs, l\u2019\u00e9quipe pays du syst\u00e8me des Nations Unies, les bailleurs de fonds, la banque mondiale et le Fond Mon\u00e9taire Internationale.<\/p>\n<p>La Repr\u00e9sentante Sp\u00e9ciale a \u00e9galement visit\u00e9 des programmes et services d\u00e9di\u00e9s aux enfants. La Repr\u00e9sentante Sp\u00e9ciale a \u00e9galement particip\u00e9 au lancement de la campagne nationale \u00ab Oranger le Tchad \u00bb visant \u00e0 mettre fin aux violences bas\u00e9es sur le genre.<\/p>\n<p>Cette mission visait \u00e0 renforcer la coop\u00e9ration entre le gouvernement du Tchad et le syst\u00e8me des Nations Unies en vue d\u2019accompagner le processus transitionnel en cours et de s\u2019assurer que le d\u00e9veloppement, le bien-\u00eatre et la protection des enfants contre toutes les formes de violences et d\u2019exclusion sont d\u00fbment pris en compte.<\/p>\n<p>La situation de la violence reste une r\u00e9alit\u00e9 quotidienne pour bon nombre des enfants, filles et gar\u00e7ons au Tchad. Selon l&rsquo;Enqu\u00eate par grappes \u00e0 indicateurs multiples (MICS) de 2019, 85,3% des enfants de 1 \u00e0 14 ans ont subi toute m\u00e9thode de discipline violente.<\/p>\n<p>Ajouter \u00e0 cela, 7% des filles \u00e2g\u00e9es de 0 \u00e0 14 ans ont subi une forme quelconque de mutilation g\u00e9nitale f\u00e9minine (MGF) ; 55% des femmes \u00e2g\u00e9es de 20 \u00e0 49 ans se sont mari\u00e9es ou ont contract\u00e9 une union conjugale avant 18 ans ; Environ 57% des enfants d\u2019\u00e2ge primaire ne sont pas \u00e0 l\u2019\u00e9cole.<\/p>\n<p>Cette tendance alarmante s\u2019aggrave, du fait de l\u2018impact de la pand\u00e9mie COVID19, des disparit\u00e9s et in\u00e9galit\u00e9s sociales, de l\u2019ins\u00e9curit\u00e9 alimentaire, des crises humanitaires et conflits, des changements climatiques, et de l\u2019ins\u00e9curit\u00e9 qui affectent le continent.<\/p>\n<p>Afin de pallier ces difficult\u00e9s, le Gouvernement de la R\u00e9publique du Tchad avec le soutien de ses partenaires a mis en \u0153uvre de nombreuses actions pour pr\u00e9venir et r\u00e9pondre aux violences faite aux enfants, mais beaucoup reste encore \u00e0 faire.<\/p>\n<p>Dr Najat Maalla M\u2019jid a \u00e9t\u00e9 re\u00e7ue par le Pr\u00e9sident du Conseil Militaire de Transition, le G\u00e9n\u00e9ral Mahamat Idriss Deby o\u00f9 elle a f\u00e9licit\u00e9 le Pr\u00e9sident pour son engagement personnel dans la lutte contre les violences faites aux enfants et bas\u00e9s sur le Genre.<\/p>\n<p>Lors de cette audience, le Pr\u00e9sident a r\u00e9it\u00e9r\u00e9 son fort engagement et insist\u00e9 sur la n\u00e9cessit\u00e9 d\u2019une approche int\u00e9gr\u00e9e et synergique et du renforcement du partenariat avec les Nations Unies pour la protection et la promotion des droits de l\u2019enfant.<\/p>\n<p>Lors de son audience avec le Pr\u00e9sident du Conseil National de Transition, la Repr\u00e9sentante Sp\u00e9ciale a \u00e9galement plaid\u00e9 pour la prise en compte de la protection des enfants et de leurs droits dans la nouvelle Constitution et dans le Plan National de D\u00e9veloppement (PND). Elle a aussi soulign\u00e9 l\u2019importance de la participation des enfants et des jeunes dans le processus du dialogue national inclusif.<\/p>\n<p>Afin de pr\u00e9venir et de mettre fin \u00e0 toutes les violences \u00e0 l\u2019\u00e9gard des enfants, de mani\u00e8re durable et effective, l\u2019\u00e9quipe pays du syst\u00e8me des Nations Unies en appui au gouvernement suivant le plan cadre de coop\u00e9ration 2017-2022, met un accent particulier sur la question des violences faites aux enfants et la mutilation g\u00e9nitale f\u00e9minine.<\/p>\n<p>\u00ab Avec le gouvernement nous agissons sur plusieurs fronts \u00e0 la fois afin d\u2019investir dans l\u2019acc\u00e8s \u00e9quitable \u00e0 des services int\u00e9gr\u00e9s inclusifs, protecteurs et de qualit\u00e9, adapt\u00e9s aux enfants et au genre, incluant l\u2019\u00e9ducation, l\u2019alphab\u00e9tisation, l&rsquo;apprentissage num\u00e9rique, la protection, la sant\u00e9 physique et mentale, la sant\u00e9 reproductive, la justice, le soutien aux familles, la protection sociale durable pour les familles et les communaut\u00e9s vuln\u00e9rables.<\/p>\n<p>\u00bb a d\u00e9clar\u00e9 la Coordonnatrice r\u00e9sidente du syst\u00e8me des Nations Unies Mme Violette Kakyomya.<\/p>\n<p>\u00ab Investir dans les enfants d\u00e8s le plus jeune \u00e2ge au Tchad ne peut pas attendre car les enfants ne sont pas seulement l\u2019avenir, ils sont le pr\u00e9sent et repr\u00e9sentent un capital humain important. Investir dans les enfants contribuera grandement \u00e0 la r\u00e9alisation des Agenda 2030 et des Agenda africain 2040 et 2063.<\/p>\n<p>Les engagements politiques doivent \u00eatre traduits en actions concr\u00e8tes, durables, assorties des ressources humaines et financi\u00e8res requises, de syst\u00e8me d\u2019information et de m\u00e9canismes de redevabilit\u00e9.<\/p>\n<p>Une mobilisation soutenue de tous les acteurs cl\u00e9s, y inclus les enfants et les jeunes est capitale, pour agir vite et mieux et de mani\u00e8re concert\u00e9e. \u00bb a d\u00e9clar\u00e9 la Repr\u00e9sentante Sp\u00e9ciale, Dr. Najat Maalla M\u2019jid.<\/p>\n<p><strong>Pour plus d&rsquo;informations et d&rsquo;analyses sur la <a href=\"https:\/\/www.africa-press.net\/tchad\">Tchad<\/a>, suivez <a href=\"https:\/\/www.africa-press.net\/\">Africa-Press<\/a><\/strong><\/p>\n","protected":false},"excerpt":{"rendered":"<p>Africa-Press &#8211; Tchad. Dr Najat Maalla M\u2019jid, Repr\u00e9sentante Sp\u00e9ciale du Secr\u00e9taire G\u00e9n\u00e9ral du Syst\u00e8me des Nations Unies en charge des questions de violence contre les enfants, termine ce samedi 27 novembre sa visite officielle de travail au Tchad, pays de Touma\u00ef, berceau de l\u2019humanit\u00e9. Apr\u00e8s sept (7) Jours de travail au Tchad en \u00e9troite collaboration [&hellip;]<\/p>\n","protected":false},"author":82,"featured_media":14607,"comment_status":"open","ping_status":"closed","sticky":false,"template":"","format":"standard","meta":{"footnotes":""},"categories":[21,11,10],"tags":[37,292,2761,29],"class_list":["post-14609","post","type-post","status-publish","format-standard","has-post-thumbnail","hentry","category-communaute","category-homepage-french","category-toutes-les-actualites","tag-africa-press","tag-africa-press-tchad","tag-onusienne","tag-tchad"],"yoast_head":"<!-- This site is optimized with the Yoast SEO Premium plugin v26.1 (Yoast SEO v27.0) - https:\/\/yoast.com\/product\/yoast-seo-premium-wordpress\/ -->\n<title>une repr\u00e9sentante onusienne en mission pour la protection de l\u2019enfance - tchad<\/title>\n<meta name=\"description\" content=\"Dr Najat Maalla M\u2019jid, Repr\u00e9sentante Sp\u00e9ciale du Secr\u00e9taire G\u00e9n\u00e9ral du Syst\u00e8me des Nations Unies en charge des questions ...\" \/>\n<meta name=\"robots\" content=\"index, follow, max-snippet:-1, max-image-preview:large, max-video-preview:-1\" \/>\n<link rel=\"canonical\" href=\"https:\/\/www.africa-press.net\/tchad\/toutes-les-actualites\/une-representante-onusienne-en-mission-pour-la-protection-de-lenfance\" \/>\n<meta property=\"og:locale\" content=\"fr_FR\" \/>\n<meta property=\"og:type\" content=\"article\" \/>\n<meta property=\"og:title\" content=\"une repr\u00e9sentante onusienne en mission pour la protection de l\u2019enfance\" \/>\n<meta property=\"og:description\" content=\"Dr Najat Maalla M\u2019jid, Repr\u00e9sentante Sp\u00e9ciale du Secr\u00e9taire G\u00e9n\u00e9ral du Syst\u00e8me des Nations Unies en charge des questions ...\" \/>\n<meta property=\"og:url\" content=\"https:\/\/www.africa-press.net\/tchad\/toutes-les-actualites\/une-representante-onusienne-en-mission-pour-la-protection-de-lenfance\" \/>\n<meta property=\"og:site_name\" content=\"tchad\" \/>\n<meta property=\"article:published_time\" content=\"2021-11-27T15:35:28+00:00\" \/>\n<meta property=\"article:modified_time\" content=\"2021-11-27T18:08:58+00:00\" \/>\n<meta property=\"og:image\" content=\"https:\/\/static.africa-press.net\/tchad\/sites\/41\/2021\/11\/img-61a2741434e88.jpg\" \/>\n\t<meta property=\"og:image:width\" content=\"820\" \/>\n\t<meta property=\"og:image:height\" content=\"545\" \/>\n\t<meta property=\"og:image:type\" content=\"image\/jpeg\" \/>\n<meta name=\"author\" content=\"cfeditorfr\" \/>\n<meta name=\"twitter:card\" content=\"summary_large_image\" \/>\n<meta name=\"twitter:label1\" content=\"\u00c9crit par\" \/>\n\t<meta name=\"twitter:data1\" content=\"cfeditorfr\" \/>\n\t<meta name=\"twitter:label2\" content=\"Dur\u00e9e de lecture estim\u00e9e\" \/>\n\t<meta name=\"twitter:data2\" content=\"4 minutes\" \/>\n<script type=\"application\/ld+json\" class=\"yoast-schema-graph\">{\"@context\":\"https:\/\/schema.org\",\"@graph\":[{\"@type\":\"Article\",\"@id\":\"https:\/\/www.africa-press.net\/tchad\/toutes-les-actualites\/une-representante-onusienne-en-mission-pour-la-protection-de-lenfance#article\",\"isPartOf\":{\"@id\":\"https:\/\/www.africa-press.net\/tchad\/toutes-les-actualites\/une-representante-onusienne-en-mission-pour-la-protection-de-lenfance\"},\"author\":{\"name\":\"cfeditorfr\",\"@id\":\"https:\/\/www.africa-press.net\/tchad\/#\/schema\/person\/2b1cf3cd81a31e3cd26889ca66d677f1\"},\"headline\":\"une repr\u00e9sentante onusienne en mission pour la protection de l\u2019enfance\",\"datePublished\":\"2021-11-27T15:35:28+00:00\",\"dateModified\":\"2021-11-27T18:08:58+00:00\",\"mainEntityOfPage\":{\"@id\":\"https:\/\/www.africa-press.net\/tchad\/toutes-les-actualites\/une-representante-onusienne-en-mission-pour-la-protection-de-lenfance\"},\"wordCount\":883,\"commentCount\":0,\"image\":{\"@id\":\"https:\/\/www.africa-press.net\/tchad\/toutes-les-actualites\/une-representante-onusienne-en-mission-pour-la-protection-de-lenfance#primaryimage\"},\"thumbnailUrl\":\"https:\/\/static.africa-press.net\/tchad\/sites\/41\/2021\/11\/img-61a2741434e88.jpg\",\"keywords\":[\"Africa Press\",\"Africa Press-Tchad\",\"onusienne\",\"Tchad\"],\"articleSection\":[\"Communaut\u00e9\",\"homepage-french\",\"Toutes les actualit\u00e9s\"],\"inLanguage\":\"fr-FR\",\"potentialAction\":[{\"@type\":\"CommentAction\",\"name\":\"Comment\",\"target\":[\"https:\/\/www.africa-press.net\/tchad\/toutes-les-actualites\/une-representante-onusienne-en-mission-pour-la-protection-de-lenfance#respond\"]}]},{\"@type\":\"WebPage\",\"@id\":\"https:\/\/www.africa-press.net\/tchad\/toutes-les-actualites\/une-representante-onusienne-en-mission-pour-la-protection-de-lenfance\",\"url\":\"https:\/\/www.africa-press.net\/tchad\/toutes-les-actualites\/une-representante-onusienne-en-mission-pour-la-protection-de-lenfance\",\"name\":\"une repr\u00e9sentante onusienne en mission pour la protection de l\u2019enfance - tchad\",\"isPartOf\":{\"@id\":\"https:\/\/www.africa-press.net\/tchad\/#website\"},\"primaryImageOfPage\":{\"@id\":\"https:\/\/www.africa-press.net\/tchad\/toutes-les-actualites\/une-representante-onusienne-en-mission-pour-la-protection-de-lenfance#primaryimage\"},\"image\":{\"@id\":\"https:\/\/www.africa-press.net\/tchad\/toutes-les-actualites\/une-representante-onusienne-en-mission-pour-la-protection-de-lenfance#primaryimage\"},\"thumbnailUrl\":\"https:\/\/static.africa-press.net\/tchad\/sites\/41\/2021\/11\/img-61a2741434e88.jpg\",\"datePublished\":\"2021-11-27T15:35:28+00:00\",\"dateModified\":\"2021-11-27T18:08:58+00:00\",\"author\":{\"@id\":\"https:\/\/www.africa-press.net\/tchad\/#\/schema\/person\/2b1cf3cd81a31e3cd26889ca66d677f1\"},\"description\":\"Dr Najat Maalla M\u2019jid, Repr\u00e9sentante Sp\u00e9ciale du Secr\u00e9taire G\u00e9n\u00e9ral du Syst\u00e8me des Nations Unies en charge des questions ...\",\"breadcrumb\":{\"@id\":\"https:\/\/www.africa-press.net\/tchad\/toutes-les-actualites\/une-representante-onusienne-en-mission-pour-la-protection-de-lenfance#breadcrumb\"},\"inLanguage\":\"fr-FR\",\"potentialAction\":[{\"@type\":\"ReadAction\",\"target\":[\"https:\/\/www.africa-press.net\/tchad\/toutes-les-actualites\/une-representante-onusienne-en-mission-pour-la-protection-de-lenfance\"]}]},{\"@type\":\"ImageObject\",\"inLanguage\":\"fr-FR\",\"@id\":\"https:\/\/www.africa-press.net\/tchad\/toutes-les-actualites\/une-representante-onusienne-en-mission-pour-la-protection-de-lenfance#primaryimage\",\"url\":\"https:\/\/static.africa-press.net\/tchad\/sites\/41\/2021\/11\/img-61a2741434e88.jpg\",\"contentUrl\":\"https:\/\/static.africa-press.net\/tchad\/sites\/41\/2021\/11\/img-61a2741434e88.jpg\",\"width\":820,\"height\":545,\"caption\":\"une repr\u00e9sentante onusienne en mission pour la protection de l\u2019enfance\"},{\"@type\":\"BreadcrumbList\",\"@id\":\"https:\/\/www.africa-press.net\/tchad\/toutes-les-actualites\/une-representante-onusienne-en-mission-pour-la-protection-de-lenfance#breadcrumb\",\"itemListElement\":[{\"@type\":\"ListItem\",\"position\":1,\"name\":\"Accueil\",\"item\":\"https:\/\/www.africa-press.net\/tchad\/\"},{\"@type\":\"ListItem\",\"position\":2,\"name\":\"une repr\u00e9sentante onusienne en mission pour la protection de l\u2019enfance\"}]},{\"@type\":\"WebSite\",\"@id\":\"https:\/\/www.africa-press.net\/tchad\/#website\",\"url\":\"https:\/\/www.africa-press.net\/tchad\/\",\"name\":\"tchad\",\"description\":\"Just another Africa News Agency Sites site\",\"potentialAction\":[{\"@type\":\"SearchAction\",\"target\":{\"@type\":\"EntryPoint\",\"urlTemplate\":\"https:\/\/www.africa-press.net\/tchad\/?s={search_term_string}\"},\"query-input\":{\"@type\":\"PropertyValueSpecification\",\"valueRequired\":true,\"valueName\":\"search_term_string\"}}],\"inLanguage\":\"fr-FR\"},{\"@type\":\"Person\",\"@id\":\"https:\/\/www.africa-press.net\/tchad\/#\/schema\/person\/2b1cf3cd81a31e3cd26889ca66d677f1\",\"name\":\"cfeditorfr\"}]}<\/script>\n<!-- \/ Yoast SEO Premium plugin. -->","yoast_head_json":{"title":"une repr\u00e9sentante onusienne en mission pour la protection de l\u2019enfance - tchad","description":"Dr Najat Maalla M\u2019jid, Repr\u00e9sentante Sp\u00e9ciale du Secr\u00e9taire G\u00e9n\u00e9ral du Syst\u00e8me des Nations Unies en charge des questions ...","robots":{"index":"index","follow":"follow","max-snippet":"max-snippet:-1","max-image-preview":"max-image-preview:large","max-video-preview":"max-video-preview:-1"},"canonical":"https:\/\/www.africa-press.net\/tchad\/toutes-les-actualites\/une-representante-onusienne-en-mission-pour-la-protection-de-lenfance","og_locale":"fr_FR","og_type":"article","og_title":"une repr\u00e9sentante onusienne en mission pour la protection de l\u2019enfance","og_description":"Dr Najat Maalla M\u2019jid, Repr\u00e9sentante Sp\u00e9ciale du Secr\u00e9taire G\u00e9n\u00e9ral du Syst\u00e8me des Nations Unies en charge des questions ...","og_url":"https:\/\/www.africa-press.net\/tchad\/toutes-les-actualites\/une-representante-onusienne-en-mission-pour-la-protection-de-lenfance","og_site_name":"tchad","article_published_time":"2021-11-27T15:35:28+00:00","article_modified_time":"2021-11-27T18:08:58+00:00","og_image":[{"width":820,"height":545,"url":"https:\/\/static.africa-press.net\/tchad\/sites\/41\/2021\/11\/img-61a2741434e88.jpg","type":"image\/jpeg"}],"author":"cfeditorfr","twitter_card":"summary_large_image","twitter_misc":{"\u00c9crit par":"cfeditorfr","Dur\u00e9e de lecture estim\u00e9e":"4 minutes"},"schema":{"@context":"https:\/\/schema.org","@graph":[{"@type":"Article","@id":"https:\/\/www.africa-press.net\/tchad\/toutes-les-actualites\/une-representante-onusienne-en-mission-pour-la-protection-de-lenfance#article","isPartOf":{"@id":"https:\/\/www.africa-press.net\/tchad\/toutes-les-actualites\/une-representante-onusienne-en-mission-pour-la-protection-de-lenfance"},"author":{"name":"cfeditorfr","@id":"https:\/\/www.africa-press.net\/tchad\/#\/schema\/person\/2b1cf3cd81a31e3cd26889ca66d677f1"},"headline":"une repr\u00e9sentante onusienne en mission pour la protection de l\u2019enfance","datePublished":"2021-11-27T15:35:28+00:00","dateModified":"2021-11-27T18:08:58+00:00","mainEntityOfPage":{"@id":"https:\/\/www.africa-press.net\/tchad\/toutes-les-actualites\/une-representante-onusienne-en-mission-pour-la-protection-de-lenfance"},"wordCount":883,"commentCount":0,"image":{"@id":"https:\/\/www.africa-press.net\/tchad\/toutes-les-actualites\/une-representante-onusienne-en-mission-pour-la-protection-de-lenfance#primaryimage"},"thumbnailUrl":"https:\/\/static.africa-press.net\/tchad\/sites\/41\/2021\/11\/img-61a2741434e88.jpg","keywords":["Africa Press","Africa Press-Tchad","onusienne","Tchad"],"articleSection":["Communaut\u00e9","homepage-french","Toutes les actualit\u00e9s"],"inLanguage":"fr-FR","potentialAction":[{"@type":"CommentAction","name":"Comment","target":["https:\/\/www.africa-press.net\/tchad\/toutes-les-actualites\/une-representante-onusienne-en-mission-pour-la-protection-de-lenfance#respond"]}]},{"@type":"WebPage","@id":"https:\/\/www.africa-press.net\/tchad\/toutes-les-actualites\/une-representante-onusienne-en-mission-pour-la-protection-de-lenfance","url":"https:\/\/www.africa-press.net\/tchad\/toutes-les-actualites\/une-representante-onusienne-en-mission-pour-la-protection-de-lenfance","name":"une repr\u00e9sentante onusienne en mission pour la protection de l\u2019enfance - tchad","isPartOf":{"@id":"https:\/\/www.africa-press.net\/tchad\/#website"},"primaryImageOfPage":{"@id":"https:\/\/www.africa-press.net\/tchad\/toutes-les-actualites\/une-representante-onusienne-en-mission-pour-la-protection-de-lenfance#primaryimage"},"image":{"@id":"https:\/\/www.africa-press.net\/tchad\/toutes-les-actualites\/une-representante-onusienne-en-mission-pour-la-protection-de-lenfance#primaryimage"},"thumbnailUrl":"https:\/\/static.africa-press.net\/tchad\/sites\/41\/2021\/11\/img-61a2741434e88.jpg","datePublished":"2021-11-27T15:35:28+00:00","dateModified":"2021-11-27T18:08:58+00:00","author":{"@id":"https:\/\/www.africa-press.net\/tchad\/#\/schema\/person\/2b1cf3cd81a31e3cd26889ca66d677f1"},"description":"Dr Najat Maalla M\u2019jid, Repr\u00e9sentante Sp\u00e9ciale du Secr\u00e9taire G\u00e9n\u00e9ral du Syst\u00e8me des Nations Unies en charge des questions ...","breadcrumb":{"@id":"https:\/\/www.africa-press.net\/tchad\/toutes-les-actualites\/une-representante-onusienne-en-mission-pour-la-protection-de-lenfance#breadcrumb"},"inLanguage":"fr-FR","potentialAction":[{"@type":"ReadAction","target":["https:\/\/www.africa-press.net\/tchad\/toutes-les-actualites\/une-representante-onusienne-en-mission-pour-la-protection-de-lenfance"]}]},{"@type":"ImageObject","inLanguage":"fr-FR","@id":"https:\/\/www.africa-press.net\/tchad\/toutes-les-actualites\/une-representante-onusienne-en-mission-pour-la-protection-de-lenfance#primaryimage","url":"https:\/\/static.africa-press.net\/tchad\/sites\/41\/2021\/11\/img-61a2741434e88.jpg","contentUrl":"https:\/\/static.africa-press.net\/tchad\/sites\/41\/2021\/11\/img-61a2741434e88.jpg","width":820,"height":545,"caption":"une repr\u00e9sentante onusienne en mission pour la protection de l\u2019enfance"},{"@type":"BreadcrumbList","@id":"https:\/\/www.africa-press.net\/tchad\/toutes-les-actualites\/une-representante-onusienne-en-mission-pour-la-protection-de-lenfance#breadcrumb","itemListElement":[{"@type":"ListItem","position":1,"name":"Accueil","item":"https:\/\/www.africa-press.net\/tchad\/"},{"@type":"ListItem","position":2,"name":"une repr\u00e9sentante onusienne en mission pour la protection de l\u2019enfance"}]},{"@type":"WebSite","@id":"https:\/\/www.africa-press.net\/tchad\/#website","url":"https:\/\/www.africa-press.net\/tchad\/","name":"tchad","description":"Just another Africa News Agency Sites site","potentialAction":[{"@type":"SearchAction","target":{"@type":"EntryPoint","urlTemplate":"https:\/\/www.africa-press.net\/tchad\/?s={search_term_string}"},"query-input":{"@type":"PropertyValueSpecification","valueRequired":true,"valueName":"search_term_string"}}],"inLanguage":"fr-FR"},{"@type":"Person","@id":"https:\/\/www.africa-press.net\/tchad\/#\/schema\/person\/2b1cf3cd81a31e3cd26889ca66d677f1","name":"cfeditorfr"}]}},"_links":{"self":[{"href":"https:\/\/www.africa-press.net\/tchad\/wp-json\/wp\/v2\/posts\/14609","targetHints":{"allow":["GET"]}}],"collection":[{"href":"https:\/\/www.africa-press.net\/tchad\/wp-json\/wp\/v2\/posts"}],"about":[{"href":"https:\/\/www.africa-press.net\/tchad\/wp-json\/wp\/v2\/types\/post"}],"author":[{"embeddable":true,"href":"https:\/\/www.africa-press.net\/tchad\/wp-json\/wp\/v2\/users\/82"}],"replies":[{"embeddable":true,"href":"https:\/\/www.africa-press.net\/tchad\/wp-json\/wp\/v2\/comments?post=14609"}],"version-history":[{"count":0,"href":"https:\/\/www.africa-press.net\/tchad\/wp-json\/wp\/v2\/posts\/14609\/revisions"}],"wp:featuredmedia":[{"embeddable":true,"href":"https:\/\/www.africa-press.net\/tchad\/wp-json\/wp\/v2\/media\/14607"}],"wp:attachment":[{"href":"https:\/\/www.africa-press.net\/tchad\/wp-json\/wp\/v2\/media?parent=14609"}],"wp:term":[{"taxonomy":"category","embeddable":true,"href":"https:\/\/www.africa-press.net\/tchad\/wp-json\/wp\/v2\/categories?post=14609"},{"taxonomy":"post_tag","embeddable":true,"href":"https:\/\/www.africa-press.net\/tchad\/wp-json\/wp\/v2\/tags?post=14609"}],"curies":[{"name":"wp","href":"https:\/\/api.w.org\/{rel}","templated":true}]}}