{"id":14612,"date":"2021-11-27T15:36:15","date_gmt":"2021-11-27T15:36:15","guid":{"rendered":"https:\/\/www.africa-press.net\/tchad\/politique\/le-gouverneur-de-la-province-du-mandoul-poursuit-ses-premiers-contacts-avec-ses-collaborateurs"},"modified":"2021-11-27T18:09:38","modified_gmt":"2021-11-27T18:09:38","slug":"le-gouverneur-de-la-province-du-mandoul-poursuit-ses-premiers-contacts-avec-ses-collaborateurs","status":"publish","type":"post","link":"https:\/\/www.africa-press.net\/tchad\/politique\/le-gouverneur-de-la-province-du-mandoul-poursuit-ses-premiers-contacts-avec-ses-collaborateurs","title":{"rendered":"Le gouverneur de la province du Mandoul poursuit ses premiers contacts avec ses collaborateurs"},"content":{"rendered":"<p><span style=\"color: #ff6600\"><strong>Africa-Press &#8211; Tchad. <\/strong><\/span>Hier c\u2019\u00e9tait le tour du r\u00e9seau des Associations de D\u00e9fense des droits de l\u2019homme. Pour le nouveau gouverneur, les ADH doivent collaborer avec l\u2019administration pour participer ensemble au maintien de la paix et du bon vivre entre population.<\/p>\n<p>Les r\u00e9unions de prise de contact entre le nouveau gouverneur du Mandoul, Hissein Dakou, et ses collaborateurs continuent. Dans la journ\u00e9e de vendredi 26 novembre, c\u2019est autour des associations de d\u00e9fense des droits de l\u2019homme.<\/p>\n<p>Prenant la parole, le coordonnateur du r\u00e9seau des associations de d\u00e9fense des droits de l\u2019homme du Mandoul, Madjiyara Ngar Alkoa s\u2019est attel\u00e9 sur les cas r\u00e9currents des conflits agriculteurs-\u00e9leveurs, le mariage pr\u00e9coce, les mutilations g\u00e9nitales f\u00e9minines, la traite des enfants, l\u2019esclavage, l\u2019accaparement de terre\u2026 Quant \u00e0 lui : certains paysans se voient arracher leur terre.<\/p>\n<p>Ils sont expos\u00e9s \u00e0 tout. Une famille agraire qui n\u2019a plus de terre cultivable devient un ma\u00e7on qui n\u2019a plus de truelle. Expos\u00e9e \u00e0 tous les dangers, elle est oblig\u00e9e de devenir esclave sur sa propre terre pour survivre, affirme-t-il.<\/p>\n<p>A cet effet, le Gal Hissein Dakou rassure aux leaders des associations de d\u00e9fense des droits humains que m\u00eame un m\u00e8tre de terre d\u2019une personne ne sera arrach\u00e9 par quelqu\u2019un. Moins d\u2019erreur c\u2019est la prison car Dieu condamne l\u2019injustice, d\u00e9clare-t-il.<\/p>\n<p>Le gouverneur demande aux leaders de ces associations de v\u00e9hiculer le message de la paix et \u00e9viter de divulguer les fausses informations qui pourraient occasionner les conflits et la haine.<\/p>\n<p>Il affirme en ces termes : \u201cje suis \u00e0 votre c\u00f4t\u00e9 pour \u0153uvrer pour la d\u00e9fense des droits humains, je suis impartial et je suis aux c\u00f4t\u00e9s de la victime.<\/p>\n<p>Je ne tarderai pas \u00e0 envoyer \u00e0 korotoro toute personne qui viole les droits de l\u2019homme\u201d, assure le gouverneur. A l\u2019endroit de la presse, le gouverneur leur invite \u00e0 travailler dans le respect de l\u2019\u00e9thique et de la d\u00e9ontologie.<\/p>\n<p>V\u00e9rifier les sources d\u2019information, traiter l\u2019information comme l\u2019art aurait voulu, collaborer avec l\u2019administration. Il ne faudrait pas que les plumes des journalistes s\u2019acharnent contre une personne ni une institution car pour lui, la presse est un service tr\u00e8s sensible et surtout pendant cette p\u00e9riode de transition.<\/p>\n<p>Vulgariser les informations li\u00e9es \u00e0 la paix afin de participer au bon processus de transition et favoriser la cohabitation pacifique. Tels sont ses conseils. Il demande enfin aux hommes de m\u00e9dias de l\u2019aider dans l\u2019exercice de sa mission dans le Mandoul.<\/p>\n<p><strong>Pour plus d&rsquo;informations et d&rsquo;analyses sur la <a href=\"https:\/\/www.africa-press.net\/tchad\">Tchad<\/a>, suivez <a href=\"https:\/\/www.africa-press.net\/\">Africa-Press<\/a><\/strong><\/p>\n","protected":false},"excerpt":{"rendered":"<p>Africa-Press &#8211; Tchad. Hier c\u2019\u00e9tait le tour du r\u00e9seau des Associations de D\u00e9fense des droits de l\u2019homme. Pour le nouveau gouverneur, les ADH doivent collaborer avec l\u2019administration pour participer ensemble au maintien de la paix et du bon vivre entre population. Les r\u00e9unions de prise de contact entre le nouveau gouverneur du Mandoul, Hissein Dakou, [&hellip;]<\/p>\n","protected":false},"author":82,"featured_media":14611,"comment_status":"open","ping_status":"closed","sticky":false,"template":"","format":"standard","meta":{"footnotes":""},"categories":[11,2,20,10],"tags":[37,292,2762,29],"class_list":["post-14612","post","type-post","status-publish","format-standard","has-post-thumbnail","hentry","category-homepage-french","category-politique","category-top-nouvelles","category-toutes-les-actualites","tag-africa-press","tag-africa-press-tchad","tag-collaborateurs","tag-tchad"],"yoast_head":"<!-- This site is optimized with the Yoast SEO Premium plugin v26.1 (Yoast SEO v27.0) - https:\/\/yoast.com\/product\/yoast-seo-premium-wordpress\/ -->\n<title>Le gouverneur de la province du Mandoul poursuit ses premiers contacts avec ses collaborateurs - tchad<\/title>\n<meta name=\"description\" content=\"Hier c\u2019\u00e9tait le tour du r\u00e9seau des Associations de D\u00e9fense des droits de l\u2019homme. Pour le nouveau gouverneur, les ADH do ...\" \/>\n<meta name=\"robots\" content=\"index, follow, max-snippet:-1, max-image-preview:large, max-video-preview:-1\" \/>\n<link rel=\"canonical\" href=\"https:\/\/www.africa-press.net\/tchad\/politique\/le-gouverneur-de-la-province-du-mandoul-poursuit-ses-premiers-contacts-avec-ses-collaborateurs\" \/>\n<meta property=\"og:locale\" content=\"fr_FR\" \/>\n<meta property=\"og:type\" content=\"article\" \/>\n<meta property=\"og:title\" content=\"Le gouverneur de la province du Mandoul poursuit ses premiers contacts avec ses collaborateurs\" \/>\n<meta property=\"og:description\" content=\"Hier c\u2019\u00e9tait le tour du r\u00e9seau des Associations de D\u00e9fense des droits de l\u2019homme. Pour le nouveau gouverneur, les ADH do ...\" \/>\n<meta property=\"og:url\" content=\"https:\/\/www.africa-press.net\/tchad\/politique\/le-gouverneur-de-la-province-du-mandoul-poursuit-ses-premiers-contacts-avec-ses-collaborateurs\" \/>\n<meta property=\"og:site_name\" content=\"tchad\" \/>\n<meta property=\"article:published_time\" content=\"2021-11-27T15:36:15+00:00\" \/>\n<meta property=\"article:modified_time\" content=\"2021-11-27T18:09:38+00:00\" \/>\n<meta property=\"og:image\" content=\"https:\/\/static.africa-press.net\/tchad\/sites\/41\/2021\/11\/img-61a27442d17b6.jpg\" \/>\n\t<meta property=\"og:image:width\" content=\"696\" \/>\n\t<meta property=\"og:image:height\" content=\"522\" \/>\n\t<meta property=\"og:image:type\" content=\"image\/jpeg\" \/>\n<meta name=\"author\" content=\"cfeditorfr\" \/>\n<meta name=\"twitter:card\" content=\"summary_large_image\" \/>\n<meta name=\"twitter:label1\" content=\"\u00c9crit par\" \/>\n\t<meta name=\"twitter:data1\" content=\"cfeditorfr\" \/>\n\t<meta name=\"twitter:label2\" content=\"Dur\u00e9e de lecture estim\u00e9e\" \/>\n\t<meta name=\"twitter:data2\" content=\"2 minutes\" \/>\n<script type=\"application\/ld+json\" class=\"yoast-schema-graph\">{\"@context\":\"https:\/\/schema.org\",\"@graph\":[{\"@type\":\"Article\",\"@id\":\"https:\/\/www.africa-press.net\/tchad\/politique\/le-gouverneur-de-la-province-du-mandoul-poursuit-ses-premiers-contacts-avec-ses-collaborateurs#article\",\"isPartOf\":{\"@id\":\"https:\/\/www.africa-press.net\/tchad\/politique\/le-gouverneur-de-la-province-du-mandoul-poursuit-ses-premiers-contacts-avec-ses-collaborateurs\"},\"author\":{\"name\":\"cfeditorfr\",\"@id\":\"https:\/\/www.africa-press.net\/tchad\/#\/schema\/person\/2b1cf3cd81a31e3cd26889ca66d677f1\"},\"headline\":\"Le gouverneur de la province du Mandoul poursuit ses premiers contacts avec ses collaborateurs\",\"datePublished\":\"2021-11-27T15:36:15+00:00\",\"dateModified\":\"2021-11-27T18:09:38+00:00\",\"mainEntityOfPage\":{\"@id\":\"https:\/\/www.africa-press.net\/tchad\/politique\/le-gouverneur-de-la-province-du-mandoul-poursuit-ses-premiers-contacts-avec-ses-collaborateurs\"},\"wordCount\":469,\"commentCount\":0,\"image\":{\"@id\":\"https:\/\/www.africa-press.net\/tchad\/politique\/le-gouverneur-de-la-province-du-mandoul-poursuit-ses-premiers-contacts-avec-ses-collaborateurs#primaryimage\"},\"thumbnailUrl\":\"https:\/\/static.africa-press.net\/tchad\/sites\/41\/2021\/11\/img-61a27442d17b6.jpg\",\"keywords\":[\"Africa Press\",\"Africa Press-Tchad\",\"collaborateurs\",\"Tchad\"],\"articleSection\":[\"homepage-french\",\"Politique\",\"Top Nouvelles\",\"Toutes les actualit\u00e9s\"],\"inLanguage\":\"fr-FR\",\"potentialAction\":[{\"@type\":\"CommentAction\",\"name\":\"Comment\",\"target\":[\"https:\/\/www.africa-press.net\/tchad\/politique\/le-gouverneur-de-la-province-du-mandoul-poursuit-ses-premiers-contacts-avec-ses-collaborateurs#respond\"]}]},{\"@type\":\"WebPage\",\"@id\":\"https:\/\/www.africa-press.net\/tchad\/politique\/le-gouverneur-de-la-province-du-mandoul-poursuit-ses-premiers-contacts-avec-ses-collaborateurs\",\"url\":\"https:\/\/www.africa-press.net\/tchad\/politique\/le-gouverneur-de-la-province-du-mandoul-poursuit-ses-premiers-contacts-avec-ses-collaborateurs\",\"name\":\"Le gouverneur de la province du Mandoul poursuit ses premiers contacts avec ses collaborateurs - tchad\",\"isPartOf\":{\"@id\":\"https:\/\/www.africa-press.net\/tchad\/#website\"},\"primaryImageOfPage\":{\"@id\":\"https:\/\/www.africa-press.net\/tchad\/politique\/le-gouverneur-de-la-province-du-mandoul-poursuit-ses-premiers-contacts-avec-ses-collaborateurs#primaryimage\"},\"image\":{\"@id\":\"https:\/\/www.africa-press.net\/tchad\/politique\/le-gouverneur-de-la-province-du-mandoul-poursuit-ses-premiers-contacts-avec-ses-collaborateurs#primaryimage\"},\"thumbnailUrl\":\"https:\/\/static.africa-press.net\/tchad\/sites\/41\/2021\/11\/img-61a27442d17b6.jpg\",\"datePublished\":\"2021-11-27T15:36:15+00:00\",\"dateModified\":\"2021-11-27T18:09:38+00:00\",\"author\":{\"@id\":\"https:\/\/www.africa-press.net\/tchad\/#\/schema\/person\/2b1cf3cd81a31e3cd26889ca66d677f1\"},\"description\":\"Hier c\u2019\u00e9tait le tour du r\u00e9seau des Associations de D\u00e9fense des droits de l\u2019homme. Pour le nouveau gouverneur, les ADH do ...\",\"breadcrumb\":{\"@id\":\"https:\/\/www.africa-press.net\/tchad\/politique\/le-gouverneur-de-la-province-du-mandoul-poursuit-ses-premiers-contacts-avec-ses-collaborateurs#breadcrumb\"},\"inLanguage\":\"fr-FR\",\"potentialAction\":[{\"@type\":\"ReadAction\",\"target\":[\"https:\/\/www.africa-press.net\/tchad\/politique\/le-gouverneur-de-la-province-du-mandoul-poursuit-ses-premiers-contacts-avec-ses-collaborateurs\"]}]},{\"@type\":\"ImageObject\",\"inLanguage\":\"fr-FR\",\"@id\":\"https:\/\/www.africa-press.net\/tchad\/politique\/le-gouverneur-de-la-province-du-mandoul-poursuit-ses-premiers-contacts-avec-ses-collaborateurs#primaryimage\",\"url\":\"https:\/\/static.africa-press.net\/tchad\/sites\/41\/2021\/11\/img-61a27442d17b6.jpg\",\"contentUrl\":\"https:\/\/static.africa-press.net\/tchad\/sites\/41\/2021\/11\/img-61a27442d17b6.jpg\",\"width\":696,\"height\":522,\"caption\":\"Le gouverneur de la province du Mandoul poursuit ses premiers contacts avec ses collaborateurs\"},{\"@type\":\"BreadcrumbList\",\"@id\":\"https:\/\/www.africa-press.net\/tchad\/politique\/le-gouverneur-de-la-province-du-mandoul-poursuit-ses-premiers-contacts-avec-ses-collaborateurs#breadcrumb\",\"itemListElement\":[{\"@type\":\"ListItem\",\"position\":1,\"name\":\"Accueil\",\"item\":\"https:\/\/www.africa-press.net\/tchad\/\"},{\"@type\":\"ListItem\",\"position\":2,\"name\":\"Le gouverneur de la province du Mandoul poursuit ses premiers contacts avec ses collaborateurs\"}]},{\"@type\":\"WebSite\",\"@id\":\"https:\/\/www.africa-press.net\/tchad\/#website\",\"url\":\"https:\/\/www.africa-press.net\/tchad\/\",\"name\":\"tchad\",\"description\":\"Just another Africa News Agency Sites site\",\"potentialAction\":[{\"@type\":\"SearchAction\",\"target\":{\"@type\":\"EntryPoint\",\"urlTemplate\":\"https:\/\/www.africa-press.net\/tchad\/?s={search_term_string}\"},\"query-input\":{\"@type\":\"PropertyValueSpecification\",\"valueRequired\":true,\"valueName\":\"search_term_string\"}}],\"inLanguage\":\"fr-FR\"},{\"@type\":\"Person\",\"@id\":\"https:\/\/www.africa-press.net\/tchad\/#\/schema\/person\/2b1cf3cd81a31e3cd26889ca66d677f1\",\"name\":\"cfeditorfr\"}]}<\/script>\n<!-- \/ Yoast SEO Premium plugin. -->","yoast_head_json":{"title":"Le gouverneur de la province du Mandoul poursuit ses premiers contacts avec ses collaborateurs - tchad","description":"Hier c\u2019\u00e9tait le tour du r\u00e9seau des Associations de D\u00e9fense des droits de l\u2019homme. Pour le nouveau gouverneur, les ADH do ...","robots":{"index":"index","follow":"follow","max-snippet":"max-snippet:-1","max-image-preview":"max-image-preview:large","max-video-preview":"max-video-preview:-1"},"canonical":"https:\/\/www.africa-press.net\/tchad\/politique\/le-gouverneur-de-la-province-du-mandoul-poursuit-ses-premiers-contacts-avec-ses-collaborateurs","og_locale":"fr_FR","og_type":"article","og_title":"Le gouverneur de la province du Mandoul poursuit ses premiers contacts avec ses collaborateurs","og_description":"Hier c\u2019\u00e9tait le tour du r\u00e9seau des Associations de D\u00e9fense des droits de l\u2019homme. Pour le nouveau gouverneur, les ADH do ...","og_url":"https:\/\/www.africa-press.net\/tchad\/politique\/le-gouverneur-de-la-province-du-mandoul-poursuit-ses-premiers-contacts-avec-ses-collaborateurs","og_site_name":"tchad","article_published_time":"2021-11-27T15:36:15+00:00","article_modified_time":"2021-11-27T18:09:38+00:00","og_image":[{"width":696,"height":522,"url":"https:\/\/static.africa-press.net\/tchad\/sites\/41\/2021\/11\/img-61a27442d17b6.jpg","type":"image\/jpeg"}],"author":"cfeditorfr","twitter_card":"summary_large_image","twitter_misc":{"\u00c9crit par":"cfeditorfr","Dur\u00e9e de lecture estim\u00e9e":"2 minutes"},"schema":{"@context":"https:\/\/schema.org","@graph":[{"@type":"Article","@id":"https:\/\/www.africa-press.net\/tchad\/politique\/le-gouverneur-de-la-province-du-mandoul-poursuit-ses-premiers-contacts-avec-ses-collaborateurs#article","isPartOf":{"@id":"https:\/\/www.africa-press.net\/tchad\/politique\/le-gouverneur-de-la-province-du-mandoul-poursuit-ses-premiers-contacts-avec-ses-collaborateurs"},"author":{"name":"cfeditorfr","@id":"https:\/\/www.africa-press.net\/tchad\/#\/schema\/person\/2b1cf3cd81a31e3cd26889ca66d677f1"},"headline":"Le gouverneur de la province du Mandoul poursuit ses premiers contacts avec ses collaborateurs","datePublished":"2021-11-27T15:36:15+00:00","dateModified":"2021-11-27T18:09:38+00:00","mainEntityOfPage":{"@id":"https:\/\/www.africa-press.net\/tchad\/politique\/le-gouverneur-de-la-province-du-mandoul-poursuit-ses-premiers-contacts-avec-ses-collaborateurs"},"wordCount":469,"commentCount":0,"image":{"@id":"https:\/\/www.africa-press.net\/tchad\/politique\/le-gouverneur-de-la-province-du-mandoul-poursuit-ses-premiers-contacts-avec-ses-collaborateurs#primaryimage"},"thumbnailUrl":"https:\/\/static.africa-press.net\/tchad\/sites\/41\/2021\/11\/img-61a27442d17b6.jpg","keywords":["Africa Press","Africa Press-Tchad","collaborateurs","Tchad"],"articleSection":["homepage-french","Politique","Top Nouvelles","Toutes les actualit\u00e9s"],"inLanguage":"fr-FR","potentialAction":[{"@type":"CommentAction","name":"Comment","target":["https:\/\/www.africa-press.net\/tchad\/politique\/le-gouverneur-de-la-province-du-mandoul-poursuit-ses-premiers-contacts-avec-ses-collaborateurs#respond"]}]},{"@type":"WebPage","@id":"https:\/\/www.africa-press.net\/tchad\/politique\/le-gouverneur-de-la-province-du-mandoul-poursuit-ses-premiers-contacts-avec-ses-collaborateurs","url":"https:\/\/www.africa-press.net\/tchad\/politique\/le-gouverneur-de-la-province-du-mandoul-poursuit-ses-premiers-contacts-avec-ses-collaborateurs","name":"Le gouverneur de la province du Mandoul poursuit ses premiers contacts avec ses collaborateurs - tchad","isPartOf":{"@id":"https:\/\/www.africa-press.net\/tchad\/#website"},"primaryImageOfPage":{"@id":"https:\/\/www.africa-press.net\/tchad\/politique\/le-gouverneur-de-la-province-du-mandoul-poursuit-ses-premiers-contacts-avec-ses-collaborateurs#primaryimage"},"image":{"@id":"https:\/\/www.africa-press.net\/tchad\/politique\/le-gouverneur-de-la-province-du-mandoul-poursuit-ses-premiers-contacts-avec-ses-collaborateurs#primaryimage"},"thumbnailUrl":"https:\/\/static.africa-press.net\/tchad\/sites\/41\/2021\/11\/img-61a27442d17b6.jpg","datePublished":"2021-11-27T15:36:15+00:00","dateModified":"2021-11-27T18:09:38+00:00","author":{"@id":"https:\/\/www.africa-press.net\/tchad\/#\/schema\/person\/2b1cf3cd81a31e3cd26889ca66d677f1"},"description":"Hier c\u2019\u00e9tait le tour du r\u00e9seau des Associations de D\u00e9fense des droits de l\u2019homme. Pour le nouveau gouverneur, les ADH do ...","breadcrumb":{"@id":"https:\/\/www.africa-press.net\/tchad\/politique\/le-gouverneur-de-la-province-du-mandoul-poursuit-ses-premiers-contacts-avec-ses-collaborateurs#breadcrumb"},"inLanguage":"fr-FR","potentialAction":[{"@type":"ReadAction","target":["https:\/\/www.africa-press.net\/tchad\/politique\/le-gouverneur-de-la-province-du-mandoul-poursuit-ses-premiers-contacts-avec-ses-collaborateurs"]}]},{"@type":"ImageObject","inLanguage":"fr-FR","@id":"https:\/\/www.africa-press.net\/tchad\/politique\/le-gouverneur-de-la-province-du-mandoul-poursuit-ses-premiers-contacts-avec-ses-collaborateurs#primaryimage","url":"https:\/\/static.africa-press.net\/tchad\/sites\/41\/2021\/11\/img-61a27442d17b6.jpg","contentUrl":"https:\/\/static.africa-press.net\/tchad\/sites\/41\/2021\/11\/img-61a27442d17b6.jpg","width":696,"height":522,"caption":"Le gouverneur de la province du Mandoul poursuit ses premiers contacts avec ses collaborateurs"},{"@type":"BreadcrumbList","@id":"https:\/\/www.africa-press.net\/tchad\/politique\/le-gouverneur-de-la-province-du-mandoul-poursuit-ses-premiers-contacts-avec-ses-collaborateurs#breadcrumb","itemListElement":[{"@type":"ListItem","position":1,"name":"Accueil","item":"https:\/\/www.africa-press.net\/tchad\/"},{"@type":"ListItem","position":2,"name":"Le gouverneur de la province du Mandoul poursuit ses premiers contacts avec ses collaborateurs"}]},{"@type":"WebSite","@id":"https:\/\/www.africa-press.net\/tchad\/#website","url":"https:\/\/www.africa-press.net\/tchad\/","name":"tchad","description":"Just another Africa News Agency Sites site","potentialAction":[{"@type":"SearchAction","target":{"@type":"EntryPoint","urlTemplate":"https:\/\/www.africa-press.net\/tchad\/?s={search_term_string}"},"query-input":{"@type":"PropertyValueSpecification","valueRequired":true,"valueName":"search_term_string"}}],"inLanguage":"fr-FR"},{"@type":"Person","@id":"https:\/\/www.africa-press.net\/tchad\/#\/schema\/person\/2b1cf3cd81a31e3cd26889ca66d677f1","name":"cfeditorfr"}]}},"_links":{"self":[{"href":"https:\/\/www.africa-press.net\/tchad\/wp-json\/wp\/v2\/posts\/14612","targetHints":{"allow":["GET"]}}],"collection":[{"href":"https:\/\/www.africa-press.net\/tchad\/wp-json\/wp\/v2\/posts"}],"about":[{"href":"https:\/\/www.africa-press.net\/tchad\/wp-json\/wp\/v2\/types\/post"}],"author":[{"embeddable":true,"href":"https:\/\/www.africa-press.net\/tchad\/wp-json\/wp\/v2\/users\/82"}],"replies":[{"embeddable":true,"href":"https:\/\/www.africa-press.net\/tchad\/wp-json\/wp\/v2\/comments?post=14612"}],"version-history":[{"count":0,"href":"https:\/\/www.africa-press.net\/tchad\/wp-json\/wp\/v2\/posts\/14612\/revisions"}],"wp:featuredmedia":[{"embeddable":true,"href":"https:\/\/www.africa-press.net\/tchad\/wp-json\/wp\/v2\/media\/14611"}],"wp:attachment":[{"href":"https:\/\/www.africa-press.net\/tchad\/wp-json\/wp\/v2\/media?parent=14612"}],"wp:term":[{"taxonomy":"category","embeddable":true,"href":"https:\/\/www.africa-press.net\/tchad\/wp-json\/wp\/v2\/categories?post=14612"},{"taxonomy":"post_tag","embeddable":true,"href":"https:\/\/www.africa-press.net\/tchad\/wp-json\/wp\/v2\/tags?post=14612"}],"curies":[{"name":"wp","href":"https:\/\/api.w.org\/{rel}","templated":true}]}}