{"id":14679,"date":"2021-11-28T16:09:29","date_gmt":"2021-11-28T16:09:29","guid":{"rendered":"https:\/\/www.africa-press.net\/tchad\/politique\/des-jeunes-se-revendiquant-des-transformateurs-recus-par-le-pcmt-2"},"modified":"2021-11-28T18:14:11","modified_gmt":"2021-11-28T18:14:11","slug":"des-jeunes-se-revendiquant-des-transformateurs-recus-par-le-pcmt-2","status":"publish","type":"post","link":"https:\/\/www.africa-press.net\/tchad\/parties\/des-jeunes-se-revendiquant-des-transformateurs-recus-par-le-pcmt-2","title":{"rendered":"des jeunes se revendiquant des Transformateurs re\u00e7us par le PCMT"},"content":{"rendered":"<p><span style=\"color: #ff6600\"><strong>Africa-Press &#8211; Tchad. <\/strong><\/span>\u00c0 leur demande, ces jeunes sont venus \u00e9changer avec le chef de l\u2019Etat sur les d\u00e9fis auxquels font face la jeunesse tchadienne et annoncer leur d\u00e9cision de soutenir le CMT et d\u2019accompagner le processus de transition en cours.<\/p>\n<p>Aux c\u00f4t\u00e9s de ces jeunes du parti Les Transformateurs, l\u2019on a not\u00e9 la pr\u00e9sence d\u2019autres jeunes issus d\u2019organisations de la soci\u00e9t\u00e9 civile. Pour le chef de l\u2019Etat, en sa qualit\u00e9 de garant de la paix et de la qui\u00e9tude sociale, ses portes sont ouvertes et toute id\u00e9e allant dans le sens de la concorde nationale est la bienvenue.<\/p>\n<p>\u00ab Le CMT n\u2019est pas un parti politique et il est au-dessus de la m\u00eal\u00e9e \u00bb, a rappel\u00e9 le chef de l\u2019Etat. Aussi, invite-t-il, la jeunesse \u00e0 une union sacr\u00e9e autour du CMT pour tenir le pari d\u2019une transition apais\u00e9e, v\u0153ux chers de tous les Tchadiens.<\/p>\n<p><strong>Pour plus d&rsquo;informations et d&rsquo;analyses sur la <a href=\"https:\/\/www.africa-press.net\/tchad\">Tchad<\/a>, suivez <a href=\"https:\/\/www.africa-press.net\/\">Africa-Press<\/a><\/strong><\/p>\n","protected":false},"excerpt":{"rendered":"<p>Africa-Press &#8211; Tchad. \u00c0 leur demande, ces jeunes sont venus \u00e9changer avec le chef de l\u2019Etat sur les d\u00e9fis auxquels font face la jeunesse tchadienne et annoncer leur d\u00e9cision de soutenir le CMT et d\u2019accompagner le processus de transition en cours. Aux c\u00f4t\u00e9s de ces jeunes du parti Les Transformateurs, l\u2019on a not\u00e9 la pr\u00e9sence [&hellip;]<\/p>\n","protected":false},"author":82,"featured_media":14678,"comment_status":"open","ping_status":"closed","sticky":false,"template":"","format":"standard","meta":{"footnotes":""},"categories":[11,4,10],"tags":[37,292,1717,29],"class_list":["post-14679","post","type-post","status-publish","format-standard","has-post-thumbnail","hentry","category-homepage-french","category-parties","category-toutes-les-actualites","tag-africa-press","tag-africa-press-tchad","tag-pcmt","tag-tchad"],"yoast_head":"<!-- This site is optimized with the Yoast SEO Premium plugin v26.1 (Yoast SEO v27.0) - https:\/\/yoast.com\/product\/yoast-seo-premium-wordpress\/ -->\n<title>des jeunes se revendiquant des Transformateurs re\u00e7us par le PCMT - tchad<\/title>\n<meta name=\"description\" content=\"\u00c0 leur demande, ces jeunes sont venus \u00e9changer avec le chef de l\u2019Etat sur les d\u00e9fis auxquels font face la jeunesse tchad ...\" \/>\n<meta name=\"robots\" content=\"index, follow, max-snippet:-1, max-image-preview:large, max-video-preview:-1\" \/>\n<link rel=\"canonical\" href=\"https:\/\/www.africa-press.net\/tchad\/parties\/des-jeunes-se-revendiquant-des-transformateurs-recus-par-le-pcmt-2\" \/>\n<meta property=\"og:locale\" content=\"fr_FR\" \/>\n<meta property=\"og:type\" content=\"article\" \/>\n<meta property=\"og:title\" content=\"des jeunes se revendiquant des Transformateurs re\u00e7us par le PCMT\" \/>\n<meta property=\"og:description\" content=\"\u00c0 leur demande, ces jeunes sont venus \u00e9changer avec le chef de l\u2019Etat sur les d\u00e9fis auxquels font face la jeunesse tchad ...\" \/>\n<meta property=\"og:url\" content=\"https:\/\/www.africa-press.net\/tchad\/parties\/des-jeunes-se-revendiquant-des-transformateurs-recus-par-le-pcmt-2\" \/>\n<meta property=\"og:site_name\" content=\"tchad\" \/>\n<meta property=\"article:published_time\" content=\"2021-11-28T16:09:29+00:00\" \/>\n<meta property=\"article:modified_time\" content=\"2021-11-28T18:14:11+00:00\" \/>\n<meta property=\"og:image\" content=\"https:\/\/static.africa-press.net\/tchad\/sites\/41\/2021\/11\/img-61a3c6d93e1f0.jpg\" \/>\n\t<meta property=\"og:image:width\" content=\"870\" \/>\n\t<meta property=\"og:image:height\" content=\"563\" \/>\n\t<meta property=\"og:image:type\" content=\"image\/jpeg\" \/>\n<meta name=\"author\" content=\"cfeditorfr\" \/>\n<meta name=\"twitter:card\" content=\"summary_large_image\" \/>\n<meta name=\"twitter:label1\" content=\"\u00c9crit par\" \/>\n\t<meta name=\"twitter:data1\" content=\"cfeditorfr\" \/>\n\t<meta name=\"twitter:label2\" content=\"Dur\u00e9e de lecture estim\u00e9e\" \/>\n\t<meta name=\"twitter:data2\" content=\"1 minute\" \/>\n<script type=\"application\/ld+json\" class=\"yoast-schema-graph\">{\"@context\":\"https:\/\/schema.org\",\"@graph\":[{\"@type\":\"Article\",\"@id\":\"https:\/\/www.africa-press.net\/tchad\/parties\/des-jeunes-se-revendiquant-des-transformateurs-recus-par-le-pcmt-2#article\",\"isPartOf\":{\"@id\":\"https:\/\/www.africa-press.net\/tchad\/parties\/des-jeunes-se-revendiquant-des-transformateurs-recus-par-le-pcmt-2\"},\"author\":{\"name\":\"cfeditorfr\",\"@id\":\"https:\/\/www.africa-press.net\/tchad\/#\/schema\/person\/2b1cf3cd81a31e3cd26889ca66d677f1\"},\"headline\":\"des jeunes se revendiquant des Transformateurs re\u00e7us par le PCMT\",\"datePublished\":\"2021-11-28T16:09:29+00:00\",\"dateModified\":\"2021-11-28T18:14:11+00:00\",\"mainEntityOfPage\":{\"@id\":\"https:\/\/www.africa-press.net\/tchad\/parties\/des-jeunes-se-revendiquant-des-transformateurs-recus-par-le-pcmt-2\"},\"wordCount\":186,\"commentCount\":0,\"image\":{\"@id\":\"https:\/\/www.africa-press.net\/tchad\/parties\/des-jeunes-se-revendiquant-des-transformateurs-recus-par-le-pcmt-2#primaryimage\"},\"thumbnailUrl\":\"https:\/\/static.africa-press.net\/tchad\/sites\/41\/2021\/11\/img-61a3c6d93e1f0.jpg\",\"keywords\":[\"Africa Press\",\"Africa Press-Tchad\",\"PCMT\",\"Tchad\"],\"articleSection\":[\"homepage-french\",\"Parties\",\"Toutes les actualit\u00e9s\"],\"inLanguage\":\"fr-FR\",\"potentialAction\":[{\"@type\":\"CommentAction\",\"name\":\"Comment\",\"target\":[\"https:\/\/www.africa-press.net\/tchad\/parties\/des-jeunes-se-revendiquant-des-transformateurs-recus-par-le-pcmt-2#respond\"]}]},{\"@type\":\"WebPage\",\"@id\":\"https:\/\/www.africa-press.net\/tchad\/parties\/des-jeunes-se-revendiquant-des-transformateurs-recus-par-le-pcmt-2\",\"url\":\"https:\/\/www.africa-press.net\/tchad\/parties\/des-jeunes-se-revendiquant-des-transformateurs-recus-par-le-pcmt-2\",\"name\":\"des jeunes se revendiquant des Transformateurs re\u00e7us par le PCMT - tchad\",\"isPartOf\":{\"@id\":\"https:\/\/www.africa-press.net\/tchad\/#website\"},\"primaryImageOfPage\":{\"@id\":\"https:\/\/www.africa-press.net\/tchad\/parties\/des-jeunes-se-revendiquant-des-transformateurs-recus-par-le-pcmt-2#primaryimage\"},\"image\":{\"@id\":\"https:\/\/www.africa-press.net\/tchad\/parties\/des-jeunes-se-revendiquant-des-transformateurs-recus-par-le-pcmt-2#primaryimage\"},\"thumbnailUrl\":\"https:\/\/static.africa-press.net\/tchad\/sites\/41\/2021\/11\/img-61a3c6d93e1f0.jpg\",\"datePublished\":\"2021-11-28T16:09:29+00:00\",\"dateModified\":\"2021-11-28T18:14:11+00:00\",\"author\":{\"@id\":\"https:\/\/www.africa-press.net\/tchad\/#\/schema\/person\/2b1cf3cd81a31e3cd26889ca66d677f1\"},\"description\":\"\u00c0 leur demande, ces jeunes sont venus \u00e9changer avec le chef de l\u2019Etat sur les d\u00e9fis auxquels font face la jeunesse tchad ...\",\"breadcrumb\":{\"@id\":\"https:\/\/www.africa-press.net\/tchad\/parties\/des-jeunes-se-revendiquant-des-transformateurs-recus-par-le-pcmt-2#breadcrumb\"},\"inLanguage\":\"fr-FR\",\"potentialAction\":[{\"@type\":\"ReadAction\",\"target\":[\"https:\/\/www.africa-press.net\/tchad\/parties\/des-jeunes-se-revendiquant-des-transformateurs-recus-par-le-pcmt-2\"]}]},{\"@type\":\"ImageObject\",\"inLanguage\":\"fr-FR\",\"@id\":\"https:\/\/www.africa-press.net\/tchad\/parties\/des-jeunes-se-revendiquant-des-transformateurs-recus-par-le-pcmt-2#primaryimage\",\"url\":\"https:\/\/static.africa-press.net\/tchad\/sites\/41\/2021\/11\/img-61a3c6d93e1f0.jpg\",\"contentUrl\":\"https:\/\/static.africa-press.net\/tchad\/sites\/41\/2021\/11\/img-61a3c6d93e1f0.jpg\",\"width\":870,\"height\":563,\"caption\":\"des jeunes se revendiquant des Transformateurs re\u00e7us par le PCMT\"},{\"@type\":\"BreadcrumbList\",\"@id\":\"https:\/\/www.africa-press.net\/tchad\/parties\/des-jeunes-se-revendiquant-des-transformateurs-recus-par-le-pcmt-2#breadcrumb\",\"itemListElement\":[{\"@type\":\"ListItem\",\"position\":1,\"name\":\"Accueil\",\"item\":\"https:\/\/www.africa-press.net\/tchad\/\"},{\"@type\":\"ListItem\",\"position\":2,\"name\":\"des jeunes se revendiquant des Transformateurs re\u00e7us par le PCMT\"}]},{\"@type\":\"WebSite\",\"@id\":\"https:\/\/www.africa-press.net\/tchad\/#website\",\"url\":\"https:\/\/www.africa-press.net\/tchad\/\",\"name\":\"tchad\",\"description\":\"Just another Africa News Agency Sites site\",\"potentialAction\":[{\"@type\":\"SearchAction\",\"target\":{\"@type\":\"EntryPoint\",\"urlTemplate\":\"https:\/\/www.africa-press.net\/tchad\/?s={search_term_string}\"},\"query-input\":{\"@type\":\"PropertyValueSpecification\",\"valueRequired\":true,\"valueName\":\"search_term_string\"}}],\"inLanguage\":\"fr-FR\"},{\"@type\":\"Person\",\"@id\":\"https:\/\/www.africa-press.net\/tchad\/#\/schema\/person\/2b1cf3cd81a31e3cd26889ca66d677f1\",\"name\":\"cfeditorfr\"}]}<\/script>\n<!-- \/ Yoast SEO Premium plugin. -->","yoast_head_json":{"title":"des jeunes se revendiquant des Transformateurs re\u00e7us par le PCMT - tchad","description":"\u00c0 leur demande, ces jeunes sont venus \u00e9changer avec le chef de l\u2019Etat sur les d\u00e9fis auxquels font face la jeunesse tchad ...","robots":{"index":"index","follow":"follow","max-snippet":"max-snippet:-1","max-image-preview":"max-image-preview:large","max-video-preview":"max-video-preview:-1"},"canonical":"https:\/\/www.africa-press.net\/tchad\/parties\/des-jeunes-se-revendiquant-des-transformateurs-recus-par-le-pcmt-2","og_locale":"fr_FR","og_type":"article","og_title":"des jeunes se revendiquant des Transformateurs re\u00e7us par le PCMT","og_description":"\u00c0 leur demande, ces jeunes sont venus \u00e9changer avec le chef de l\u2019Etat sur les d\u00e9fis auxquels font face la jeunesse tchad ...","og_url":"https:\/\/www.africa-press.net\/tchad\/parties\/des-jeunes-se-revendiquant-des-transformateurs-recus-par-le-pcmt-2","og_site_name":"tchad","article_published_time":"2021-11-28T16:09:29+00:00","article_modified_time":"2021-11-28T18:14:11+00:00","og_image":[{"width":870,"height":563,"url":"https:\/\/static.africa-press.net\/tchad\/sites\/41\/2021\/11\/img-61a3c6d93e1f0.jpg","type":"image\/jpeg"}],"author":"cfeditorfr","twitter_card":"summary_large_image","twitter_misc":{"\u00c9crit par":"cfeditorfr","Dur\u00e9e de lecture estim\u00e9e":"1 minute"},"schema":{"@context":"https:\/\/schema.org","@graph":[{"@type":"Article","@id":"https:\/\/www.africa-press.net\/tchad\/parties\/des-jeunes-se-revendiquant-des-transformateurs-recus-par-le-pcmt-2#article","isPartOf":{"@id":"https:\/\/www.africa-press.net\/tchad\/parties\/des-jeunes-se-revendiquant-des-transformateurs-recus-par-le-pcmt-2"},"author":{"name":"cfeditorfr","@id":"https:\/\/www.africa-press.net\/tchad\/#\/schema\/person\/2b1cf3cd81a31e3cd26889ca66d677f1"},"headline":"des jeunes se revendiquant des Transformateurs re\u00e7us par le PCMT","datePublished":"2021-11-28T16:09:29+00:00","dateModified":"2021-11-28T18:14:11+00:00","mainEntityOfPage":{"@id":"https:\/\/www.africa-press.net\/tchad\/parties\/des-jeunes-se-revendiquant-des-transformateurs-recus-par-le-pcmt-2"},"wordCount":186,"commentCount":0,"image":{"@id":"https:\/\/www.africa-press.net\/tchad\/parties\/des-jeunes-se-revendiquant-des-transformateurs-recus-par-le-pcmt-2#primaryimage"},"thumbnailUrl":"https:\/\/static.africa-press.net\/tchad\/sites\/41\/2021\/11\/img-61a3c6d93e1f0.jpg","keywords":["Africa Press","Africa Press-Tchad","PCMT","Tchad"],"articleSection":["homepage-french","Parties","Toutes les actualit\u00e9s"],"inLanguage":"fr-FR","potentialAction":[{"@type":"CommentAction","name":"Comment","target":["https:\/\/www.africa-press.net\/tchad\/parties\/des-jeunes-se-revendiquant-des-transformateurs-recus-par-le-pcmt-2#respond"]}]},{"@type":"WebPage","@id":"https:\/\/www.africa-press.net\/tchad\/parties\/des-jeunes-se-revendiquant-des-transformateurs-recus-par-le-pcmt-2","url":"https:\/\/www.africa-press.net\/tchad\/parties\/des-jeunes-se-revendiquant-des-transformateurs-recus-par-le-pcmt-2","name":"des jeunes se revendiquant des Transformateurs re\u00e7us par le PCMT - tchad","isPartOf":{"@id":"https:\/\/www.africa-press.net\/tchad\/#website"},"primaryImageOfPage":{"@id":"https:\/\/www.africa-press.net\/tchad\/parties\/des-jeunes-se-revendiquant-des-transformateurs-recus-par-le-pcmt-2#primaryimage"},"image":{"@id":"https:\/\/www.africa-press.net\/tchad\/parties\/des-jeunes-se-revendiquant-des-transformateurs-recus-par-le-pcmt-2#primaryimage"},"thumbnailUrl":"https:\/\/static.africa-press.net\/tchad\/sites\/41\/2021\/11\/img-61a3c6d93e1f0.jpg","datePublished":"2021-11-28T16:09:29+00:00","dateModified":"2021-11-28T18:14:11+00:00","author":{"@id":"https:\/\/www.africa-press.net\/tchad\/#\/schema\/person\/2b1cf3cd81a31e3cd26889ca66d677f1"},"description":"\u00c0 leur demande, ces jeunes sont venus \u00e9changer avec le chef de l\u2019Etat sur les d\u00e9fis auxquels font face la jeunesse tchad ...","breadcrumb":{"@id":"https:\/\/www.africa-press.net\/tchad\/parties\/des-jeunes-se-revendiquant-des-transformateurs-recus-par-le-pcmt-2#breadcrumb"},"inLanguage":"fr-FR","potentialAction":[{"@type":"ReadAction","target":["https:\/\/www.africa-press.net\/tchad\/parties\/des-jeunes-se-revendiquant-des-transformateurs-recus-par-le-pcmt-2"]}]},{"@type":"ImageObject","inLanguage":"fr-FR","@id":"https:\/\/www.africa-press.net\/tchad\/parties\/des-jeunes-se-revendiquant-des-transformateurs-recus-par-le-pcmt-2#primaryimage","url":"https:\/\/static.africa-press.net\/tchad\/sites\/41\/2021\/11\/img-61a3c6d93e1f0.jpg","contentUrl":"https:\/\/static.africa-press.net\/tchad\/sites\/41\/2021\/11\/img-61a3c6d93e1f0.jpg","width":870,"height":563,"caption":"des jeunes se revendiquant des Transformateurs re\u00e7us par le PCMT"},{"@type":"BreadcrumbList","@id":"https:\/\/www.africa-press.net\/tchad\/parties\/des-jeunes-se-revendiquant-des-transformateurs-recus-par-le-pcmt-2#breadcrumb","itemListElement":[{"@type":"ListItem","position":1,"name":"Accueil","item":"https:\/\/www.africa-press.net\/tchad\/"},{"@type":"ListItem","position":2,"name":"des jeunes se revendiquant des Transformateurs re\u00e7us par le PCMT"}]},{"@type":"WebSite","@id":"https:\/\/www.africa-press.net\/tchad\/#website","url":"https:\/\/www.africa-press.net\/tchad\/","name":"tchad","description":"Just another Africa News Agency Sites site","potentialAction":[{"@type":"SearchAction","target":{"@type":"EntryPoint","urlTemplate":"https:\/\/www.africa-press.net\/tchad\/?s={search_term_string}"},"query-input":{"@type":"PropertyValueSpecification","valueRequired":true,"valueName":"search_term_string"}}],"inLanguage":"fr-FR"},{"@type":"Person","@id":"https:\/\/www.africa-press.net\/tchad\/#\/schema\/person\/2b1cf3cd81a31e3cd26889ca66d677f1","name":"cfeditorfr"}]}},"_links":{"self":[{"href":"https:\/\/www.africa-press.net\/tchad\/wp-json\/wp\/v2\/posts\/14679","targetHints":{"allow":["GET"]}}],"collection":[{"href":"https:\/\/www.africa-press.net\/tchad\/wp-json\/wp\/v2\/posts"}],"about":[{"href":"https:\/\/www.africa-press.net\/tchad\/wp-json\/wp\/v2\/types\/post"}],"author":[{"embeddable":true,"href":"https:\/\/www.africa-press.net\/tchad\/wp-json\/wp\/v2\/users\/82"}],"replies":[{"embeddable":true,"href":"https:\/\/www.africa-press.net\/tchad\/wp-json\/wp\/v2\/comments?post=14679"}],"version-history":[{"count":0,"href":"https:\/\/www.africa-press.net\/tchad\/wp-json\/wp\/v2\/posts\/14679\/revisions"}],"wp:featuredmedia":[{"embeddable":true,"href":"https:\/\/www.africa-press.net\/tchad\/wp-json\/wp\/v2\/media\/14678"}],"wp:attachment":[{"href":"https:\/\/www.africa-press.net\/tchad\/wp-json\/wp\/v2\/media?parent=14679"}],"wp:term":[{"taxonomy":"category","embeddable":true,"href":"https:\/\/www.africa-press.net\/tchad\/wp-json\/wp\/v2\/categories?post=14679"},{"taxonomy":"post_tag","embeddable":true,"href":"https:\/\/www.africa-press.net\/tchad\/wp-json\/wp\/v2\/tags?post=14679"}],"curies":[{"name":"wp","href":"https:\/\/api.w.org\/{rel}","templated":true}]}}