{"id":14697,"date":"2021-11-28T16:23:53","date_gmt":"2021-11-28T16:23:53","guid":{"rendered":"https:\/\/www.africa-press.net\/tchad\/politique\/des-ecoliers-dabeche-sensibilises-sur-limportance-de-la-lecture"},"modified":"2021-11-28T18:17:55","modified_gmt":"2021-11-28T18:17:55","slug":"des-ecoliers-dabeche-sensibilises-sur-limportance-de-la-lecture","status":"publish","type":"post","link":"https:\/\/www.africa-press.net\/tchad\/culture-et-art\/des-ecoliers-dabeche-sensibilises-sur-limportance-de-la-lecture","title":{"rendered":"des \u00e9coliers d&rsquo;Ab\u00e9ch\u00e9 sensibilis\u00e9s sur l&rsquo;importance de la lecture"},"content":{"rendered":"<p><span style=\"color: #ff6600\"><strong>Africa-Press &#8211; Tchad. <\/strong><\/span>Les membres de l&rsquo;association ont pris la parole tour \u00e0 tour pour entretenir les \u00e9l\u00e8ves sur l&rsquo;utilit\u00e9 de la lecture, qui selon eux est la base fondamentale de toutes les connaissances.<\/p>\n<p>Ils ont invit\u00e9 les \u00e9l\u00e8ves \u00e0 aimer la lecture et surtout \u00e0 fr\u00e9quences les biblioth\u00e8ques pour mieux enrichir leur savoir. Le coordinateur de l&rsquo;association, Tahir Cha\u00efbo Abakar, a indiqu\u00e9 que son organisation \u0153uvre dans le domaine de l&rsquo;\u00e9ducation, raison pour laquelle cette initiative a \u00e9t\u00e9 prise.<\/p>\n<p>De son c\u00f4t\u00e9, le directeur du complexe scolaire priv\u00e9 bilingue Nour Alyakhtine, Ahmat Oumar Hissein, a exhort\u00e9 les membres de l&rsquo;association \u00e0 continuer sur cette lanc\u00e9e dans d&rsquo;autres \u00e9tablissements.<\/p>\n<p>Pour sa part, le directeur des \u00e9tudes, Fadoul Mahamat Saleh, a salu\u00e9 \u00e9galement cet acte qui encourage les \u00e9l\u00e8ves \u00e0 pratiquer la lecture. L&rsquo;association entend intensifier ce genre d&rsquo;activit\u00e9 dans d&rsquo;autres coll\u00e8ges et lyc\u00e9es de la place.<\/p>\n<p><strong>Pour plus d&rsquo;informations et d&rsquo;analyses sur la <a href=\"https:\/\/www.africa-press.net\/tchad\">Tchad<\/a>, suivez <a href=\"https:\/\/www.africa-press.net\/\">Africa-Press<\/a><\/strong><\/p>\n","protected":false},"excerpt":{"rendered":"<p>Africa-Press &#8211; Tchad. Les membres de l&rsquo;association ont pris la parole tour \u00e0 tour pour entretenir les \u00e9l\u00e8ves sur l&rsquo;utilit\u00e9 de la lecture, qui selon eux est la base fondamentale de toutes les connaissances. Ils ont invit\u00e9 les \u00e9l\u00e8ves \u00e0 aimer la lecture et surtout \u00e0 fr\u00e9quences les biblioth\u00e8ques pour mieux enrichir leur savoir. Le [&hellip;]<\/p>\n","protected":false},"author":82,"featured_media":14696,"comment_status":"open","ping_status":"closed","sticky":false,"template":"","format":"standard","meta":{"footnotes":""},"categories":[5,11,10],"tags":[67,37,292,2289,29],"class_list":["post-14697","post","type-post","status-publish","format-standard","has-post-thumbnail","hentry","category-culture-et-art","category-homepage-french","category-toutes-les-actualites","tag-abeche","tag-africa-press","tag-africa-press-tchad","tag-lecture","tag-tchad"],"yoast_head":"<!-- This site is optimized with the Yoast SEO Premium plugin v26.1 (Yoast SEO v27.0) - https:\/\/yoast.com\/product\/yoast-seo-premium-wordpress\/ -->\n<title>des \u00e9coliers d&#039;Ab\u00e9ch\u00e9 sensibilis\u00e9s sur l&#039;importance de la lecture - tchad<\/title>\n<meta name=\"description\" content=\"Les membres de l&#039;association ont pris la parole tour \u00e0 tour pour entretenir les \u00e9l\u00e8ves sur l&#039;utilit\u00e9 de la lecture, qui ...\" \/>\n<meta name=\"robots\" content=\"index, follow, max-snippet:-1, max-image-preview:large, max-video-preview:-1\" \/>\n<link rel=\"canonical\" href=\"https:\/\/www.africa-press.net\/tchad\/culture-et-art\/des-ecoliers-dabeche-sensibilises-sur-limportance-de-la-lecture\" \/>\n<meta property=\"og:locale\" content=\"fr_FR\" \/>\n<meta property=\"og:type\" content=\"article\" \/>\n<meta property=\"og:title\" content=\"des \u00e9coliers d&#039;Ab\u00e9ch\u00e9 sensibilis\u00e9s sur l&#039;importance de la lecture\" \/>\n<meta property=\"og:description\" content=\"Les membres de l&#039;association ont pris la parole tour \u00e0 tour pour entretenir les \u00e9l\u00e8ves sur l&#039;utilit\u00e9 de la lecture, qui ...\" \/>\n<meta property=\"og:url\" content=\"https:\/\/www.africa-press.net\/tchad\/culture-et-art\/des-ecoliers-dabeche-sensibilises-sur-limportance-de-la-lecture\" \/>\n<meta property=\"og:site_name\" content=\"tchad\" \/>\n<meta property=\"article:published_time\" content=\"2021-11-28T16:23:53+00:00\" \/>\n<meta property=\"article:modified_time\" content=\"2021-11-28T18:17:55+00:00\" \/>\n<meta property=\"og:image\" content=\"https:\/\/static.africa-press.net\/tchad\/sites\/41\/2021\/11\/img-61a3c7b79b5b5.jpg\" \/>\n\t<meta property=\"og:image:width\" content=\"870\" \/>\n\t<meta property=\"og:image:height\" content=\"423\" \/>\n\t<meta property=\"og:image:type\" content=\"image\/jpeg\" \/>\n<meta name=\"author\" content=\"cfeditorfr\" \/>\n<meta name=\"twitter:card\" content=\"summary_large_image\" \/>\n<meta name=\"twitter:label1\" content=\"\u00c9crit par\" \/>\n\t<meta name=\"twitter:data1\" content=\"cfeditorfr\" \/>\n\t<meta name=\"twitter:label2\" content=\"Dur\u00e9e de lecture estim\u00e9e\" \/>\n\t<meta name=\"twitter:data2\" content=\"1 minute\" \/>\n<script type=\"application\/ld+json\" class=\"yoast-schema-graph\">{\"@context\":\"https:\/\/schema.org\",\"@graph\":[{\"@type\":\"Article\",\"@id\":\"https:\/\/www.africa-press.net\/tchad\/culture-et-art\/des-ecoliers-dabeche-sensibilises-sur-limportance-de-la-lecture#article\",\"isPartOf\":{\"@id\":\"https:\/\/www.africa-press.net\/tchad\/culture-et-art\/des-ecoliers-dabeche-sensibilises-sur-limportance-de-la-lecture\"},\"author\":{\"name\":\"cfeditorfr\",\"@id\":\"https:\/\/www.africa-press.net\/tchad\/#\/schema\/person\/2b1cf3cd81a31e3cd26889ca66d677f1\"},\"headline\":\"des \u00e9coliers d&rsquo;Ab\u00e9ch\u00e9 sensibilis\u00e9s sur l&rsquo;importance de la lecture\",\"datePublished\":\"2021-11-28T16:23:53+00:00\",\"dateModified\":\"2021-11-28T18:17:55+00:00\",\"mainEntityOfPage\":{\"@id\":\"https:\/\/www.africa-press.net\/tchad\/culture-et-art\/des-ecoliers-dabeche-sensibilises-sur-limportance-de-la-lecture\"},\"wordCount\":185,\"commentCount\":0,\"image\":{\"@id\":\"https:\/\/www.africa-press.net\/tchad\/culture-et-art\/des-ecoliers-dabeche-sensibilises-sur-limportance-de-la-lecture#primaryimage\"},\"thumbnailUrl\":\"https:\/\/static.africa-press.net\/tchad\/sites\/41\/2021\/11\/img-61a3c7b79b5b5.jpg\",\"keywords\":[\"Ab\u00e9ch\u00e9\",\"Africa Press\",\"Africa Press-Tchad\",\"lecture\",\"Tchad\"],\"articleSection\":[\"Culture et Art\",\"homepage-french\",\"Toutes les actualit\u00e9s\"],\"inLanguage\":\"fr-FR\",\"potentialAction\":[{\"@type\":\"CommentAction\",\"name\":\"Comment\",\"target\":[\"https:\/\/www.africa-press.net\/tchad\/culture-et-art\/des-ecoliers-dabeche-sensibilises-sur-limportance-de-la-lecture#respond\"]}]},{\"@type\":\"WebPage\",\"@id\":\"https:\/\/www.africa-press.net\/tchad\/culture-et-art\/des-ecoliers-dabeche-sensibilises-sur-limportance-de-la-lecture\",\"url\":\"https:\/\/www.africa-press.net\/tchad\/culture-et-art\/des-ecoliers-dabeche-sensibilises-sur-limportance-de-la-lecture\",\"name\":\"des \u00e9coliers d'Ab\u00e9ch\u00e9 sensibilis\u00e9s sur l'importance de la lecture - tchad\",\"isPartOf\":{\"@id\":\"https:\/\/www.africa-press.net\/tchad\/#website\"},\"primaryImageOfPage\":{\"@id\":\"https:\/\/www.africa-press.net\/tchad\/culture-et-art\/des-ecoliers-dabeche-sensibilises-sur-limportance-de-la-lecture#primaryimage\"},\"image\":{\"@id\":\"https:\/\/www.africa-press.net\/tchad\/culture-et-art\/des-ecoliers-dabeche-sensibilises-sur-limportance-de-la-lecture#primaryimage\"},\"thumbnailUrl\":\"https:\/\/static.africa-press.net\/tchad\/sites\/41\/2021\/11\/img-61a3c7b79b5b5.jpg\",\"datePublished\":\"2021-11-28T16:23:53+00:00\",\"dateModified\":\"2021-11-28T18:17:55+00:00\",\"author\":{\"@id\":\"https:\/\/www.africa-press.net\/tchad\/#\/schema\/person\/2b1cf3cd81a31e3cd26889ca66d677f1\"},\"description\":\"Les membres de l'association ont pris la parole tour \u00e0 tour pour entretenir les \u00e9l\u00e8ves sur l'utilit\u00e9 de la lecture, qui ...\",\"breadcrumb\":{\"@id\":\"https:\/\/www.africa-press.net\/tchad\/culture-et-art\/des-ecoliers-dabeche-sensibilises-sur-limportance-de-la-lecture#breadcrumb\"},\"inLanguage\":\"fr-FR\",\"potentialAction\":[{\"@type\":\"ReadAction\",\"target\":[\"https:\/\/www.africa-press.net\/tchad\/culture-et-art\/des-ecoliers-dabeche-sensibilises-sur-limportance-de-la-lecture\"]}]},{\"@type\":\"ImageObject\",\"inLanguage\":\"fr-FR\",\"@id\":\"https:\/\/www.africa-press.net\/tchad\/culture-et-art\/des-ecoliers-dabeche-sensibilises-sur-limportance-de-la-lecture#primaryimage\",\"url\":\"https:\/\/static.africa-press.net\/tchad\/sites\/41\/2021\/11\/img-61a3c7b79b5b5.jpg\",\"contentUrl\":\"https:\/\/static.africa-press.net\/tchad\/sites\/41\/2021\/11\/img-61a3c7b79b5b5.jpg\",\"width\":870,\"height\":423,\"caption\":\"des \u00e9coliers d'Ab\u00e9ch\u00e9 sensibilis\u00e9s sur l'importance de la lecture\"},{\"@type\":\"BreadcrumbList\",\"@id\":\"https:\/\/www.africa-press.net\/tchad\/culture-et-art\/des-ecoliers-dabeche-sensibilises-sur-limportance-de-la-lecture#breadcrumb\",\"itemListElement\":[{\"@type\":\"ListItem\",\"position\":1,\"name\":\"Accueil\",\"item\":\"https:\/\/www.africa-press.net\/tchad\/\"},{\"@type\":\"ListItem\",\"position\":2,\"name\":\"des \u00e9coliers d&#8217;Ab\u00e9ch\u00e9 sensibilis\u00e9s sur l&#8217;importance de la lecture\"}]},{\"@type\":\"WebSite\",\"@id\":\"https:\/\/www.africa-press.net\/tchad\/#website\",\"url\":\"https:\/\/www.africa-press.net\/tchad\/\",\"name\":\"tchad\",\"description\":\"Just another Africa News Agency Sites site\",\"potentialAction\":[{\"@type\":\"SearchAction\",\"target\":{\"@type\":\"EntryPoint\",\"urlTemplate\":\"https:\/\/www.africa-press.net\/tchad\/?s={search_term_string}\"},\"query-input\":{\"@type\":\"PropertyValueSpecification\",\"valueRequired\":true,\"valueName\":\"search_term_string\"}}],\"inLanguage\":\"fr-FR\"},{\"@type\":\"Person\",\"@id\":\"https:\/\/www.africa-press.net\/tchad\/#\/schema\/person\/2b1cf3cd81a31e3cd26889ca66d677f1\",\"name\":\"cfeditorfr\"}]}<\/script>\n<!-- \/ Yoast SEO Premium plugin. -->","yoast_head_json":{"title":"des \u00e9coliers d'Ab\u00e9ch\u00e9 sensibilis\u00e9s sur l'importance de la lecture - tchad","description":"Les membres de l'association ont pris la parole tour \u00e0 tour pour entretenir les \u00e9l\u00e8ves sur l'utilit\u00e9 de la lecture, qui ...","robots":{"index":"index","follow":"follow","max-snippet":"max-snippet:-1","max-image-preview":"max-image-preview:large","max-video-preview":"max-video-preview:-1"},"canonical":"https:\/\/www.africa-press.net\/tchad\/culture-et-art\/des-ecoliers-dabeche-sensibilises-sur-limportance-de-la-lecture","og_locale":"fr_FR","og_type":"article","og_title":"des \u00e9coliers d'Ab\u00e9ch\u00e9 sensibilis\u00e9s sur l'importance de la lecture","og_description":"Les membres de l'association ont pris la parole tour \u00e0 tour pour entretenir les \u00e9l\u00e8ves sur l'utilit\u00e9 de la lecture, qui ...","og_url":"https:\/\/www.africa-press.net\/tchad\/culture-et-art\/des-ecoliers-dabeche-sensibilises-sur-limportance-de-la-lecture","og_site_name":"tchad","article_published_time":"2021-11-28T16:23:53+00:00","article_modified_time":"2021-11-28T18:17:55+00:00","og_image":[{"width":870,"height":423,"url":"https:\/\/static.africa-press.net\/tchad\/sites\/41\/2021\/11\/img-61a3c7b79b5b5.jpg","type":"image\/jpeg"}],"author":"cfeditorfr","twitter_card":"summary_large_image","twitter_misc":{"\u00c9crit par":"cfeditorfr","Dur\u00e9e de lecture estim\u00e9e":"1 minute"},"schema":{"@context":"https:\/\/schema.org","@graph":[{"@type":"Article","@id":"https:\/\/www.africa-press.net\/tchad\/culture-et-art\/des-ecoliers-dabeche-sensibilises-sur-limportance-de-la-lecture#article","isPartOf":{"@id":"https:\/\/www.africa-press.net\/tchad\/culture-et-art\/des-ecoliers-dabeche-sensibilises-sur-limportance-de-la-lecture"},"author":{"name":"cfeditorfr","@id":"https:\/\/www.africa-press.net\/tchad\/#\/schema\/person\/2b1cf3cd81a31e3cd26889ca66d677f1"},"headline":"des \u00e9coliers d&rsquo;Ab\u00e9ch\u00e9 sensibilis\u00e9s sur l&rsquo;importance de la lecture","datePublished":"2021-11-28T16:23:53+00:00","dateModified":"2021-11-28T18:17:55+00:00","mainEntityOfPage":{"@id":"https:\/\/www.africa-press.net\/tchad\/culture-et-art\/des-ecoliers-dabeche-sensibilises-sur-limportance-de-la-lecture"},"wordCount":185,"commentCount":0,"image":{"@id":"https:\/\/www.africa-press.net\/tchad\/culture-et-art\/des-ecoliers-dabeche-sensibilises-sur-limportance-de-la-lecture#primaryimage"},"thumbnailUrl":"https:\/\/static.africa-press.net\/tchad\/sites\/41\/2021\/11\/img-61a3c7b79b5b5.jpg","keywords":["Ab\u00e9ch\u00e9","Africa Press","Africa Press-Tchad","lecture","Tchad"],"articleSection":["Culture et Art","homepage-french","Toutes les actualit\u00e9s"],"inLanguage":"fr-FR","potentialAction":[{"@type":"CommentAction","name":"Comment","target":["https:\/\/www.africa-press.net\/tchad\/culture-et-art\/des-ecoliers-dabeche-sensibilises-sur-limportance-de-la-lecture#respond"]}]},{"@type":"WebPage","@id":"https:\/\/www.africa-press.net\/tchad\/culture-et-art\/des-ecoliers-dabeche-sensibilises-sur-limportance-de-la-lecture","url":"https:\/\/www.africa-press.net\/tchad\/culture-et-art\/des-ecoliers-dabeche-sensibilises-sur-limportance-de-la-lecture","name":"des \u00e9coliers d'Ab\u00e9ch\u00e9 sensibilis\u00e9s sur l'importance de la lecture - tchad","isPartOf":{"@id":"https:\/\/www.africa-press.net\/tchad\/#website"},"primaryImageOfPage":{"@id":"https:\/\/www.africa-press.net\/tchad\/culture-et-art\/des-ecoliers-dabeche-sensibilises-sur-limportance-de-la-lecture#primaryimage"},"image":{"@id":"https:\/\/www.africa-press.net\/tchad\/culture-et-art\/des-ecoliers-dabeche-sensibilises-sur-limportance-de-la-lecture#primaryimage"},"thumbnailUrl":"https:\/\/static.africa-press.net\/tchad\/sites\/41\/2021\/11\/img-61a3c7b79b5b5.jpg","datePublished":"2021-11-28T16:23:53+00:00","dateModified":"2021-11-28T18:17:55+00:00","author":{"@id":"https:\/\/www.africa-press.net\/tchad\/#\/schema\/person\/2b1cf3cd81a31e3cd26889ca66d677f1"},"description":"Les membres de l'association ont pris la parole tour \u00e0 tour pour entretenir les \u00e9l\u00e8ves sur l'utilit\u00e9 de la lecture, qui ...","breadcrumb":{"@id":"https:\/\/www.africa-press.net\/tchad\/culture-et-art\/des-ecoliers-dabeche-sensibilises-sur-limportance-de-la-lecture#breadcrumb"},"inLanguage":"fr-FR","potentialAction":[{"@type":"ReadAction","target":["https:\/\/www.africa-press.net\/tchad\/culture-et-art\/des-ecoliers-dabeche-sensibilises-sur-limportance-de-la-lecture"]}]},{"@type":"ImageObject","inLanguage":"fr-FR","@id":"https:\/\/www.africa-press.net\/tchad\/culture-et-art\/des-ecoliers-dabeche-sensibilises-sur-limportance-de-la-lecture#primaryimage","url":"https:\/\/static.africa-press.net\/tchad\/sites\/41\/2021\/11\/img-61a3c7b79b5b5.jpg","contentUrl":"https:\/\/static.africa-press.net\/tchad\/sites\/41\/2021\/11\/img-61a3c7b79b5b5.jpg","width":870,"height":423,"caption":"des \u00e9coliers d'Ab\u00e9ch\u00e9 sensibilis\u00e9s sur l'importance de la lecture"},{"@type":"BreadcrumbList","@id":"https:\/\/www.africa-press.net\/tchad\/culture-et-art\/des-ecoliers-dabeche-sensibilises-sur-limportance-de-la-lecture#breadcrumb","itemListElement":[{"@type":"ListItem","position":1,"name":"Accueil","item":"https:\/\/www.africa-press.net\/tchad\/"},{"@type":"ListItem","position":2,"name":"des \u00e9coliers d&#8217;Ab\u00e9ch\u00e9 sensibilis\u00e9s sur l&#8217;importance de la lecture"}]},{"@type":"WebSite","@id":"https:\/\/www.africa-press.net\/tchad\/#website","url":"https:\/\/www.africa-press.net\/tchad\/","name":"tchad","description":"Just another Africa News Agency Sites site","potentialAction":[{"@type":"SearchAction","target":{"@type":"EntryPoint","urlTemplate":"https:\/\/www.africa-press.net\/tchad\/?s={search_term_string}"},"query-input":{"@type":"PropertyValueSpecification","valueRequired":true,"valueName":"search_term_string"}}],"inLanguage":"fr-FR"},{"@type":"Person","@id":"https:\/\/www.africa-press.net\/tchad\/#\/schema\/person\/2b1cf3cd81a31e3cd26889ca66d677f1","name":"cfeditorfr"}]}},"_links":{"self":[{"href":"https:\/\/www.africa-press.net\/tchad\/wp-json\/wp\/v2\/posts\/14697","targetHints":{"allow":["GET"]}}],"collection":[{"href":"https:\/\/www.africa-press.net\/tchad\/wp-json\/wp\/v2\/posts"}],"about":[{"href":"https:\/\/www.africa-press.net\/tchad\/wp-json\/wp\/v2\/types\/post"}],"author":[{"embeddable":true,"href":"https:\/\/www.africa-press.net\/tchad\/wp-json\/wp\/v2\/users\/82"}],"replies":[{"embeddable":true,"href":"https:\/\/www.africa-press.net\/tchad\/wp-json\/wp\/v2\/comments?post=14697"}],"version-history":[{"count":0,"href":"https:\/\/www.africa-press.net\/tchad\/wp-json\/wp\/v2\/posts\/14697\/revisions"}],"wp:featuredmedia":[{"embeddable":true,"href":"https:\/\/www.africa-press.net\/tchad\/wp-json\/wp\/v2\/media\/14696"}],"wp:attachment":[{"href":"https:\/\/www.africa-press.net\/tchad\/wp-json\/wp\/v2\/media?parent=14697"}],"wp:term":[{"taxonomy":"category","embeddable":true,"href":"https:\/\/www.africa-press.net\/tchad\/wp-json\/wp\/v2\/categories?post=14697"},{"taxonomy":"post_tag","embeddable":true,"href":"https:\/\/www.africa-press.net\/tchad\/wp-json\/wp\/v2\/tags?post=14697"}],"curies":[{"name":"wp","href":"https:\/\/api.w.org\/{rel}","templated":true}]}}