{"id":14706,"date":"2021-11-28T16:26:14","date_gmt":"2021-11-28T16:26:14","guid":{"rendered":"https:\/\/www.africa-press.net\/tchad\/politique\/voici-le-gouvernement-dirige-par-rene-troadec-en-place-lors-de-la-proclamation-de-la-republique"},"modified":"2021-11-28T18:28:09","modified_gmt":"2021-11-28T18:28:09","slug":"voici-le-gouvernement-dirige-par-rene-troadec-en-place-lors-de-la-proclamation-de-la-republique","status":"publish","type":"post","link":"https:\/\/www.africa-press.net\/tchad\/dossiers\/voici-le-gouvernement-dirige-par-rene-troadec-en-place-lors-de-la-proclamation-de-la-republique","title":{"rendered":"Voici le gouvernement dirig\u00e9 par Ren\u00e9 Troadec, en place lors de la proclamation de la R\u00e9publique"},"content":{"rendered":"<p><span style=\"color: #ff6600\"><strong>Africa-Press &#8211; Tchad. <\/strong><\/span>En 1958, lors de la proclamation de la R\u00e9publique du Tchad, ce territoire sous colonisation fran\u00e7aise depuis 1900, avait d\u00e9j\u00e0 un conseil de gouvernement dirig\u00e9 par un agent de la M\u00e9tropole.<\/p>\n<p>Le premier conseil de gouvernement mis en place le 13 mai 1957 dirig\u00e9 par Ren\u00e9 Troadec conduira le Tchad \u00e0 sa premi\u00e8re autonomie. Le chef du territoire du Tchad, Ren\u00e9 Troadec a \u00e9t\u00e9 d\u00e9sign\u00e9 le pr\u00e9sident du Conseil de gouvernement.<\/p>\n<p>Il est assist\u00e9 de neuf membres occupant les postes de vice-pr\u00e9sident, ministre de l\u2019Economie (Gabriel Lisette), ministre de l\u2019Agriculture et du Commerce (Toura Ngaba), ministre du Plan, Paysannat et Coop\u00e9ration (Jean Baptiste), ministre de l\u2019Int\u00e9rieur (Andr\u00e9 Vazel), ministre des Communications et Travaux publics (Ferdinand Sallet), ministre de l\u2019Instruction publique et l\u2019Enseignement technique (Abba Sidick), ministre de la Fonction publique (Moussa Ngarnim), ministre des Finances (Djibrine Kherallah) et ministre des Affaires sociales (Baba Hassane).<\/p>\n<p>Les membres de ce premier conseil de gouvernement sont issus des partis politiques comme le PPT\/RDA, l\u2019UDIT, l\u2019UDSR, l\u2019AST ou le MSA. Il sera remani\u00e9 le 17 juin 1957 avec l\u2019ajout d\u2019un poste minist\u00e9riel, celui de l\u2019enseignement technique, jeunesse et sports confi\u00e9 \u00e0 Maurice Coumatteau.<\/p>\n<p>Ce m\u00eame conseil de gouvernement conduira \u00e0 la proclamation de la R\u00e9publique, le 28 novembre 1958, mais sans la pr\u00e9sence de Jean Baptiste, d\u00e9mis de ses fonctions le 17 mai 1958 (arr\u00eat\u00e9 n\u00b0308\/SCG du 17 mai 1958) de membre du conseil de gouvernement et de ministre du plan, paysannat et de la coop\u00e9ration. Son int\u00e9rim \u00e9tait assur\u00e9 par le ministre des Finances Djibrine Kherallah.<\/p>\n<p><strong>Pour plus d&rsquo;informations et d&rsquo;analyses sur la <a href=\"https:\/\/www.africa-press.net\/tchad\">Tchad<\/a>, suivez <a href=\"https:\/\/www.africa-press.net\/\">Africa-Press<\/a><\/strong><\/p>\n","protected":false},"excerpt":{"rendered":"<p>Africa-Press &#8211; Tchad. En 1958, lors de la proclamation de la R\u00e9publique du Tchad, ce territoire sous colonisation fran\u00e7aise depuis 1900, avait d\u00e9j\u00e0 un conseil de gouvernement dirig\u00e9 par un agent de la M\u00e9tropole. Le premier conseil de gouvernement mis en place le 13 mai 1957 dirig\u00e9 par Ren\u00e9 Troadec conduira le Tchad \u00e0 sa [&hellip;]<\/p>\n","protected":false},"author":82,"featured_media":14705,"comment_status":"open","ping_status":"closed","sticky":false,"template":"","format":"standard","meta":{"footnotes":""},"categories":[7,11,10],"tags":[37,292,2780,29],"class_list":["post-14706","post","type-post","status-publish","format-standard","has-post-thumbnail","hentry","category-dossiers","category-homepage-french","category-toutes-les-actualites","tag-africa-press","tag-africa-press-tchad","tag-rene-troadec","tag-tchad"],"yoast_head":"<!-- This site is optimized with the Yoast SEO Premium plugin v26.1 (Yoast SEO v27.0) - https:\/\/yoast.com\/product\/yoast-seo-premium-wordpress\/ -->\n<title>Voici le gouvernement dirig\u00e9 par Ren\u00e9 Troadec, en place lors de la proclamation de la R\u00e9publique - tchad<\/title>\n<meta name=\"description\" content=\"En 1958, lors de la proclamation de la R\u00e9publique du Tchad, ce territoire sous colonisation fran\u00e7aise depuis 1900, avait ...\" \/>\n<meta name=\"robots\" content=\"index, follow, max-snippet:-1, max-image-preview:large, max-video-preview:-1\" \/>\n<link rel=\"canonical\" href=\"https:\/\/www.africa-press.net\/tchad\/dossiers\/voici-le-gouvernement-dirige-par-rene-troadec-en-place-lors-de-la-proclamation-de-la-republique\" \/>\n<meta property=\"og:locale\" content=\"fr_FR\" \/>\n<meta property=\"og:type\" content=\"article\" \/>\n<meta property=\"og:title\" content=\"Voici le gouvernement dirig\u00e9 par Ren\u00e9 Troadec, en place lors de la proclamation de la R\u00e9publique\" \/>\n<meta property=\"og:description\" content=\"En 1958, lors de la proclamation de la R\u00e9publique du Tchad, ce territoire sous colonisation fran\u00e7aise depuis 1900, avait ...\" \/>\n<meta property=\"og:url\" content=\"https:\/\/www.africa-press.net\/tchad\/dossiers\/voici-le-gouvernement-dirige-par-rene-troadec-en-place-lors-de-la-proclamation-de-la-republique\" \/>\n<meta property=\"og:site_name\" content=\"tchad\" \/>\n<meta property=\"article:published_time\" content=\"2021-11-28T16:26:14+00:00\" \/>\n<meta property=\"article:modified_time\" content=\"2021-11-28T18:28:09+00:00\" \/>\n<meta property=\"og:image\" content=\"https:\/\/static.africa-press.net\/tchad\/sites\/41\/2021\/11\/img-61a3ca207b228.jpg\" \/>\n\t<meta property=\"og:image:width\" content=\"690\" \/>\n\t<meta property=\"og:image:height\" content=\"930\" \/>\n\t<meta property=\"og:image:type\" content=\"image\/jpeg\" \/>\n<meta name=\"author\" content=\"cfeditorfr\" \/>\n<meta name=\"twitter:card\" content=\"summary_large_image\" \/>\n<meta name=\"twitter:label1\" content=\"\u00c9crit par\" \/>\n\t<meta name=\"twitter:data1\" content=\"cfeditorfr\" \/>\n\t<meta name=\"twitter:label2\" content=\"Dur\u00e9e de lecture estim\u00e9e\" \/>\n\t<meta name=\"twitter:data2\" content=\"1 minute\" \/>\n<script type=\"application\/ld+json\" class=\"yoast-schema-graph\">{\"@context\":\"https:\/\/schema.org\",\"@graph\":[{\"@type\":\"Article\",\"@id\":\"https:\/\/www.africa-press.net\/tchad\/dossiers\/voici-le-gouvernement-dirige-par-rene-troadec-en-place-lors-de-la-proclamation-de-la-republique#article\",\"isPartOf\":{\"@id\":\"https:\/\/www.africa-press.net\/tchad\/dossiers\/voici-le-gouvernement-dirige-par-rene-troadec-en-place-lors-de-la-proclamation-de-la-republique\"},\"author\":{\"name\":\"cfeditorfr\",\"@id\":\"https:\/\/www.africa-press.net\/tchad\/#\/schema\/person\/2b1cf3cd81a31e3cd26889ca66d677f1\"},\"headline\":\"Voici le gouvernement dirig\u00e9 par Ren\u00e9 Troadec, en place lors de la proclamation de la R\u00e9publique\",\"datePublished\":\"2021-11-28T16:26:14+00:00\",\"dateModified\":\"2021-11-28T18:28:09+00:00\",\"mainEntityOfPage\":{\"@id\":\"https:\/\/www.africa-press.net\/tchad\/dossiers\/voici-le-gouvernement-dirige-par-rene-troadec-en-place-lors-de-la-proclamation-de-la-republique\"},\"wordCount\":301,\"commentCount\":0,\"image\":{\"@id\":\"https:\/\/www.africa-press.net\/tchad\/dossiers\/voici-le-gouvernement-dirige-par-rene-troadec-en-place-lors-de-la-proclamation-de-la-republique#primaryimage\"},\"thumbnailUrl\":\"https:\/\/static.africa-press.net\/tchad\/sites\/41\/2021\/11\/img-61a3ca207b228.jpg\",\"keywords\":[\"Africa Press\",\"Africa Press-Tchad\",\"Ren\u00e9 Troadec\",\"Tchad\"],\"articleSection\":[\"Dossiers\",\"homepage-french\",\"Toutes les actualit\u00e9s\"],\"inLanguage\":\"fr-FR\",\"potentialAction\":[{\"@type\":\"CommentAction\",\"name\":\"Comment\",\"target\":[\"https:\/\/www.africa-press.net\/tchad\/dossiers\/voici-le-gouvernement-dirige-par-rene-troadec-en-place-lors-de-la-proclamation-de-la-republique#respond\"]}]},{\"@type\":\"WebPage\",\"@id\":\"https:\/\/www.africa-press.net\/tchad\/dossiers\/voici-le-gouvernement-dirige-par-rene-troadec-en-place-lors-de-la-proclamation-de-la-republique\",\"url\":\"https:\/\/www.africa-press.net\/tchad\/dossiers\/voici-le-gouvernement-dirige-par-rene-troadec-en-place-lors-de-la-proclamation-de-la-republique\",\"name\":\"Voici le gouvernement dirig\u00e9 par Ren\u00e9 Troadec, en place lors de la proclamation de la R\u00e9publique - tchad\",\"isPartOf\":{\"@id\":\"https:\/\/www.africa-press.net\/tchad\/#website\"},\"primaryImageOfPage\":{\"@id\":\"https:\/\/www.africa-press.net\/tchad\/dossiers\/voici-le-gouvernement-dirige-par-rene-troadec-en-place-lors-de-la-proclamation-de-la-republique#primaryimage\"},\"image\":{\"@id\":\"https:\/\/www.africa-press.net\/tchad\/dossiers\/voici-le-gouvernement-dirige-par-rene-troadec-en-place-lors-de-la-proclamation-de-la-republique#primaryimage\"},\"thumbnailUrl\":\"https:\/\/static.africa-press.net\/tchad\/sites\/41\/2021\/11\/img-61a3ca207b228.jpg\",\"datePublished\":\"2021-11-28T16:26:14+00:00\",\"dateModified\":\"2021-11-28T18:28:09+00:00\",\"author\":{\"@id\":\"https:\/\/www.africa-press.net\/tchad\/#\/schema\/person\/2b1cf3cd81a31e3cd26889ca66d677f1\"},\"description\":\"En 1958, lors de la proclamation de la R\u00e9publique du Tchad, ce territoire sous colonisation fran\u00e7aise depuis 1900, avait ...\",\"breadcrumb\":{\"@id\":\"https:\/\/www.africa-press.net\/tchad\/dossiers\/voici-le-gouvernement-dirige-par-rene-troadec-en-place-lors-de-la-proclamation-de-la-republique#breadcrumb\"},\"inLanguage\":\"fr-FR\",\"potentialAction\":[{\"@type\":\"ReadAction\",\"target\":[\"https:\/\/www.africa-press.net\/tchad\/dossiers\/voici-le-gouvernement-dirige-par-rene-troadec-en-place-lors-de-la-proclamation-de-la-republique\"]}]},{\"@type\":\"ImageObject\",\"inLanguage\":\"fr-FR\",\"@id\":\"https:\/\/www.africa-press.net\/tchad\/dossiers\/voici-le-gouvernement-dirige-par-rene-troadec-en-place-lors-de-la-proclamation-de-la-republique#primaryimage\",\"url\":\"https:\/\/static.africa-press.net\/tchad\/sites\/41\/2021\/11\/img-61a3ca207b228.jpg\",\"contentUrl\":\"https:\/\/static.africa-press.net\/tchad\/sites\/41\/2021\/11\/img-61a3ca207b228.jpg\",\"width\":690,\"height\":930,\"caption\":\"Voici le gouvernement dirig\u00e9 par Ren\u00e9 Troadec, en place lors de la proclamation de la R\u00e9publique\"},{\"@type\":\"BreadcrumbList\",\"@id\":\"https:\/\/www.africa-press.net\/tchad\/dossiers\/voici-le-gouvernement-dirige-par-rene-troadec-en-place-lors-de-la-proclamation-de-la-republique#breadcrumb\",\"itemListElement\":[{\"@type\":\"ListItem\",\"position\":1,\"name\":\"Accueil\",\"item\":\"https:\/\/www.africa-press.net\/tchad\/\"},{\"@type\":\"ListItem\",\"position\":2,\"name\":\"Voici le gouvernement dirig\u00e9 par Ren\u00e9 Troadec, en place lors de la proclamation de la R\u00e9publique\"}]},{\"@type\":\"WebSite\",\"@id\":\"https:\/\/www.africa-press.net\/tchad\/#website\",\"url\":\"https:\/\/www.africa-press.net\/tchad\/\",\"name\":\"tchad\",\"description\":\"Just another Africa News Agency Sites site\",\"potentialAction\":[{\"@type\":\"SearchAction\",\"target\":{\"@type\":\"EntryPoint\",\"urlTemplate\":\"https:\/\/www.africa-press.net\/tchad\/?s={search_term_string}\"},\"query-input\":{\"@type\":\"PropertyValueSpecification\",\"valueRequired\":true,\"valueName\":\"search_term_string\"}}],\"inLanguage\":\"fr-FR\"},{\"@type\":\"Person\",\"@id\":\"https:\/\/www.africa-press.net\/tchad\/#\/schema\/person\/2b1cf3cd81a31e3cd26889ca66d677f1\",\"name\":\"cfeditorfr\"}]}<\/script>\n<!-- \/ Yoast SEO Premium plugin. -->","yoast_head_json":{"title":"Voici le gouvernement dirig\u00e9 par Ren\u00e9 Troadec, en place lors de la proclamation de la R\u00e9publique - tchad","description":"En 1958, lors de la proclamation de la R\u00e9publique du Tchad, ce territoire sous colonisation fran\u00e7aise depuis 1900, avait ...","robots":{"index":"index","follow":"follow","max-snippet":"max-snippet:-1","max-image-preview":"max-image-preview:large","max-video-preview":"max-video-preview:-1"},"canonical":"https:\/\/www.africa-press.net\/tchad\/dossiers\/voici-le-gouvernement-dirige-par-rene-troadec-en-place-lors-de-la-proclamation-de-la-republique","og_locale":"fr_FR","og_type":"article","og_title":"Voici le gouvernement dirig\u00e9 par Ren\u00e9 Troadec, en place lors de la proclamation de la R\u00e9publique","og_description":"En 1958, lors de la proclamation de la R\u00e9publique du Tchad, ce territoire sous colonisation fran\u00e7aise depuis 1900, avait ...","og_url":"https:\/\/www.africa-press.net\/tchad\/dossiers\/voici-le-gouvernement-dirige-par-rene-troadec-en-place-lors-de-la-proclamation-de-la-republique","og_site_name":"tchad","article_published_time":"2021-11-28T16:26:14+00:00","article_modified_time":"2021-11-28T18:28:09+00:00","og_image":[{"width":690,"height":930,"url":"https:\/\/static.africa-press.net\/tchad\/sites\/41\/2021\/11\/img-61a3ca207b228.jpg","type":"image\/jpeg"}],"author":"cfeditorfr","twitter_card":"summary_large_image","twitter_misc":{"\u00c9crit par":"cfeditorfr","Dur\u00e9e de lecture estim\u00e9e":"1 minute"},"schema":{"@context":"https:\/\/schema.org","@graph":[{"@type":"Article","@id":"https:\/\/www.africa-press.net\/tchad\/dossiers\/voici-le-gouvernement-dirige-par-rene-troadec-en-place-lors-de-la-proclamation-de-la-republique#article","isPartOf":{"@id":"https:\/\/www.africa-press.net\/tchad\/dossiers\/voici-le-gouvernement-dirige-par-rene-troadec-en-place-lors-de-la-proclamation-de-la-republique"},"author":{"name":"cfeditorfr","@id":"https:\/\/www.africa-press.net\/tchad\/#\/schema\/person\/2b1cf3cd81a31e3cd26889ca66d677f1"},"headline":"Voici le gouvernement dirig\u00e9 par Ren\u00e9 Troadec, en place lors de la proclamation de la R\u00e9publique","datePublished":"2021-11-28T16:26:14+00:00","dateModified":"2021-11-28T18:28:09+00:00","mainEntityOfPage":{"@id":"https:\/\/www.africa-press.net\/tchad\/dossiers\/voici-le-gouvernement-dirige-par-rene-troadec-en-place-lors-de-la-proclamation-de-la-republique"},"wordCount":301,"commentCount":0,"image":{"@id":"https:\/\/www.africa-press.net\/tchad\/dossiers\/voici-le-gouvernement-dirige-par-rene-troadec-en-place-lors-de-la-proclamation-de-la-republique#primaryimage"},"thumbnailUrl":"https:\/\/static.africa-press.net\/tchad\/sites\/41\/2021\/11\/img-61a3ca207b228.jpg","keywords":["Africa Press","Africa Press-Tchad","Ren\u00e9 Troadec","Tchad"],"articleSection":["Dossiers","homepage-french","Toutes les actualit\u00e9s"],"inLanguage":"fr-FR","potentialAction":[{"@type":"CommentAction","name":"Comment","target":["https:\/\/www.africa-press.net\/tchad\/dossiers\/voici-le-gouvernement-dirige-par-rene-troadec-en-place-lors-de-la-proclamation-de-la-republique#respond"]}]},{"@type":"WebPage","@id":"https:\/\/www.africa-press.net\/tchad\/dossiers\/voici-le-gouvernement-dirige-par-rene-troadec-en-place-lors-de-la-proclamation-de-la-republique","url":"https:\/\/www.africa-press.net\/tchad\/dossiers\/voici-le-gouvernement-dirige-par-rene-troadec-en-place-lors-de-la-proclamation-de-la-republique","name":"Voici le gouvernement dirig\u00e9 par Ren\u00e9 Troadec, en place lors de la proclamation de la R\u00e9publique - tchad","isPartOf":{"@id":"https:\/\/www.africa-press.net\/tchad\/#website"},"primaryImageOfPage":{"@id":"https:\/\/www.africa-press.net\/tchad\/dossiers\/voici-le-gouvernement-dirige-par-rene-troadec-en-place-lors-de-la-proclamation-de-la-republique#primaryimage"},"image":{"@id":"https:\/\/www.africa-press.net\/tchad\/dossiers\/voici-le-gouvernement-dirige-par-rene-troadec-en-place-lors-de-la-proclamation-de-la-republique#primaryimage"},"thumbnailUrl":"https:\/\/static.africa-press.net\/tchad\/sites\/41\/2021\/11\/img-61a3ca207b228.jpg","datePublished":"2021-11-28T16:26:14+00:00","dateModified":"2021-11-28T18:28:09+00:00","author":{"@id":"https:\/\/www.africa-press.net\/tchad\/#\/schema\/person\/2b1cf3cd81a31e3cd26889ca66d677f1"},"description":"En 1958, lors de la proclamation de la R\u00e9publique du Tchad, ce territoire sous colonisation fran\u00e7aise depuis 1900, avait ...","breadcrumb":{"@id":"https:\/\/www.africa-press.net\/tchad\/dossiers\/voici-le-gouvernement-dirige-par-rene-troadec-en-place-lors-de-la-proclamation-de-la-republique#breadcrumb"},"inLanguage":"fr-FR","potentialAction":[{"@type":"ReadAction","target":["https:\/\/www.africa-press.net\/tchad\/dossiers\/voici-le-gouvernement-dirige-par-rene-troadec-en-place-lors-de-la-proclamation-de-la-republique"]}]},{"@type":"ImageObject","inLanguage":"fr-FR","@id":"https:\/\/www.africa-press.net\/tchad\/dossiers\/voici-le-gouvernement-dirige-par-rene-troadec-en-place-lors-de-la-proclamation-de-la-republique#primaryimage","url":"https:\/\/static.africa-press.net\/tchad\/sites\/41\/2021\/11\/img-61a3ca207b228.jpg","contentUrl":"https:\/\/static.africa-press.net\/tchad\/sites\/41\/2021\/11\/img-61a3ca207b228.jpg","width":690,"height":930,"caption":"Voici le gouvernement dirig\u00e9 par Ren\u00e9 Troadec, en place lors de la proclamation de la R\u00e9publique"},{"@type":"BreadcrumbList","@id":"https:\/\/www.africa-press.net\/tchad\/dossiers\/voici-le-gouvernement-dirige-par-rene-troadec-en-place-lors-de-la-proclamation-de-la-republique#breadcrumb","itemListElement":[{"@type":"ListItem","position":1,"name":"Accueil","item":"https:\/\/www.africa-press.net\/tchad\/"},{"@type":"ListItem","position":2,"name":"Voici le gouvernement dirig\u00e9 par Ren\u00e9 Troadec, en place lors de la proclamation de la R\u00e9publique"}]},{"@type":"WebSite","@id":"https:\/\/www.africa-press.net\/tchad\/#website","url":"https:\/\/www.africa-press.net\/tchad\/","name":"tchad","description":"Just another Africa News Agency Sites site","potentialAction":[{"@type":"SearchAction","target":{"@type":"EntryPoint","urlTemplate":"https:\/\/www.africa-press.net\/tchad\/?s={search_term_string}"},"query-input":{"@type":"PropertyValueSpecification","valueRequired":true,"valueName":"search_term_string"}}],"inLanguage":"fr-FR"},{"@type":"Person","@id":"https:\/\/www.africa-press.net\/tchad\/#\/schema\/person\/2b1cf3cd81a31e3cd26889ca66d677f1","name":"cfeditorfr"}]}},"_links":{"self":[{"href":"https:\/\/www.africa-press.net\/tchad\/wp-json\/wp\/v2\/posts\/14706","targetHints":{"allow":["GET"]}}],"collection":[{"href":"https:\/\/www.africa-press.net\/tchad\/wp-json\/wp\/v2\/posts"}],"about":[{"href":"https:\/\/www.africa-press.net\/tchad\/wp-json\/wp\/v2\/types\/post"}],"author":[{"embeddable":true,"href":"https:\/\/www.africa-press.net\/tchad\/wp-json\/wp\/v2\/users\/82"}],"replies":[{"embeddable":true,"href":"https:\/\/www.africa-press.net\/tchad\/wp-json\/wp\/v2\/comments?post=14706"}],"version-history":[{"count":0,"href":"https:\/\/www.africa-press.net\/tchad\/wp-json\/wp\/v2\/posts\/14706\/revisions"}],"wp:featuredmedia":[{"embeddable":true,"href":"https:\/\/www.africa-press.net\/tchad\/wp-json\/wp\/v2\/media\/14705"}],"wp:attachment":[{"href":"https:\/\/www.africa-press.net\/tchad\/wp-json\/wp\/v2\/media?parent=14706"}],"wp:term":[{"taxonomy":"category","embeddable":true,"href":"https:\/\/www.africa-press.net\/tchad\/wp-json\/wp\/v2\/categories?post=14706"},{"taxonomy":"post_tag","embeddable":true,"href":"https:\/\/www.africa-press.net\/tchad\/wp-json\/wp\/v2\/tags?post=14706"}],"curies":[{"name":"wp","href":"https:\/\/api.w.org\/{rel}","templated":true}]}}