{"id":14880,"date":"2021-11-30T14:51:24","date_gmt":"2021-11-30T14:51:24","guid":{"rendered":"https:\/\/www.africa-press.net\/tchad\/politique\/qui-sont-les-opposants-amnisties-par-mahamat-idriss-deby-itno"},"modified":"2021-11-30T15:17:05","modified_gmt":"2021-11-30T15:17:05","slug":"qui-sont-les-opposants-amnisties-par-mahamat-idriss-deby-itno","status":"publish","type":"post","link":"https:\/\/www.africa-press.net\/tchad\/dossiers\/qui-sont-les-opposants-amnisties-par-mahamat-idriss-deby-itno","title":{"rendered":"Qui sont les opposants amnisti\u00e9s par Mahamat Idriss D\u00e9by Itno ?"},"content":{"rendered":"<p><span style=\"color: #ff6600\"><strong>Africa-Press &#8211; Tchad. <\/strong><\/span>En amont du dialogue national, le pr\u00e9sident de la transition a approuv\u00e9 ce 29 novembre deux projets de loi portant amnistie pour 296 personnes, dont 257 li\u00e9s aux groupes arm\u00e9s du pays. En voici les d\u00e9tails.<\/p>\n<p>L\u2019annonce \u00e9tait attendue : ce 29 novembre, en conseil des ministres, Mahamat Idriss D\u00e9by Itno a finalement officialis\u00e9 l\u2019adoption de deux projets de loi d\u2019amnistie g\u00e9n\u00e9rale port\u00e9s par le minist\u00e8re de la Justice. Le premier concerne 39 personnes, accus\u00e9es d\u2019atteinte \u00e0 l\u2019int\u00e9grit\u00e9 de l\u2019\u00c9tat et de d\u00e9lits d\u2019opinion ou condamn\u00e9es pour ces m\u00eames motifs.<\/p>\n<p>Le second est de plus grande ampleur, puisqu\u2019il concerne plus particuli\u00e8rement les groupes politico-militaires et les opposants en exil avec lesquels le pr\u00e9sident de la transition a entrepris de n\u00e9gocier avant le dialogue national, pr\u00e9vu dans les prochains mois au Tchad.<\/p>\n<p>Il doit s\u2019appliquer \u00e0 257 membres de groupes arm\u00e9s accus\u00e9s d\u2019actes de terrorisme ou d\u2019enr\u00f4lement de mineurs de moins de 18 ans, ou d\u00e9tenus pour ces m\u00eames faits.<\/p>\n<p>Selon une source proche de la pr\u00e9sidence, cette amnistie g\u00e9n\u00e9rale concerne les principaux chefs de groupes politico-militaires, notamment Timan Erdimi, actuellement en exil et en r\u00e9sidence surveill\u00e9e au Qatar, Mahamat Nouri, Abakar Tollimi ou Bichara Idriss Haggar.<\/p>\n<p>Contact\u00e9 par Jeune Afrique, Timan Erdimi a confirm\u00e9 devoir \u00ab en principe \u00bb faire partie de la liste des b\u00e9n\u00e9ficiaires, mais dit prudemment attendre la publication du d\u00e9cret. Quant \u00e0 Abakar Tollimi, \u00e9galement sollicit\u00e9, il affirme \u00eatre \u00e9galement concern\u00e9.<\/p>\n<p>D\u2019apr\u00e8s un proche du cabinet du chef de l\u2019\u00c9tat, la liste des b\u00e9n\u00e9ficiaires de ces mesures int\u00e8gre \u00e9galement les membres et chefs du Front pour l\u2019alternance et la concorde au Tchad (FACT), groupe rebelle dirig\u00e9 par Mahamat Mahdi Ali et ayant tent\u00e9 de conqu\u00e9rir N\u2019Djamena en avril 2021.<\/p>\n<p>Idriss D\u00e9by Itno, p\u00e8re de l\u2019actuel chef de l\u2019\u00c9tat et pr\u00e9sident d\u2019alors, avait trouv\u00e9 la mort dans des combats avec ces combattants rebelles. Cette liste est issue des n\u00e9gociations entre le comit\u00e9 technique pr\u00e9sid\u00e9 par Goukouni Weddeye et les groupes politico-militaires.<\/p>\n<p>Celles-ci avaient pour but d\u2019aboutir \u00e0 la tenue (potentiellement au Qatar) d\u2019un pr\u00e9-sommet tchadien pr\u00e9c\u00e9dant le dialogue national pr\u00e9vu ensuite \u00e0 N\u2019Djamena. Les chefs des mouvements d\u2019opposition avaient plac\u00e9 l\u2019amnistie g\u00e9n\u00e9rale comme condition num\u00e9ro un \u00e0 leur participation. \u00ab Droit \u00e0 l\u2019oubli \u00bb<\/p>\n<p>Selon les termes d\u2019un collaborateur du comit\u00e9 Weddeye, Mahamat Idriss D\u00e9by Itno a accept\u00e9 d\u2019accorder cette amnistie au nom d\u2019un \u00ab droit \u00e0 l\u2019oubli \u00bb et d\u2019un \u00ab avenir commun \u00bb.<\/p>\n<p>Le chef de l\u2019\u00c9tat a ainsi donn\u00e9 son accord concernant les responsables de \u00ab toutes les infractions, lointaines ou r\u00e9centes, y compris celles ayant abouti au d\u00e9c\u00e8s du mar\u00e9chal \u00bb Idriss D\u00e9by Itno.<\/p>\n<p>De m\u00eame source, le gouvernement tchadien a \u00e9galement pr\u00e9vu de demander \u00e0 la France de surseoir aux poursuites engag\u00e9es par la justice fran\u00e7aise pour crimes contre l\u2019humanit\u00e9 contre Mahamat Nouri.<\/p>\n<p>Le chef de l\u2019Union des forces pour la d\u00e9mocratie et le d\u00e9veloppement (UFDD), un temps d\u00e9tenu en France, a \u00e9t\u00e9 remis en libert\u00e9 par Paris en mars 2020 pour raisons sanitaires.<\/p>\n<p><strong>Pour plus d&rsquo;informations et d&rsquo;analyses sur la <a href=\"https:\/\/www.africa-press.net\/tchad\">Tchad<\/a>, suivez <a href=\"https:\/\/www.africa-press.net\/\">Africa-Press<\/a><\/strong><\/p>\n","protected":false},"excerpt":{"rendered":"<p>Africa-Press &#8211; Tchad. En amont du dialogue national, le pr\u00e9sident de la transition a approuv\u00e9 ce 29 novembre deux projets de loi portant amnistie pour 296 personnes, dont 257 li\u00e9s aux groupes arm\u00e9s du pays. En voici les d\u00e9tails. L\u2019annonce \u00e9tait attendue : ce 29 novembre, en conseil des ministres, Mahamat Idriss D\u00e9by Itno a [&hellip;]<\/p>\n","protected":false},"author":82,"featured_media":14879,"comment_status":"open","ping_status":"closed","sticky":false,"template":"","format":"standard","meta":{"footnotes":""},"categories":[7,11,10],"tags":[37,292,2714,29],"class_list":["post-14880","post","type-post","status-publish","format-standard","has-post-thumbnail","hentry","category-dossiers","category-homepage-french","category-toutes-les-actualites","tag-africa-press","tag-africa-press-tchad","tag-deby","tag-tchad"],"yoast_head":"<!-- This site is optimized with the Yoast SEO Premium plugin v26.1 (Yoast SEO v27.0) - https:\/\/yoast.com\/product\/yoast-seo-premium-wordpress\/ -->\n<title>Qui sont les opposants amnisti\u00e9s par Mahamat Idriss D\u00e9by Itno ? - tchad<\/title>\n<meta name=\"description\" content=\"En amont du dialogue national, le pr\u00e9sident de la transition a approuv\u00e9 ce 29 novembre deux projets de loi portant amnis ...\" \/>\n<meta name=\"robots\" content=\"index, follow, max-snippet:-1, max-image-preview:large, max-video-preview:-1\" \/>\n<link rel=\"canonical\" href=\"https:\/\/www.africa-press.net\/tchad\/dossiers\/qui-sont-les-opposants-amnisties-par-mahamat-idriss-deby-itno\" \/>\n<meta property=\"og:locale\" content=\"fr_FR\" \/>\n<meta property=\"og:type\" content=\"article\" \/>\n<meta property=\"og:title\" content=\"Qui sont les opposants amnisti\u00e9s par Mahamat Idriss D\u00e9by Itno ?\" \/>\n<meta property=\"og:description\" content=\"En amont du dialogue national, le pr\u00e9sident de la transition a approuv\u00e9 ce 29 novembre deux projets de loi portant amnis ...\" \/>\n<meta property=\"og:url\" content=\"https:\/\/www.africa-press.net\/tchad\/dossiers\/qui-sont-les-opposants-amnisties-par-mahamat-idriss-deby-itno\" \/>\n<meta property=\"og:site_name\" content=\"tchad\" \/>\n<meta property=\"article:published_time\" content=\"2021-11-30T14:51:24+00:00\" \/>\n<meta property=\"article:modified_time\" content=\"2021-11-30T15:17:05+00:00\" \/>\n<meta property=\"og:image\" content=\"https:\/\/static.africa-press.net\/tchad\/sites\/41\/2021\/11\/img-61a64052b89cd.jpg\" \/>\n\t<meta property=\"og:image:width\" content=\"592\" \/>\n\t<meta property=\"og:image:height\" content=\"296\" \/>\n\t<meta property=\"og:image:type\" content=\"image\/jpeg\" \/>\n<meta name=\"author\" content=\"cfeditorfr\" \/>\n<meta name=\"twitter:card\" content=\"summary_large_image\" \/>\n<meta name=\"twitter:label1\" content=\"\u00c9crit par\" \/>\n\t<meta name=\"twitter:data1\" content=\"cfeditorfr\" \/>\n\t<meta name=\"twitter:label2\" content=\"Dur\u00e9e de lecture estim\u00e9e\" \/>\n\t<meta name=\"twitter:data2\" content=\"3 minutes\" \/>\n<script type=\"application\/ld+json\" class=\"yoast-schema-graph\">{\"@context\":\"https:\/\/schema.org\",\"@graph\":[{\"@type\":\"Article\",\"@id\":\"https:\/\/www.africa-press.net\/tchad\/dossiers\/qui-sont-les-opposants-amnisties-par-mahamat-idriss-deby-itno#article\",\"isPartOf\":{\"@id\":\"https:\/\/www.africa-press.net\/tchad\/dossiers\/qui-sont-les-opposants-amnisties-par-mahamat-idriss-deby-itno\"},\"author\":{\"name\":\"cfeditorfr\",\"@id\":\"https:\/\/www.africa-press.net\/tchad\/#\/schema\/person\/2b1cf3cd81a31e3cd26889ca66d677f1\"},\"headline\":\"Qui sont les opposants amnisti\u00e9s par Mahamat Idriss D\u00e9by Itno ?\",\"datePublished\":\"2021-11-30T14:51:24+00:00\",\"dateModified\":\"2021-11-30T15:17:05+00:00\",\"mainEntityOfPage\":{\"@id\":\"https:\/\/www.africa-press.net\/tchad\/dossiers\/qui-sont-les-opposants-amnisties-par-mahamat-idriss-deby-itno\"},\"wordCount\":583,\"commentCount\":0,\"image\":{\"@id\":\"https:\/\/www.africa-press.net\/tchad\/dossiers\/qui-sont-les-opposants-amnisties-par-mahamat-idriss-deby-itno#primaryimage\"},\"thumbnailUrl\":\"https:\/\/static.africa-press.net\/tchad\/sites\/41\/2021\/11\/img-61a64052b89cd.jpg\",\"keywords\":[\"Africa Press\",\"Africa Press-Tchad\",\"Deby\",\"Tchad\"],\"articleSection\":[\"Dossiers\",\"homepage-french\",\"Toutes les actualit\u00e9s\"],\"inLanguage\":\"fr-FR\",\"potentialAction\":[{\"@type\":\"CommentAction\",\"name\":\"Comment\",\"target\":[\"https:\/\/www.africa-press.net\/tchad\/dossiers\/qui-sont-les-opposants-amnisties-par-mahamat-idriss-deby-itno#respond\"]}]},{\"@type\":\"WebPage\",\"@id\":\"https:\/\/www.africa-press.net\/tchad\/dossiers\/qui-sont-les-opposants-amnisties-par-mahamat-idriss-deby-itno\",\"url\":\"https:\/\/www.africa-press.net\/tchad\/dossiers\/qui-sont-les-opposants-amnisties-par-mahamat-idriss-deby-itno\",\"name\":\"Qui sont les opposants amnisti\u00e9s par Mahamat Idriss D\u00e9by Itno ? - tchad\",\"isPartOf\":{\"@id\":\"https:\/\/www.africa-press.net\/tchad\/#website\"},\"primaryImageOfPage\":{\"@id\":\"https:\/\/www.africa-press.net\/tchad\/dossiers\/qui-sont-les-opposants-amnisties-par-mahamat-idriss-deby-itno#primaryimage\"},\"image\":{\"@id\":\"https:\/\/www.africa-press.net\/tchad\/dossiers\/qui-sont-les-opposants-amnisties-par-mahamat-idriss-deby-itno#primaryimage\"},\"thumbnailUrl\":\"https:\/\/static.africa-press.net\/tchad\/sites\/41\/2021\/11\/img-61a64052b89cd.jpg\",\"datePublished\":\"2021-11-30T14:51:24+00:00\",\"dateModified\":\"2021-11-30T15:17:05+00:00\",\"author\":{\"@id\":\"https:\/\/www.africa-press.net\/tchad\/#\/schema\/person\/2b1cf3cd81a31e3cd26889ca66d677f1\"},\"description\":\"En amont du dialogue national, le pr\u00e9sident de la transition a approuv\u00e9 ce 29 novembre deux projets de loi portant amnis ...\",\"breadcrumb\":{\"@id\":\"https:\/\/www.africa-press.net\/tchad\/dossiers\/qui-sont-les-opposants-amnisties-par-mahamat-idriss-deby-itno#breadcrumb\"},\"inLanguage\":\"fr-FR\",\"potentialAction\":[{\"@type\":\"ReadAction\",\"target\":[\"https:\/\/www.africa-press.net\/tchad\/dossiers\/qui-sont-les-opposants-amnisties-par-mahamat-idriss-deby-itno\"]}]},{\"@type\":\"ImageObject\",\"inLanguage\":\"fr-FR\",\"@id\":\"https:\/\/www.africa-press.net\/tchad\/dossiers\/qui-sont-les-opposants-amnisties-par-mahamat-idriss-deby-itno#primaryimage\",\"url\":\"https:\/\/static.africa-press.net\/tchad\/sites\/41\/2021\/11\/img-61a64052b89cd.jpg\",\"contentUrl\":\"https:\/\/static.africa-press.net\/tchad\/sites\/41\/2021\/11\/img-61a64052b89cd.jpg\",\"width\":592,\"height\":296,\"caption\":\"Qui sont les opposants amnisti\u00e9s par Mahamat Idriss D\u00e9by Itno ?\"},{\"@type\":\"BreadcrumbList\",\"@id\":\"https:\/\/www.africa-press.net\/tchad\/dossiers\/qui-sont-les-opposants-amnisties-par-mahamat-idriss-deby-itno#breadcrumb\",\"itemListElement\":[{\"@type\":\"ListItem\",\"position\":1,\"name\":\"Accueil\",\"item\":\"https:\/\/www.africa-press.net\/tchad\/\"},{\"@type\":\"ListItem\",\"position\":2,\"name\":\"Qui sont les opposants amnisti\u00e9s par Mahamat Idriss D\u00e9by Itno ?\"}]},{\"@type\":\"WebSite\",\"@id\":\"https:\/\/www.africa-press.net\/tchad\/#website\",\"url\":\"https:\/\/www.africa-press.net\/tchad\/\",\"name\":\"tchad\",\"description\":\"Just another Africa News Agency Sites site\",\"potentialAction\":[{\"@type\":\"SearchAction\",\"target\":{\"@type\":\"EntryPoint\",\"urlTemplate\":\"https:\/\/www.africa-press.net\/tchad\/?s={search_term_string}\"},\"query-input\":{\"@type\":\"PropertyValueSpecification\",\"valueRequired\":true,\"valueName\":\"search_term_string\"}}],\"inLanguage\":\"fr-FR\"},{\"@type\":\"Person\",\"@id\":\"https:\/\/www.africa-press.net\/tchad\/#\/schema\/person\/2b1cf3cd81a31e3cd26889ca66d677f1\",\"name\":\"cfeditorfr\"}]}<\/script>\n<!-- \/ Yoast SEO Premium plugin. -->","yoast_head_json":{"title":"Qui sont les opposants amnisti\u00e9s par Mahamat Idriss D\u00e9by Itno ? - tchad","description":"En amont du dialogue national, le pr\u00e9sident de la transition a approuv\u00e9 ce 29 novembre deux projets de loi portant amnis ...","robots":{"index":"index","follow":"follow","max-snippet":"max-snippet:-1","max-image-preview":"max-image-preview:large","max-video-preview":"max-video-preview:-1"},"canonical":"https:\/\/www.africa-press.net\/tchad\/dossiers\/qui-sont-les-opposants-amnisties-par-mahamat-idriss-deby-itno","og_locale":"fr_FR","og_type":"article","og_title":"Qui sont les opposants amnisti\u00e9s par Mahamat Idriss D\u00e9by Itno ?","og_description":"En amont du dialogue national, le pr\u00e9sident de la transition a approuv\u00e9 ce 29 novembre deux projets de loi portant amnis ...","og_url":"https:\/\/www.africa-press.net\/tchad\/dossiers\/qui-sont-les-opposants-amnisties-par-mahamat-idriss-deby-itno","og_site_name":"tchad","article_published_time":"2021-11-30T14:51:24+00:00","article_modified_time":"2021-11-30T15:17:05+00:00","og_image":[{"width":592,"height":296,"url":"https:\/\/static.africa-press.net\/tchad\/sites\/41\/2021\/11\/img-61a64052b89cd.jpg","type":"image\/jpeg"}],"author":"cfeditorfr","twitter_card":"summary_large_image","twitter_misc":{"\u00c9crit par":"cfeditorfr","Dur\u00e9e de lecture estim\u00e9e":"3 minutes"},"schema":{"@context":"https:\/\/schema.org","@graph":[{"@type":"Article","@id":"https:\/\/www.africa-press.net\/tchad\/dossiers\/qui-sont-les-opposants-amnisties-par-mahamat-idriss-deby-itno#article","isPartOf":{"@id":"https:\/\/www.africa-press.net\/tchad\/dossiers\/qui-sont-les-opposants-amnisties-par-mahamat-idriss-deby-itno"},"author":{"name":"cfeditorfr","@id":"https:\/\/www.africa-press.net\/tchad\/#\/schema\/person\/2b1cf3cd81a31e3cd26889ca66d677f1"},"headline":"Qui sont les opposants amnisti\u00e9s par Mahamat Idriss D\u00e9by Itno ?","datePublished":"2021-11-30T14:51:24+00:00","dateModified":"2021-11-30T15:17:05+00:00","mainEntityOfPage":{"@id":"https:\/\/www.africa-press.net\/tchad\/dossiers\/qui-sont-les-opposants-amnisties-par-mahamat-idriss-deby-itno"},"wordCount":583,"commentCount":0,"image":{"@id":"https:\/\/www.africa-press.net\/tchad\/dossiers\/qui-sont-les-opposants-amnisties-par-mahamat-idriss-deby-itno#primaryimage"},"thumbnailUrl":"https:\/\/static.africa-press.net\/tchad\/sites\/41\/2021\/11\/img-61a64052b89cd.jpg","keywords":["Africa Press","Africa Press-Tchad","Deby","Tchad"],"articleSection":["Dossiers","homepage-french","Toutes les actualit\u00e9s"],"inLanguage":"fr-FR","potentialAction":[{"@type":"CommentAction","name":"Comment","target":["https:\/\/www.africa-press.net\/tchad\/dossiers\/qui-sont-les-opposants-amnisties-par-mahamat-idriss-deby-itno#respond"]}]},{"@type":"WebPage","@id":"https:\/\/www.africa-press.net\/tchad\/dossiers\/qui-sont-les-opposants-amnisties-par-mahamat-idriss-deby-itno","url":"https:\/\/www.africa-press.net\/tchad\/dossiers\/qui-sont-les-opposants-amnisties-par-mahamat-idriss-deby-itno","name":"Qui sont les opposants amnisti\u00e9s par Mahamat Idriss D\u00e9by Itno ? - tchad","isPartOf":{"@id":"https:\/\/www.africa-press.net\/tchad\/#website"},"primaryImageOfPage":{"@id":"https:\/\/www.africa-press.net\/tchad\/dossiers\/qui-sont-les-opposants-amnisties-par-mahamat-idriss-deby-itno#primaryimage"},"image":{"@id":"https:\/\/www.africa-press.net\/tchad\/dossiers\/qui-sont-les-opposants-amnisties-par-mahamat-idriss-deby-itno#primaryimage"},"thumbnailUrl":"https:\/\/static.africa-press.net\/tchad\/sites\/41\/2021\/11\/img-61a64052b89cd.jpg","datePublished":"2021-11-30T14:51:24+00:00","dateModified":"2021-11-30T15:17:05+00:00","author":{"@id":"https:\/\/www.africa-press.net\/tchad\/#\/schema\/person\/2b1cf3cd81a31e3cd26889ca66d677f1"},"description":"En amont du dialogue national, le pr\u00e9sident de la transition a approuv\u00e9 ce 29 novembre deux projets de loi portant amnis ...","breadcrumb":{"@id":"https:\/\/www.africa-press.net\/tchad\/dossiers\/qui-sont-les-opposants-amnisties-par-mahamat-idriss-deby-itno#breadcrumb"},"inLanguage":"fr-FR","potentialAction":[{"@type":"ReadAction","target":["https:\/\/www.africa-press.net\/tchad\/dossiers\/qui-sont-les-opposants-amnisties-par-mahamat-idriss-deby-itno"]}]},{"@type":"ImageObject","inLanguage":"fr-FR","@id":"https:\/\/www.africa-press.net\/tchad\/dossiers\/qui-sont-les-opposants-amnisties-par-mahamat-idriss-deby-itno#primaryimage","url":"https:\/\/static.africa-press.net\/tchad\/sites\/41\/2021\/11\/img-61a64052b89cd.jpg","contentUrl":"https:\/\/static.africa-press.net\/tchad\/sites\/41\/2021\/11\/img-61a64052b89cd.jpg","width":592,"height":296,"caption":"Qui sont les opposants amnisti\u00e9s par Mahamat Idriss D\u00e9by Itno ?"},{"@type":"BreadcrumbList","@id":"https:\/\/www.africa-press.net\/tchad\/dossiers\/qui-sont-les-opposants-amnisties-par-mahamat-idriss-deby-itno#breadcrumb","itemListElement":[{"@type":"ListItem","position":1,"name":"Accueil","item":"https:\/\/www.africa-press.net\/tchad\/"},{"@type":"ListItem","position":2,"name":"Qui sont les opposants amnisti\u00e9s par Mahamat Idriss D\u00e9by Itno ?"}]},{"@type":"WebSite","@id":"https:\/\/www.africa-press.net\/tchad\/#website","url":"https:\/\/www.africa-press.net\/tchad\/","name":"tchad","description":"Just another Africa News Agency Sites site","potentialAction":[{"@type":"SearchAction","target":{"@type":"EntryPoint","urlTemplate":"https:\/\/www.africa-press.net\/tchad\/?s={search_term_string}"},"query-input":{"@type":"PropertyValueSpecification","valueRequired":true,"valueName":"search_term_string"}}],"inLanguage":"fr-FR"},{"@type":"Person","@id":"https:\/\/www.africa-press.net\/tchad\/#\/schema\/person\/2b1cf3cd81a31e3cd26889ca66d677f1","name":"cfeditorfr"}]}},"_links":{"self":[{"href":"https:\/\/www.africa-press.net\/tchad\/wp-json\/wp\/v2\/posts\/14880","targetHints":{"allow":["GET"]}}],"collection":[{"href":"https:\/\/www.africa-press.net\/tchad\/wp-json\/wp\/v2\/posts"}],"about":[{"href":"https:\/\/www.africa-press.net\/tchad\/wp-json\/wp\/v2\/types\/post"}],"author":[{"embeddable":true,"href":"https:\/\/www.africa-press.net\/tchad\/wp-json\/wp\/v2\/users\/82"}],"replies":[{"embeddable":true,"href":"https:\/\/www.africa-press.net\/tchad\/wp-json\/wp\/v2\/comments?post=14880"}],"version-history":[{"count":0,"href":"https:\/\/www.africa-press.net\/tchad\/wp-json\/wp\/v2\/posts\/14880\/revisions"}],"wp:featuredmedia":[{"embeddable":true,"href":"https:\/\/www.africa-press.net\/tchad\/wp-json\/wp\/v2\/media\/14879"}],"wp:attachment":[{"href":"https:\/\/www.africa-press.net\/tchad\/wp-json\/wp\/v2\/media?parent=14880"}],"wp:term":[{"taxonomy":"category","embeddable":true,"href":"https:\/\/www.africa-press.net\/tchad\/wp-json\/wp\/v2\/categories?post=14880"},{"taxonomy":"post_tag","embeddable":true,"href":"https:\/\/www.africa-press.net\/tchad\/wp-json\/wp\/v2\/tags?post=14880"}],"curies":[{"name":"wp","href":"https:\/\/api.w.org\/{rel}","templated":true}]}}