{"id":15019,"date":"2021-12-02T14:04:04","date_gmt":"2021-12-02T14:04:04","guid":{"rendered":"https:\/\/www.africa-press.net\/tchad\/politique\/le-comite-provincial-de-la-protection-de-lenfant-en-tournee-au-guera"},"modified":"2021-12-02T16:22:00","modified_gmt":"2021-12-02T16:22:00","slug":"le-comite-provincial-de-la-protection-de-lenfant-en-tournee-au-guera","status":"publish","type":"post","link":"https:\/\/www.africa-press.net\/tchad\/toutes-les-actualites\/le-comite-provincial-de-la-protection-de-lenfant-en-tournee-au-guera","title":{"rendered":"le comit\u00e9 provincial de la protection de l&rsquo;enfant en tourn\u00e9e au Gu\u00e9ra"},"content":{"rendered":"<p><span style=\"color: #ff6600\"><strong>Africa-Press &#8211; Tchad. <\/strong><\/span>Le comit\u00e9 provincial de la protection de l&rsquo;enfant a organis\u00e9 une rencontre de sensibilisation dans les villages Kouka, Bitchochi, et Oyo. L\u2019objectif de cette mission du comit\u00e9 provincial de la protection de l&rsquo;enfant, dans le d\u00e9partement de Mangalm\u00e9, est ax\u00e9 sur la mobilisation sociale des leaders traditionnels, religieux et de la soci\u00e9t\u00e9 civile, sur l&rsquo;abandon du mariage des enfants, des mutilations g\u00e9nitales f\u00e9minines, des excisions, et la promotion de l&rsquo;enregistrement des naissances.<\/p>\n<p>Cette mission est dirig\u00e9e par le chef de service de la protection de l&rsquo;enfant de la d\u00e9l\u00e9gation provinciale de la femme du Gu\u00e9ra, Abdelaziz Alhadj Damalia.<\/p>\n<p>Pour lui, la sensibilisation passe tr\u00e8s bien dans la toute province du Gu\u00e9ra, sur l&rsquo;enregistrement des mariages d\u2019enfants, en 2015, le taux \u00e9tait de 7,8% de r\u00e9duction, et en 2018, il est de 37%.<\/p>\n<p>Sur l&rsquo;excision, en 2015 il y a eu une augmentation de 90% des filles excis\u00e9es, et en 2018 le taux a \u00e9t\u00e9 r\u00e9duit \u00e0 64% de filles dans la province du Gu\u00e9ra.<\/p>\n<p>Abdel-Aziz Alhadj Damalia indique que la sensibilisation \u00e9volue bien dans les 5 d\u00e9partements de la province du Gu\u00e9ra. Par ailleurs, il ajoute que d&rsquo;ici 2025, il n\u2019aura plus d&rsquo;excision et des mariages d\u2019enfants.<\/p>\n<p>Les leaders traditionnels, religieux et de la soci\u00e9t\u00e9 civile ont accept\u00e9 l\u2019abandon du mariage d&rsquo;enfants, des mutilations g\u00e9nitales f\u00e9minines, l\u2019excision et la promotion de l&rsquo;enregistrement des naissances.<\/p>\n<p>Ils ont d\u00e9cid\u00e9 d&rsquo;organiser des activit\u00e9s de mobilisation, et de sensibilisation et de s\u2019engager \u00e0 l&rsquo;intention des leaders communautaires, des jeunes, des parents, sur les m\u00e9faits des mutilations g\u00e9nitales f\u00e9minines, puis de vulgariser les lois interdisant cette pratique dans leurs cantons. Il faut signaler que plus de 70.000 personnes dans la province du Gu\u00e9ra ont b\u00e9n\u00e9fici\u00e9 de cette sensibilisation.<\/p>\n<p><strong>Pour plus d&rsquo;informations et d&rsquo;analyses sur la <a href=\"https:\/\/www.africa-press.net\/tchad\">Tchad<\/a>, suivez <a href=\"https:\/\/www.africa-press.net\/\">Africa-Press<\/a><\/strong><\/p>\n","protected":false},"excerpt":{"rendered":"<p>Africa-Press &#8211; Tchad. Le comit\u00e9 provincial de la protection de l&rsquo;enfant a organis\u00e9 une rencontre de sensibilisation dans les villages Kouka, Bitchochi, et Oyo. L\u2019objectif de cette mission du comit\u00e9 provincial de la protection de l&rsquo;enfant, dans le d\u00e9partement de Mangalm\u00e9, est ax\u00e9 sur la mobilisation sociale des leaders traditionnels, religieux et de la soci\u00e9t\u00e9 [&hellip;]<\/p>\n","protected":false},"author":82,"featured_media":15018,"comment_status":"open","ping_status":"closed","sticky":false,"template":"","format":"standard","meta":{"footnotes":""},"categories":[21,11,10],"tags":[37,292,2285,29],"class_list":["post-15019","post","type-post","status-publish","format-standard","has-post-thumbnail","hentry","category-communaute","category-homepage-french","category-toutes-les-actualites","tag-africa-press","tag-africa-press-tchad","tag-protection","tag-tchad"],"yoast_head":"<!-- This site is optimized with the Yoast SEO Premium plugin v26.1 (Yoast SEO v27.0) - https:\/\/yoast.com\/product\/yoast-seo-premium-wordpress\/ -->\n<title>le comit\u00e9 provincial de la protection de l&#039;enfant en tourn\u00e9e au Gu\u00e9ra - tchad<\/title>\n<meta name=\"description\" content=\"Le comit\u00e9 provincial de la protection de l&#039;enfant a organis\u00e9 une rencontre de sensibilisation dans les villages Kouka, B ...\" \/>\n<meta name=\"robots\" content=\"index, follow, max-snippet:-1, max-image-preview:large, max-video-preview:-1\" \/>\n<link rel=\"canonical\" href=\"https:\/\/www.africa-press.net\/tchad\/toutes-les-actualites\/le-comite-provincial-de-la-protection-de-lenfant-en-tournee-au-guera\" \/>\n<meta property=\"og:locale\" content=\"fr_FR\" \/>\n<meta property=\"og:type\" content=\"article\" \/>\n<meta property=\"og:title\" content=\"le comit\u00e9 provincial de la protection de l&#039;enfant en tourn\u00e9e au Gu\u00e9ra\" \/>\n<meta property=\"og:description\" content=\"Le comit\u00e9 provincial de la protection de l&#039;enfant a organis\u00e9 une rencontre de sensibilisation dans les villages Kouka, B ...\" \/>\n<meta property=\"og:url\" content=\"https:\/\/www.africa-press.net\/tchad\/toutes-les-actualites\/le-comite-provincial-de-la-protection-de-lenfant-en-tournee-au-guera\" \/>\n<meta property=\"og:site_name\" content=\"tchad\" \/>\n<meta property=\"article:published_time\" content=\"2021-12-02T14:04:04+00:00\" \/>\n<meta property=\"article:modified_time\" content=\"2021-12-02T16:22:00+00:00\" \/>\n<meta property=\"og:image\" content=\"https:\/\/static.africa-press.net\/tchad\/sites\/41\/2021\/12\/img-61a8f284e06b4.jpg\" \/>\n\t<meta property=\"og:image:width\" content=\"869\" \/>\n\t<meta property=\"og:image:height\" content=\"413\" \/>\n\t<meta property=\"og:image:type\" content=\"image\/jpeg\" \/>\n<meta name=\"author\" content=\"cfeditorfr\" \/>\n<meta name=\"twitter:card\" content=\"summary_large_image\" \/>\n<meta name=\"twitter:label1\" content=\"\u00c9crit par\" \/>\n\t<meta name=\"twitter:data1\" content=\"cfeditorfr\" \/>\n\t<meta name=\"twitter:label2\" content=\"Dur\u00e9e de lecture estim\u00e9e\" \/>\n\t<meta name=\"twitter:data2\" content=\"2 minutes\" \/>\n<script type=\"application\/ld+json\" class=\"yoast-schema-graph\">{\"@context\":\"https:\/\/schema.org\",\"@graph\":[{\"@type\":\"Article\",\"@id\":\"https:\/\/www.africa-press.net\/tchad\/toutes-les-actualites\/le-comite-provincial-de-la-protection-de-lenfant-en-tournee-au-guera#article\",\"isPartOf\":{\"@id\":\"https:\/\/www.africa-press.net\/tchad\/toutes-les-actualites\/le-comite-provincial-de-la-protection-de-lenfant-en-tournee-au-guera\"},\"author\":{\"name\":\"cfeditorfr\",\"@id\":\"https:\/\/www.africa-press.net\/tchad\/#\/schema\/person\/2b1cf3cd81a31e3cd26889ca66d677f1\"},\"headline\":\"le comit\u00e9 provincial de la protection de l&rsquo;enfant en tourn\u00e9e au Gu\u00e9ra\",\"datePublished\":\"2021-12-02T14:04:04+00:00\",\"dateModified\":\"2021-12-02T16:22:00+00:00\",\"mainEntityOfPage\":{\"@id\":\"https:\/\/www.africa-press.net\/tchad\/toutes-les-actualites\/le-comite-provincial-de-la-protection-de-lenfant-en-tournee-au-guera\"},\"wordCount\":347,\"commentCount\":0,\"image\":{\"@id\":\"https:\/\/www.africa-press.net\/tchad\/toutes-les-actualites\/le-comite-provincial-de-la-protection-de-lenfant-en-tournee-au-guera#primaryimage\"},\"thumbnailUrl\":\"https:\/\/static.africa-press.net\/tchad\/sites\/41\/2021\/12\/img-61a8f284e06b4.jpg\",\"keywords\":[\"Africa Press\",\"Africa Press-Tchad\",\"protection\",\"Tchad\"],\"articleSection\":[\"Communaut\u00e9\",\"homepage-french\",\"Toutes les actualit\u00e9s\"],\"inLanguage\":\"fr-FR\",\"potentialAction\":[{\"@type\":\"CommentAction\",\"name\":\"Comment\",\"target\":[\"https:\/\/www.africa-press.net\/tchad\/toutes-les-actualites\/le-comite-provincial-de-la-protection-de-lenfant-en-tournee-au-guera#respond\"]}]},{\"@type\":\"WebPage\",\"@id\":\"https:\/\/www.africa-press.net\/tchad\/toutes-les-actualites\/le-comite-provincial-de-la-protection-de-lenfant-en-tournee-au-guera\",\"url\":\"https:\/\/www.africa-press.net\/tchad\/toutes-les-actualites\/le-comite-provincial-de-la-protection-de-lenfant-en-tournee-au-guera\",\"name\":\"le comit\u00e9 provincial de la protection de l'enfant en tourn\u00e9e au Gu\u00e9ra - tchad\",\"isPartOf\":{\"@id\":\"https:\/\/www.africa-press.net\/tchad\/#website\"},\"primaryImageOfPage\":{\"@id\":\"https:\/\/www.africa-press.net\/tchad\/toutes-les-actualites\/le-comite-provincial-de-la-protection-de-lenfant-en-tournee-au-guera#primaryimage\"},\"image\":{\"@id\":\"https:\/\/www.africa-press.net\/tchad\/toutes-les-actualites\/le-comite-provincial-de-la-protection-de-lenfant-en-tournee-au-guera#primaryimage\"},\"thumbnailUrl\":\"https:\/\/static.africa-press.net\/tchad\/sites\/41\/2021\/12\/img-61a8f284e06b4.jpg\",\"datePublished\":\"2021-12-02T14:04:04+00:00\",\"dateModified\":\"2021-12-02T16:22:00+00:00\",\"author\":{\"@id\":\"https:\/\/www.africa-press.net\/tchad\/#\/schema\/person\/2b1cf3cd81a31e3cd26889ca66d677f1\"},\"description\":\"Le comit\u00e9 provincial de la protection de l'enfant a organis\u00e9 une rencontre de sensibilisation dans les villages Kouka, B ...\",\"breadcrumb\":{\"@id\":\"https:\/\/www.africa-press.net\/tchad\/toutes-les-actualites\/le-comite-provincial-de-la-protection-de-lenfant-en-tournee-au-guera#breadcrumb\"},\"inLanguage\":\"fr-FR\",\"potentialAction\":[{\"@type\":\"ReadAction\",\"target\":[\"https:\/\/www.africa-press.net\/tchad\/toutes-les-actualites\/le-comite-provincial-de-la-protection-de-lenfant-en-tournee-au-guera\"]}]},{\"@type\":\"ImageObject\",\"inLanguage\":\"fr-FR\",\"@id\":\"https:\/\/www.africa-press.net\/tchad\/toutes-les-actualites\/le-comite-provincial-de-la-protection-de-lenfant-en-tournee-au-guera#primaryimage\",\"url\":\"https:\/\/static.africa-press.net\/tchad\/sites\/41\/2021\/12\/img-61a8f284e06b4.jpg\",\"contentUrl\":\"https:\/\/static.africa-press.net\/tchad\/sites\/41\/2021\/12\/img-61a8f284e06b4.jpg\",\"width\":869,\"height\":413,\"caption\":\"le comit\u00e9 provincial de la protection de l'enfant en tourn\u00e9e au Gu\u00e9ra\"},{\"@type\":\"BreadcrumbList\",\"@id\":\"https:\/\/www.africa-press.net\/tchad\/toutes-les-actualites\/le-comite-provincial-de-la-protection-de-lenfant-en-tournee-au-guera#breadcrumb\",\"itemListElement\":[{\"@type\":\"ListItem\",\"position\":1,\"name\":\"Accueil\",\"item\":\"https:\/\/www.africa-press.net\/tchad\/\"},{\"@type\":\"ListItem\",\"position\":2,\"name\":\"le comit\u00e9 provincial de la protection de l&#8217;enfant en tourn\u00e9e au Gu\u00e9ra\"}]},{\"@type\":\"WebSite\",\"@id\":\"https:\/\/www.africa-press.net\/tchad\/#website\",\"url\":\"https:\/\/www.africa-press.net\/tchad\/\",\"name\":\"tchad\",\"description\":\"Just another Africa News Agency Sites site\",\"potentialAction\":[{\"@type\":\"SearchAction\",\"target\":{\"@type\":\"EntryPoint\",\"urlTemplate\":\"https:\/\/www.africa-press.net\/tchad\/?s={search_term_string}\"},\"query-input\":{\"@type\":\"PropertyValueSpecification\",\"valueRequired\":true,\"valueName\":\"search_term_string\"}}],\"inLanguage\":\"fr-FR\"},{\"@type\":\"Person\",\"@id\":\"https:\/\/www.africa-press.net\/tchad\/#\/schema\/person\/2b1cf3cd81a31e3cd26889ca66d677f1\",\"name\":\"cfeditorfr\"}]}<\/script>\n<!-- \/ Yoast SEO Premium plugin. -->","yoast_head_json":{"title":"le comit\u00e9 provincial de la protection de l'enfant en tourn\u00e9e au Gu\u00e9ra - tchad","description":"Le comit\u00e9 provincial de la protection de l'enfant a organis\u00e9 une rencontre de sensibilisation dans les villages Kouka, B ...","robots":{"index":"index","follow":"follow","max-snippet":"max-snippet:-1","max-image-preview":"max-image-preview:large","max-video-preview":"max-video-preview:-1"},"canonical":"https:\/\/www.africa-press.net\/tchad\/toutes-les-actualites\/le-comite-provincial-de-la-protection-de-lenfant-en-tournee-au-guera","og_locale":"fr_FR","og_type":"article","og_title":"le comit\u00e9 provincial de la protection de l'enfant en tourn\u00e9e au Gu\u00e9ra","og_description":"Le comit\u00e9 provincial de la protection de l'enfant a organis\u00e9 une rencontre de sensibilisation dans les villages Kouka, B ...","og_url":"https:\/\/www.africa-press.net\/tchad\/toutes-les-actualites\/le-comite-provincial-de-la-protection-de-lenfant-en-tournee-au-guera","og_site_name":"tchad","article_published_time":"2021-12-02T14:04:04+00:00","article_modified_time":"2021-12-02T16:22:00+00:00","og_image":[{"width":869,"height":413,"url":"https:\/\/static.africa-press.net\/tchad\/sites\/41\/2021\/12\/img-61a8f284e06b4.jpg","type":"image\/jpeg"}],"author":"cfeditorfr","twitter_card":"summary_large_image","twitter_misc":{"\u00c9crit par":"cfeditorfr","Dur\u00e9e de lecture estim\u00e9e":"2 minutes"},"schema":{"@context":"https:\/\/schema.org","@graph":[{"@type":"Article","@id":"https:\/\/www.africa-press.net\/tchad\/toutes-les-actualites\/le-comite-provincial-de-la-protection-de-lenfant-en-tournee-au-guera#article","isPartOf":{"@id":"https:\/\/www.africa-press.net\/tchad\/toutes-les-actualites\/le-comite-provincial-de-la-protection-de-lenfant-en-tournee-au-guera"},"author":{"name":"cfeditorfr","@id":"https:\/\/www.africa-press.net\/tchad\/#\/schema\/person\/2b1cf3cd81a31e3cd26889ca66d677f1"},"headline":"le comit\u00e9 provincial de la protection de l&rsquo;enfant en tourn\u00e9e au Gu\u00e9ra","datePublished":"2021-12-02T14:04:04+00:00","dateModified":"2021-12-02T16:22:00+00:00","mainEntityOfPage":{"@id":"https:\/\/www.africa-press.net\/tchad\/toutes-les-actualites\/le-comite-provincial-de-la-protection-de-lenfant-en-tournee-au-guera"},"wordCount":347,"commentCount":0,"image":{"@id":"https:\/\/www.africa-press.net\/tchad\/toutes-les-actualites\/le-comite-provincial-de-la-protection-de-lenfant-en-tournee-au-guera#primaryimage"},"thumbnailUrl":"https:\/\/static.africa-press.net\/tchad\/sites\/41\/2021\/12\/img-61a8f284e06b4.jpg","keywords":["Africa Press","Africa Press-Tchad","protection","Tchad"],"articleSection":["Communaut\u00e9","homepage-french","Toutes les actualit\u00e9s"],"inLanguage":"fr-FR","potentialAction":[{"@type":"CommentAction","name":"Comment","target":["https:\/\/www.africa-press.net\/tchad\/toutes-les-actualites\/le-comite-provincial-de-la-protection-de-lenfant-en-tournee-au-guera#respond"]}]},{"@type":"WebPage","@id":"https:\/\/www.africa-press.net\/tchad\/toutes-les-actualites\/le-comite-provincial-de-la-protection-de-lenfant-en-tournee-au-guera","url":"https:\/\/www.africa-press.net\/tchad\/toutes-les-actualites\/le-comite-provincial-de-la-protection-de-lenfant-en-tournee-au-guera","name":"le comit\u00e9 provincial de la protection de l'enfant en tourn\u00e9e au Gu\u00e9ra - tchad","isPartOf":{"@id":"https:\/\/www.africa-press.net\/tchad\/#website"},"primaryImageOfPage":{"@id":"https:\/\/www.africa-press.net\/tchad\/toutes-les-actualites\/le-comite-provincial-de-la-protection-de-lenfant-en-tournee-au-guera#primaryimage"},"image":{"@id":"https:\/\/www.africa-press.net\/tchad\/toutes-les-actualites\/le-comite-provincial-de-la-protection-de-lenfant-en-tournee-au-guera#primaryimage"},"thumbnailUrl":"https:\/\/static.africa-press.net\/tchad\/sites\/41\/2021\/12\/img-61a8f284e06b4.jpg","datePublished":"2021-12-02T14:04:04+00:00","dateModified":"2021-12-02T16:22:00+00:00","author":{"@id":"https:\/\/www.africa-press.net\/tchad\/#\/schema\/person\/2b1cf3cd81a31e3cd26889ca66d677f1"},"description":"Le comit\u00e9 provincial de la protection de l'enfant a organis\u00e9 une rencontre de sensibilisation dans les villages Kouka, B ...","breadcrumb":{"@id":"https:\/\/www.africa-press.net\/tchad\/toutes-les-actualites\/le-comite-provincial-de-la-protection-de-lenfant-en-tournee-au-guera#breadcrumb"},"inLanguage":"fr-FR","potentialAction":[{"@type":"ReadAction","target":["https:\/\/www.africa-press.net\/tchad\/toutes-les-actualites\/le-comite-provincial-de-la-protection-de-lenfant-en-tournee-au-guera"]}]},{"@type":"ImageObject","inLanguage":"fr-FR","@id":"https:\/\/www.africa-press.net\/tchad\/toutes-les-actualites\/le-comite-provincial-de-la-protection-de-lenfant-en-tournee-au-guera#primaryimage","url":"https:\/\/static.africa-press.net\/tchad\/sites\/41\/2021\/12\/img-61a8f284e06b4.jpg","contentUrl":"https:\/\/static.africa-press.net\/tchad\/sites\/41\/2021\/12\/img-61a8f284e06b4.jpg","width":869,"height":413,"caption":"le comit\u00e9 provincial de la protection de l'enfant en tourn\u00e9e au Gu\u00e9ra"},{"@type":"BreadcrumbList","@id":"https:\/\/www.africa-press.net\/tchad\/toutes-les-actualites\/le-comite-provincial-de-la-protection-de-lenfant-en-tournee-au-guera#breadcrumb","itemListElement":[{"@type":"ListItem","position":1,"name":"Accueil","item":"https:\/\/www.africa-press.net\/tchad\/"},{"@type":"ListItem","position":2,"name":"le comit\u00e9 provincial de la protection de l&#8217;enfant en tourn\u00e9e au Gu\u00e9ra"}]},{"@type":"WebSite","@id":"https:\/\/www.africa-press.net\/tchad\/#website","url":"https:\/\/www.africa-press.net\/tchad\/","name":"tchad","description":"Just another Africa News Agency Sites site","potentialAction":[{"@type":"SearchAction","target":{"@type":"EntryPoint","urlTemplate":"https:\/\/www.africa-press.net\/tchad\/?s={search_term_string}"},"query-input":{"@type":"PropertyValueSpecification","valueRequired":true,"valueName":"search_term_string"}}],"inLanguage":"fr-FR"},{"@type":"Person","@id":"https:\/\/www.africa-press.net\/tchad\/#\/schema\/person\/2b1cf3cd81a31e3cd26889ca66d677f1","name":"cfeditorfr"}]}},"_links":{"self":[{"href":"https:\/\/www.africa-press.net\/tchad\/wp-json\/wp\/v2\/posts\/15019","targetHints":{"allow":["GET"]}}],"collection":[{"href":"https:\/\/www.africa-press.net\/tchad\/wp-json\/wp\/v2\/posts"}],"about":[{"href":"https:\/\/www.africa-press.net\/tchad\/wp-json\/wp\/v2\/types\/post"}],"author":[{"embeddable":true,"href":"https:\/\/www.africa-press.net\/tchad\/wp-json\/wp\/v2\/users\/82"}],"replies":[{"embeddable":true,"href":"https:\/\/www.africa-press.net\/tchad\/wp-json\/wp\/v2\/comments?post=15019"}],"version-history":[{"count":0,"href":"https:\/\/www.africa-press.net\/tchad\/wp-json\/wp\/v2\/posts\/15019\/revisions"}],"wp:featuredmedia":[{"embeddable":true,"href":"https:\/\/www.africa-press.net\/tchad\/wp-json\/wp\/v2\/media\/15018"}],"wp:attachment":[{"href":"https:\/\/www.africa-press.net\/tchad\/wp-json\/wp\/v2\/media?parent=15019"}],"wp:term":[{"taxonomy":"category","embeddable":true,"href":"https:\/\/www.africa-press.net\/tchad\/wp-json\/wp\/v2\/categories?post=15019"},{"taxonomy":"post_tag","embeddable":true,"href":"https:\/\/www.africa-press.net\/tchad\/wp-json\/wp\/v2\/tags?post=15019"}],"curies":[{"name":"wp","href":"https:\/\/api.w.org\/{rel}","templated":true}]}}