{"id":15025,"date":"2021-12-02T14:07:26","date_gmt":"2021-12-02T14:07:26","guid":{"rendered":"https:\/\/www.africa-press.net\/tchad\/politique\/long-kites-sensibilise-les-commercants-sur-le-covid-19-a-abeche"},"modified":"2021-12-02T16:23:17","modified_gmt":"2021-12-02T16:23:17","slug":"long-kites-sensibilise-les-commercants-sur-le-covid-19-a-abeche","status":"publish","type":"post","link":"https:\/\/www.africa-press.net\/tchad\/toutes-les-actualites\/long-kites-sensibilise-les-commercants-sur-le-covid-19-a-abeche","title":{"rendered":"l&rsquo;ONG Kites sensibilise les commer\u00e7ants sur le Covid-19 \u00e0 Ab\u00e9ch\u00e9"},"content":{"rendered":"<p><span style=\"color: #ff6600\"><strong>Africa-Press &#8211; Tchad. <\/strong><\/span>Le coordinateur de l\u2019ONG nationale Kites, accompagn\u00e9 de ses membres, a entam\u00e9 ce dimanche 28 novembre 2021, une vaste campagne sur la lutte contre le coronavirus, cette \u00e9pid\u00e9mie qui a fait surface ces derniers temps \u00e0 Ab\u00e9ch\u00e9, chef-lieu de la province du Ouadda\u00ef.<\/p>\n<p>Cette campagne est organis\u00e9e en collaboration avec la d\u00e9l\u00e9gation provinciale de la Sant\u00e9 du Ouadda\u00ef, et vise \u00e0 inciter la population \u00e0 se pr\u00e9venir contre cette pand\u00e9mie.<\/p>\n<p>Les membres de l\u00b4ONG Kites ont sillonn\u00e9 respectivement le march\u00e9s de l\u00e9gumes et le march\u00e9 central, pour transmettre le message de la pr\u00e9vention aux commer\u00e7ants et surtout les commer\u00e7antes, afin d&rsquo;\u00eatre \u00e0 l\u00b4abri de cette maladie.<\/p>\n<p>\u00c0 chaque arr\u00eat, les membres de l\u2019ONG pr\u00e9sentent la fiche de vaccination contre le coronavirus, et expliquent aux femmes, l&rsquo;importance de la vaccination et aussi du respect des gestes barri\u00e8res \u00e9dict\u00e9s par le gouvernement.<\/p>\n<p>Selon le coordinateur de ladite ONG, Mahamat Hissein, cette campagne vise \u00e0 soutenir l\u00b4action du minist\u00e8re de la Sant\u00e9 publique, et la Coordination nationale de riposte sanitaire qui appelle toutes les couches de la population \u00e0 se rapprocher des h\u00f4pitaux et des centres de vaccination.<\/p>\n<p>Car ce vaccin ne pr\u00e9sente aucun danger sanitaire, mais plut\u00f4t prot\u00e8ge la personne contre le Covid-19. Cette campagne va s&rsquo;\u00e9tendre dans tous les lieux publics afin de lutter contre ce virus qui a boulevers\u00e9 le monde entier.<\/p>\n<p>Hissein Mahamat a ensuite rappel\u00e9 que son organisation va toujours \u0153uvrer, aux c\u00f4t\u00e9s du gouvernement, dans la lutte contre le coronavirus. D\u00e9j\u00e0 l\u00b4ann\u00e9e derni\u00e8re, il a \u00e9t\u00e9 organis\u00e9 plusieurs s\u00e9ances de sensibilisation \u00e0 Ab\u00e9ch\u00e9 et dans les camps des r\u00e9fugi\u00e9s soudanais install\u00e9s \u00e0 l\u2019Est du pays.<\/p>\n<p>Les commer\u00e7ants rencontr\u00e9s ont salu\u00e9 cette initiative de l\u00b4ONG Kites, \u00e0 travers cette descente sur le terrain. Ils ont rassur\u00e9 les membres de l\u00b4ONG, quant \u00e0 l\u00b4application de prescriptions re\u00e7ues.<\/p>\n<p><strong>Pour plus d&rsquo;informations et d&rsquo;analyses sur la <a href=\"https:\/\/www.africa-press.net\/tchad\">Tchad<\/a>, suivez <a href=\"https:\/\/www.africa-press.net\/\">Africa-Press<\/a><\/strong><\/p>\n","protected":false},"excerpt":{"rendered":"<p>Africa-Press &#8211; Tchad. Le coordinateur de l\u2019ONG nationale Kites, accompagn\u00e9 de ses membres, a entam\u00e9 ce dimanche 28 novembre 2021, une vaste campagne sur la lutte contre le coronavirus, cette \u00e9pid\u00e9mie qui a fait surface ces derniers temps \u00e0 Ab\u00e9ch\u00e9, chef-lieu de la province du Ouadda\u00ef. Cette campagne est organis\u00e9e en collaboration avec la d\u00e9l\u00e9gation [&hellip;]<\/p>\n","protected":false},"author":82,"featured_media":15024,"comment_status":"open","ping_status":"closed","sticky":false,"template":"","format":"standard","meta":{"footnotes":""},"categories":[21,11,10],"tags":[67,37,292,29],"class_list":["post-15025","post","type-post","status-publish","format-standard","has-post-thumbnail","hentry","category-communaute","category-homepage-french","category-toutes-les-actualites","tag-abeche","tag-africa-press","tag-africa-press-tchad","tag-tchad"],"yoast_head":"<!-- This site is optimized with the Yoast SEO Premium plugin v26.1 (Yoast SEO v27.0) - https:\/\/yoast.com\/product\/yoast-seo-premium-wordpress\/ -->\n<title>l&#039;ONG Kites sensibilise les commer\u00e7ants sur le Covid-19 \u00e0 Ab\u00e9ch\u00e9 - tchad<\/title>\n<meta name=\"description\" content=\"Le coordinateur de l\u2019ONG nationale Kites, accompagn\u00e9 de ses membres, a entam\u00e9 ce dimanche 28 novembre 2021, une vaste ca ...\" \/>\n<meta name=\"robots\" content=\"index, follow, max-snippet:-1, max-image-preview:large, max-video-preview:-1\" \/>\n<link rel=\"canonical\" href=\"https:\/\/www.africa-press.net\/tchad\/toutes-les-actualites\/long-kites-sensibilise-les-commercants-sur-le-covid-19-a-abeche\" \/>\n<meta property=\"og:locale\" content=\"fr_FR\" \/>\n<meta property=\"og:type\" content=\"article\" \/>\n<meta property=\"og:title\" content=\"l&#039;ONG Kites sensibilise les commer\u00e7ants sur le Covid-19 \u00e0 Ab\u00e9ch\u00e9\" \/>\n<meta property=\"og:description\" content=\"Le coordinateur de l\u2019ONG nationale Kites, accompagn\u00e9 de ses membres, a entam\u00e9 ce dimanche 28 novembre 2021, une vaste ca ...\" \/>\n<meta property=\"og:url\" content=\"https:\/\/www.africa-press.net\/tchad\/toutes-les-actualites\/long-kites-sensibilise-les-commercants-sur-le-covid-19-a-abeche\" \/>\n<meta property=\"og:site_name\" content=\"tchad\" \/>\n<meta property=\"article:published_time\" content=\"2021-12-02T14:07:26+00:00\" \/>\n<meta property=\"article:modified_time\" content=\"2021-12-02T16:23:17+00:00\" \/>\n<meta property=\"og:image\" content=\"https:\/\/static.africa-press.net\/tchad\/sites\/41\/2021\/12\/img-61a8f2d528dc4.jpg\" \/>\n\t<meta property=\"og:image:width\" content=\"869\" \/>\n\t<meta property=\"og:image:height\" content=\"489\" \/>\n\t<meta property=\"og:image:type\" content=\"image\/jpeg\" \/>\n<meta name=\"author\" content=\"cfeditorfr\" \/>\n<meta name=\"twitter:card\" content=\"summary_large_image\" \/>\n<meta name=\"twitter:label1\" content=\"\u00c9crit par\" \/>\n\t<meta name=\"twitter:data1\" content=\"cfeditorfr\" \/>\n\t<meta name=\"twitter:label2\" content=\"Dur\u00e9e de lecture estim\u00e9e\" \/>\n\t<meta name=\"twitter:data2\" content=\"2 minutes\" \/>\n<script type=\"application\/ld+json\" class=\"yoast-schema-graph\">{\"@context\":\"https:\/\/schema.org\",\"@graph\":[{\"@type\":\"Article\",\"@id\":\"https:\/\/www.africa-press.net\/tchad\/toutes-les-actualites\/long-kites-sensibilise-les-commercants-sur-le-covid-19-a-abeche#article\",\"isPartOf\":{\"@id\":\"https:\/\/www.africa-press.net\/tchad\/toutes-les-actualites\/long-kites-sensibilise-les-commercants-sur-le-covid-19-a-abeche\"},\"author\":{\"name\":\"cfeditorfr\",\"@id\":\"https:\/\/www.africa-press.net\/tchad\/#\/schema\/person\/2b1cf3cd81a31e3cd26889ca66d677f1\"},\"headline\":\"l&rsquo;ONG Kites sensibilise les commer\u00e7ants sur le Covid-19 \u00e0 Ab\u00e9ch\u00e9\",\"datePublished\":\"2021-12-02T14:07:26+00:00\",\"dateModified\":\"2021-12-02T16:23:17+00:00\",\"mainEntityOfPage\":{\"@id\":\"https:\/\/www.africa-press.net\/tchad\/toutes-les-actualites\/long-kites-sensibilise-les-commercants-sur-le-covid-19-a-abeche\"},\"wordCount\":359,\"commentCount\":0,\"image\":{\"@id\":\"https:\/\/www.africa-press.net\/tchad\/toutes-les-actualites\/long-kites-sensibilise-les-commercants-sur-le-covid-19-a-abeche#primaryimage\"},\"thumbnailUrl\":\"https:\/\/static.africa-press.net\/tchad\/sites\/41\/2021\/12\/img-61a8f2d528dc4.jpg\",\"keywords\":[\"Ab\u00e9ch\u00e9\",\"Africa Press\",\"Africa Press-Tchad\",\"Tchad\"],\"articleSection\":[\"Communaut\u00e9\",\"homepage-french\",\"Toutes les actualit\u00e9s\"],\"inLanguage\":\"fr-FR\",\"potentialAction\":[{\"@type\":\"CommentAction\",\"name\":\"Comment\",\"target\":[\"https:\/\/www.africa-press.net\/tchad\/toutes-les-actualites\/long-kites-sensibilise-les-commercants-sur-le-covid-19-a-abeche#respond\"]}]},{\"@type\":\"WebPage\",\"@id\":\"https:\/\/www.africa-press.net\/tchad\/toutes-les-actualites\/long-kites-sensibilise-les-commercants-sur-le-covid-19-a-abeche\",\"url\":\"https:\/\/www.africa-press.net\/tchad\/toutes-les-actualites\/long-kites-sensibilise-les-commercants-sur-le-covid-19-a-abeche\",\"name\":\"l'ONG Kites sensibilise les commer\u00e7ants sur le Covid-19 \u00e0 Ab\u00e9ch\u00e9 - tchad\",\"isPartOf\":{\"@id\":\"https:\/\/www.africa-press.net\/tchad\/#website\"},\"primaryImageOfPage\":{\"@id\":\"https:\/\/www.africa-press.net\/tchad\/toutes-les-actualites\/long-kites-sensibilise-les-commercants-sur-le-covid-19-a-abeche#primaryimage\"},\"image\":{\"@id\":\"https:\/\/www.africa-press.net\/tchad\/toutes-les-actualites\/long-kites-sensibilise-les-commercants-sur-le-covid-19-a-abeche#primaryimage\"},\"thumbnailUrl\":\"https:\/\/static.africa-press.net\/tchad\/sites\/41\/2021\/12\/img-61a8f2d528dc4.jpg\",\"datePublished\":\"2021-12-02T14:07:26+00:00\",\"dateModified\":\"2021-12-02T16:23:17+00:00\",\"author\":{\"@id\":\"https:\/\/www.africa-press.net\/tchad\/#\/schema\/person\/2b1cf3cd81a31e3cd26889ca66d677f1\"},\"description\":\"Le coordinateur de l\u2019ONG nationale Kites, accompagn\u00e9 de ses membres, a entam\u00e9 ce dimanche 28 novembre 2021, une vaste ca ...\",\"breadcrumb\":{\"@id\":\"https:\/\/www.africa-press.net\/tchad\/toutes-les-actualites\/long-kites-sensibilise-les-commercants-sur-le-covid-19-a-abeche#breadcrumb\"},\"inLanguage\":\"fr-FR\",\"potentialAction\":[{\"@type\":\"ReadAction\",\"target\":[\"https:\/\/www.africa-press.net\/tchad\/toutes-les-actualites\/long-kites-sensibilise-les-commercants-sur-le-covid-19-a-abeche\"]}]},{\"@type\":\"ImageObject\",\"inLanguage\":\"fr-FR\",\"@id\":\"https:\/\/www.africa-press.net\/tchad\/toutes-les-actualites\/long-kites-sensibilise-les-commercants-sur-le-covid-19-a-abeche#primaryimage\",\"url\":\"https:\/\/static.africa-press.net\/tchad\/sites\/41\/2021\/12\/img-61a8f2d528dc4.jpg\",\"contentUrl\":\"https:\/\/static.africa-press.net\/tchad\/sites\/41\/2021\/12\/img-61a8f2d528dc4.jpg\",\"width\":869,\"height\":489,\"caption\":\"l'ONG Kites sensibilise les commer\u00e7ants sur le Covid-19 \u00e0 Ab\u00e9ch\u00e9\"},{\"@type\":\"BreadcrumbList\",\"@id\":\"https:\/\/www.africa-press.net\/tchad\/toutes-les-actualites\/long-kites-sensibilise-les-commercants-sur-le-covid-19-a-abeche#breadcrumb\",\"itemListElement\":[{\"@type\":\"ListItem\",\"position\":1,\"name\":\"Accueil\",\"item\":\"https:\/\/www.africa-press.net\/tchad\/\"},{\"@type\":\"ListItem\",\"position\":2,\"name\":\"l&#8217;ONG Kites sensibilise les commer\u00e7ants sur le Covid-19 \u00e0 Ab\u00e9ch\u00e9\"}]},{\"@type\":\"WebSite\",\"@id\":\"https:\/\/www.africa-press.net\/tchad\/#website\",\"url\":\"https:\/\/www.africa-press.net\/tchad\/\",\"name\":\"tchad\",\"description\":\"Just another Africa News Agency Sites site\",\"potentialAction\":[{\"@type\":\"SearchAction\",\"target\":{\"@type\":\"EntryPoint\",\"urlTemplate\":\"https:\/\/www.africa-press.net\/tchad\/?s={search_term_string}\"},\"query-input\":{\"@type\":\"PropertyValueSpecification\",\"valueRequired\":true,\"valueName\":\"search_term_string\"}}],\"inLanguage\":\"fr-FR\"},{\"@type\":\"Person\",\"@id\":\"https:\/\/www.africa-press.net\/tchad\/#\/schema\/person\/2b1cf3cd81a31e3cd26889ca66d677f1\",\"name\":\"cfeditorfr\"}]}<\/script>\n<!-- \/ Yoast SEO Premium plugin. -->","yoast_head_json":{"title":"l'ONG Kites sensibilise les commer\u00e7ants sur le Covid-19 \u00e0 Ab\u00e9ch\u00e9 - tchad","description":"Le coordinateur de l\u2019ONG nationale Kites, accompagn\u00e9 de ses membres, a entam\u00e9 ce dimanche 28 novembre 2021, une vaste ca ...","robots":{"index":"index","follow":"follow","max-snippet":"max-snippet:-1","max-image-preview":"max-image-preview:large","max-video-preview":"max-video-preview:-1"},"canonical":"https:\/\/www.africa-press.net\/tchad\/toutes-les-actualites\/long-kites-sensibilise-les-commercants-sur-le-covid-19-a-abeche","og_locale":"fr_FR","og_type":"article","og_title":"l'ONG Kites sensibilise les commer\u00e7ants sur le Covid-19 \u00e0 Ab\u00e9ch\u00e9","og_description":"Le coordinateur de l\u2019ONG nationale Kites, accompagn\u00e9 de ses membres, a entam\u00e9 ce dimanche 28 novembre 2021, une vaste ca ...","og_url":"https:\/\/www.africa-press.net\/tchad\/toutes-les-actualites\/long-kites-sensibilise-les-commercants-sur-le-covid-19-a-abeche","og_site_name":"tchad","article_published_time":"2021-12-02T14:07:26+00:00","article_modified_time":"2021-12-02T16:23:17+00:00","og_image":[{"width":869,"height":489,"url":"https:\/\/static.africa-press.net\/tchad\/sites\/41\/2021\/12\/img-61a8f2d528dc4.jpg","type":"image\/jpeg"}],"author":"cfeditorfr","twitter_card":"summary_large_image","twitter_misc":{"\u00c9crit par":"cfeditorfr","Dur\u00e9e de lecture estim\u00e9e":"2 minutes"},"schema":{"@context":"https:\/\/schema.org","@graph":[{"@type":"Article","@id":"https:\/\/www.africa-press.net\/tchad\/toutes-les-actualites\/long-kites-sensibilise-les-commercants-sur-le-covid-19-a-abeche#article","isPartOf":{"@id":"https:\/\/www.africa-press.net\/tchad\/toutes-les-actualites\/long-kites-sensibilise-les-commercants-sur-le-covid-19-a-abeche"},"author":{"name":"cfeditorfr","@id":"https:\/\/www.africa-press.net\/tchad\/#\/schema\/person\/2b1cf3cd81a31e3cd26889ca66d677f1"},"headline":"l&rsquo;ONG Kites sensibilise les commer\u00e7ants sur le Covid-19 \u00e0 Ab\u00e9ch\u00e9","datePublished":"2021-12-02T14:07:26+00:00","dateModified":"2021-12-02T16:23:17+00:00","mainEntityOfPage":{"@id":"https:\/\/www.africa-press.net\/tchad\/toutes-les-actualites\/long-kites-sensibilise-les-commercants-sur-le-covid-19-a-abeche"},"wordCount":359,"commentCount":0,"image":{"@id":"https:\/\/www.africa-press.net\/tchad\/toutes-les-actualites\/long-kites-sensibilise-les-commercants-sur-le-covid-19-a-abeche#primaryimage"},"thumbnailUrl":"https:\/\/static.africa-press.net\/tchad\/sites\/41\/2021\/12\/img-61a8f2d528dc4.jpg","keywords":["Ab\u00e9ch\u00e9","Africa Press","Africa Press-Tchad","Tchad"],"articleSection":["Communaut\u00e9","homepage-french","Toutes les actualit\u00e9s"],"inLanguage":"fr-FR","potentialAction":[{"@type":"CommentAction","name":"Comment","target":["https:\/\/www.africa-press.net\/tchad\/toutes-les-actualites\/long-kites-sensibilise-les-commercants-sur-le-covid-19-a-abeche#respond"]}]},{"@type":"WebPage","@id":"https:\/\/www.africa-press.net\/tchad\/toutes-les-actualites\/long-kites-sensibilise-les-commercants-sur-le-covid-19-a-abeche","url":"https:\/\/www.africa-press.net\/tchad\/toutes-les-actualites\/long-kites-sensibilise-les-commercants-sur-le-covid-19-a-abeche","name":"l'ONG Kites sensibilise les commer\u00e7ants sur le Covid-19 \u00e0 Ab\u00e9ch\u00e9 - tchad","isPartOf":{"@id":"https:\/\/www.africa-press.net\/tchad\/#website"},"primaryImageOfPage":{"@id":"https:\/\/www.africa-press.net\/tchad\/toutes-les-actualites\/long-kites-sensibilise-les-commercants-sur-le-covid-19-a-abeche#primaryimage"},"image":{"@id":"https:\/\/www.africa-press.net\/tchad\/toutes-les-actualites\/long-kites-sensibilise-les-commercants-sur-le-covid-19-a-abeche#primaryimage"},"thumbnailUrl":"https:\/\/static.africa-press.net\/tchad\/sites\/41\/2021\/12\/img-61a8f2d528dc4.jpg","datePublished":"2021-12-02T14:07:26+00:00","dateModified":"2021-12-02T16:23:17+00:00","author":{"@id":"https:\/\/www.africa-press.net\/tchad\/#\/schema\/person\/2b1cf3cd81a31e3cd26889ca66d677f1"},"description":"Le coordinateur de l\u2019ONG nationale Kites, accompagn\u00e9 de ses membres, a entam\u00e9 ce dimanche 28 novembre 2021, une vaste ca ...","breadcrumb":{"@id":"https:\/\/www.africa-press.net\/tchad\/toutes-les-actualites\/long-kites-sensibilise-les-commercants-sur-le-covid-19-a-abeche#breadcrumb"},"inLanguage":"fr-FR","potentialAction":[{"@type":"ReadAction","target":["https:\/\/www.africa-press.net\/tchad\/toutes-les-actualites\/long-kites-sensibilise-les-commercants-sur-le-covid-19-a-abeche"]}]},{"@type":"ImageObject","inLanguage":"fr-FR","@id":"https:\/\/www.africa-press.net\/tchad\/toutes-les-actualites\/long-kites-sensibilise-les-commercants-sur-le-covid-19-a-abeche#primaryimage","url":"https:\/\/static.africa-press.net\/tchad\/sites\/41\/2021\/12\/img-61a8f2d528dc4.jpg","contentUrl":"https:\/\/static.africa-press.net\/tchad\/sites\/41\/2021\/12\/img-61a8f2d528dc4.jpg","width":869,"height":489,"caption":"l'ONG Kites sensibilise les commer\u00e7ants sur le Covid-19 \u00e0 Ab\u00e9ch\u00e9"},{"@type":"BreadcrumbList","@id":"https:\/\/www.africa-press.net\/tchad\/toutes-les-actualites\/long-kites-sensibilise-les-commercants-sur-le-covid-19-a-abeche#breadcrumb","itemListElement":[{"@type":"ListItem","position":1,"name":"Accueil","item":"https:\/\/www.africa-press.net\/tchad\/"},{"@type":"ListItem","position":2,"name":"l&#8217;ONG Kites sensibilise les commer\u00e7ants sur le Covid-19 \u00e0 Ab\u00e9ch\u00e9"}]},{"@type":"WebSite","@id":"https:\/\/www.africa-press.net\/tchad\/#website","url":"https:\/\/www.africa-press.net\/tchad\/","name":"tchad","description":"Just another Africa News Agency Sites site","potentialAction":[{"@type":"SearchAction","target":{"@type":"EntryPoint","urlTemplate":"https:\/\/www.africa-press.net\/tchad\/?s={search_term_string}"},"query-input":{"@type":"PropertyValueSpecification","valueRequired":true,"valueName":"search_term_string"}}],"inLanguage":"fr-FR"},{"@type":"Person","@id":"https:\/\/www.africa-press.net\/tchad\/#\/schema\/person\/2b1cf3cd81a31e3cd26889ca66d677f1","name":"cfeditorfr"}]}},"_links":{"self":[{"href":"https:\/\/www.africa-press.net\/tchad\/wp-json\/wp\/v2\/posts\/15025","targetHints":{"allow":["GET"]}}],"collection":[{"href":"https:\/\/www.africa-press.net\/tchad\/wp-json\/wp\/v2\/posts"}],"about":[{"href":"https:\/\/www.africa-press.net\/tchad\/wp-json\/wp\/v2\/types\/post"}],"author":[{"embeddable":true,"href":"https:\/\/www.africa-press.net\/tchad\/wp-json\/wp\/v2\/users\/82"}],"replies":[{"embeddable":true,"href":"https:\/\/www.africa-press.net\/tchad\/wp-json\/wp\/v2\/comments?post=15025"}],"version-history":[{"count":0,"href":"https:\/\/www.africa-press.net\/tchad\/wp-json\/wp\/v2\/posts\/15025\/revisions"}],"wp:featuredmedia":[{"embeddable":true,"href":"https:\/\/www.africa-press.net\/tchad\/wp-json\/wp\/v2\/media\/15024"}],"wp:attachment":[{"href":"https:\/\/www.africa-press.net\/tchad\/wp-json\/wp\/v2\/media?parent=15025"}],"wp:term":[{"taxonomy":"category","embeddable":true,"href":"https:\/\/www.africa-press.net\/tchad\/wp-json\/wp\/v2\/categories?post=15025"},{"taxonomy":"post_tag","embeddable":true,"href":"https:\/\/www.africa-press.net\/tchad\/wp-json\/wp\/v2\/tags?post=15025"}],"curies":[{"name":"wp","href":"https:\/\/api.w.org\/{rel}","templated":true}]}}