{"id":15194,"date":"2021-12-05T16:21:44","date_gmt":"2021-12-05T16:21:44","guid":{"rendered":"https:\/\/www.africa-press.net\/tchad\/politique\/deux-vehicules-font-une-collision-sur-laxe-mongo-abeche"},"modified":"2021-12-05T19:19:57","modified_gmt":"2021-12-05T19:19:57","slug":"deux-vehicules-font-une-collision-sur-laxe-mongo-abeche","status":"publish","type":"post","link":"https:\/\/www.africa-press.net\/tchad\/toutes-les-actualites\/deux-vehicules-font-une-collision-sur-laxe-mongo-abeche","title":{"rendered":"deux v\u00e9hicules font une collision sur l\u2019axe Mongo-Ab\u00e9ch\u00e9"},"content":{"rendered":"<p><span style=\"color: #ff6600\"><strong>Africa-Press &#8211; Tchad. <\/strong><\/span>Un v\u00e9hicule en provenance d&rsquo;Amtiman appartenant au B2 d&rsquo;Amtiman a percut\u00e9 un autre vehicule de transport en provenance du march\u00e9 hebdomadaire d&rsquo;Eref, une localit\u00e9 situ\u00e9e \u00e0 75 km de la ville de Mongo.<\/p>\n<p>Une vingtaine de personnes \u00e9taient \u00e0 bord du v\u00e9hicule civil. Plusieurs d\u2019entre elles ont \u00e9t\u00e9 bless\u00e9es dont l\u2019une avec des fractures importantes. L&rsquo;adjoint B2 d&rsquo;Amtiman a menac\u00e9 de mort le correspondant d&rsquo;Alwihda Info qui s\u2019est rendu sur les lieux de l\u2019accident.<\/p>\n<p>Il l\u2019a interpell\u00e9 physiquement pour avoir pris une photo. Plusieurs personnes sont intervenues afin qu\u2019il soit rel\u00e2ch\u00e9. Le d\u00e9l\u00e9gu\u00e9 de la police s\u2019est rendu sur place pour constater l\u2019accident. Les bless\u00e9s sont admis \u00e0 l\u2019h\u00f4pital de Mongo pour des soins.<\/p>\n<p><strong>Pour plus d&rsquo;informations et d&rsquo;analyses sur la <a href=\"https:\/\/www.africa-press.net\/tchad\">Tchad<\/a>, suivez <a href=\"https:\/\/www.africa-press.net\/\">Africa-Press<\/a><\/strong><\/p>\n","protected":false},"excerpt":{"rendered":"<p>Africa-Press &#8211; Tchad. Un v\u00e9hicule en provenance d&rsquo;Amtiman appartenant au B2 d&rsquo;Amtiman a percut\u00e9 un autre vehicule de transport en provenance du march\u00e9 hebdomadaire d&rsquo;Eref, une localit\u00e9 situ\u00e9e \u00e0 75 km de la ville de Mongo. Une vingtaine de personnes \u00e9taient \u00e0 bord du v\u00e9hicule civil. Plusieurs d\u2019entre elles ont \u00e9t\u00e9 bless\u00e9es dont l\u2019une avec [&hellip;]<\/p>\n","protected":false},"author":82,"featured_media":15193,"comment_status":"open","ping_status":"closed","sticky":false,"template":"","format":"standard","meta":{"footnotes":""},"categories":[21,11,10],"tags":[67,37,292,29],"class_list":["post-15194","post","type-post","status-publish","format-standard","has-post-thumbnail","hentry","category-communaute","category-homepage-french","category-toutes-les-actualites","tag-abeche","tag-africa-press","tag-africa-press-tchad","tag-tchad"],"yoast_head":"<!-- This site is optimized with the Yoast SEO Premium plugin v26.1 (Yoast SEO v27.0) - https:\/\/yoast.com\/product\/yoast-seo-premium-wordpress\/ -->\n<title>deux v\u00e9hicules font une collision sur l\u2019axe Mongo-Ab\u00e9ch\u00e9 - tchad<\/title>\n<meta name=\"description\" content=\"Un v\u00e9hicule en provenance d&#039;Amtiman appartenant au B2 d&#039;Amtiman a percut\u00e9 un autre vehicule de transport en provenance d ...\" \/>\n<meta name=\"robots\" content=\"index, follow, max-snippet:-1, max-image-preview:large, max-video-preview:-1\" \/>\n<link rel=\"canonical\" href=\"https:\/\/www.africa-press.net\/tchad\/toutes-les-actualites\/deux-vehicules-font-une-collision-sur-laxe-mongo-abeche\" \/>\n<meta property=\"og:locale\" content=\"fr_FR\" \/>\n<meta property=\"og:type\" content=\"article\" \/>\n<meta property=\"og:title\" content=\"deux v\u00e9hicules font une collision sur l\u2019axe Mongo-Ab\u00e9ch\u00e9\" \/>\n<meta property=\"og:description\" content=\"Un v\u00e9hicule en provenance d&#039;Amtiman appartenant au B2 d&#039;Amtiman a percut\u00e9 un autre vehicule de transport en provenance d ...\" \/>\n<meta property=\"og:url\" content=\"https:\/\/www.africa-press.net\/tchad\/toutes-les-actualites\/deux-vehicules-font-une-collision-sur-laxe-mongo-abeche\" \/>\n<meta property=\"og:site_name\" content=\"tchad\" \/>\n<meta property=\"article:published_time\" content=\"2021-12-05T16:21:44+00:00\" \/>\n<meta property=\"article:modified_time\" content=\"2021-12-05T19:19:57+00:00\" \/>\n<meta property=\"og:image\" content=\"https:\/\/static.africa-press.net\/tchad\/sites\/41\/2021\/12\/img-61ad10c242e94.jpg\" \/>\n\t<meta property=\"og:image:width\" content=\"869\" \/>\n\t<meta property=\"og:image:height\" content=\"408\" \/>\n\t<meta property=\"og:image:type\" content=\"image\/jpeg\" \/>\n<meta name=\"author\" content=\"cfeditorfr\" \/>\n<meta name=\"twitter:card\" content=\"summary_large_image\" \/>\n<meta name=\"twitter:label1\" content=\"\u00c9crit par\" \/>\n\t<meta name=\"twitter:data1\" content=\"cfeditorfr\" \/>\n\t<meta name=\"twitter:label2\" content=\"Dur\u00e9e de lecture estim\u00e9e\" \/>\n\t<meta name=\"twitter:data2\" content=\"1 minute\" \/>\n<script type=\"application\/ld+json\" class=\"yoast-schema-graph\">{\"@context\":\"https:\/\/schema.org\",\"@graph\":[{\"@type\":\"Article\",\"@id\":\"https:\/\/www.africa-press.net\/tchad\/toutes-les-actualites\/deux-vehicules-font-une-collision-sur-laxe-mongo-abeche#article\",\"isPartOf\":{\"@id\":\"https:\/\/www.africa-press.net\/tchad\/toutes-les-actualites\/deux-vehicules-font-une-collision-sur-laxe-mongo-abeche\"},\"author\":{\"name\":\"cfeditorfr\",\"@id\":\"https:\/\/www.africa-press.net\/tchad\/#\/schema\/person\/2b1cf3cd81a31e3cd26889ca66d677f1\"},\"headline\":\"deux v\u00e9hicules font une collision sur l\u2019axe Mongo-Ab\u00e9ch\u00e9\",\"datePublished\":\"2021-12-05T16:21:44+00:00\",\"dateModified\":\"2021-12-05T19:19:57+00:00\",\"mainEntityOfPage\":{\"@id\":\"https:\/\/www.africa-press.net\/tchad\/toutes-les-actualites\/deux-vehicules-font-une-collision-sur-laxe-mongo-abeche\"},\"wordCount\":160,\"commentCount\":0,\"image\":{\"@id\":\"https:\/\/www.africa-press.net\/tchad\/toutes-les-actualites\/deux-vehicules-font-une-collision-sur-laxe-mongo-abeche#primaryimage\"},\"thumbnailUrl\":\"https:\/\/static.africa-press.net\/tchad\/sites\/41\/2021\/12\/img-61ad10c242e94.jpg\",\"keywords\":[\"Ab\u00e9ch\u00e9\",\"Africa Press\",\"Africa Press-Tchad\",\"Tchad\"],\"articleSection\":[\"Communaut\u00e9\",\"homepage-french\",\"Toutes les actualit\u00e9s\"],\"inLanguage\":\"fr-FR\",\"potentialAction\":[{\"@type\":\"CommentAction\",\"name\":\"Comment\",\"target\":[\"https:\/\/www.africa-press.net\/tchad\/toutes-les-actualites\/deux-vehicules-font-une-collision-sur-laxe-mongo-abeche#respond\"]}]},{\"@type\":\"WebPage\",\"@id\":\"https:\/\/www.africa-press.net\/tchad\/toutes-les-actualites\/deux-vehicules-font-une-collision-sur-laxe-mongo-abeche\",\"url\":\"https:\/\/www.africa-press.net\/tchad\/toutes-les-actualites\/deux-vehicules-font-une-collision-sur-laxe-mongo-abeche\",\"name\":\"deux v\u00e9hicules font une collision sur l\u2019axe Mongo-Ab\u00e9ch\u00e9 - tchad\",\"isPartOf\":{\"@id\":\"https:\/\/www.africa-press.net\/tchad\/#website\"},\"primaryImageOfPage\":{\"@id\":\"https:\/\/www.africa-press.net\/tchad\/toutes-les-actualites\/deux-vehicules-font-une-collision-sur-laxe-mongo-abeche#primaryimage\"},\"image\":{\"@id\":\"https:\/\/www.africa-press.net\/tchad\/toutes-les-actualites\/deux-vehicules-font-une-collision-sur-laxe-mongo-abeche#primaryimage\"},\"thumbnailUrl\":\"https:\/\/static.africa-press.net\/tchad\/sites\/41\/2021\/12\/img-61ad10c242e94.jpg\",\"datePublished\":\"2021-12-05T16:21:44+00:00\",\"dateModified\":\"2021-12-05T19:19:57+00:00\",\"author\":{\"@id\":\"https:\/\/www.africa-press.net\/tchad\/#\/schema\/person\/2b1cf3cd81a31e3cd26889ca66d677f1\"},\"description\":\"Un v\u00e9hicule en provenance d'Amtiman appartenant au B2 d'Amtiman a percut\u00e9 un autre vehicule de transport en provenance d ...\",\"breadcrumb\":{\"@id\":\"https:\/\/www.africa-press.net\/tchad\/toutes-les-actualites\/deux-vehicules-font-une-collision-sur-laxe-mongo-abeche#breadcrumb\"},\"inLanguage\":\"fr-FR\",\"potentialAction\":[{\"@type\":\"ReadAction\",\"target\":[\"https:\/\/www.africa-press.net\/tchad\/toutes-les-actualites\/deux-vehicules-font-une-collision-sur-laxe-mongo-abeche\"]}]},{\"@type\":\"ImageObject\",\"inLanguage\":\"fr-FR\",\"@id\":\"https:\/\/www.africa-press.net\/tchad\/toutes-les-actualites\/deux-vehicules-font-une-collision-sur-laxe-mongo-abeche#primaryimage\",\"url\":\"https:\/\/static.africa-press.net\/tchad\/sites\/41\/2021\/12\/img-61ad10c242e94.jpg\",\"contentUrl\":\"https:\/\/static.africa-press.net\/tchad\/sites\/41\/2021\/12\/img-61ad10c242e94.jpg\",\"width\":869,\"height\":408,\"caption\":\"deux v\u00e9hicules font une collision sur l\u2019axe Mongo-Ab\u00e9ch\u00e9\"},{\"@type\":\"BreadcrumbList\",\"@id\":\"https:\/\/www.africa-press.net\/tchad\/toutes-les-actualites\/deux-vehicules-font-une-collision-sur-laxe-mongo-abeche#breadcrumb\",\"itemListElement\":[{\"@type\":\"ListItem\",\"position\":1,\"name\":\"Accueil\",\"item\":\"https:\/\/www.africa-press.net\/tchad\/\"},{\"@type\":\"ListItem\",\"position\":2,\"name\":\"deux v\u00e9hicules font une collision sur l\u2019axe Mongo-Ab\u00e9ch\u00e9\"}]},{\"@type\":\"WebSite\",\"@id\":\"https:\/\/www.africa-press.net\/tchad\/#website\",\"url\":\"https:\/\/www.africa-press.net\/tchad\/\",\"name\":\"tchad\",\"description\":\"Just another Africa News Agency Sites site\",\"potentialAction\":[{\"@type\":\"SearchAction\",\"target\":{\"@type\":\"EntryPoint\",\"urlTemplate\":\"https:\/\/www.africa-press.net\/tchad\/?s={search_term_string}\"},\"query-input\":{\"@type\":\"PropertyValueSpecification\",\"valueRequired\":true,\"valueName\":\"search_term_string\"}}],\"inLanguage\":\"fr-FR\"},{\"@type\":\"Person\",\"@id\":\"https:\/\/www.africa-press.net\/tchad\/#\/schema\/person\/2b1cf3cd81a31e3cd26889ca66d677f1\",\"name\":\"cfeditorfr\"}]}<\/script>\n<!-- \/ Yoast SEO Premium plugin. -->","yoast_head_json":{"title":"deux v\u00e9hicules font une collision sur l\u2019axe Mongo-Ab\u00e9ch\u00e9 - tchad","description":"Un v\u00e9hicule en provenance d'Amtiman appartenant au B2 d'Amtiman a percut\u00e9 un autre vehicule de transport en provenance d ...","robots":{"index":"index","follow":"follow","max-snippet":"max-snippet:-1","max-image-preview":"max-image-preview:large","max-video-preview":"max-video-preview:-1"},"canonical":"https:\/\/www.africa-press.net\/tchad\/toutes-les-actualites\/deux-vehicules-font-une-collision-sur-laxe-mongo-abeche","og_locale":"fr_FR","og_type":"article","og_title":"deux v\u00e9hicules font une collision sur l\u2019axe Mongo-Ab\u00e9ch\u00e9","og_description":"Un v\u00e9hicule en provenance d'Amtiman appartenant au B2 d'Amtiman a percut\u00e9 un autre vehicule de transport en provenance d ...","og_url":"https:\/\/www.africa-press.net\/tchad\/toutes-les-actualites\/deux-vehicules-font-une-collision-sur-laxe-mongo-abeche","og_site_name":"tchad","article_published_time":"2021-12-05T16:21:44+00:00","article_modified_time":"2021-12-05T19:19:57+00:00","og_image":[{"width":869,"height":408,"url":"https:\/\/static.africa-press.net\/tchad\/sites\/41\/2021\/12\/img-61ad10c242e94.jpg","type":"image\/jpeg"}],"author":"cfeditorfr","twitter_card":"summary_large_image","twitter_misc":{"\u00c9crit par":"cfeditorfr","Dur\u00e9e de lecture estim\u00e9e":"1 minute"},"schema":{"@context":"https:\/\/schema.org","@graph":[{"@type":"Article","@id":"https:\/\/www.africa-press.net\/tchad\/toutes-les-actualites\/deux-vehicules-font-une-collision-sur-laxe-mongo-abeche#article","isPartOf":{"@id":"https:\/\/www.africa-press.net\/tchad\/toutes-les-actualites\/deux-vehicules-font-une-collision-sur-laxe-mongo-abeche"},"author":{"name":"cfeditorfr","@id":"https:\/\/www.africa-press.net\/tchad\/#\/schema\/person\/2b1cf3cd81a31e3cd26889ca66d677f1"},"headline":"deux v\u00e9hicules font une collision sur l\u2019axe Mongo-Ab\u00e9ch\u00e9","datePublished":"2021-12-05T16:21:44+00:00","dateModified":"2021-12-05T19:19:57+00:00","mainEntityOfPage":{"@id":"https:\/\/www.africa-press.net\/tchad\/toutes-les-actualites\/deux-vehicules-font-une-collision-sur-laxe-mongo-abeche"},"wordCount":160,"commentCount":0,"image":{"@id":"https:\/\/www.africa-press.net\/tchad\/toutes-les-actualites\/deux-vehicules-font-une-collision-sur-laxe-mongo-abeche#primaryimage"},"thumbnailUrl":"https:\/\/static.africa-press.net\/tchad\/sites\/41\/2021\/12\/img-61ad10c242e94.jpg","keywords":["Ab\u00e9ch\u00e9","Africa Press","Africa Press-Tchad","Tchad"],"articleSection":["Communaut\u00e9","homepage-french","Toutes les actualit\u00e9s"],"inLanguage":"fr-FR","potentialAction":[{"@type":"CommentAction","name":"Comment","target":["https:\/\/www.africa-press.net\/tchad\/toutes-les-actualites\/deux-vehicules-font-une-collision-sur-laxe-mongo-abeche#respond"]}]},{"@type":"WebPage","@id":"https:\/\/www.africa-press.net\/tchad\/toutes-les-actualites\/deux-vehicules-font-une-collision-sur-laxe-mongo-abeche","url":"https:\/\/www.africa-press.net\/tchad\/toutes-les-actualites\/deux-vehicules-font-une-collision-sur-laxe-mongo-abeche","name":"deux v\u00e9hicules font une collision sur l\u2019axe Mongo-Ab\u00e9ch\u00e9 - tchad","isPartOf":{"@id":"https:\/\/www.africa-press.net\/tchad\/#website"},"primaryImageOfPage":{"@id":"https:\/\/www.africa-press.net\/tchad\/toutes-les-actualites\/deux-vehicules-font-une-collision-sur-laxe-mongo-abeche#primaryimage"},"image":{"@id":"https:\/\/www.africa-press.net\/tchad\/toutes-les-actualites\/deux-vehicules-font-une-collision-sur-laxe-mongo-abeche#primaryimage"},"thumbnailUrl":"https:\/\/static.africa-press.net\/tchad\/sites\/41\/2021\/12\/img-61ad10c242e94.jpg","datePublished":"2021-12-05T16:21:44+00:00","dateModified":"2021-12-05T19:19:57+00:00","author":{"@id":"https:\/\/www.africa-press.net\/tchad\/#\/schema\/person\/2b1cf3cd81a31e3cd26889ca66d677f1"},"description":"Un v\u00e9hicule en provenance d'Amtiman appartenant au B2 d'Amtiman a percut\u00e9 un autre vehicule de transport en provenance d ...","breadcrumb":{"@id":"https:\/\/www.africa-press.net\/tchad\/toutes-les-actualites\/deux-vehicules-font-une-collision-sur-laxe-mongo-abeche#breadcrumb"},"inLanguage":"fr-FR","potentialAction":[{"@type":"ReadAction","target":["https:\/\/www.africa-press.net\/tchad\/toutes-les-actualites\/deux-vehicules-font-une-collision-sur-laxe-mongo-abeche"]}]},{"@type":"ImageObject","inLanguage":"fr-FR","@id":"https:\/\/www.africa-press.net\/tchad\/toutes-les-actualites\/deux-vehicules-font-une-collision-sur-laxe-mongo-abeche#primaryimage","url":"https:\/\/static.africa-press.net\/tchad\/sites\/41\/2021\/12\/img-61ad10c242e94.jpg","contentUrl":"https:\/\/static.africa-press.net\/tchad\/sites\/41\/2021\/12\/img-61ad10c242e94.jpg","width":869,"height":408,"caption":"deux v\u00e9hicules font une collision sur l\u2019axe Mongo-Ab\u00e9ch\u00e9"},{"@type":"BreadcrumbList","@id":"https:\/\/www.africa-press.net\/tchad\/toutes-les-actualites\/deux-vehicules-font-une-collision-sur-laxe-mongo-abeche#breadcrumb","itemListElement":[{"@type":"ListItem","position":1,"name":"Accueil","item":"https:\/\/www.africa-press.net\/tchad\/"},{"@type":"ListItem","position":2,"name":"deux v\u00e9hicules font une collision sur l\u2019axe Mongo-Ab\u00e9ch\u00e9"}]},{"@type":"WebSite","@id":"https:\/\/www.africa-press.net\/tchad\/#website","url":"https:\/\/www.africa-press.net\/tchad\/","name":"tchad","description":"Just another Africa News Agency Sites site","potentialAction":[{"@type":"SearchAction","target":{"@type":"EntryPoint","urlTemplate":"https:\/\/www.africa-press.net\/tchad\/?s={search_term_string}"},"query-input":{"@type":"PropertyValueSpecification","valueRequired":true,"valueName":"search_term_string"}}],"inLanguage":"fr-FR"},{"@type":"Person","@id":"https:\/\/www.africa-press.net\/tchad\/#\/schema\/person\/2b1cf3cd81a31e3cd26889ca66d677f1","name":"cfeditorfr"}]}},"_links":{"self":[{"href":"https:\/\/www.africa-press.net\/tchad\/wp-json\/wp\/v2\/posts\/15194","targetHints":{"allow":["GET"]}}],"collection":[{"href":"https:\/\/www.africa-press.net\/tchad\/wp-json\/wp\/v2\/posts"}],"about":[{"href":"https:\/\/www.africa-press.net\/tchad\/wp-json\/wp\/v2\/types\/post"}],"author":[{"embeddable":true,"href":"https:\/\/www.africa-press.net\/tchad\/wp-json\/wp\/v2\/users\/82"}],"replies":[{"embeddable":true,"href":"https:\/\/www.africa-press.net\/tchad\/wp-json\/wp\/v2\/comments?post=15194"}],"version-history":[{"count":0,"href":"https:\/\/www.africa-press.net\/tchad\/wp-json\/wp\/v2\/posts\/15194\/revisions"}],"wp:featuredmedia":[{"embeddable":true,"href":"https:\/\/www.africa-press.net\/tchad\/wp-json\/wp\/v2\/media\/15193"}],"wp:attachment":[{"href":"https:\/\/www.africa-press.net\/tchad\/wp-json\/wp\/v2\/media?parent=15194"}],"wp:term":[{"taxonomy":"category","embeddable":true,"href":"https:\/\/www.africa-press.net\/tchad\/wp-json\/wp\/v2\/categories?post=15194"},{"taxonomy":"post_tag","embeddable":true,"href":"https:\/\/www.africa-press.net\/tchad\/wp-json\/wp\/v2\/tags?post=15194"}],"curies":[{"name":"wp","href":"https:\/\/api.w.org\/{rel}","templated":true}]}}