{"id":15235,"date":"2021-12-06T17:30:39","date_gmt":"2021-12-06T17:30:39","guid":{"rendered":"https:\/\/www.africa-press.net\/tchad\/politique\/quatre-activistes-foulent-le-sol-tchadien-apres-plusieurs-annees-dexil"},"modified":"2021-12-06T18:11:34","modified_gmt":"2021-12-06T18:11:34","slug":"quatre-activistes-foulent-le-sol-tchadien-apres-plusieurs-annees-dexil","status":"publish","type":"post","link":"https:\/\/www.africa-press.net\/tchad\/politique\/quatre-activistes-foulent-le-sol-tchadien-apres-plusieurs-annees-dexil","title":{"rendered":"Quatre activistes foulent le sol tchadien apr\u00e8s plusieurs ann\u00e9es d\u2019exil"},"content":{"rendered":"<p><span style=\"color: #ff6600\"><strong>Africa-Press &#8211; Tchad. <\/strong><\/span>Un groupe de quatre activistes r\u00e9sidant en France rentrent ce dimanche 05 d\u00e9cembre 2021 pour participer au dialogue national inclusif qui se pr\u00e9pare activement.<\/p>\n<p>Il s\u2019agit de : Tahirou Hissein Dagga, Abel Maina, Makaila Nguebla et Habib Ben qui viennent pour participer au processus de dialogue national inclusif notamment la r\u00e9conciliation nationale.<\/p>\n<p>C\u2019est \u00e0 19h 30 que l\u2019avion transportant les activistes atterri sur le tarmac de l\u2019a\u00e9roport international Hassan Djamous de N\u2019Djam\u00e9na, tr\u00e8s \u00e9mus de voir une foule immense notamment les parents, les amis et un groupe des activistes vivant \u00e0 N\u2019Djam\u00e9na qui attendent impatiemment de voir les quatre fr\u00e8res activistes qui rentrent.<\/p>\n<p>La foule acquiesce, le temps passe, c\u2019est apr\u00e8s le traditionnel contr\u00f4le pour la formalit\u00e9 dans la salle d\u2019attente, place aux journalistes pour une br\u00e8ve conf\u00e9rence de presse.<\/p>\n<p>C\u2019est ainsi, au nom de l\u2019\u00e9quipe, Makaila Nguebla indique que, suite \u00e0 l\u2019appel lanc\u00e9 par le pr\u00e9sident du Conseil Militaire de Transition \u00e0 l\u2019ensemble des forces vives tchadiennes, notamment la diaspora, \u00ab nous sommes sentis concern\u00e9s directement.<\/p>\n<p>C\u2019est pour pourquoi, avons d\u00e9cid\u00e9 de r\u00e9pondre \u00e0 cet appel qui pourra sortir le Tchad d\u2019un tournant d\u00e9cisif qui est le dialogue national inclusif \u00bb, affirme-t-il.<\/p>\n<p>S\u2019agissant de garantie pour leur s\u00e9curit\u00e9, l\u2019activiste politique, indique que la parole donn\u00e9e par le PCMT, constitue d\u00e9j\u00e0 une garantie fondamentale qui nous a permis avec mes coll\u00e8gues de rentrer \u00bb, une premi\u00e8re vague il y aura une deuxi\u00e8me vague selon les sources du minist\u00e8re de la r\u00e9conciliation, d\u2019autres fr\u00e8res vont aussi rentrer dans les jours avenir.<\/p>\n<p>\u00ab Je lance un appel solennelle afin qu\u2019ils rejoignent ce processus pour sauver notre pays \u00bb, souhaite-t-il.<\/p>\n<p>Selon le secr\u00e9taire d\u2019Etat \u00e0 la r\u00e9conciliation Katnaguar Aim\u00e9, \u00ab la politique de la main tenue pr\u00f4n\u00e9e par le gouvernement de transition est une bonne politique, je pense que ces fr\u00e8res qui ont d\u00e9cid\u00e9 en toute responsabilit\u00e9 de regagner la patrie ont compris cela \u00bb, soutient-il.<\/p>\n<p>En effet, lors de la visite du pr\u00e9sident du Conseil Militaire de Transition Mahamat Idriss D\u00e9by Itno \u00e0 paris le 14 novembre dernier, ces activistes ayant \u00e9t\u00e9 re\u00e7u par le Pr\u00e9sident, a sollicit\u00e9 leur retour au pays afin de participer au dialogue national inclusif.<\/p>\n<p><strong>Pour plus d&rsquo;informations et d&rsquo;analyses sur la <a href=\"https:\/\/www.africa-press.net\/tchad\">Tchad<\/a>, suivez <a href=\"https:\/\/www.africa-press.net\/\">Africa-Press<\/a><\/strong><\/p>\n","protected":false},"excerpt":{"rendered":"<p>Africa-Press &#8211; Tchad. Un groupe de quatre activistes r\u00e9sidant en France rentrent ce dimanche 05 d\u00e9cembre 2021 pour participer au dialogue national inclusif qui se pr\u00e9pare activement. Il s\u2019agit de : Tahirou Hissein Dagga, Abel Maina, Makaila Nguebla et Habib Ben qui viennent pour participer au processus de dialogue national inclusif notamment la r\u00e9conciliation nationale. [&hellip;]<\/p>\n","protected":false},"author":82,"featured_media":15234,"comment_status":"open","ping_status":"closed","sticky":false,"template":"","format":"standard","meta":{"footnotes":""},"categories":[11,2,20,10],"tags":[37,292,1273,29],"class_list":["post-15235","post","type-post","status-publish","format-standard","has-post-thumbnail","hentry","category-homepage-french","category-politique","category-top-nouvelles","category-toutes-les-actualites","tag-africa-press","tag-africa-press-tchad","tag-plusieurs","tag-tchad"],"yoast_head":"<!-- This site is optimized with the Yoast SEO Premium plugin v26.1 (Yoast SEO v27.0) - https:\/\/yoast.com\/product\/yoast-seo-premium-wordpress\/ -->\n<title>Quatre activistes foulent le sol tchadien apr\u00e8s plusieurs ann\u00e9es d\u2019exil - tchad<\/title>\n<meta name=\"description\" content=\"Un groupe de quatre activistes r\u00e9sidant en France rentrent ce dimanche 05 d\u00e9cembre 2021 pour participer au dialogue nati ...\" \/>\n<meta name=\"robots\" content=\"index, follow, max-snippet:-1, max-image-preview:large, max-video-preview:-1\" \/>\n<link rel=\"canonical\" href=\"https:\/\/www.africa-press.net\/tchad\/politique\/quatre-activistes-foulent-le-sol-tchadien-apres-plusieurs-annees-dexil\" \/>\n<meta property=\"og:locale\" content=\"fr_FR\" \/>\n<meta property=\"og:type\" content=\"article\" \/>\n<meta property=\"og:title\" content=\"Quatre activistes foulent le sol tchadien apr\u00e8s plusieurs ann\u00e9es d\u2019exil\" \/>\n<meta property=\"og:description\" content=\"Un groupe de quatre activistes r\u00e9sidant en France rentrent ce dimanche 05 d\u00e9cembre 2021 pour participer au dialogue nati ...\" \/>\n<meta property=\"og:url\" content=\"https:\/\/www.africa-press.net\/tchad\/politique\/quatre-activistes-foulent-le-sol-tchadien-apres-plusieurs-annees-dexil\" \/>\n<meta property=\"og:site_name\" content=\"tchad\" \/>\n<meta property=\"article:published_time\" content=\"2021-12-06T17:30:39+00:00\" \/>\n<meta property=\"article:modified_time\" content=\"2021-12-06T18:11:34+00:00\" \/>\n<meta property=\"og:image\" content=\"https:\/\/static.africa-press.net\/tchad\/sites\/41\/2021\/12\/img-61ae5220314b8.jpg\" \/>\n\t<meta property=\"og:image:width\" content=\"1920\" \/>\n\t<meta property=\"og:image:height\" content=\"1000\" \/>\n\t<meta property=\"og:image:type\" content=\"image\/jpeg\" \/>\n<meta name=\"author\" content=\"cfeditorfr\" \/>\n<meta name=\"twitter:card\" content=\"summary_large_image\" \/>\n<meta name=\"twitter:label1\" content=\"\u00c9crit par\" \/>\n\t<meta name=\"twitter:data1\" content=\"cfeditorfr\" \/>\n\t<meta name=\"twitter:label2\" content=\"Dur\u00e9e de lecture estim\u00e9e\" \/>\n\t<meta name=\"twitter:data2\" content=\"2 minutes\" \/>\n<script type=\"application\/ld+json\" class=\"yoast-schema-graph\">{\"@context\":\"https:\/\/schema.org\",\"@graph\":[{\"@type\":\"Article\",\"@id\":\"https:\/\/www.africa-press.net\/tchad\/politique\/quatre-activistes-foulent-le-sol-tchadien-apres-plusieurs-annees-dexil#article\",\"isPartOf\":{\"@id\":\"https:\/\/www.africa-press.net\/tchad\/politique\/quatre-activistes-foulent-le-sol-tchadien-apres-plusieurs-annees-dexil\"},\"author\":{\"name\":\"cfeditorfr\",\"@id\":\"https:\/\/www.africa-press.net\/tchad\/#\/schema\/person\/2b1cf3cd81a31e3cd26889ca66d677f1\"},\"headline\":\"Quatre activistes foulent le sol tchadien apr\u00e8s plusieurs ann\u00e9es d\u2019exil\",\"datePublished\":\"2021-12-06T17:30:39+00:00\",\"dateModified\":\"2021-12-06T18:11:34+00:00\",\"mainEntityOfPage\":{\"@id\":\"https:\/\/www.africa-press.net\/tchad\/politique\/quatre-activistes-foulent-le-sol-tchadien-apres-plusieurs-annees-dexil\"},\"wordCount\":422,\"commentCount\":0,\"image\":{\"@id\":\"https:\/\/www.africa-press.net\/tchad\/politique\/quatre-activistes-foulent-le-sol-tchadien-apres-plusieurs-annees-dexil#primaryimage\"},\"thumbnailUrl\":\"https:\/\/static.africa-press.net\/tchad\/sites\/41\/2021\/12\/img-61ae5220314b8.jpg\",\"keywords\":[\"Africa Press\",\"Africa Press-Tchad\",\"plusieurs\",\"Tchad\"],\"articleSection\":[\"homepage-french\",\"Politique\",\"Top Nouvelles\",\"Toutes les actualit\u00e9s\"],\"inLanguage\":\"fr-FR\",\"potentialAction\":[{\"@type\":\"CommentAction\",\"name\":\"Comment\",\"target\":[\"https:\/\/www.africa-press.net\/tchad\/politique\/quatre-activistes-foulent-le-sol-tchadien-apres-plusieurs-annees-dexil#respond\"]}]},{\"@type\":\"WebPage\",\"@id\":\"https:\/\/www.africa-press.net\/tchad\/politique\/quatre-activistes-foulent-le-sol-tchadien-apres-plusieurs-annees-dexil\",\"url\":\"https:\/\/www.africa-press.net\/tchad\/politique\/quatre-activistes-foulent-le-sol-tchadien-apres-plusieurs-annees-dexil\",\"name\":\"Quatre activistes foulent le sol tchadien apr\u00e8s plusieurs ann\u00e9es d\u2019exil - tchad\",\"isPartOf\":{\"@id\":\"https:\/\/www.africa-press.net\/tchad\/#website\"},\"primaryImageOfPage\":{\"@id\":\"https:\/\/www.africa-press.net\/tchad\/politique\/quatre-activistes-foulent-le-sol-tchadien-apres-plusieurs-annees-dexil#primaryimage\"},\"image\":{\"@id\":\"https:\/\/www.africa-press.net\/tchad\/politique\/quatre-activistes-foulent-le-sol-tchadien-apres-plusieurs-annees-dexil#primaryimage\"},\"thumbnailUrl\":\"https:\/\/static.africa-press.net\/tchad\/sites\/41\/2021\/12\/img-61ae5220314b8.jpg\",\"datePublished\":\"2021-12-06T17:30:39+00:00\",\"dateModified\":\"2021-12-06T18:11:34+00:00\",\"author\":{\"@id\":\"https:\/\/www.africa-press.net\/tchad\/#\/schema\/person\/2b1cf3cd81a31e3cd26889ca66d677f1\"},\"description\":\"Un groupe de quatre activistes r\u00e9sidant en France rentrent ce dimanche 05 d\u00e9cembre 2021 pour participer au dialogue nati ...\",\"breadcrumb\":{\"@id\":\"https:\/\/www.africa-press.net\/tchad\/politique\/quatre-activistes-foulent-le-sol-tchadien-apres-plusieurs-annees-dexil#breadcrumb\"},\"inLanguage\":\"fr-FR\",\"potentialAction\":[{\"@type\":\"ReadAction\",\"target\":[\"https:\/\/www.africa-press.net\/tchad\/politique\/quatre-activistes-foulent-le-sol-tchadien-apres-plusieurs-annees-dexil\"]}]},{\"@type\":\"ImageObject\",\"inLanguage\":\"fr-FR\",\"@id\":\"https:\/\/www.africa-press.net\/tchad\/politique\/quatre-activistes-foulent-le-sol-tchadien-apres-plusieurs-annees-dexil#primaryimage\",\"url\":\"https:\/\/static.africa-press.net\/tchad\/sites\/41\/2021\/12\/img-61ae5220314b8.jpg\",\"contentUrl\":\"https:\/\/static.africa-press.net\/tchad\/sites\/41\/2021\/12\/img-61ae5220314b8.jpg\",\"width\":1920,\"height\":1000,\"caption\":\"Quatre activistes foulent le sol tchadien apr\u00e8s plusieurs ann\u00e9es d\u2019exil\"},{\"@type\":\"BreadcrumbList\",\"@id\":\"https:\/\/www.africa-press.net\/tchad\/politique\/quatre-activistes-foulent-le-sol-tchadien-apres-plusieurs-annees-dexil#breadcrumb\",\"itemListElement\":[{\"@type\":\"ListItem\",\"position\":1,\"name\":\"Accueil\",\"item\":\"https:\/\/www.africa-press.net\/tchad\/\"},{\"@type\":\"ListItem\",\"position\":2,\"name\":\"Quatre activistes foulent le sol tchadien apr\u00e8s plusieurs ann\u00e9es d\u2019exil\"}]},{\"@type\":\"WebSite\",\"@id\":\"https:\/\/www.africa-press.net\/tchad\/#website\",\"url\":\"https:\/\/www.africa-press.net\/tchad\/\",\"name\":\"tchad\",\"description\":\"Just another Africa News Agency Sites site\",\"potentialAction\":[{\"@type\":\"SearchAction\",\"target\":{\"@type\":\"EntryPoint\",\"urlTemplate\":\"https:\/\/www.africa-press.net\/tchad\/?s={search_term_string}\"},\"query-input\":{\"@type\":\"PropertyValueSpecification\",\"valueRequired\":true,\"valueName\":\"search_term_string\"}}],\"inLanguage\":\"fr-FR\"},{\"@type\":\"Person\",\"@id\":\"https:\/\/www.africa-press.net\/tchad\/#\/schema\/person\/2b1cf3cd81a31e3cd26889ca66d677f1\",\"name\":\"cfeditorfr\"}]}<\/script>\n<!-- \/ Yoast SEO Premium plugin. -->","yoast_head_json":{"title":"Quatre activistes foulent le sol tchadien apr\u00e8s plusieurs ann\u00e9es d\u2019exil - tchad","description":"Un groupe de quatre activistes r\u00e9sidant en France rentrent ce dimanche 05 d\u00e9cembre 2021 pour participer au dialogue nati ...","robots":{"index":"index","follow":"follow","max-snippet":"max-snippet:-1","max-image-preview":"max-image-preview:large","max-video-preview":"max-video-preview:-1"},"canonical":"https:\/\/www.africa-press.net\/tchad\/politique\/quatre-activistes-foulent-le-sol-tchadien-apres-plusieurs-annees-dexil","og_locale":"fr_FR","og_type":"article","og_title":"Quatre activistes foulent le sol tchadien apr\u00e8s plusieurs ann\u00e9es d\u2019exil","og_description":"Un groupe de quatre activistes r\u00e9sidant en France rentrent ce dimanche 05 d\u00e9cembre 2021 pour participer au dialogue nati ...","og_url":"https:\/\/www.africa-press.net\/tchad\/politique\/quatre-activistes-foulent-le-sol-tchadien-apres-plusieurs-annees-dexil","og_site_name":"tchad","article_published_time":"2021-12-06T17:30:39+00:00","article_modified_time":"2021-12-06T18:11:34+00:00","og_image":[{"width":1920,"height":1000,"url":"https:\/\/static.africa-press.net\/tchad\/sites\/41\/2021\/12\/img-61ae5220314b8.jpg","type":"image\/jpeg"}],"author":"cfeditorfr","twitter_card":"summary_large_image","twitter_misc":{"\u00c9crit par":"cfeditorfr","Dur\u00e9e de lecture estim\u00e9e":"2 minutes"},"schema":{"@context":"https:\/\/schema.org","@graph":[{"@type":"Article","@id":"https:\/\/www.africa-press.net\/tchad\/politique\/quatre-activistes-foulent-le-sol-tchadien-apres-plusieurs-annees-dexil#article","isPartOf":{"@id":"https:\/\/www.africa-press.net\/tchad\/politique\/quatre-activistes-foulent-le-sol-tchadien-apres-plusieurs-annees-dexil"},"author":{"name":"cfeditorfr","@id":"https:\/\/www.africa-press.net\/tchad\/#\/schema\/person\/2b1cf3cd81a31e3cd26889ca66d677f1"},"headline":"Quatre activistes foulent le sol tchadien apr\u00e8s plusieurs ann\u00e9es d\u2019exil","datePublished":"2021-12-06T17:30:39+00:00","dateModified":"2021-12-06T18:11:34+00:00","mainEntityOfPage":{"@id":"https:\/\/www.africa-press.net\/tchad\/politique\/quatre-activistes-foulent-le-sol-tchadien-apres-plusieurs-annees-dexil"},"wordCount":422,"commentCount":0,"image":{"@id":"https:\/\/www.africa-press.net\/tchad\/politique\/quatre-activistes-foulent-le-sol-tchadien-apres-plusieurs-annees-dexil#primaryimage"},"thumbnailUrl":"https:\/\/static.africa-press.net\/tchad\/sites\/41\/2021\/12\/img-61ae5220314b8.jpg","keywords":["Africa Press","Africa Press-Tchad","plusieurs","Tchad"],"articleSection":["homepage-french","Politique","Top Nouvelles","Toutes les actualit\u00e9s"],"inLanguage":"fr-FR","potentialAction":[{"@type":"CommentAction","name":"Comment","target":["https:\/\/www.africa-press.net\/tchad\/politique\/quatre-activistes-foulent-le-sol-tchadien-apres-plusieurs-annees-dexil#respond"]}]},{"@type":"WebPage","@id":"https:\/\/www.africa-press.net\/tchad\/politique\/quatre-activistes-foulent-le-sol-tchadien-apres-plusieurs-annees-dexil","url":"https:\/\/www.africa-press.net\/tchad\/politique\/quatre-activistes-foulent-le-sol-tchadien-apres-plusieurs-annees-dexil","name":"Quatre activistes foulent le sol tchadien apr\u00e8s plusieurs ann\u00e9es d\u2019exil - tchad","isPartOf":{"@id":"https:\/\/www.africa-press.net\/tchad\/#website"},"primaryImageOfPage":{"@id":"https:\/\/www.africa-press.net\/tchad\/politique\/quatre-activistes-foulent-le-sol-tchadien-apres-plusieurs-annees-dexil#primaryimage"},"image":{"@id":"https:\/\/www.africa-press.net\/tchad\/politique\/quatre-activistes-foulent-le-sol-tchadien-apres-plusieurs-annees-dexil#primaryimage"},"thumbnailUrl":"https:\/\/static.africa-press.net\/tchad\/sites\/41\/2021\/12\/img-61ae5220314b8.jpg","datePublished":"2021-12-06T17:30:39+00:00","dateModified":"2021-12-06T18:11:34+00:00","author":{"@id":"https:\/\/www.africa-press.net\/tchad\/#\/schema\/person\/2b1cf3cd81a31e3cd26889ca66d677f1"},"description":"Un groupe de quatre activistes r\u00e9sidant en France rentrent ce dimanche 05 d\u00e9cembre 2021 pour participer au dialogue nati ...","breadcrumb":{"@id":"https:\/\/www.africa-press.net\/tchad\/politique\/quatre-activistes-foulent-le-sol-tchadien-apres-plusieurs-annees-dexil#breadcrumb"},"inLanguage":"fr-FR","potentialAction":[{"@type":"ReadAction","target":["https:\/\/www.africa-press.net\/tchad\/politique\/quatre-activistes-foulent-le-sol-tchadien-apres-plusieurs-annees-dexil"]}]},{"@type":"ImageObject","inLanguage":"fr-FR","@id":"https:\/\/www.africa-press.net\/tchad\/politique\/quatre-activistes-foulent-le-sol-tchadien-apres-plusieurs-annees-dexil#primaryimage","url":"https:\/\/static.africa-press.net\/tchad\/sites\/41\/2021\/12\/img-61ae5220314b8.jpg","contentUrl":"https:\/\/static.africa-press.net\/tchad\/sites\/41\/2021\/12\/img-61ae5220314b8.jpg","width":1920,"height":1000,"caption":"Quatre activistes foulent le sol tchadien apr\u00e8s plusieurs ann\u00e9es d\u2019exil"},{"@type":"BreadcrumbList","@id":"https:\/\/www.africa-press.net\/tchad\/politique\/quatre-activistes-foulent-le-sol-tchadien-apres-plusieurs-annees-dexil#breadcrumb","itemListElement":[{"@type":"ListItem","position":1,"name":"Accueil","item":"https:\/\/www.africa-press.net\/tchad\/"},{"@type":"ListItem","position":2,"name":"Quatre activistes foulent le sol tchadien apr\u00e8s plusieurs ann\u00e9es d\u2019exil"}]},{"@type":"WebSite","@id":"https:\/\/www.africa-press.net\/tchad\/#website","url":"https:\/\/www.africa-press.net\/tchad\/","name":"tchad","description":"Just another Africa News Agency Sites site","potentialAction":[{"@type":"SearchAction","target":{"@type":"EntryPoint","urlTemplate":"https:\/\/www.africa-press.net\/tchad\/?s={search_term_string}"},"query-input":{"@type":"PropertyValueSpecification","valueRequired":true,"valueName":"search_term_string"}}],"inLanguage":"fr-FR"},{"@type":"Person","@id":"https:\/\/www.africa-press.net\/tchad\/#\/schema\/person\/2b1cf3cd81a31e3cd26889ca66d677f1","name":"cfeditorfr"}]}},"_links":{"self":[{"href":"https:\/\/www.africa-press.net\/tchad\/wp-json\/wp\/v2\/posts\/15235","targetHints":{"allow":["GET"]}}],"collection":[{"href":"https:\/\/www.africa-press.net\/tchad\/wp-json\/wp\/v2\/posts"}],"about":[{"href":"https:\/\/www.africa-press.net\/tchad\/wp-json\/wp\/v2\/types\/post"}],"author":[{"embeddable":true,"href":"https:\/\/www.africa-press.net\/tchad\/wp-json\/wp\/v2\/users\/82"}],"replies":[{"embeddable":true,"href":"https:\/\/www.africa-press.net\/tchad\/wp-json\/wp\/v2\/comments?post=15235"}],"version-history":[{"count":0,"href":"https:\/\/www.africa-press.net\/tchad\/wp-json\/wp\/v2\/posts\/15235\/revisions"}],"wp:featuredmedia":[{"embeddable":true,"href":"https:\/\/www.africa-press.net\/tchad\/wp-json\/wp\/v2\/media\/15234"}],"wp:attachment":[{"href":"https:\/\/www.africa-press.net\/tchad\/wp-json\/wp\/v2\/media?parent=15235"}],"wp:term":[{"taxonomy":"category","embeddable":true,"href":"https:\/\/www.africa-press.net\/tchad\/wp-json\/wp\/v2\/categories?post=15235"},{"taxonomy":"post_tag","embeddable":true,"href":"https:\/\/www.africa-press.net\/tchad\/wp-json\/wp\/v2\/tags?post=15235"}],"curies":[{"name":"wp","href":"https:\/\/api.w.org\/{rel}","templated":true}]}}