{"id":15246,"date":"2021-12-06T17:35:43","date_gmt":"2021-12-06T17:35:43","guid":{"rendered":"https:\/\/www.africa-press.net\/tchad\/politique\/le-club-des-jeunes-leaders-se-mobilise-contre-la-violence-en-milieu-scolaire"},"modified":"2021-12-06T18:15:15","modified_gmt":"2021-12-06T18:15:15","slug":"le-club-des-jeunes-leaders-se-mobilise-contre-la-violence-en-milieu-scolaire","status":"publish","type":"post","link":"https:\/\/www.africa-press.net\/tchad\/toutes-les-actualites\/le-club-des-jeunes-leaders-se-mobilise-contre-la-violence-en-milieu-scolaire","title":{"rendered":"le Club des jeunes leaders se mobilise contre la violence en milieu scolaire"},"content":{"rendered":"<p><span style=\"color: #ff6600\"><strong>Africa-Press &#8211; Tchad. <\/strong><\/span>Le Club des jeunes leaders d&rsquo;Ab\u00e9ch\u00e9 a organis\u00e9 son \u00ab\u00a0Caf\u00e9 Amdaradir\u00a0\u00bb anim\u00e9 par le d\u00e9l\u00e9gu\u00e9 de l&rsquo;\u00e9ducation nationale du Ouadda\u00ef, Hissein Ibrahim Abdoulaye, ainsi que Mahamoud Mahamat Ali et Mahamat Saleh Adoudou.<\/p>\n<p>Dans leurs interventions, les panelistes ont tour \u00e0 tour parl\u00e9 des causes imm\u00e9diates de la violence et son impact dans le milieu scolaire. Pour le d\u00e9l\u00e9gu\u00e9 de l&rsquo;\u00e9ducation au Ouadda\u00ef, Hissein Ibrahim Abdoulaye, \u00ab\u00a0la violence constitue un obstacle pour l&rsquo;\u00e9ducation de nos enfants et le d\u00e9veloppement de notre pays le Tchad\u00a0\u00bb.<\/p>\n<p>Quant aux deux autres panelistes, ils ont tour \u00e0 tour entretenu l&rsquo;auditoire sur la violence qui gangr\u00e8ne ces derniers temps les \u00e9tablissements scolaires.<\/p>\n<p>Il ont exhort\u00e9 l&rsquo;assistance \u00e0 transmettre \u00e0 qui de droit le message. Quant au pr\u00e9sident du Club des jeunes leaders d&rsquo;Ab\u00e9ch\u00e9, Djibrine Haidar, il a exhort\u00e9 les \u00e9l\u00e8ves \u00e0 une bonne conduite vis-\u00e0-vis de leurs enseignants.<\/p>\n<p><strong>Pour plus d&rsquo;informations et d&rsquo;analyses sur la <a href=\"https:\/\/www.africa-press.net\/tchad\">Tchad<\/a>, suivez <a href=\"https:\/\/www.africa-press.net\/\">Africa-Press<\/a><\/strong><\/p>\n","protected":false},"excerpt":{"rendered":"<p>Africa-Press &#8211; Tchad. Le Club des jeunes leaders d&rsquo;Ab\u00e9ch\u00e9 a organis\u00e9 son \u00ab\u00a0Caf\u00e9 Amdaradir\u00a0\u00bb anim\u00e9 par le d\u00e9l\u00e9gu\u00e9 de l&rsquo;\u00e9ducation nationale du Ouadda\u00ef, Hissein Ibrahim Abdoulaye, ainsi que Mahamoud Mahamat Ali et Mahamat Saleh Adoudou. Dans leurs interventions, les panelistes ont tour \u00e0 tour parl\u00e9 des causes imm\u00e9diates de la violence et son impact dans [&hellip;]<\/p>\n","protected":false},"author":82,"featured_media":15245,"comment_status":"open","ping_status":"closed","sticky":false,"template":"","format":"standard","meta":{"footnotes":""},"categories":[21,11,10],"tags":[37,292,29,2477],"class_list":["post-15246","post","type-post","status-publish","format-standard","has-post-thumbnail","hentry","category-communaute","category-homepage-french","category-toutes-les-actualites","tag-africa-press","tag-africa-press-tchad","tag-tchad","tag-violence"],"yoast_head":"<!-- This site is optimized with the Yoast SEO Premium plugin v26.1 (Yoast SEO v27.0) - https:\/\/yoast.com\/product\/yoast-seo-premium-wordpress\/ -->\n<title>le Club des jeunes leaders se mobilise contre la violence en milieu scolaire - tchad<\/title>\n<meta name=\"description\" content=\"Le Club des jeunes leaders d&#039;Ab\u00e9ch\u00e9 a organis\u00e9 son &quot;Caf\u00e9 Amdaradir&quot; anim\u00e9 par le d\u00e9l\u00e9gu\u00e9 de l&#039;\u00e9ducation nationale du Oua ...\" \/>\n<meta name=\"robots\" content=\"index, follow, max-snippet:-1, max-image-preview:large, max-video-preview:-1\" \/>\n<link rel=\"canonical\" href=\"https:\/\/www.africa-press.net\/tchad\/toutes-les-actualites\/le-club-des-jeunes-leaders-se-mobilise-contre-la-violence-en-milieu-scolaire\" \/>\n<meta property=\"og:locale\" content=\"fr_FR\" \/>\n<meta property=\"og:type\" content=\"article\" \/>\n<meta property=\"og:title\" content=\"le Club des jeunes leaders se mobilise contre la violence en milieu scolaire\" \/>\n<meta property=\"og:description\" content=\"Le Club des jeunes leaders d&#039;Ab\u00e9ch\u00e9 a organis\u00e9 son &quot;Caf\u00e9 Amdaradir&quot; anim\u00e9 par le d\u00e9l\u00e9gu\u00e9 de l&#039;\u00e9ducation nationale du Oua ...\" \/>\n<meta property=\"og:url\" content=\"https:\/\/www.africa-press.net\/tchad\/toutes-les-actualites\/le-club-des-jeunes-leaders-se-mobilise-contre-la-violence-en-milieu-scolaire\" \/>\n<meta property=\"og:site_name\" content=\"tchad\" \/>\n<meta property=\"article:published_time\" content=\"2021-12-06T17:35:43+00:00\" \/>\n<meta property=\"article:modified_time\" content=\"2021-12-06T18:15:15+00:00\" \/>\n<meta property=\"og:image\" content=\"https:\/\/static.africa-press.net\/tchad\/sites\/41\/2021\/12\/img-61ae5313a3f5e.jpg\" \/>\n\t<meta property=\"og:image:width\" content=\"870\" \/>\n\t<meta property=\"og:image:height\" content=\"576\" \/>\n\t<meta property=\"og:image:type\" content=\"image\/jpeg\" \/>\n<meta name=\"author\" content=\"cfeditorfr\" \/>\n<meta name=\"twitter:card\" content=\"summary_large_image\" \/>\n<meta name=\"twitter:label1\" content=\"\u00c9crit par\" \/>\n\t<meta name=\"twitter:data1\" content=\"cfeditorfr\" \/>\n\t<meta name=\"twitter:label2\" content=\"Dur\u00e9e de lecture estim\u00e9e\" \/>\n\t<meta name=\"twitter:data2\" content=\"1 minute\" \/>\n<script type=\"application\/ld+json\" class=\"yoast-schema-graph\">{\"@context\":\"https:\/\/schema.org\",\"@graph\":[{\"@type\":\"Article\",\"@id\":\"https:\/\/www.africa-press.net\/tchad\/toutes-les-actualites\/le-club-des-jeunes-leaders-se-mobilise-contre-la-violence-en-milieu-scolaire#article\",\"isPartOf\":{\"@id\":\"https:\/\/www.africa-press.net\/tchad\/toutes-les-actualites\/le-club-des-jeunes-leaders-se-mobilise-contre-la-violence-en-milieu-scolaire\"},\"author\":{\"name\":\"cfeditorfr\",\"@id\":\"https:\/\/www.africa-press.net\/tchad\/#\/schema\/person\/2b1cf3cd81a31e3cd26889ca66d677f1\"},\"headline\":\"le Club des jeunes leaders se mobilise contre la violence en milieu scolaire\",\"datePublished\":\"2021-12-06T17:35:43+00:00\",\"dateModified\":\"2021-12-06T18:15:15+00:00\",\"mainEntityOfPage\":{\"@id\":\"https:\/\/www.africa-press.net\/tchad\/toutes-les-actualites\/le-club-des-jeunes-leaders-se-mobilise-contre-la-violence-en-milieu-scolaire\"},\"wordCount\":184,\"commentCount\":0,\"image\":{\"@id\":\"https:\/\/www.africa-press.net\/tchad\/toutes-les-actualites\/le-club-des-jeunes-leaders-se-mobilise-contre-la-violence-en-milieu-scolaire#primaryimage\"},\"thumbnailUrl\":\"https:\/\/static.africa-press.net\/tchad\/sites\/41\/2021\/12\/img-61ae5313a3f5e.jpg\",\"keywords\":[\"Africa Press\",\"Africa Press-Tchad\",\"Tchad\",\"violence\"],\"articleSection\":[\"Communaut\u00e9\",\"homepage-french\",\"Toutes les actualit\u00e9s\"],\"inLanguage\":\"fr-FR\",\"potentialAction\":[{\"@type\":\"CommentAction\",\"name\":\"Comment\",\"target\":[\"https:\/\/www.africa-press.net\/tchad\/toutes-les-actualites\/le-club-des-jeunes-leaders-se-mobilise-contre-la-violence-en-milieu-scolaire#respond\"]}]},{\"@type\":\"WebPage\",\"@id\":\"https:\/\/www.africa-press.net\/tchad\/toutes-les-actualites\/le-club-des-jeunes-leaders-se-mobilise-contre-la-violence-en-milieu-scolaire\",\"url\":\"https:\/\/www.africa-press.net\/tchad\/toutes-les-actualites\/le-club-des-jeunes-leaders-se-mobilise-contre-la-violence-en-milieu-scolaire\",\"name\":\"le Club des jeunes leaders se mobilise contre la violence en milieu scolaire - tchad\",\"isPartOf\":{\"@id\":\"https:\/\/www.africa-press.net\/tchad\/#website\"},\"primaryImageOfPage\":{\"@id\":\"https:\/\/www.africa-press.net\/tchad\/toutes-les-actualites\/le-club-des-jeunes-leaders-se-mobilise-contre-la-violence-en-milieu-scolaire#primaryimage\"},\"image\":{\"@id\":\"https:\/\/www.africa-press.net\/tchad\/toutes-les-actualites\/le-club-des-jeunes-leaders-se-mobilise-contre-la-violence-en-milieu-scolaire#primaryimage\"},\"thumbnailUrl\":\"https:\/\/static.africa-press.net\/tchad\/sites\/41\/2021\/12\/img-61ae5313a3f5e.jpg\",\"datePublished\":\"2021-12-06T17:35:43+00:00\",\"dateModified\":\"2021-12-06T18:15:15+00:00\",\"author\":{\"@id\":\"https:\/\/www.africa-press.net\/tchad\/#\/schema\/person\/2b1cf3cd81a31e3cd26889ca66d677f1\"},\"description\":\"Le Club des jeunes leaders d'Ab\u00e9ch\u00e9 a organis\u00e9 son \\\"Caf\u00e9 Amdaradir\\\" anim\u00e9 par le d\u00e9l\u00e9gu\u00e9 de l'\u00e9ducation nationale du Oua ...\",\"breadcrumb\":{\"@id\":\"https:\/\/www.africa-press.net\/tchad\/toutes-les-actualites\/le-club-des-jeunes-leaders-se-mobilise-contre-la-violence-en-milieu-scolaire#breadcrumb\"},\"inLanguage\":\"fr-FR\",\"potentialAction\":[{\"@type\":\"ReadAction\",\"target\":[\"https:\/\/www.africa-press.net\/tchad\/toutes-les-actualites\/le-club-des-jeunes-leaders-se-mobilise-contre-la-violence-en-milieu-scolaire\"]}]},{\"@type\":\"ImageObject\",\"inLanguage\":\"fr-FR\",\"@id\":\"https:\/\/www.africa-press.net\/tchad\/toutes-les-actualites\/le-club-des-jeunes-leaders-se-mobilise-contre-la-violence-en-milieu-scolaire#primaryimage\",\"url\":\"https:\/\/static.africa-press.net\/tchad\/sites\/41\/2021\/12\/img-61ae5313a3f5e.jpg\",\"contentUrl\":\"https:\/\/static.africa-press.net\/tchad\/sites\/41\/2021\/12\/img-61ae5313a3f5e.jpg\",\"width\":870,\"height\":576,\"caption\":\"le Club des jeunes leaders se mobilise contre la violence en milieu scolaire\"},{\"@type\":\"BreadcrumbList\",\"@id\":\"https:\/\/www.africa-press.net\/tchad\/toutes-les-actualites\/le-club-des-jeunes-leaders-se-mobilise-contre-la-violence-en-milieu-scolaire#breadcrumb\",\"itemListElement\":[{\"@type\":\"ListItem\",\"position\":1,\"name\":\"Accueil\",\"item\":\"https:\/\/www.africa-press.net\/tchad\/\"},{\"@type\":\"ListItem\",\"position\":2,\"name\":\"le Club des jeunes leaders se mobilise contre la violence en milieu scolaire\"}]},{\"@type\":\"WebSite\",\"@id\":\"https:\/\/www.africa-press.net\/tchad\/#website\",\"url\":\"https:\/\/www.africa-press.net\/tchad\/\",\"name\":\"tchad\",\"description\":\"Just another Africa News Agency Sites site\",\"potentialAction\":[{\"@type\":\"SearchAction\",\"target\":{\"@type\":\"EntryPoint\",\"urlTemplate\":\"https:\/\/www.africa-press.net\/tchad\/?s={search_term_string}\"},\"query-input\":{\"@type\":\"PropertyValueSpecification\",\"valueRequired\":true,\"valueName\":\"search_term_string\"}}],\"inLanguage\":\"fr-FR\"},{\"@type\":\"Person\",\"@id\":\"https:\/\/www.africa-press.net\/tchad\/#\/schema\/person\/2b1cf3cd81a31e3cd26889ca66d677f1\",\"name\":\"cfeditorfr\"}]}<\/script>\n<!-- \/ Yoast SEO Premium plugin. -->","yoast_head_json":{"title":"le Club des jeunes leaders se mobilise contre la violence en milieu scolaire - tchad","description":"Le Club des jeunes leaders d'Ab\u00e9ch\u00e9 a organis\u00e9 son \"Caf\u00e9 Amdaradir\" anim\u00e9 par le d\u00e9l\u00e9gu\u00e9 de l'\u00e9ducation nationale du Oua ...","robots":{"index":"index","follow":"follow","max-snippet":"max-snippet:-1","max-image-preview":"max-image-preview:large","max-video-preview":"max-video-preview:-1"},"canonical":"https:\/\/www.africa-press.net\/tchad\/toutes-les-actualites\/le-club-des-jeunes-leaders-se-mobilise-contre-la-violence-en-milieu-scolaire","og_locale":"fr_FR","og_type":"article","og_title":"le Club des jeunes leaders se mobilise contre la violence en milieu scolaire","og_description":"Le Club des jeunes leaders d'Ab\u00e9ch\u00e9 a organis\u00e9 son \"Caf\u00e9 Amdaradir\" anim\u00e9 par le d\u00e9l\u00e9gu\u00e9 de l'\u00e9ducation nationale du Oua ...","og_url":"https:\/\/www.africa-press.net\/tchad\/toutes-les-actualites\/le-club-des-jeunes-leaders-se-mobilise-contre-la-violence-en-milieu-scolaire","og_site_name":"tchad","article_published_time":"2021-12-06T17:35:43+00:00","article_modified_time":"2021-12-06T18:15:15+00:00","og_image":[{"width":870,"height":576,"url":"https:\/\/static.africa-press.net\/tchad\/sites\/41\/2021\/12\/img-61ae5313a3f5e.jpg","type":"image\/jpeg"}],"author":"cfeditorfr","twitter_card":"summary_large_image","twitter_misc":{"\u00c9crit par":"cfeditorfr","Dur\u00e9e de lecture estim\u00e9e":"1 minute"},"schema":{"@context":"https:\/\/schema.org","@graph":[{"@type":"Article","@id":"https:\/\/www.africa-press.net\/tchad\/toutes-les-actualites\/le-club-des-jeunes-leaders-se-mobilise-contre-la-violence-en-milieu-scolaire#article","isPartOf":{"@id":"https:\/\/www.africa-press.net\/tchad\/toutes-les-actualites\/le-club-des-jeunes-leaders-se-mobilise-contre-la-violence-en-milieu-scolaire"},"author":{"name":"cfeditorfr","@id":"https:\/\/www.africa-press.net\/tchad\/#\/schema\/person\/2b1cf3cd81a31e3cd26889ca66d677f1"},"headline":"le Club des jeunes leaders se mobilise contre la violence en milieu scolaire","datePublished":"2021-12-06T17:35:43+00:00","dateModified":"2021-12-06T18:15:15+00:00","mainEntityOfPage":{"@id":"https:\/\/www.africa-press.net\/tchad\/toutes-les-actualites\/le-club-des-jeunes-leaders-se-mobilise-contre-la-violence-en-milieu-scolaire"},"wordCount":184,"commentCount":0,"image":{"@id":"https:\/\/www.africa-press.net\/tchad\/toutes-les-actualites\/le-club-des-jeunes-leaders-se-mobilise-contre-la-violence-en-milieu-scolaire#primaryimage"},"thumbnailUrl":"https:\/\/static.africa-press.net\/tchad\/sites\/41\/2021\/12\/img-61ae5313a3f5e.jpg","keywords":["Africa Press","Africa Press-Tchad","Tchad","violence"],"articleSection":["Communaut\u00e9","homepage-french","Toutes les actualit\u00e9s"],"inLanguage":"fr-FR","potentialAction":[{"@type":"CommentAction","name":"Comment","target":["https:\/\/www.africa-press.net\/tchad\/toutes-les-actualites\/le-club-des-jeunes-leaders-se-mobilise-contre-la-violence-en-milieu-scolaire#respond"]}]},{"@type":"WebPage","@id":"https:\/\/www.africa-press.net\/tchad\/toutes-les-actualites\/le-club-des-jeunes-leaders-se-mobilise-contre-la-violence-en-milieu-scolaire","url":"https:\/\/www.africa-press.net\/tchad\/toutes-les-actualites\/le-club-des-jeunes-leaders-se-mobilise-contre-la-violence-en-milieu-scolaire","name":"le Club des jeunes leaders se mobilise contre la violence en milieu scolaire - tchad","isPartOf":{"@id":"https:\/\/www.africa-press.net\/tchad\/#website"},"primaryImageOfPage":{"@id":"https:\/\/www.africa-press.net\/tchad\/toutes-les-actualites\/le-club-des-jeunes-leaders-se-mobilise-contre-la-violence-en-milieu-scolaire#primaryimage"},"image":{"@id":"https:\/\/www.africa-press.net\/tchad\/toutes-les-actualites\/le-club-des-jeunes-leaders-se-mobilise-contre-la-violence-en-milieu-scolaire#primaryimage"},"thumbnailUrl":"https:\/\/static.africa-press.net\/tchad\/sites\/41\/2021\/12\/img-61ae5313a3f5e.jpg","datePublished":"2021-12-06T17:35:43+00:00","dateModified":"2021-12-06T18:15:15+00:00","author":{"@id":"https:\/\/www.africa-press.net\/tchad\/#\/schema\/person\/2b1cf3cd81a31e3cd26889ca66d677f1"},"description":"Le Club des jeunes leaders d'Ab\u00e9ch\u00e9 a organis\u00e9 son \"Caf\u00e9 Amdaradir\" anim\u00e9 par le d\u00e9l\u00e9gu\u00e9 de l'\u00e9ducation nationale du Oua ...","breadcrumb":{"@id":"https:\/\/www.africa-press.net\/tchad\/toutes-les-actualites\/le-club-des-jeunes-leaders-se-mobilise-contre-la-violence-en-milieu-scolaire#breadcrumb"},"inLanguage":"fr-FR","potentialAction":[{"@type":"ReadAction","target":["https:\/\/www.africa-press.net\/tchad\/toutes-les-actualites\/le-club-des-jeunes-leaders-se-mobilise-contre-la-violence-en-milieu-scolaire"]}]},{"@type":"ImageObject","inLanguage":"fr-FR","@id":"https:\/\/www.africa-press.net\/tchad\/toutes-les-actualites\/le-club-des-jeunes-leaders-se-mobilise-contre-la-violence-en-milieu-scolaire#primaryimage","url":"https:\/\/static.africa-press.net\/tchad\/sites\/41\/2021\/12\/img-61ae5313a3f5e.jpg","contentUrl":"https:\/\/static.africa-press.net\/tchad\/sites\/41\/2021\/12\/img-61ae5313a3f5e.jpg","width":870,"height":576,"caption":"le Club des jeunes leaders se mobilise contre la violence en milieu scolaire"},{"@type":"BreadcrumbList","@id":"https:\/\/www.africa-press.net\/tchad\/toutes-les-actualites\/le-club-des-jeunes-leaders-se-mobilise-contre-la-violence-en-milieu-scolaire#breadcrumb","itemListElement":[{"@type":"ListItem","position":1,"name":"Accueil","item":"https:\/\/www.africa-press.net\/tchad\/"},{"@type":"ListItem","position":2,"name":"le Club des jeunes leaders se mobilise contre la violence en milieu scolaire"}]},{"@type":"WebSite","@id":"https:\/\/www.africa-press.net\/tchad\/#website","url":"https:\/\/www.africa-press.net\/tchad\/","name":"tchad","description":"Just another Africa News Agency Sites site","potentialAction":[{"@type":"SearchAction","target":{"@type":"EntryPoint","urlTemplate":"https:\/\/www.africa-press.net\/tchad\/?s={search_term_string}"},"query-input":{"@type":"PropertyValueSpecification","valueRequired":true,"valueName":"search_term_string"}}],"inLanguage":"fr-FR"},{"@type":"Person","@id":"https:\/\/www.africa-press.net\/tchad\/#\/schema\/person\/2b1cf3cd81a31e3cd26889ca66d677f1","name":"cfeditorfr"}]}},"_links":{"self":[{"href":"https:\/\/www.africa-press.net\/tchad\/wp-json\/wp\/v2\/posts\/15246","targetHints":{"allow":["GET"]}}],"collection":[{"href":"https:\/\/www.africa-press.net\/tchad\/wp-json\/wp\/v2\/posts"}],"about":[{"href":"https:\/\/www.africa-press.net\/tchad\/wp-json\/wp\/v2\/types\/post"}],"author":[{"embeddable":true,"href":"https:\/\/www.africa-press.net\/tchad\/wp-json\/wp\/v2\/users\/82"}],"replies":[{"embeddable":true,"href":"https:\/\/www.africa-press.net\/tchad\/wp-json\/wp\/v2\/comments?post=15246"}],"version-history":[{"count":0,"href":"https:\/\/www.africa-press.net\/tchad\/wp-json\/wp\/v2\/posts\/15246\/revisions"}],"wp:featuredmedia":[{"embeddable":true,"href":"https:\/\/www.africa-press.net\/tchad\/wp-json\/wp\/v2\/media\/15245"}],"wp:attachment":[{"href":"https:\/\/www.africa-press.net\/tchad\/wp-json\/wp\/v2\/media?parent=15246"}],"wp:term":[{"taxonomy":"category","embeddable":true,"href":"https:\/\/www.africa-press.net\/tchad\/wp-json\/wp\/v2\/categories?post=15246"},{"taxonomy":"post_tag","embeddable":true,"href":"https:\/\/www.africa-press.net\/tchad\/wp-json\/wp\/v2\/tags?post=15246"}],"curies":[{"name":"wp","href":"https:\/\/api.w.org\/{rel}","templated":true}]}}