{"id":15387,"date":"2021-12-08T15:24:18","date_gmt":"2021-12-08T15:24:18","guid":{"rendered":"https:\/\/www.africa-press.net\/tchad\/politique\/les-diplomes-sans-emploi-annoncent-un-forum-le-11-decembre"},"modified":"2021-12-08T16:06:17","modified_gmt":"2021-12-08T16:06:17","slug":"les-diplomes-sans-emploi-annoncent-un-forum-le-11-decembre","status":"publish","type":"post","link":"https:\/\/www.africa-press.net\/tchad\/toutes-les-actualites\/les-diplomes-sans-emploi-annoncent-un-forum-le-11-decembre","title":{"rendered":"les dipl\u00f4m\u00e9s sans emploi annoncent un forum le 11 d\u00e9cembre"},"content":{"rendered":"<p><span style=\"color: #ff6600\"><strong>Africa-Press &#8211; Tchad. <\/strong><\/span>Le tout premier forum des dipl\u00f4m\u00e9s sans emploi, organis\u00e9 par les laur\u00e9ats professionnels de l&rsquo;\u00e9ducation en instance d&rsquo;int\u00e9gration \u00e0 la fonction publique, se tiendra samedi 11 d\u00e9cembre 2021 \u00e0 N&rsquo;Djamena, annonce Neuzilka Emmanuel, porte-parole des laur\u00e9ats.<\/p>\n<p>Le lieu n&rsquo;a pas \u00e9t\u00e9 pr\u00e9cis\u00e9. \u200bDepuis plusieurs semaines, les laur\u00e9ats se penchent sur l&rsquo;organisation dudit forum mais se heurtent \u00e0 des obstacles pour trouver une salle. Le 14 novembre, une collecte de fonds a \u00e9t\u00e9 lanc\u00e9e.<\/p>\n<p>Ce forum devait initialement, selon les laur\u00e9ats, \u00eatre une occasion de brassage avec les jeunes venant des provinces et ceux de la capitale, mais aussi de rencontre avec les partenaires sociaux du Tchad.<\/p>\n<p>\u00c0 l&rsquo;issue de ce forum qui devrait s&rsquo;\u00e9taler sur deux jours, des recommandations orales et \u00e9crites seront transmises aux diff\u00e9rents minist\u00e8res et aux partenaires du Tchad. Tout cela a pour objectif de trouver des solutions \u00e0 la probl\u00e9matique de l&#8217;emploi des jeunes, en pr\u00e9vision du dialogue national inclusif.<\/p>\n<p><strong>Pour plus d&rsquo;informations et d&rsquo;analyses sur la <a href=\"https:\/\/www.africa-press.net\/tchad\">Tchad<\/a>, suivez <a href=\"https:\/\/www.africa-press.net\/\">Africa-Press<\/a><\/strong><\/p>\n","protected":false},"excerpt":{"rendered":"<p>Africa-Press &#8211; Tchad. Le tout premier forum des dipl\u00f4m\u00e9s sans emploi, organis\u00e9 par les laur\u00e9ats professionnels de l&rsquo;\u00e9ducation en instance d&rsquo;int\u00e9gration \u00e0 la fonction publique, se tiendra samedi 11 d\u00e9cembre 2021 \u00e0 N&rsquo;Djamena, annonce Neuzilka Emmanuel, porte-parole des laur\u00e9ats. Le lieu n&rsquo;a pas \u00e9t\u00e9 pr\u00e9cis\u00e9. \u200bDepuis plusieurs semaines, les laur\u00e9ats se penchent sur l&rsquo;organisation dudit [&hellip;]<\/p>\n","protected":false},"author":82,"featured_media":15386,"comment_status":"open","ping_status":"closed","sticky":false,"template":"","format":"standard","meta":{"footnotes":""},"categories":[21,11,10],"tags":[37,292,2378,29],"class_list":["post-15387","post","type-post","status-publish","format-standard","has-post-thumbnail","hentry","category-communaute","category-homepage-french","category-toutes-les-actualites","tag-africa-press","tag-africa-press-tchad","tag-emploi","tag-tchad"],"yoast_head":"<!-- This site is optimized with the Yoast SEO Premium plugin v26.1 (Yoast SEO v27.0) - https:\/\/yoast.com\/product\/yoast-seo-premium-wordpress\/ -->\n<title>les dipl\u00f4m\u00e9s sans emploi annoncent un forum le 11 d\u00e9cembre - tchad<\/title>\n<meta name=\"description\" content=\"Le tout premier forum des dipl\u00f4m\u00e9s sans emploi, organis\u00e9 par les laur\u00e9ats professionnels de l&#039;\u00e9ducation en instance d&#039;in ...\" \/>\n<meta name=\"robots\" content=\"index, follow, max-snippet:-1, max-image-preview:large, max-video-preview:-1\" \/>\n<link rel=\"canonical\" href=\"https:\/\/www.africa-press.net\/tchad\/toutes-les-actualites\/les-diplomes-sans-emploi-annoncent-un-forum-le-11-decembre\" \/>\n<meta property=\"og:locale\" content=\"fr_FR\" \/>\n<meta property=\"og:type\" content=\"article\" \/>\n<meta property=\"og:title\" content=\"les dipl\u00f4m\u00e9s sans emploi annoncent un forum le 11 d\u00e9cembre\" \/>\n<meta property=\"og:description\" content=\"Le tout premier forum des dipl\u00f4m\u00e9s sans emploi, organis\u00e9 par les laur\u00e9ats professionnels de l&#039;\u00e9ducation en instance d&#039;in ...\" \/>\n<meta property=\"og:url\" content=\"https:\/\/www.africa-press.net\/tchad\/toutes-les-actualites\/les-diplomes-sans-emploi-annoncent-un-forum-le-11-decembre\" \/>\n<meta property=\"og:site_name\" content=\"tchad\" \/>\n<meta property=\"article:published_time\" content=\"2021-12-08T15:24:18+00:00\" \/>\n<meta property=\"article:modified_time\" content=\"2021-12-08T16:06:17+00:00\" \/>\n<meta property=\"og:image\" content=\"https:\/\/static.africa-press.net\/tchad\/sites\/41\/2021\/12\/img-61b0d7db66a45.jpg\" \/>\n\t<meta property=\"og:image:width\" content=\"870\" \/>\n\t<meta property=\"og:image:height\" content=\"653\" \/>\n\t<meta property=\"og:image:type\" content=\"image\/jpeg\" \/>\n<meta name=\"author\" content=\"cfeditorfr\" \/>\n<meta name=\"twitter:card\" content=\"summary_large_image\" \/>\n<meta name=\"twitter:label1\" content=\"\u00c9crit par\" \/>\n\t<meta name=\"twitter:data1\" content=\"cfeditorfr\" \/>\n\t<meta name=\"twitter:label2\" content=\"Dur\u00e9e de lecture estim\u00e9e\" \/>\n\t<meta name=\"twitter:data2\" content=\"1 minute\" \/>\n<script type=\"application\/ld+json\" class=\"yoast-schema-graph\">{\"@context\":\"https:\/\/schema.org\",\"@graph\":[{\"@type\":\"Article\",\"@id\":\"https:\/\/www.africa-press.net\/tchad\/toutes-les-actualites\/les-diplomes-sans-emploi-annoncent-un-forum-le-11-decembre#article\",\"isPartOf\":{\"@id\":\"https:\/\/www.africa-press.net\/tchad\/toutes-les-actualites\/les-diplomes-sans-emploi-annoncent-un-forum-le-11-decembre\"},\"author\":{\"name\":\"cfeditorfr\",\"@id\":\"https:\/\/www.africa-press.net\/tchad\/#\/schema\/person\/2b1cf3cd81a31e3cd26889ca66d677f1\"},\"headline\":\"les dipl\u00f4m\u00e9s sans emploi annoncent un forum le 11 d\u00e9cembre\",\"datePublished\":\"2021-12-08T15:24:18+00:00\",\"dateModified\":\"2021-12-08T16:06:17+00:00\",\"mainEntityOfPage\":{\"@id\":\"https:\/\/www.africa-press.net\/tchad\/toutes-les-actualites\/les-diplomes-sans-emploi-annoncent-un-forum-le-11-decembre\"},\"wordCount\":195,\"commentCount\":0,\"image\":{\"@id\":\"https:\/\/www.africa-press.net\/tchad\/toutes-les-actualites\/les-diplomes-sans-emploi-annoncent-un-forum-le-11-decembre#primaryimage\"},\"thumbnailUrl\":\"https:\/\/static.africa-press.net\/tchad\/sites\/41\/2021\/12\/img-61b0d7db66a45.jpg\",\"keywords\":[\"Africa Press\",\"Africa Press-Tchad\",\"Emploi\",\"Tchad\"],\"articleSection\":[\"Communaut\u00e9\",\"homepage-french\",\"Toutes les actualit\u00e9s\"],\"inLanguage\":\"fr-FR\",\"potentialAction\":[{\"@type\":\"CommentAction\",\"name\":\"Comment\",\"target\":[\"https:\/\/www.africa-press.net\/tchad\/toutes-les-actualites\/les-diplomes-sans-emploi-annoncent-un-forum-le-11-decembre#respond\"]}]},{\"@type\":\"WebPage\",\"@id\":\"https:\/\/www.africa-press.net\/tchad\/toutes-les-actualites\/les-diplomes-sans-emploi-annoncent-un-forum-le-11-decembre\",\"url\":\"https:\/\/www.africa-press.net\/tchad\/toutes-les-actualites\/les-diplomes-sans-emploi-annoncent-un-forum-le-11-decembre\",\"name\":\"les dipl\u00f4m\u00e9s sans emploi annoncent un forum le 11 d\u00e9cembre - tchad\",\"isPartOf\":{\"@id\":\"https:\/\/www.africa-press.net\/tchad\/#website\"},\"primaryImageOfPage\":{\"@id\":\"https:\/\/www.africa-press.net\/tchad\/toutes-les-actualites\/les-diplomes-sans-emploi-annoncent-un-forum-le-11-decembre#primaryimage\"},\"image\":{\"@id\":\"https:\/\/www.africa-press.net\/tchad\/toutes-les-actualites\/les-diplomes-sans-emploi-annoncent-un-forum-le-11-decembre#primaryimage\"},\"thumbnailUrl\":\"https:\/\/static.africa-press.net\/tchad\/sites\/41\/2021\/12\/img-61b0d7db66a45.jpg\",\"datePublished\":\"2021-12-08T15:24:18+00:00\",\"dateModified\":\"2021-12-08T16:06:17+00:00\",\"author\":{\"@id\":\"https:\/\/www.africa-press.net\/tchad\/#\/schema\/person\/2b1cf3cd81a31e3cd26889ca66d677f1\"},\"description\":\"Le tout premier forum des dipl\u00f4m\u00e9s sans emploi, organis\u00e9 par les laur\u00e9ats professionnels de l'\u00e9ducation en instance d'in ...\",\"breadcrumb\":{\"@id\":\"https:\/\/www.africa-press.net\/tchad\/toutes-les-actualites\/les-diplomes-sans-emploi-annoncent-un-forum-le-11-decembre#breadcrumb\"},\"inLanguage\":\"fr-FR\",\"potentialAction\":[{\"@type\":\"ReadAction\",\"target\":[\"https:\/\/www.africa-press.net\/tchad\/toutes-les-actualites\/les-diplomes-sans-emploi-annoncent-un-forum-le-11-decembre\"]}]},{\"@type\":\"ImageObject\",\"inLanguage\":\"fr-FR\",\"@id\":\"https:\/\/www.africa-press.net\/tchad\/toutes-les-actualites\/les-diplomes-sans-emploi-annoncent-un-forum-le-11-decembre#primaryimage\",\"url\":\"https:\/\/static.africa-press.net\/tchad\/sites\/41\/2021\/12\/img-61b0d7db66a45.jpg\",\"contentUrl\":\"https:\/\/static.africa-press.net\/tchad\/sites\/41\/2021\/12\/img-61b0d7db66a45.jpg\",\"width\":870,\"height\":653,\"caption\":\"les dipl\u00f4m\u00e9s sans emploi annoncent un forum le 11 d\u00e9cembre\"},{\"@type\":\"BreadcrumbList\",\"@id\":\"https:\/\/www.africa-press.net\/tchad\/toutes-les-actualites\/les-diplomes-sans-emploi-annoncent-un-forum-le-11-decembre#breadcrumb\",\"itemListElement\":[{\"@type\":\"ListItem\",\"position\":1,\"name\":\"Accueil\",\"item\":\"https:\/\/www.africa-press.net\/tchad\/\"},{\"@type\":\"ListItem\",\"position\":2,\"name\":\"les dipl\u00f4m\u00e9s sans emploi annoncent un forum le 11 d\u00e9cembre\"}]},{\"@type\":\"WebSite\",\"@id\":\"https:\/\/www.africa-press.net\/tchad\/#website\",\"url\":\"https:\/\/www.africa-press.net\/tchad\/\",\"name\":\"tchad\",\"description\":\"Just another Africa News Agency Sites site\",\"potentialAction\":[{\"@type\":\"SearchAction\",\"target\":{\"@type\":\"EntryPoint\",\"urlTemplate\":\"https:\/\/www.africa-press.net\/tchad\/?s={search_term_string}\"},\"query-input\":{\"@type\":\"PropertyValueSpecification\",\"valueRequired\":true,\"valueName\":\"search_term_string\"}}],\"inLanguage\":\"fr-FR\"},{\"@type\":\"Person\",\"@id\":\"https:\/\/www.africa-press.net\/tchad\/#\/schema\/person\/2b1cf3cd81a31e3cd26889ca66d677f1\",\"name\":\"cfeditorfr\"}]}<\/script>\n<!-- \/ Yoast SEO Premium plugin. -->","yoast_head_json":{"title":"les dipl\u00f4m\u00e9s sans emploi annoncent un forum le 11 d\u00e9cembre - tchad","description":"Le tout premier forum des dipl\u00f4m\u00e9s sans emploi, organis\u00e9 par les laur\u00e9ats professionnels de l'\u00e9ducation en instance d'in ...","robots":{"index":"index","follow":"follow","max-snippet":"max-snippet:-1","max-image-preview":"max-image-preview:large","max-video-preview":"max-video-preview:-1"},"canonical":"https:\/\/www.africa-press.net\/tchad\/toutes-les-actualites\/les-diplomes-sans-emploi-annoncent-un-forum-le-11-decembre","og_locale":"fr_FR","og_type":"article","og_title":"les dipl\u00f4m\u00e9s sans emploi annoncent un forum le 11 d\u00e9cembre","og_description":"Le tout premier forum des dipl\u00f4m\u00e9s sans emploi, organis\u00e9 par les laur\u00e9ats professionnels de l'\u00e9ducation en instance d'in ...","og_url":"https:\/\/www.africa-press.net\/tchad\/toutes-les-actualites\/les-diplomes-sans-emploi-annoncent-un-forum-le-11-decembre","og_site_name":"tchad","article_published_time":"2021-12-08T15:24:18+00:00","article_modified_time":"2021-12-08T16:06:17+00:00","og_image":[{"width":870,"height":653,"url":"https:\/\/static.africa-press.net\/tchad\/sites\/41\/2021\/12\/img-61b0d7db66a45.jpg","type":"image\/jpeg"}],"author":"cfeditorfr","twitter_card":"summary_large_image","twitter_misc":{"\u00c9crit par":"cfeditorfr","Dur\u00e9e de lecture estim\u00e9e":"1 minute"},"schema":{"@context":"https:\/\/schema.org","@graph":[{"@type":"Article","@id":"https:\/\/www.africa-press.net\/tchad\/toutes-les-actualites\/les-diplomes-sans-emploi-annoncent-un-forum-le-11-decembre#article","isPartOf":{"@id":"https:\/\/www.africa-press.net\/tchad\/toutes-les-actualites\/les-diplomes-sans-emploi-annoncent-un-forum-le-11-decembre"},"author":{"name":"cfeditorfr","@id":"https:\/\/www.africa-press.net\/tchad\/#\/schema\/person\/2b1cf3cd81a31e3cd26889ca66d677f1"},"headline":"les dipl\u00f4m\u00e9s sans emploi annoncent un forum le 11 d\u00e9cembre","datePublished":"2021-12-08T15:24:18+00:00","dateModified":"2021-12-08T16:06:17+00:00","mainEntityOfPage":{"@id":"https:\/\/www.africa-press.net\/tchad\/toutes-les-actualites\/les-diplomes-sans-emploi-annoncent-un-forum-le-11-decembre"},"wordCount":195,"commentCount":0,"image":{"@id":"https:\/\/www.africa-press.net\/tchad\/toutes-les-actualites\/les-diplomes-sans-emploi-annoncent-un-forum-le-11-decembre#primaryimage"},"thumbnailUrl":"https:\/\/static.africa-press.net\/tchad\/sites\/41\/2021\/12\/img-61b0d7db66a45.jpg","keywords":["Africa Press","Africa Press-Tchad","Emploi","Tchad"],"articleSection":["Communaut\u00e9","homepage-french","Toutes les actualit\u00e9s"],"inLanguage":"fr-FR","potentialAction":[{"@type":"CommentAction","name":"Comment","target":["https:\/\/www.africa-press.net\/tchad\/toutes-les-actualites\/les-diplomes-sans-emploi-annoncent-un-forum-le-11-decembre#respond"]}]},{"@type":"WebPage","@id":"https:\/\/www.africa-press.net\/tchad\/toutes-les-actualites\/les-diplomes-sans-emploi-annoncent-un-forum-le-11-decembre","url":"https:\/\/www.africa-press.net\/tchad\/toutes-les-actualites\/les-diplomes-sans-emploi-annoncent-un-forum-le-11-decembre","name":"les dipl\u00f4m\u00e9s sans emploi annoncent un forum le 11 d\u00e9cembre - tchad","isPartOf":{"@id":"https:\/\/www.africa-press.net\/tchad\/#website"},"primaryImageOfPage":{"@id":"https:\/\/www.africa-press.net\/tchad\/toutes-les-actualites\/les-diplomes-sans-emploi-annoncent-un-forum-le-11-decembre#primaryimage"},"image":{"@id":"https:\/\/www.africa-press.net\/tchad\/toutes-les-actualites\/les-diplomes-sans-emploi-annoncent-un-forum-le-11-decembre#primaryimage"},"thumbnailUrl":"https:\/\/static.africa-press.net\/tchad\/sites\/41\/2021\/12\/img-61b0d7db66a45.jpg","datePublished":"2021-12-08T15:24:18+00:00","dateModified":"2021-12-08T16:06:17+00:00","author":{"@id":"https:\/\/www.africa-press.net\/tchad\/#\/schema\/person\/2b1cf3cd81a31e3cd26889ca66d677f1"},"description":"Le tout premier forum des dipl\u00f4m\u00e9s sans emploi, organis\u00e9 par les laur\u00e9ats professionnels de l'\u00e9ducation en instance d'in ...","breadcrumb":{"@id":"https:\/\/www.africa-press.net\/tchad\/toutes-les-actualites\/les-diplomes-sans-emploi-annoncent-un-forum-le-11-decembre#breadcrumb"},"inLanguage":"fr-FR","potentialAction":[{"@type":"ReadAction","target":["https:\/\/www.africa-press.net\/tchad\/toutes-les-actualites\/les-diplomes-sans-emploi-annoncent-un-forum-le-11-decembre"]}]},{"@type":"ImageObject","inLanguage":"fr-FR","@id":"https:\/\/www.africa-press.net\/tchad\/toutes-les-actualites\/les-diplomes-sans-emploi-annoncent-un-forum-le-11-decembre#primaryimage","url":"https:\/\/static.africa-press.net\/tchad\/sites\/41\/2021\/12\/img-61b0d7db66a45.jpg","contentUrl":"https:\/\/static.africa-press.net\/tchad\/sites\/41\/2021\/12\/img-61b0d7db66a45.jpg","width":870,"height":653,"caption":"les dipl\u00f4m\u00e9s sans emploi annoncent un forum le 11 d\u00e9cembre"},{"@type":"BreadcrumbList","@id":"https:\/\/www.africa-press.net\/tchad\/toutes-les-actualites\/les-diplomes-sans-emploi-annoncent-un-forum-le-11-decembre#breadcrumb","itemListElement":[{"@type":"ListItem","position":1,"name":"Accueil","item":"https:\/\/www.africa-press.net\/tchad\/"},{"@type":"ListItem","position":2,"name":"les dipl\u00f4m\u00e9s sans emploi annoncent un forum le 11 d\u00e9cembre"}]},{"@type":"WebSite","@id":"https:\/\/www.africa-press.net\/tchad\/#website","url":"https:\/\/www.africa-press.net\/tchad\/","name":"tchad","description":"Just another Africa News Agency Sites site","potentialAction":[{"@type":"SearchAction","target":{"@type":"EntryPoint","urlTemplate":"https:\/\/www.africa-press.net\/tchad\/?s={search_term_string}"},"query-input":{"@type":"PropertyValueSpecification","valueRequired":true,"valueName":"search_term_string"}}],"inLanguage":"fr-FR"},{"@type":"Person","@id":"https:\/\/www.africa-press.net\/tchad\/#\/schema\/person\/2b1cf3cd81a31e3cd26889ca66d677f1","name":"cfeditorfr"}]}},"_links":{"self":[{"href":"https:\/\/www.africa-press.net\/tchad\/wp-json\/wp\/v2\/posts\/15387","targetHints":{"allow":["GET"]}}],"collection":[{"href":"https:\/\/www.africa-press.net\/tchad\/wp-json\/wp\/v2\/posts"}],"about":[{"href":"https:\/\/www.africa-press.net\/tchad\/wp-json\/wp\/v2\/types\/post"}],"author":[{"embeddable":true,"href":"https:\/\/www.africa-press.net\/tchad\/wp-json\/wp\/v2\/users\/82"}],"replies":[{"embeddable":true,"href":"https:\/\/www.africa-press.net\/tchad\/wp-json\/wp\/v2\/comments?post=15387"}],"version-history":[{"count":0,"href":"https:\/\/www.africa-press.net\/tchad\/wp-json\/wp\/v2\/posts\/15387\/revisions"}],"wp:featuredmedia":[{"embeddable":true,"href":"https:\/\/www.africa-press.net\/tchad\/wp-json\/wp\/v2\/media\/15386"}],"wp:attachment":[{"href":"https:\/\/www.africa-press.net\/tchad\/wp-json\/wp\/v2\/media?parent=15387"}],"wp:term":[{"taxonomy":"category","embeddable":true,"href":"https:\/\/www.africa-press.net\/tchad\/wp-json\/wp\/v2\/categories?post=15387"},{"taxonomy":"post_tag","embeddable":true,"href":"https:\/\/www.africa-press.net\/tchad\/wp-json\/wp\/v2\/tags?post=15387"}],"curies":[{"name":"wp","href":"https:\/\/api.w.org\/{rel}","templated":true}]}}