{"id":15418,"date":"2021-12-08T15:40:04","date_gmt":"2021-12-08T15:40:04","guid":{"rendered":"https:\/\/www.africa-press.net\/tchad\/politique\/le-pcmt-rencontre-la-colonie-tchadienne-a-malbo"},"modified":"2021-12-08T16:20:01","modified_gmt":"2021-12-08T16:20:01","slug":"le-pcmt-rencontre-la-colonie-tchadienne-a-malbo","status":"publish","type":"post","link":"https:\/\/www.africa-press.net\/tchad\/politique\/le-pcmt-rencontre-la-colonie-tchadienne-a-malbo","title":{"rendered":"LE PCMT rencontre la colonie Tchadienne \u00e0 Malbo"},"content":{"rendered":"<p><span style=\"color: #ff6600\"><strong>Africa-Press &#8211; Tchad. <\/strong><\/span>Au terme de sa visite d\u2019amiti\u00e9 et de travail en Guin\u00e9e-\u00e9quatoriale et juste avant de quitter Malabo, le Pr\u00e9sident du Conseil Militaire de Transition, le G\u00e9n\u00e9ral MAHAMAT IDRISS DEBY ITNO a rencontr\u00e9 la colonie tchadienne.<\/p>\n<p>Aux repr\u00e9sentants de ses compatriotes vivant dans ce pays ami, le Chef de l\u2019Etat a fait une adresse importante ax\u00e9e sur leurs conditions de s\u00e9jour, l\u2019\u00e9volution des nombreux chantiers et les d\u00e9fis qui attendent la nation.<\/p>\n<p>Ses premiers mots \u00e9taient \u00e9videment ceux de remerciements pour cette mobilisation exceptionnelle. Preuve selon lui de l\u2019attachement solide \u00e0 leur pays, de leur adh\u00e9sion sinc\u00e8re \u00e0 la vision d\u2019un Tchad nouveau et de leur soutien pour une transition r\u00e9ussie, apais\u00e9e consensuelle et exemplaire.<\/p>\n<p>Faisant part des enjeux de sa visite en Guin\u00e9e-\u00e9quatoriale, le Chef de l\u2019Etat a indiqu\u00e9 qu\u2019elle s\u2019inscrit dans une nouvelle dynamique de resserrement de relations historiques et fructueuses sur un large \u00e9ventail des questions.<\/p>\n<p>Le Chef de l\u2019Etat MAHAMAT IDRISS DEBY ITNO a dit: \u00ab J\u2019ai suivi de pr\u00e8s et je suis avec une attention particuli\u00e8re, les pr\u00e9occupations de la diaspora tchadienne \u00e9tablie en Guin\u00e9e \u00c9quatoriale.<\/p>\n<p>Je vous assure de l\u2019engagement de votre pays, dans la recherche de solutions idoines pour vos pr\u00e9occupations, qui sont aussi, celles de votre pays \u00bb. Le Chef de l\u2019Etat n\u2019a pas manqu\u00e9 de leur prodiguer des conseils quant au respect, strict, de toutes les lois et les r\u00e8gles en mati\u00e8re d\u2019acc\u00e8s et de s\u00e9jour, en vigueur dans le pays d\u2019accueil.<\/p>\n<p>Conseil leur a \u00e9t\u00e9 donn\u00e9 \u00e9galement de s\u2019inscrire dans les registres de l\u2019ambassade et de tisser des relations cordiales avec les citoyens de ce pays ainsi qu\u2019avec les colonies qui y vivent.<\/p>\n<p>\u00ab N\u2019oubliez jamais que vous \u00eates des ambassadeurs de votre pays, dans ses dimensions culturelles, sociales et humaines. Il est donc important de refl\u00e9ter une bonne image de votre pays \u00bb.<\/p>\n<p>Partageant avec ses compatriotes les d\u00e9fis, enjeux et avanc\u00e9es du processus de transition politique au Tchad, le PCMT a insist\u00e9 sur le Dialogue National Inclusif au cours de pr\u00e9paration et auquel toutes les filles et tous les fils du Tchad, sans distinction aucune, seront valablement repr\u00e9sent\u00e9s.<\/p>\n<p>\u00ab Aucune composante de notre pays ne sera exclue du dialogue. Pour quelque raison que ce soit \u00bb, a-t-il martel\u00e9.<\/p>\n<p>Le retour volontaire au pays de tchadiens de diff\u00e9rentes corporations \u00e0 savoir : ex-rebelles, ex-activistes et des hommes d\u2019affaires exil\u00e9s, soutient le Chef de l\u2019Etat, est la preuve \u00e9loquente du ferme engagement du Conseil Milliaire de Transition quant \u00e0 la participation de tous les tchadiens, de l\u2019int\u00e9rieur du pays et de la diaspora, \u00e0 un Dialogue v\u00e9ritablement inclusif, franc, sinc\u00e8re et direct.<\/p>\n<p>Tout en saluant le retour de ceux qui sont d\u00e9j\u00e0 au pays, il invite, une nouvelle fois, les compatriotes encore sceptiques \u00e0 retourner au bercail tout en mettant en garde contre la manipulation des hommes politiques et politico militaires malintentionn\u00e9s.<\/p>\n<p>A ceux-l\u00e0 qui ont des desseins inavou\u00e9s, le Chef de l\u2019Etat les exhorte \u00e0 bannir l\u2019\u00e9go\u00efsme, \u00e0 cesser de d\u00e9fendre les int\u00e9r\u00eats individuels et \u00e0 privil\u00e9gier l\u2019int\u00e9r\u00eat sup\u00e9rieur de la nation.<\/p>\n<p>Des conseils accueillis avec enthousiasme par les repr\u00e9sentants de la colonie qui ont laiss\u00e9 \u00e9clater leur joie \u00e0 l\u2019annonce par le Pr\u00e9sident de la R\u00e9publique de la transmission directe de leurs dol\u00e9ances \u00e0 son homologue \u00e9quato-guin\u00e9en et du d\u00e9ploiement imminent d\u2019une \u00e9quipe charg\u00e9e de renouveler leurs pi\u00e8ces d\u2019identit\u00e9.<\/p>\n<p>Il faut noter que la colonie vivant en Guin\u00e9e Equatoriale est l\u2019une des colonies tchadiennes les plus importantes de la sous-r\u00e9gion, avec plus de 2 000 personnes compos\u00e9es d\u2019op\u00e9rateurs \u00e9conomiques, fonctionnaires des institutions internationales, personnel diplomatique et cadres de soci\u00e9t\u00e9s.<\/p>\n<p><strong>Pour plus d&rsquo;informations et d&rsquo;analyses sur la <a href=\"https:\/\/www.africa-press.net\/tchad\">Tchad<\/a>, suivez <a href=\"https:\/\/www.africa-press.net\/\">Africa-Press<\/a><\/strong><\/p>\n","protected":false},"excerpt":{"rendered":"<p>Africa-Press &#8211; Tchad. Au terme de sa visite d\u2019amiti\u00e9 et de travail en Guin\u00e9e-\u00e9quatoriale et juste avant de quitter Malabo, le Pr\u00e9sident du Conseil Militaire de Transition, le G\u00e9n\u00e9ral MAHAMAT IDRISS DEBY ITNO a rencontr\u00e9 la colonie tchadienne. Aux repr\u00e9sentants de ses compatriotes vivant dans ce pays ami, le Chef de l\u2019Etat a fait une [&hellip;]<\/p>\n","protected":false},"author":82,"featured_media":15417,"comment_status":"open","ping_status":"closed","sticky":false,"template":"","format":"standard","meta":{"footnotes":""},"categories":[11,2,20,10],"tags":[37,292,2905,1717,29],"class_list":["post-15418","post","type-post","status-publish","format-standard","has-post-thumbnail","hentry","category-homepage-french","category-politique","category-top-nouvelles","category-toutes-les-actualites","tag-africa-press","tag-africa-press-tchad","tag-malbo","tag-pcmt","tag-tchad"],"yoast_head":"<!-- This site is optimized with the Yoast SEO Premium plugin v26.1 (Yoast SEO v27.0) - https:\/\/yoast.com\/product\/yoast-seo-premium-wordpress\/ -->\n<title>LE PCMT rencontre la colonie Tchadienne \u00e0 Malbo - tchad<\/title>\n<meta name=\"description\" content=\"Au terme de sa visite d\u2019amiti\u00e9 et de travail en Guin\u00e9e-\u00e9quatoriale et juste avant de quitter Malabo, le Pr\u00e9sident du Con ...\" \/>\n<meta name=\"robots\" content=\"index, follow, max-snippet:-1, max-image-preview:large, max-video-preview:-1\" \/>\n<link rel=\"canonical\" href=\"https:\/\/www.africa-press.net\/tchad\/politique\/le-pcmt-rencontre-la-colonie-tchadienne-a-malbo\" \/>\n<meta property=\"og:locale\" content=\"fr_FR\" \/>\n<meta property=\"og:type\" content=\"article\" \/>\n<meta property=\"og:title\" content=\"LE PCMT rencontre la colonie Tchadienne \u00e0 Malbo\" \/>\n<meta property=\"og:description\" content=\"Au terme de sa visite d\u2019amiti\u00e9 et de travail en Guin\u00e9e-\u00e9quatoriale et juste avant de quitter Malabo, le Pr\u00e9sident du Con ...\" \/>\n<meta property=\"og:url\" content=\"https:\/\/www.africa-press.net\/tchad\/politique\/le-pcmt-rencontre-la-colonie-tchadienne-a-malbo\" \/>\n<meta property=\"og:site_name\" content=\"tchad\" \/>\n<meta property=\"article:published_time\" content=\"2021-12-08T15:40:04+00:00\" \/>\n<meta property=\"article:modified_time\" content=\"2021-12-08T16:20:01+00:00\" \/>\n<meta property=\"og:image\" content=\"https:\/\/static.africa-press.net\/tchad\/sites\/41\/2021\/12\/img-61b0dafb81949.jpg\" \/>\n\t<meta property=\"og:image:width\" content=\"1081\" \/>\n\t<meta property=\"og:image:height\" content=\"757\" \/>\n\t<meta property=\"og:image:type\" content=\"image\/jpeg\" \/>\n<meta name=\"author\" content=\"cfeditorfr\" \/>\n<meta name=\"twitter:card\" content=\"summary_large_image\" \/>\n<meta name=\"twitter:label1\" content=\"\u00c9crit par\" \/>\n\t<meta name=\"twitter:data1\" content=\"cfeditorfr\" \/>\n\t<meta name=\"twitter:label2\" content=\"Dur\u00e9e de lecture estim\u00e9e\" \/>\n\t<meta name=\"twitter:data2\" content=\"3 minutes\" \/>\n<script type=\"application\/ld+json\" class=\"yoast-schema-graph\">{\"@context\":\"https:\/\/schema.org\",\"@graph\":[{\"@type\":\"Article\",\"@id\":\"https:\/\/www.africa-press.net\/tchad\/politique\/le-pcmt-rencontre-la-colonie-tchadienne-a-malbo#article\",\"isPartOf\":{\"@id\":\"https:\/\/www.africa-press.net\/tchad\/politique\/le-pcmt-rencontre-la-colonie-tchadienne-a-malbo\"},\"author\":{\"name\":\"cfeditorfr\",\"@id\":\"https:\/\/www.africa-press.net\/tchad\/#\/schema\/person\/2b1cf3cd81a31e3cd26889ca66d677f1\"},\"headline\":\"LE PCMT rencontre la colonie Tchadienne \u00e0 Malbo\",\"datePublished\":\"2021-12-08T15:40:04+00:00\",\"dateModified\":\"2021-12-08T16:20:01+00:00\",\"mainEntityOfPage\":{\"@id\":\"https:\/\/www.africa-press.net\/tchad\/politique\/le-pcmt-rencontre-la-colonie-tchadienne-a-malbo\"},\"wordCount\":682,\"commentCount\":0,\"image\":{\"@id\":\"https:\/\/www.africa-press.net\/tchad\/politique\/le-pcmt-rencontre-la-colonie-tchadienne-a-malbo#primaryimage\"},\"thumbnailUrl\":\"https:\/\/static.africa-press.net\/tchad\/sites\/41\/2021\/12\/img-61b0dafb81949.jpg\",\"keywords\":[\"Africa Press\",\"Africa Press-Tchad\",\"Malbo\",\"PCMT\",\"Tchad\"],\"articleSection\":[\"homepage-french\",\"Politique\",\"Top Nouvelles\",\"Toutes les actualit\u00e9s\"],\"inLanguage\":\"fr-FR\",\"potentialAction\":[{\"@type\":\"CommentAction\",\"name\":\"Comment\",\"target\":[\"https:\/\/www.africa-press.net\/tchad\/politique\/le-pcmt-rencontre-la-colonie-tchadienne-a-malbo#respond\"]}]},{\"@type\":\"WebPage\",\"@id\":\"https:\/\/www.africa-press.net\/tchad\/politique\/le-pcmt-rencontre-la-colonie-tchadienne-a-malbo\",\"url\":\"https:\/\/www.africa-press.net\/tchad\/politique\/le-pcmt-rencontre-la-colonie-tchadienne-a-malbo\",\"name\":\"LE PCMT rencontre la colonie Tchadienne \u00e0 Malbo - tchad\",\"isPartOf\":{\"@id\":\"https:\/\/www.africa-press.net\/tchad\/#website\"},\"primaryImageOfPage\":{\"@id\":\"https:\/\/www.africa-press.net\/tchad\/politique\/le-pcmt-rencontre-la-colonie-tchadienne-a-malbo#primaryimage\"},\"image\":{\"@id\":\"https:\/\/www.africa-press.net\/tchad\/politique\/le-pcmt-rencontre-la-colonie-tchadienne-a-malbo#primaryimage\"},\"thumbnailUrl\":\"https:\/\/static.africa-press.net\/tchad\/sites\/41\/2021\/12\/img-61b0dafb81949.jpg\",\"datePublished\":\"2021-12-08T15:40:04+00:00\",\"dateModified\":\"2021-12-08T16:20:01+00:00\",\"author\":{\"@id\":\"https:\/\/www.africa-press.net\/tchad\/#\/schema\/person\/2b1cf3cd81a31e3cd26889ca66d677f1\"},\"description\":\"Au terme de sa visite d\u2019amiti\u00e9 et de travail en Guin\u00e9e-\u00e9quatoriale et juste avant de quitter Malabo, le Pr\u00e9sident du Con ...\",\"breadcrumb\":{\"@id\":\"https:\/\/www.africa-press.net\/tchad\/politique\/le-pcmt-rencontre-la-colonie-tchadienne-a-malbo#breadcrumb\"},\"inLanguage\":\"fr-FR\",\"potentialAction\":[{\"@type\":\"ReadAction\",\"target\":[\"https:\/\/www.africa-press.net\/tchad\/politique\/le-pcmt-rencontre-la-colonie-tchadienne-a-malbo\"]}]},{\"@type\":\"ImageObject\",\"inLanguage\":\"fr-FR\",\"@id\":\"https:\/\/www.africa-press.net\/tchad\/politique\/le-pcmt-rencontre-la-colonie-tchadienne-a-malbo#primaryimage\",\"url\":\"https:\/\/static.africa-press.net\/tchad\/sites\/41\/2021\/12\/img-61b0dafb81949.jpg\",\"contentUrl\":\"https:\/\/static.africa-press.net\/tchad\/sites\/41\/2021\/12\/img-61b0dafb81949.jpg\",\"width\":1081,\"height\":757,\"caption\":\"LE PCMT rencontre la colonie Tchadienne \u00e0 Malbo\"},{\"@type\":\"BreadcrumbList\",\"@id\":\"https:\/\/www.africa-press.net\/tchad\/politique\/le-pcmt-rencontre-la-colonie-tchadienne-a-malbo#breadcrumb\",\"itemListElement\":[{\"@type\":\"ListItem\",\"position\":1,\"name\":\"Accueil\",\"item\":\"https:\/\/www.africa-press.net\/tchad\/\"},{\"@type\":\"ListItem\",\"position\":2,\"name\":\"LE PCMT rencontre la colonie Tchadienne \u00e0 Malbo\"}]},{\"@type\":\"WebSite\",\"@id\":\"https:\/\/www.africa-press.net\/tchad\/#website\",\"url\":\"https:\/\/www.africa-press.net\/tchad\/\",\"name\":\"tchad\",\"description\":\"Just another Africa News Agency Sites site\",\"potentialAction\":[{\"@type\":\"SearchAction\",\"target\":{\"@type\":\"EntryPoint\",\"urlTemplate\":\"https:\/\/www.africa-press.net\/tchad\/?s={search_term_string}\"},\"query-input\":{\"@type\":\"PropertyValueSpecification\",\"valueRequired\":true,\"valueName\":\"search_term_string\"}}],\"inLanguage\":\"fr-FR\"},{\"@type\":\"Person\",\"@id\":\"https:\/\/www.africa-press.net\/tchad\/#\/schema\/person\/2b1cf3cd81a31e3cd26889ca66d677f1\",\"name\":\"cfeditorfr\"}]}<\/script>\n<!-- \/ Yoast SEO Premium plugin. -->","yoast_head_json":{"title":"LE PCMT rencontre la colonie Tchadienne \u00e0 Malbo - tchad","description":"Au terme de sa visite d\u2019amiti\u00e9 et de travail en Guin\u00e9e-\u00e9quatoriale et juste avant de quitter Malabo, le Pr\u00e9sident du Con ...","robots":{"index":"index","follow":"follow","max-snippet":"max-snippet:-1","max-image-preview":"max-image-preview:large","max-video-preview":"max-video-preview:-1"},"canonical":"https:\/\/www.africa-press.net\/tchad\/politique\/le-pcmt-rencontre-la-colonie-tchadienne-a-malbo","og_locale":"fr_FR","og_type":"article","og_title":"LE PCMT rencontre la colonie Tchadienne \u00e0 Malbo","og_description":"Au terme de sa visite d\u2019amiti\u00e9 et de travail en Guin\u00e9e-\u00e9quatoriale et juste avant de quitter Malabo, le Pr\u00e9sident du Con ...","og_url":"https:\/\/www.africa-press.net\/tchad\/politique\/le-pcmt-rencontre-la-colonie-tchadienne-a-malbo","og_site_name":"tchad","article_published_time":"2021-12-08T15:40:04+00:00","article_modified_time":"2021-12-08T16:20:01+00:00","og_image":[{"width":1081,"height":757,"url":"https:\/\/static.africa-press.net\/tchad\/sites\/41\/2021\/12\/img-61b0dafb81949.jpg","type":"image\/jpeg"}],"author":"cfeditorfr","twitter_card":"summary_large_image","twitter_misc":{"\u00c9crit par":"cfeditorfr","Dur\u00e9e de lecture estim\u00e9e":"3 minutes"},"schema":{"@context":"https:\/\/schema.org","@graph":[{"@type":"Article","@id":"https:\/\/www.africa-press.net\/tchad\/politique\/le-pcmt-rencontre-la-colonie-tchadienne-a-malbo#article","isPartOf":{"@id":"https:\/\/www.africa-press.net\/tchad\/politique\/le-pcmt-rencontre-la-colonie-tchadienne-a-malbo"},"author":{"name":"cfeditorfr","@id":"https:\/\/www.africa-press.net\/tchad\/#\/schema\/person\/2b1cf3cd81a31e3cd26889ca66d677f1"},"headline":"LE PCMT rencontre la colonie Tchadienne \u00e0 Malbo","datePublished":"2021-12-08T15:40:04+00:00","dateModified":"2021-12-08T16:20:01+00:00","mainEntityOfPage":{"@id":"https:\/\/www.africa-press.net\/tchad\/politique\/le-pcmt-rencontre-la-colonie-tchadienne-a-malbo"},"wordCount":682,"commentCount":0,"image":{"@id":"https:\/\/www.africa-press.net\/tchad\/politique\/le-pcmt-rencontre-la-colonie-tchadienne-a-malbo#primaryimage"},"thumbnailUrl":"https:\/\/static.africa-press.net\/tchad\/sites\/41\/2021\/12\/img-61b0dafb81949.jpg","keywords":["Africa Press","Africa Press-Tchad","Malbo","PCMT","Tchad"],"articleSection":["homepage-french","Politique","Top Nouvelles","Toutes les actualit\u00e9s"],"inLanguage":"fr-FR","potentialAction":[{"@type":"CommentAction","name":"Comment","target":["https:\/\/www.africa-press.net\/tchad\/politique\/le-pcmt-rencontre-la-colonie-tchadienne-a-malbo#respond"]}]},{"@type":"WebPage","@id":"https:\/\/www.africa-press.net\/tchad\/politique\/le-pcmt-rencontre-la-colonie-tchadienne-a-malbo","url":"https:\/\/www.africa-press.net\/tchad\/politique\/le-pcmt-rencontre-la-colonie-tchadienne-a-malbo","name":"LE PCMT rencontre la colonie Tchadienne \u00e0 Malbo - tchad","isPartOf":{"@id":"https:\/\/www.africa-press.net\/tchad\/#website"},"primaryImageOfPage":{"@id":"https:\/\/www.africa-press.net\/tchad\/politique\/le-pcmt-rencontre-la-colonie-tchadienne-a-malbo#primaryimage"},"image":{"@id":"https:\/\/www.africa-press.net\/tchad\/politique\/le-pcmt-rencontre-la-colonie-tchadienne-a-malbo#primaryimage"},"thumbnailUrl":"https:\/\/static.africa-press.net\/tchad\/sites\/41\/2021\/12\/img-61b0dafb81949.jpg","datePublished":"2021-12-08T15:40:04+00:00","dateModified":"2021-12-08T16:20:01+00:00","author":{"@id":"https:\/\/www.africa-press.net\/tchad\/#\/schema\/person\/2b1cf3cd81a31e3cd26889ca66d677f1"},"description":"Au terme de sa visite d\u2019amiti\u00e9 et de travail en Guin\u00e9e-\u00e9quatoriale et juste avant de quitter Malabo, le Pr\u00e9sident du Con ...","breadcrumb":{"@id":"https:\/\/www.africa-press.net\/tchad\/politique\/le-pcmt-rencontre-la-colonie-tchadienne-a-malbo#breadcrumb"},"inLanguage":"fr-FR","potentialAction":[{"@type":"ReadAction","target":["https:\/\/www.africa-press.net\/tchad\/politique\/le-pcmt-rencontre-la-colonie-tchadienne-a-malbo"]}]},{"@type":"ImageObject","inLanguage":"fr-FR","@id":"https:\/\/www.africa-press.net\/tchad\/politique\/le-pcmt-rencontre-la-colonie-tchadienne-a-malbo#primaryimage","url":"https:\/\/static.africa-press.net\/tchad\/sites\/41\/2021\/12\/img-61b0dafb81949.jpg","contentUrl":"https:\/\/static.africa-press.net\/tchad\/sites\/41\/2021\/12\/img-61b0dafb81949.jpg","width":1081,"height":757,"caption":"LE PCMT rencontre la colonie Tchadienne \u00e0 Malbo"},{"@type":"BreadcrumbList","@id":"https:\/\/www.africa-press.net\/tchad\/politique\/le-pcmt-rencontre-la-colonie-tchadienne-a-malbo#breadcrumb","itemListElement":[{"@type":"ListItem","position":1,"name":"Accueil","item":"https:\/\/www.africa-press.net\/tchad\/"},{"@type":"ListItem","position":2,"name":"LE PCMT rencontre la colonie Tchadienne \u00e0 Malbo"}]},{"@type":"WebSite","@id":"https:\/\/www.africa-press.net\/tchad\/#website","url":"https:\/\/www.africa-press.net\/tchad\/","name":"tchad","description":"Just another Africa News Agency Sites site","potentialAction":[{"@type":"SearchAction","target":{"@type":"EntryPoint","urlTemplate":"https:\/\/www.africa-press.net\/tchad\/?s={search_term_string}"},"query-input":{"@type":"PropertyValueSpecification","valueRequired":true,"valueName":"search_term_string"}}],"inLanguage":"fr-FR"},{"@type":"Person","@id":"https:\/\/www.africa-press.net\/tchad\/#\/schema\/person\/2b1cf3cd81a31e3cd26889ca66d677f1","name":"cfeditorfr"}]}},"_links":{"self":[{"href":"https:\/\/www.africa-press.net\/tchad\/wp-json\/wp\/v2\/posts\/15418","targetHints":{"allow":["GET"]}}],"collection":[{"href":"https:\/\/www.africa-press.net\/tchad\/wp-json\/wp\/v2\/posts"}],"about":[{"href":"https:\/\/www.africa-press.net\/tchad\/wp-json\/wp\/v2\/types\/post"}],"author":[{"embeddable":true,"href":"https:\/\/www.africa-press.net\/tchad\/wp-json\/wp\/v2\/users\/82"}],"replies":[{"embeddable":true,"href":"https:\/\/www.africa-press.net\/tchad\/wp-json\/wp\/v2\/comments?post=15418"}],"version-history":[{"count":0,"href":"https:\/\/www.africa-press.net\/tchad\/wp-json\/wp\/v2\/posts\/15418\/revisions"}],"wp:featuredmedia":[{"embeddable":true,"href":"https:\/\/www.africa-press.net\/tchad\/wp-json\/wp\/v2\/media\/15417"}],"wp:attachment":[{"href":"https:\/\/www.africa-press.net\/tchad\/wp-json\/wp\/v2\/media?parent=15418"}],"wp:term":[{"taxonomy":"category","embeddable":true,"href":"https:\/\/www.africa-press.net\/tchad\/wp-json\/wp\/v2\/categories?post=15418"},{"taxonomy":"post_tag","embeddable":true,"href":"https:\/\/www.africa-press.net\/tchad\/wp-json\/wp\/v2\/tags?post=15418"}],"curies":[{"name":"wp","href":"https:\/\/api.w.org\/{rel}","templated":true}]}}