{"id":15464,"date":"2021-12-09T17:21:54","date_gmt":"2021-12-09T17:21:54","guid":{"rendered":"https:\/\/www.africa-press.net\/tchad\/politique\/face-a-lafflux-des-refugies-soudanais-et-camerounais-le-pcmt-demande-dagir-en-humaniste"},"modified":"2021-12-09T17:55:48","modified_gmt":"2021-12-09T17:55:48","slug":"face-a-lafflux-des-refugies-soudanais-et-camerounais-le-pcmt-demande-dagir-en-humaniste","status":"publish","type":"post","link":"https:\/\/www.africa-press.net\/tchad\/politique\/face-a-lafflux-des-refugies-soudanais-et-camerounais-le-pcmt-demande-dagir-en-humaniste","title":{"rendered":"face \u00e0 l\u2019afflux des r\u00e9fugi\u00e9s soudanais et camerounais, le PCMT demande d\u2019agir en humaniste"},"content":{"rendered":"<p><span style=\"color: #ff6600\"><strong>Africa-Press &#8211; Tchad. <\/strong><\/span>Les conflits au Cameroun et au Soudan ont pouss\u00e9 de nombreuses personnes \u00e0 trouver refuge au Tchad. Mahamat Idriss Deby Itno demande d\u2019agir promptement face \u00e0 l\u2019urgence humanitaire qui s\u2019impose.<\/p>\n<p>\u00ab Une urgence humanitaire est provoqu\u00e9e au Tchad par les conflits intercommunautaires qui s\u00e9vissent au Cameroun et au Soudan. Deux pays voisins imm\u00e9diats de notre pays. \u00bb Une interpellation du pr\u00e9sident de transition, suite aux conflits r\u00e9cents conflits ont engendr\u00e9 la fuite du Cameroun de plus de trente mille personnespour chercher refuge au Tchad.<\/p>\n<p><b>Une urgence humanitaire est provoqu\u00e9e au Tchad par les conflits intercommunautaires qui s\u00e9vissent au Cameroun et au Soudan. Deux pays voisins imm\u00e9diats de notre pays.<\/b><\/p>\n<p>Une urgence humanitaire est provoqu\u00e9e au Tchad par les conflits intercommunautaires qui s\u00e9vissent au Cameroun et au Soudan. Deux pays voisins imm\u00e9diats de notre pays.<\/p>\n<p>\u00bb Une interpellation du pr\u00e9sident de transition, suite aux conflits r\u00e9cents conflits ont engendr\u00e9 la fuite du Cameroun de plus de trente mille personnespour chercher refuge au Tchad.<\/p>\n<p>\u00ab A ceux-l\u00e0, s\u2019ajoute des milliers d\u2019autres personnes forc\u00e9es \u00e0 fuir, ces derniers jours, les violences intercommunautaires au Darfour pour trouver un havre de paix \u00e0 l\u2019Est du Tchad. \u00bb, note le nouvel homme fort du pays. \u00ab Face \u00e0 cette situation pr\u00e9occupante, le Gouvernement a \u00e9t\u00e9 instruit \u00e0 prendre toutes mesures appropri\u00e9es. \u00bb Il invite d\u00e8s lors, \u00e0 faire preuve de : \u00ab solidarit\u00e9 et d\u2019hospitalit\u00e9 vis-\u00e0-vis de ces personnes forc\u00e9es \u00e0 quitter leurs pays pour se sauver. \u00bb<\/p>\n<p>\u00ab Je tiens en outre \u00e0 appeler la communaut\u00e9 internationale \u00e0 agir promptement, pour fournir en urgence, l\u2019assistance n\u00e9cessaire \u00e0 ces nouveaux r\u00e9fugi\u00e9s qui ont fui le Cameroun et le Soudan pour se r\u00e9fugier au Tchad. \u00bb<\/p>\n<p>\u00ab A ceux-l\u00e0, s\u2019ajoute des milliers d\u2019autres personnes forc\u00e9es \u00e0 fuir, ces derniers jours, les violences intercommunautaires au Darfour pour trouver un havre de paix \u00e0 l\u2019Est du Tchad. \u00bb, note le nouvel homme fort du pays.<\/p>\n<p>\u00ab Face \u00e0 cette situation pr\u00e9occupante, le Gouvernement a \u00e9t\u00e9 instruit \u00e0 prendre toutes mesures appropri\u00e9es. \u00bb Il invite d\u00e8s lors, \u00e0 faire preuve de : \u00ab solidarit\u00e9 et d\u2019hospitalit\u00e9 vis-\u00e0-vis de ces personnes forc\u00e9es \u00e0 quitter leurs pays pour se sauver. \u00bb<\/p>\n<p>\u00ab Je tiens en outre \u00e0 appeler la communaut\u00e9 internationale \u00e0 agir promptement, pour fournir en urgence, l\u2019assistance n\u00e9cessaire \u00e0 ces nouveaux r\u00e9fugi\u00e9s qui ont fui le Cameroun et le Soudan pour se r\u00e9fugier au Tchad. \u00bb<\/p>\n<p>Face \u00e0 cette situation pr\u00e9occupante, le Gouvernement a \u00e9t\u00e9 instruit \u00e0 prendre toutes mesures appropri\u00e9es. \u00ab Je tiens en outre \u00e0 appeler la communaut\u00e9 internationale \u00e0 agir promptement, pour fournir en urgence, l\u2019assistance n\u00e9cessaire \u00e0 ces nouveaux r\u00e9fugi\u00e9s qui ont fui le Cameroun et le Soudan pour se r\u00e9fugier au Tcha<\/p>\n<p><strong>Pour plus d&rsquo;informations et d&rsquo;analyses sur la <a href=\"https:\/\/www.africa-press.net\/tchad\">Tchad<\/a>, suivez <a href=\"https:\/\/www.africa-press.net\/\">Africa-Press<\/a><\/strong><\/p>\n","protected":false},"excerpt":{"rendered":"<p>Africa-Press &#8211; Tchad. Les conflits au Cameroun et au Soudan ont pouss\u00e9 de nombreuses personnes \u00e0 trouver refuge au Tchad. Mahamat Idriss Deby Itno demande d\u2019agir promptement face \u00e0 l\u2019urgence humanitaire qui s\u2019impose. \u00ab Une urgence humanitaire est provoqu\u00e9e au Tchad par les conflits intercommunautaires qui s\u00e9vissent au Cameroun et au Soudan. Deux pays voisins [&hellip;]<\/p>\n","protected":false},"author":82,"featured_media":15463,"comment_status":"open","ping_status":"closed","sticky":false,"template":"","format":"standard","meta":{"footnotes":""},"categories":[11,2,20,10],"tags":[37,292,1717,2911,29],"class_list":["post-15464","post","type-post","status-publish","format-standard","has-post-thumbnail","hentry","category-homepage-french","category-politique","category-top-nouvelles","category-toutes-les-actualites","tag-africa-press","tag-africa-press-tchad","tag-pcmt","tag-refugies-soudanais-et-camerounais","tag-tchad"],"yoast_head":"<!-- This site is optimized with the Yoast SEO Premium plugin v26.1 (Yoast SEO v27.0) - https:\/\/yoast.com\/product\/yoast-seo-premium-wordpress\/ -->\n<title>face \u00e0 l\u2019afflux des r\u00e9fugi\u00e9s soudanais et camerounais, le PCMT demande d\u2019agir en humaniste - tchad<\/title>\n<meta name=\"description\" content=\"Les conflits au Cameroun et au Soudan ont pouss\u00e9 de nombreuses personnes \u00e0 trouver refuge au Tchad. Mahamat Idriss Deby ...\" \/>\n<meta name=\"robots\" content=\"index, follow, max-snippet:-1, max-image-preview:large, max-video-preview:-1\" \/>\n<link rel=\"canonical\" href=\"https:\/\/www.africa-press.net\/tchad\/politique\/face-a-lafflux-des-refugies-soudanais-et-camerounais-le-pcmt-demande-dagir-en-humaniste\" \/>\n<meta property=\"og:locale\" content=\"fr_FR\" \/>\n<meta property=\"og:type\" content=\"article\" \/>\n<meta property=\"og:title\" content=\"face \u00e0 l\u2019afflux des r\u00e9fugi\u00e9s soudanais et camerounais, le PCMT demande d\u2019agir en humaniste\" \/>\n<meta property=\"og:description\" content=\"Les conflits au Cameroun et au Soudan ont pouss\u00e9 de nombreuses personnes \u00e0 trouver refuge au Tchad. Mahamat Idriss Deby ...\" \/>\n<meta property=\"og:url\" content=\"https:\/\/www.africa-press.net\/tchad\/politique\/face-a-lafflux-des-refugies-soudanais-et-camerounais-le-pcmt-demande-dagir-en-humaniste\" \/>\n<meta property=\"og:site_name\" content=\"tchad\" \/>\n<meta property=\"article:published_time\" content=\"2021-12-09T17:21:54+00:00\" \/>\n<meta property=\"article:modified_time\" content=\"2021-12-09T17:55:48+00:00\" \/>\n<meta property=\"og:image\" content=\"https:\/\/static.africa-press.net\/tchad\/sites\/41\/2021\/12\/img-61b242ff7ed1a.jpg\" \/>\n\t<meta property=\"og:image:width\" content=\"780\" \/>\n\t<meta property=\"og:image:height\" content=\"440\" \/>\n\t<meta property=\"og:image:type\" content=\"image\/jpeg\" \/>\n<meta name=\"author\" content=\"cfeditorfr\" \/>\n<meta name=\"twitter:card\" content=\"summary_large_image\" \/>\n<meta name=\"twitter:label1\" content=\"\u00c9crit par\" \/>\n\t<meta name=\"twitter:data1\" content=\"cfeditorfr\" \/>\n\t<meta name=\"twitter:label2\" content=\"Dur\u00e9e de lecture estim\u00e9e\" \/>\n\t<meta name=\"twitter:data2\" content=\"2 minutes\" \/>\n<script type=\"application\/ld+json\" class=\"yoast-schema-graph\">{\"@context\":\"https:\/\/schema.org\",\"@graph\":[{\"@type\":\"Article\",\"@id\":\"https:\/\/www.africa-press.net\/tchad\/politique\/face-a-lafflux-des-refugies-soudanais-et-camerounais-le-pcmt-demande-dagir-en-humaniste#article\",\"isPartOf\":{\"@id\":\"https:\/\/www.africa-press.net\/tchad\/politique\/face-a-lafflux-des-refugies-soudanais-et-camerounais-le-pcmt-demande-dagir-en-humaniste\"},\"author\":{\"name\":\"cfeditorfr\",\"@id\":\"https:\/\/www.africa-press.net\/tchad\/#\/schema\/person\/2b1cf3cd81a31e3cd26889ca66d677f1\"},\"headline\":\"face \u00e0 l\u2019afflux des r\u00e9fugi\u00e9s soudanais et camerounais, le PCMT demande d\u2019agir en humaniste\",\"datePublished\":\"2021-12-09T17:21:54+00:00\",\"dateModified\":\"2021-12-09T17:55:48+00:00\",\"mainEntityOfPage\":{\"@id\":\"https:\/\/www.africa-press.net\/tchad\/politique\/face-a-lafflux-des-refugies-soudanais-et-camerounais-le-pcmt-demande-dagir-en-humaniste\"},\"wordCount\":485,\"commentCount\":0,\"image\":{\"@id\":\"https:\/\/www.africa-press.net\/tchad\/politique\/face-a-lafflux-des-refugies-soudanais-et-camerounais-le-pcmt-demande-dagir-en-humaniste#primaryimage\"},\"thumbnailUrl\":\"https:\/\/static.africa-press.net\/tchad\/sites\/41\/2021\/12\/img-61b242ff7ed1a.jpg\",\"keywords\":[\"Africa Press\",\"Africa Press-Tchad\",\"PCMT\",\"r\u00e9fugi\u00e9s soudanais et camerounais\",\"Tchad\"],\"articleSection\":[\"homepage-french\",\"Politique\",\"Top Nouvelles\",\"Toutes les actualit\u00e9s\"],\"inLanguage\":\"fr-FR\",\"potentialAction\":[{\"@type\":\"CommentAction\",\"name\":\"Comment\",\"target\":[\"https:\/\/www.africa-press.net\/tchad\/politique\/face-a-lafflux-des-refugies-soudanais-et-camerounais-le-pcmt-demande-dagir-en-humaniste#respond\"]}]},{\"@type\":\"WebPage\",\"@id\":\"https:\/\/www.africa-press.net\/tchad\/politique\/face-a-lafflux-des-refugies-soudanais-et-camerounais-le-pcmt-demande-dagir-en-humaniste\",\"url\":\"https:\/\/www.africa-press.net\/tchad\/politique\/face-a-lafflux-des-refugies-soudanais-et-camerounais-le-pcmt-demande-dagir-en-humaniste\",\"name\":\"face \u00e0 l\u2019afflux des r\u00e9fugi\u00e9s soudanais et camerounais, le PCMT demande d\u2019agir en humaniste - tchad\",\"isPartOf\":{\"@id\":\"https:\/\/www.africa-press.net\/tchad\/#website\"},\"primaryImageOfPage\":{\"@id\":\"https:\/\/www.africa-press.net\/tchad\/politique\/face-a-lafflux-des-refugies-soudanais-et-camerounais-le-pcmt-demande-dagir-en-humaniste#primaryimage\"},\"image\":{\"@id\":\"https:\/\/www.africa-press.net\/tchad\/politique\/face-a-lafflux-des-refugies-soudanais-et-camerounais-le-pcmt-demande-dagir-en-humaniste#primaryimage\"},\"thumbnailUrl\":\"https:\/\/static.africa-press.net\/tchad\/sites\/41\/2021\/12\/img-61b242ff7ed1a.jpg\",\"datePublished\":\"2021-12-09T17:21:54+00:00\",\"dateModified\":\"2021-12-09T17:55:48+00:00\",\"author\":{\"@id\":\"https:\/\/www.africa-press.net\/tchad\/#\/schema\/person\/2b1cf3cd81a31e3cd26889ca66d677f1\"},\"description\":\"Les conflits au Cameroun et au Soudan ont pouss\u00e9 de nombreuses personnes \u00e0 trouver refuge au Tchad. Mahamat Idriss Deby ...\",\"breadcrumb\":{\"@id\":\"https:\/\/www.africa-press.net\/tchad\/politique\/face-a-lafflux-des-refugies-soudanais-et-camerounais-le-pcmt-demande-dagir-en-humaniste#breadcrumb\"},\"inLanguage\":\"fr-FR\",\"potentialAction\":[{\"@type\":\"ReadAction\",\"target\":[\"https:\/\/www.africa-press.net\/tchad\/politique\/face-a-lafflux-des-refugies-soudanais-et-camerounais-le-pcmt-demande-dagir-en-humaniste\"]}]},{\"@type\":\"ImageObject\",\"inLanguage\":\"fr-FR\",\"@id\":\"https:\/\/www.africa-press.net\/tchad\/politique\/face-a-lafflux-des-refugies-soudanais-et-camerounais-le-pcmt-demande-dagir-en-humaniste#primaryimage\",\"url\":\"https:\/\/static.africa-press.net\/tchad\/sites\/41\/2021\/12\/img-61b242ff7ed1a.jpg\",\"contentUrl\":\"https:\/\/static.africa-press.net\/tchad\/sites\/41\/2021\/12\/img-61b242ff7ed1a.jpg\",\"width\":780,\"height\":440,\"caption\":\"face \u00e0 l\u2019afflux des r\u00e9fugi\u00e9s soudanais et camerounais, le PCMT demande d\u2019agir en humaniste\"},{\"@type\":\"BreadcrumbList\",\"@id\":\"https:\/\/www.africa-press.net\/tchad\/politique\/face-a-lafflux-des-refugies-soudanais-et-camerounais-le-pcmt-demande-dagir-en-humaniste#breadcrumb\",\"itemListElement\":[{\"@type\":\"ListItem\",\"position\":1,\"name\":\"Accueil\",\"item\":\"https:\/\/www.africa-press.net\/tchad\/\"},{\"@type\":\"ListItem\",\"position\":2,\"name\":\"face \u00e0 l\u2019afflux des r\u00e9fugi\u00e9s soudanais et camerounais, le PCMT demande d\u2019agir en humaniste\"}]},{\"@type\":\"WebSite\",\"@id\":\"https:\/\/www.africa-press.net\/tchad\/#website\",\"url\":\"https:\/\/www.africa-press.net\/tchad\/\",\"name\":\"tchad\",\"description\":\"Just another Africa News Agency Sites site\",\"potentialAction\":[{\"@type\":\"SearchAction\",\"target\":{\"@type\":\"EntryPoint\",\"urlTemplate\":\"https:\/\/www.africa-press.net\/tchad\/?s={search_term_string}\"},\"query-input\":{\"@type\":\"PropertyValueSpecification\",\"valueRequired\":true,\"valueName\":\"search_term_string\"}}],\"inLanguage\":\"fr-FR\"},{\"@type\":\"Person\",\"@id\":\"https:\/\/www.africa-press.net\/tchad\/#\/schema\/person\/2b1cf3cd81a31e3cd26889ca66d677f1\",\"name\":\"cfeditorfr\"}]}<\/script>\n<!-- \/ Yoast SEO Premium plugin. -->","yoast_head_json":{"title":"face \u00e0 l\u2019afflux des r\u00e9fugi\u00e9s soudanais et camerounais, le PCMT demande d\u2019agir en humaniste - tchad","description":"Les conflits au Cameroun et au Soudan ont pouss\u00e9 de nombreuses personnes \u00e0 trouver refuge au Tchad. Mahamat Idriss Deby ...","robots":{"index":"index","follow":"follow","max-snippet":"max-snippet:-1","max-image-preview":"max-image-preview:large","max-video-preview":"max-video-preview:-1"},"canonical":"https:\/\/www.africa-press.net\/tchad\/politique\/face-a-lafflux-des-refugies-soudanais-et-camerounais-le-pcmt-demande-dagir-en-humaniste","og_locale":"fr_FR","og_type":"article","og_title":"face \u00e0 l\u2019afflux des r\u00e9fugi\u00e9s soudanais et camerounais, le PCMT demande d\u2019agir en humaniste","og_description":"Les conflits au Cameroun et au Soudan ont pouss\u00e9 de nombreuses personnes \u00e0 trouver refuge au Tchad. Mahamat Idriss Deby ...","og_url":"https:\/\/www.africa-press.net\/tchad\/politique\/face-a-lafflux-des-refugies-soudanais-et-camerounais-le-pcmt-demande-dagir-en-humaniste","og_site_name":"tchad","article_published_time":"2021-12-09T17:21:54+00:00","article_modified_time":"2021-12-09T17:55:48+00:00","og_image":[{"width":780,"height":440,"url":"https:\/\/static.africa-press.net\/tchad\/sites\/41\/2021\/12\/img-61b242ff7ed1a.jpg","type":"image\/jpeg"}],"author":"cfeditorfr","twitter_card":"summary_large_image","twitter_misc":{"\u00c9crit par":"cfeditorfr","Dur\u00e9e de lecture estim\u00e9e":"2 minutes"},"schema":{"@context":"https:\/\/schema.org","@graph":[{"@type":"Article","@id":"https:\/\/www.africa-press.net\/tchad\/politique\/face-a-lafflux-des-refugies-soudanais-et-camerounais-le-pcmt-demande-dagir-en-humaniste#article","isPartOf":{"@id":"https:\/\/www.africa-press.net\/tchad\/politique\/face-a-lafflux-des-refugies-soudanais-et-camerounais-le-pcmt-demande-dagir-en-humaniste"},"author":{"name":"cfeditorfr","@id":"https:\/\/www.africa-press.net\/tchad\/#\/schema\/person\/2b1cf3cd81a31e3cd26889ca66d677f1"},"headline":"face \u00e0 l\u2019afflux des r\u00e9fugi\u00e9s soudanais et camerounais, le PCMT demande d\u2019agir en humaniste","datePublished":"2021-12-09T17:21:54+00:00","dateModified":"2021-12-09T17:55:48+00:00","mainEntityOfPage":{"@id":"https:\/\/www.africa-press.net\/tchad\/politique\/face-a-lafflux-des-refugies-soudanais-et-camerounais-le-pcmt-demande-dagir-en-humaniste"},"wordCount":485,"commentCount":0,"image":{"@id":"https:\/\/www.africa-press.net\/tchad\/politique\/face-a-lafflux-des-refugies-soudanais-et-camerounais-le-pcmt-demande-dagir-en-humaniste#primaryimage"},"thumbnailUrl":"https:\/\/static.africa-press.net\/tchad\/sites\/41\/2021\/12\/img-61b242ff7ed1a.jpg","keywords":["Africa Press","Africa Press-Tchad","PCMT","r\u00e9fugi\u00e9s soudanais et camerounais","Tchad"],"articleSection":["homepage-french","Politique","Top Nouvelles","Toutes les actualit\u00e9s"],"inLanguage":"fr-FR","potentialAction":[{"@type":"CommentAction","name":"Comment","target":["https:\/\/www.africa-press.net\/tchad\/politique\/face-a-lafflux-des-refugies-soudanais-et-camerounais-le-pcmt-demande-dagir-en-humaniste#respond"]}]},{"@type":"WebPage","@id":"https:\/\/www.africa-press.net\/tchad\/politique\/face-a-lafflux-des-refugies-soudanais-et-camerounais-le-pcmt-demande-dagir-en-humaniste","url":"https:\/\/www.africa-press.net\/tchad\/politique\/face-a-lafflux-des-refugies-soudanais-et-camerounais-le-pcmt-demande-dagir-en-humaniste","name":"face \u00e0 l\u2019afflux des r\u00e9fugi\u00e9s soudanais et camerounais, le PCMT demande d\u2019agir en humaniste - tchad","isPartOf":{"@id":"https:\/\/www.africa-press.net\/tchad\/#website"},"primaryImageOfPage":{"@id":"https:\/\/www.africa-press.net\/tchad\/politique\/face-a-lafflux-des-refugies-soudanais-et-camerounais-le-pcmt-demande-dagir-en-humaniste#primaryimage"},"image":{"@id":"https:\/\/www.africa-press.net\/tchad\/politique\/face-a-lafflux-des-refugies-soudanais-et-camerounais-le-pcmt-demande-dagir-en-humaniste#primaryimage"},"thumbnailUrl":"https:\/\/static.africa-press.net\/tchad\/sites\/41\/2021\/12\/img-61b242ff7ed1a.jpg","datePublished":"2021-12-09T17:21:54+00:00","dateModified":"2021-12-09T17:55:48+00:00","author":{"@id":"https:\/\/www.africa-press.net\/tchad\/#\/schema\/person\/2b1cf3cd81a31e3cd26889ca66d677f1"},"description":"Les conflits au Cameroun et au Soudan ont pouss\u00e9 de nombreuses personnes \u00e0 trouver refuge au Tchad. Mahamat Idriss Deby ...","breadcrumb":{"@id":"https:\/\/www.africa-press.net\/tchad\/politique\/face-a-lafflux-des-refugies-soudanais-et-camerounais-le-pcmt-demande-dagir-en-humaniste#breadcrumb"},"inLanguage":"fr-FR","potentialAction":[{"@type":"ReadAction","target":["https:\/\/www.africa-press.net\/tchad\/politique\/face-a-lafflux-des-refugies-soudanais-et-camerounais-le-pcmt-demande-dagir-en-humaniste"]}]},{"@type":"ImageObject","inLanguage":"fr-FR","@id":"https:\/\/www.africa-press.net\/tchad\/politique\/face-a-lafflux-des-refugies-soudanais-et-camerounais-le-pcmt-demande-dagir-en-humaniste#primaryimage","url":"https:\/\/static.africa-press.net\/tchad\/sites\/41\/2021\/12\/img-61b242ff7ed1a.jpg","contentUrl":"https:\/\/static.africa-press.net\/tchad\/sites\/41\/2021\/12\/img-61b242ff7ed1a.jpg","width":780,"height":440,"caption":"face \u00e0 l\u2019afflux des r\u00e9fugi\u00e9s soudanais et camerounais, le PCMT demande d\u2019agir en humaniste"},{"@type":"BreadcrumbList","@id":"https:\/\/www.africa-press.net\/tchad\/politique\/face-a-lafflux-des-refugies-soudanais-et-camerounais-le-pcmt-demande-dagir-en-humaniste#breadcrumb","itemListElement":[{"@type":"ListItem","position":1,"name":"Accueil","item":"https:\/\/www.africa-press.net\/tchad\/"},{"@type":"ListItem","position":2,"name":"face \u00e0 l\u2019afflux des r\u00e9fugi\u00e9s soudanais et camerounais, le PCMT demande d\u2019agir en humaniste"}]},{"@type":"WebSite","@id":"https:\/\/www.africa-press.net\/tchad\/#website","url":"https:\/\/www.africa-press.net\/tchad\/","name":"tchad","description":"Just another Africa News Agency Sites site","potentialAction":[{"@type":"SearchAction","target":{"@type":"EntryPoint","urlTemplate":"https:\/\/www.africa-press.net\/tchad\/?s={search_term_string}"},"query-input":{"@type":"PropertyValueSpecification","valueRequired":true,"valueName":"search_term_string"}}],"inLanguage":"fr-FR"},{"@type":"Person","@id":"https:\/\/www.africa-press.net\/tchad\/#\/schema\/person\/2b1cf3cd81a31e3cd26889ca66d677f1","name":"cfeditorfr"}]}},"_links":{"self":[{"href":"https:\/\/www.africa-press.net\/tchad\/wp-json\/wp\/v2\/posts\/15464","targetHints":{"allow":["GET"]}}],"collection":[{"href":"https:\/\/www.africa-press.net\/tchad\/wp-json\/wp\/v2\/posts"}],"about":[{"href":"https:\/\/www.africa-press.net\/tchad\/wp-json\/wp\/v2\/types\/post"}],"author":[{"embeddable":true,"href":"https:\/\/www.africa-press.net\/tchad\/wp-json\/wp\/v2\/users\/82"}],"replies":[{"embeddable":true,"href":"https:\/\/www.africa-press.net\/tchad\/wp-json\/wp\/v2\/comments?post=15464"}],"version-history":[{"count":0,"href":"https:\/\/www.africa-press.net\/tchad\/wp-json\/wp\/v2\/posts\/15464\/revisions"}],"wp:featuredmedia":[{"embeddable":true,"href":"https:\/\/www.africa-press.net\/tchad\/wp-json\/wp\/v2\/media\/15463"}],"wp:attachment":[{"href":"https:\/\/www.africa-press.net\/tchad\/wp-json\/wp\/v2\/media?parent=15464"}],"wp:term":[{"taxonomy":"category","embeddable":true,"href":"https:\/\/www.africa-press.net\/tchad\/wp-json\/wp\/v2\/categories?post=15464"},{"taxonomy":"post_tag","embeddable":true,"href":"https:\/\/www.africa-press.net\/tchad\/wp-json\/wp\/v2\/tags?post=15464"}],"curies":[{"name":"wp","href":"https:\/\/api.w.org\/{rel}","templated":true}]}}