{"id":15582,"date":"2021-12-10T15:33:21","date_gmt":"2021-12-10T15:33:21","guid":{"rendered":"https:\/\/www.africa-press.net\/tchad\/politique\/le-pcmt-a-recu-les-4-activistes-au-palais-presidentiel"},"modified":"2021-12-12T21:36:02","modified_gmt":"2021-12-12T21:36:02","slug":"le-pcmt-a-recu-les-4-activistes-au-palais-presidentiel","status":"publish","type":"post","link":"https:\/\/www.africa-press.net\/tchad\/politique\/le-pcmt-a-recu-les-4-activistes-au-palais-presidentiel","title":{"rendered":"le PCMT a re\u00e7u les 4 activistes au Palais pr\u00e9sidentiel"},"content":{"rendered":"<p><span style=\"color: #ff6600\"><strong>Africa-Press &#8211; Tchad. <\/strong><\/span>Maka\u00efla Nguebla, Abel Ma\u00efna, Tahiro Hissein Dagga et Habib Ben ont \u00e9t\u00e9 re\u00e7us ce 10 d\u00e9cembre par le pr\u00e9sident du Conseil militaire de transition (CMT).<\/p>\n<p>Les quatre activistes et militants des droits de l\u2019Homme ont regagn\u00e9 le Tchad le 5 d\u00e9cembre 2021 apr\u00e8s des ann\u00e9es d\u2019exil en France. Ils prendront part au dialogue national inclusif.<\/p>\n<p><strong>Pour plus d&rsquo;informations et d&rsquo;analyses sur la <a href=\"https:\/\/www.africa-press.net\/tchad\">Tchad<\/a>, suivez <a href=\"https:\/\/www.africa-press.net\/\">Africa-Press<\/a><\/strong><\/p>\n","protected":false},"excerpt":{"rendered":"<p>Africa-Press &#8211; Tchad. Maka\u00efla Nguebla, Abel Ma\u00efna, Tahiro Hissein Dagga et Habib Ben ont \u00e9t\u00e9 re\u00e7us ce 10 d\u00e9cembre par le pr\u00e9sident du Conseil militaire de transition (CMT). Les quatre activistes et militants des droits de l\u2019Homme ont regagn\u00e9 le Tchad le 5 d\u00e9cembre 2021 apr\u00e8s des ann\u00e9es d\u2019exil en France. Ils prendront part au [&hellip;]<\/p>\n","protected":false},"author":82,"featured_media":15581,"comment_status":"open","ping_status":"closed","sticky":false,"template":"","format":"standard","meta":{"footnotes":""},"categories":[11,2,10],"tags":[37,292,1717,29],"class_list":["post-15582","post","type-post","status-publish","format-standard","has-post-thumbnail","hentry","category-homepage-french","category-politique","category-toutes-les-actualites","tag-africa-press","tag-africa-press-tchad","tag-pcmt","tag-tchad"],"yoast_head":"<!-- This site is optimized with the Yoast SEO Premium plugin v26.1 (Yoast SEO v27.0) - https:\/\/yoast.com\/product\/yoast-seo-premium-wordpress\/ -->\n<title>le PCMT a re\u00e7u les 4 activistes au Palais pr\u00e9sidentiel - tchad<\/title>\n<meta name=\"description\" content=\"Maka\u00efla Nguebla, Abel Ma\u00efna, Tahiro Hissein Dagga et Habib Ben ont \u00e9t\u00e9 re\u00e7us ce 10 d\u00e9cembre par le pr\u00e9sident du Conseil ...\" \/>\n<meta name=\"robots\" content=\"index, follow, max-snippet:-1, max-image-preview:large, max-video-preview:-1\" \/>\n<link rel=\"canonical\" href=\"https:\/\/www.africa-press.net\/tchad\/politique\/le-pcmt-a-recu-les-4-activistes-au-palais-presidentiel\" \/>\n<meta property=\"og:locale\" content=\"fr_FR\" \/>\n<meta property=\"og:type\" content=\"article\" \/>\n<meta property=\"og:title\" content=\"le PCMT a re\u00e7u les 4 activistes au Palais pr\u00e9sidentiel\" \/>\n<meta property=\"og:description\" content=\"Maka\u00efla Nguebla, Abel Ma\u00efna, Tahiro Hissein Dagga et Habib Ben ont \u00e9t\u00e9 re\u00e7us ce 10 d\u00e9cembre par le pr\u00e9sident du Conseil ...\" \/>\n<meta property=\"og:url\" content=\"https:\/\/www.africa-press.net\/tchad\/politique\/le-pcmt-a-recu-les-4-activistes-au-palais-presidentiel\" \/>\n<meta property=\"og:site_name\" content=\"tchad\" \/>\n<meta property=\"article:published_time\" content=\"2021-12-10T15:33:21+00:00\" \/>\n<meta property=\"article:modified_time\" content=\"2021-12-12T21:36:02+00:00\" \/>\n<meta property=\"og:image\" content=\"https:\/\/static.africa-press.net\/tchad\/sites\/41\/2021\/12\/img-61b37a7933d7b.jpg\" \/>\n\t<meta property=\"og:image:width\" content=\"820\" \/>\n\t<meta property=\"og:image:height\" content=\"524\" \/>\n\t<meta property=\"og:image:type\" content=\"image\/jpeg\" \/>\n<meta name=\"author\" content=\"cfeditorfr\" \/>\n<meta name=\"twitter:card\" content=\"summary_large_image\" \/>\n<meta name=\"twitter:label1\" content=\"\u00c9crit par\" \/>\n\t<meta name=\"twitter:data1\" content=\"cfeditorfr\" \/>\n<script type=\"application\/ld+json\" class=\"yoast-schema-graph\">{\"@context\":\"https:\/\/schema.org\",\"@graph\":[{\"@type\":\"Article\",\"@id\":\"https:\/\/www.africa-press.net\/tchad\/politique\/le-pcmt-a-recu-les-4-activistes-au-palais-presidentiel#article\",\"isPartOf\":{\"@id\":\"https:\/\/www.africa-press.net\/tchad\/politique\/le-pcmt-a-recu-les-4-activistes-au-palais-presidentiel\"},\"author\":{\"name\":\"cfeditorfr\",\"@id\":\"https:\/\/www.africa-press.net\/tchad\/#\/schema\/person\/2b1cf3cd81a31e3cd26889ca66d677f1\"},\"headline\":\"le PCMT a re\u00e7u les 4 activistes au Palais pr\u00e9sidentiel\",\"datePublished\":\"2021-12-10T15:33:21+00:00\",\"dateModified\":\"2021-12-12T21:36:02+00:00\",\"mainEntityOfPage\":{\"@id\":\"https:\/\/www.africa-press.net\/tchad\/politique\/le-pcmt-a-recu-les-4-activistes-au-palais-presidentiel\"},\"wordCount\":88,\"commentCount\":0,\"image\":{\"@id\":\"https:\/\/www.africa-press.net\/tchad\/politique\/le-pcmt-a-recu-les-4-activistes-au-palais-presidentiel#primaryimage\"},\"thumbnailUrl\":\"https:\/\/static.africa-press.net\/tchad\/sites\/41\/2021\/12\/img-61b37a7933d7b.jpg\",\"keywords\":[\"Africa Press\",\"Africa Press-Tchad\",\"PCMT\",\"Tchad\"],\"articleSection\":[\"homepage-french\",\"Politique\",\"Toutes les actualit\u00e9s\"],\"inLanguage\":\"fr-FR\",\"potentialAction\":[{\"@type\":\"CommentAction\",\"name\":\"Comment\",\"target\":[\"https:\/\/www.africa-press.net\/tchad\/politique\/le-pcmt-a-recu-les-4-activistes-au-palais-presidentiel#respond\"]}]},{\"@type\":\"WebPage\",\"@id\":\"https:\/\/www.africa-press.net\/tchad\/politique\/le-pcmt-a-recu-les-4-activistes-au-palais-presidentiel\",\"url\":\"https:\/\/www.africa-press.net\/tchad\/politique\/le-pcmt-a-recu-les-4-activistes-au-palais-presidentiel\",\"name\":\"le PCMT a re\u00e7u les 4 activistes au Palais pr\u00e9sidentiel - tchad\",\"isPartOf\":{\"@id\":\"https:\/\/www.africa-press.net\/tchad\/#website\"},\"primaryImageOfPage\":{\"@id\":\"https:\/\/www.africa-press.net\/tchad\/politique\/le-pcmt-a-recu-les-4-activistes-au-palais-presidentiel#primaryimage\"},\"image\":{\"@id\":\"https:\/\/www.africa-press.net\/tchad\/politique\/le-pcmt-a-recu-les-4-activistes-au-palais-presidentiel#primaryimage\"},\"thumbnailUrl\":\"https:\/\/static.africa-press.net\/tchad\/sites\/41\/2021\/12\/img-61b37a7933d7b.jpg\",\"datePublished\":\"2021-12-10T15:33:21+00:00\",\"dateModified\":\"2021-12-12T21:36:02+00:00\",\"author\":{\"@id\":\"https:\/\/www.africa-press.net\/tchad\/#\/schema\/person\/2b1cf3cd81a31e3cd26889ca66d677f1\"},\"description\":\"Maka\u00efla Nguebla, Abel Ma\u00efna, Tahiro Hissein Dagga et Habib Ben ont \u00e9t\u00e9 re\u00e7us ce 10 d\u00e9cembre par le pr\u00e9sident du Conseil ...\",\"breadcrumb\":{\"@id\":\"https:\/\/www.africa-press.net\/tchad\/politique\/le-pcmt-a-recu-les-4-activistes-au-palais-presidentiel#breadcrumb\"},\"inLanguage\":\"fr-FR\",\"potentialAction\":[{\"@type\":\"ReadAction\",\"target\":[\"https:\/\/www.africa-press.net\/tchad\/politique\/le-pcmt-a-recu-les-4-activistes-au-palais-presidentiel\"]}]},{\"@type\":\"ImageObject\",\"inLanguage\":\"fr-FR\",\"@id\":\"https:\/\/www.africa-press.net\/tchad\/politique\/le-pcmt-a-recu-les-4-activistes-au-palais-presidentiel#primaryimage\",\"url\":\"https:\/\/static.africa-press.net\/tchad\/sites\/41\/2021\/12\/img-61b37a7933d7b.jpg\",\"contentUrl\":\"https:\/\/static.africa-press.net\/tchad\/sites\/41\/2021\/12\/img-61b37a7933d7b.jpg\",\"width\":820,\"height\":524,\"caption\":\"le PCMT a re\u00e7u les 4 activistes au Palais pr\u00e9sidentiel\"},{\"@type\":\"BreadcrumbList\",\"@id\":\"https:\/\/www.africa-press.net\/tchad\/politique\/le-pcmt-a-recu-les-4-activistes-au-palais-presidentiel#breadcrumb\",\"itemListElement\":[{\"@type\":\"ListItem\",\"position\":1,\"name\":\"Accueil\",\"item\":\"https:\/\/www.africa-press.net\/tchad\/\"},{\"@type\":\"ListItem\",\"position\":2,\"name\":\"le PCMT a re\u00e7u les 4 activistes au Palais pr\u00e9sidentiel\"}]},{\"@type\":\"WebSite\",\"@id\":\"https:\/\/www.africa-press.net\/tchad\/#website\",\"url\":\"https:\/\/www.africa-press.net\/tchad\/\",\"name\":\"tchad\",\"description\":\"Just another Africa News Agency Sites site\",\"potentialAction\":[{\"@type\":\"SearchAction\",\"target\":{\"@type\":\"EntryPoint\",\"urlTemplate\":\"https:\/\/www.africa-press.net\/tchad\/?s={search_term_string}\"},\"query-input\":{\"@type\":\"PropertyValueSpecification\",\"valueRequired\":true,\"valueName\":\"search_term_string\"}}],\"inLanguage\":\"fr-FR\"},{\"@type\":\"Person\",\"@id\":\"https:\/\/www.africa-press.net\/tchad\/#\/schema\/person\/2b1cf3cd81a31e3cd26889ca66d677f1\",\"name\":\"cfeditorfr\"}]}<\/script>\n<!-- \/ Yoast SEO Premium plugin. -->","yoast_head_json":{"title":"le PCMT a re\u00e7u les 4 activistes au Palais pr\u00e9sidentiel - tchad","description":"Maka\u00efla Nguebla, Abel Ma\u00efna, Tahiro Hissein Dagga et Habib Ben ont \u00e9t\u00e9 re\u00e7us ce 10 d\u00e9cembre par le pr\u00e9sident du Conseil ...","robots":{"index":"index","follow":"follow","max-snippet":"max-snippet:-1","max-image-preview":"max-image-preview:large","max-video-preview":"max-video-preview:-1"},"canonical":"https:\/\/www.africa-press.net\/tchad\/politique\/le-pcmt-a-recu-les-4-activistes-au-palais-presidentiel","og_locale":"fr_FR","og_type":"article","og_title":"le PCMT a re\u00e7u les 4 activistes au Palais pr\u00e9sidentiel","og_description":"Maka\u00efla Nguebla, Abel Ma\u00efna, Tahiro Hissein Dagga et Habib Ben ont \u00e9t\u00e9 re\u00e7us ce 10 d\u00e9cembre par le pr\u00e9sident du Conseil ...","og_url":"https:\/\/www.africa-press.net\/tchad\/politique\/le-pcmt-a-recu-les-4-activistes-au-palais-presidentiel","og_site_name":"tchad","article_published_time":"2021-12-10T15:33:21+00:00","article_modified_time":"2021-12-12T21:36:02+00:00","og_image":[{"width":820,"height":524,"url":"https:\/\/static.africa-press.net\/tchad\/sites\/41\/2021\/12\/img-61b37a7933d7b.jpg","type":"image\/jpeg"}],"author":"cfeditorfr","twitter_card":"summary_large_image","twitter_misc":{"\u00c9crit par":"cfeditorfr"},"schema":{"@context":"https:\/\/schema.org","@graph":[{"@type":"Article","@id":"https:\/\/www.africa-press.net\/tchad\/politique\/le-pcmt-a-recu-les-4-activistes-au-palais-presidentiel#article","isPartOf":{"@id":"https:\/\/www.africa-press.net\/tchad\/politique\/le-pcmt-a-recu-les-4-activistes-au-palais-presidentiel"},"author":{"name":"cfeditorfr","@id":"https:\/\/www.africa-press.net\/tchad\/#\/schema\/person\/2b1cf3cd81a31e3cd26889ca66d677f1"},"headline":"le PCMT a re\u00e7u les 4 activistes au Palais pr\u00e9sidentiel","datePublished":"2021-12-10T15:33:21+00:00","dateModified":"2021-12-12T21:36:02+00:00","mainEntityOfPage":{"@id":"https:\/\/www.africa-press.net\/tchad\/politique\/le-pcmt-a-recu-les-4-activistes-au-palais-presidentiel"},"wordCount":88,"commentCount":0,"image":{"@id":"https:\/\/www.africa-press.net\/tchad\/politique\/le-pcmt-a-recu-les-4-activistes-au-palais-presidentiel#primaryimage"},"thumbnailUrl":"https:\/\/static.africa-press.net\/tchad\/sites\/41\/2021\/12\/img-61b37a7933d7b.jpg","keywords":["Africa Press","Africa Press-Tchad","PCMT","Tchad"],"articleSection":["homepage-french","Politique","Toutes les actualit\u00e9s"],"inLanguage":"fr-FR","potentialAction":[{"@type":"CommentAction","name":"Comment","target":["https:\/\/www.africa-press.net\/tchad\/politique\/le-pcmt-a-recu-les-4-activistes-au-palais-presidentiel#respond"]}]},{"@type":"WebPage","@id":"https:\/\/www.africa-press.net\/tchad\/politique\/le-pcmt-a-recu-les-4-activistes-au-palais-presidentiel","url":"https:\/\/www.africa-press.net\/tchad\/politique\/le-pcmt-a-recu-les-4-activistes-au-palais-presidentiel","name":"le PCMT a re\u00e7u les 4 activistes au Palais pr\u00e9sidentiel - tchad","isPartOf":{"@id":"https:\/\/www.africa-press.net\/tchad\/#website"},"primaryImageOfPage":{"@id":"https:\/\/www.africa-press.net\/tchad\/politique\/le-pcmt-a-recu-les-4-activistes-au-palais-presidentiel#primaryimage"},"image":{"@id":"https:\/\/www.africa-press.net\/tchad\/politique\/le-pcmt-a-recu-les-4-activistes-au-palais-presidentiel#primaryimage"},"thumbnailUrl":"https:\/\/static.africa-press.net\/tchad\/sites\/41\/2021\/12\/img-61b37a7933d7b.jpg","datePublished":"2021-12-10T15:33:21+00:00","dateModified":"2021-12-12T21:36:02+00:00","author":{"@id":"https:\/\/www.africa-press.net\/tchad\/#\/schema\/person\/2b1cf3cd81a31e3cd26889ca66d677f1"},"description":"Maka\u00efla Nguebla, Abel Ma\u00efna, Tahiro Hissein Dagga et Habib Ben ont \u00e9t\u00e9 re\u00e7us ce 10 d\u00e9cembre par le pr\u00e9sident du Conseil ...","breadcrumb":{"@id":"https:\/\/www.africa-press.net\/tchad\/politique\/le-pcmt-a-recu-les-4-activistes-au-palais-presidentiel#breadcrumb"},"inLanguage":"fr-FR","potentialAction":[{"@type":"ReadAction","target":["https:\/\/www.africa-press.net\/tchad\/politique\/le-pcmt-a-recu-les-4-activistes-au-palais-presidentiel"]}]},{"@type":"ImageObject","inLanguage":"fr-FR","@id":"https:\/\/www.africa-press.net\/tchad\/politique\/le-pcmt-a-recu-les-4-activistes-au-palais-presidentiel#primaryimage","url":"https:\/\/static.africa-press.net\/tchad\/sites\/41\/2021\/12\/img-61b37a7933d7b.jpg","contentUrl":"https:\/\/static.africa-press.net\/tchad\/sites\/41\/2021\/12\/img-61b37a7933d7b.jpg","width":820,"height":524,"caption":"le PCMT a re\u00e7u les 4 activistes au Palais pr\u00e9sidentiel"},{"@type":"BreadcrumbList","@id":"https:\/\/www.africa-press.net\/tchad\/politique\/le-pcmt-a-recu-les-4-activistes-au-palais-presidentiel#breadcrumb","itemListElement":[{"@type":"ListItem","position":1,"name":"Accueil","item":"https:\/\/www.africa-press.net\/tchad\/"},{"@type":"ListItem","position":2,"name":"le PCMT a re\u00e7u les 4 activistes au Palais pr\u00e9sidentiel"}]},{"@type":"WebSite","@id":"https:\/\/www.africa-press.net\/tchad\/#website","url":"https:\/\/www.africa-press.net\/tchad\/","name":"tchad","description":"Just another Africa News Agency Sites site","potentialAction":[{"@type":"SearchAction","target":{"@type":"EntryPoint","urlTemplate":"https:\/\/www.africa-press.net\/tchad\/?s={search_term_string}"},"query-input":{"@type":"PropertyValueSpecification","valueRequired":true,"valueName":"search_term_string"}}],"inLanguage":"fr-FR"},{"@type":"Person","@id":"https:\/\/www.africa-press.net\/tchad\/#\/schema\/person\/2b1cf3cd81a31e3cd26889ca66d677f1","name":"cfeditorfr"}]}},"_links":{"self":[{"href":"https:\/\/www.africa-press.net\/tchad\/wp-json\/wp\/v2\/posts\/15582","targetHints":{"allow":["GET"]}}],"collection":[{"href":"https:\/\/www.africa-press.net\/tchad\/wp-json\/wp\/v2\/posts"}],"about":[{"href":"https:\/\/www.africa-press.net\/tchad\/wp-json\/wp\/v2\/types\/post"}],"author":[{"embeddable":true,"href":"https:\/\/www.africa-press.net\/tchad\/wp-json\/wp\/v2\/users\/82"}],"replies":[{"embeddable":true,"href":"https:\/\/www.africa-press.net\/tchad\/wp-json\/wp\/v2\/comments?post=15582"}],"version-history":[{"count":0,"href":"https:\/\/www.africa-press.net\/tchad\/wp-json\/wp\/v2\/posts\/15582\/revisions"}],"wp:featuredmedia":[{"embeddable":true,"href":"https:\/\/www.africa-press.net\/tchad\/wp-json\/wp\/v2\/media\/15581"}],"wp:attachment":[{"href":"https:\/\/www.africa-press.net\/tchad\/wp-json\/wp\/v2\/media?parent=15582"}],"wp:term":[{"taxonomy":"category","embeddable":true,"href":"https:\/\/www.africa-press.net\/tchad\/wp-json\/wp\/v2\/categories?post=15582"},{"taxonomy":"post_tag","embeddable":true,"href":"https:\/\/www.africa-press.net\/tchad\/wp-json\/wp\/v2\/tags?post=15582"}],"curies":[{"name":"wp","href":"https:\/\/api.w.org\/{rel}","templated":true}]}}