{"id":15624,"date":"2021-12-11T12:53:37","date_gmt":"2021-12-11T12:53:37","guid":{"rendered":"https:\/\/www.africa-press.net\/tchad\/politique\/les-activistes-recus-par-le-president-de-la-transition-mahamat-idriss-deby"},"modified":"2021-12-12T21:36:54","modified_gmt":"2021-12-12T21:36:54","slug":"les-activistes-recus-par-le-president-de-la-transition-mahamat-idriss-deby","status":"publish","type":"post","link":"https:\/\/www.africa-press.net\/tchad\/politique\/les-activistes-recus-par-le-president-de-la-transition-mahamat-idriss-deby","title":{"rendered":"Les activistes re\u00e7us par le pr\u00e9sident de la transition Mahamat Idriss D\u00e9by"},"content":{"rendered":"<p><span style=\"color: #ff6600\"><strong>Africa-Press &#8211; Tchad. <\/strong><\/span>C\u2019est ce jour vendredi 10 d\u00e9cembre 2021 que les activistes membres des patriotes de la diaspora ont \u00e9t\u00e9 re\u00e7us par le pr\u00e9sident du CMT Mahamat Idriss D\u00e9by.<\/p>\n<p>Lors de cette audience, le pr\u00e9sident du CMT a r\u00e9assur\u00e9 ses compatriotes sur leur s\u00e9curit\u00e9 et a \u00e9mis des mots rassurants \u00e0 leur \u00e9gard. \u00ab Vous avez fait le bon choix en rentrant chez vous pour participer au dialogue entre tchadiens.<\/p>\n<p>Je suis conscient qu\u2019il y a des gens qui ne veulent pas du dialogue, et qui veulent le saboter, mais je continuerais ma mission jusqu\u2019au bout \u00bb aurait affirm\u00e9 en priv\u00e9 le pr\u00e9sident de la Transition. Makaila N\u2019Guebla, activiste connu a pris la parole au nom de ses camarades pour affirmer la d\u00e9marche qui est la leur.<\/p>\n<p>\u00ab Nous avions demand\u00e9 pardon au pr\u00e9sident du CMT auquel nous avons pr\u00e9sent\u00e9 nos condol\u00e9ances pour la mort du mar\u00e9chal Idriss D\u00e9by Itno, cela montre notre bonne foi dans ce processus de dialogue, pardon aussi \u00e0 l\u2019\u00e9gard du peuple tchadien peut-\u00eatre que nous avions offens\u00e9 ou frustr\u00e9 des gens, et ce pardon doit \u00eatre pris en consid\u00e9ration dans le cadre du dialogue national inclusif, parce que quand il faut faire un dialogue, il faut faire des compromis, et nous avons fait un compromis c\u2019est celui de venir aujourd\u2019hui au palais pour dire ce que nous pensons.<\/p>\n<p>Nous avons laiss\u00e9 derri\u00e8re nous tout ce qui nous oppose pour voir l\u2019avenir, et l\u2019avenir se construit avec tous les fils du Tchad. Avec eux, nous pouvons relever ce d\u00e9fi \u00bb.<\/p>\n<p><strong>Pour plus d&rsquo;informations et d&rsquo;analyses sur la <a href=\"https:\/\/www.africa-press.net\/tchad\">Tchad<\/a>, suivez <a href=\"https:\/\/www.africa-press.net\/\">Africa-Press<\/a><\/strong><\/p>\n","protected":false},"excerpt":{"rendered":"<p>Africa-Press &#8211; Tchad. C\u2019est ce jour vendredi 10 d\u00e9cembre 2021 que les activistes membres des patriotes de la diaspora ont \u00e9t\u00e9 re\u00e7us par le pr\u00e9sident du CMT Mahamat Idriss D\u00e9by. Lors de cette audience, le pr\u00e9sident du CMT a r\u00e9assur\u00e9 ses compatriotes sur leur s\u00e9curit\u00e9 et a \u00e9mis des mots rassurants \u00e0 leur \u00e9gard. \u00ab [&hellip;]<\/p>\n","protected":false},"author":82,"featured_media":15623,"comment_status":"open","ping_status":"closed","sticky":false,"template":"","format":"standard","meta":{"footnotes":""},"categories":[11,2,10],"tags":[37,292,2714,29],"class_list":["post-15624","post","type-post","status-publish","format-standard","has-post-thumbnail","hentry","category-homepage-french","category-politique","category-toutes-les-actualites","tag-africa-press","tag-africa-press-tchad","tag-deby","tag-tchad"],"yoast_head":"<!-- This site is optimized with the Yoast SEO Premium plugin v26.1 (Yoast SEO v27.0) - https:\/\/yoast.com\/product\/yoast-seo-premium-wordpress\/ -->\n<title>Les activistes re\u00e7us par le pr\u00e9sident de la transition Mahamat Idriss D\u00e9by - tchad<\/title>\n<meta name=\"description\" content=\"C\u2019est ce jour vendredi 10 d\u00e9cembre 2021 que les activistes membres des patriotes de la diaspora ont \u00e9t\u00e9 re\u00e7us par le pr\u00e9 ...\" \/>\n<meta name=\"robots\" content=\"index, follow, max-snippet:-1, max-image-preview:large, max-video-preview:-1\" \/>\n<link rel=\"canonical\" href=\"https:\/\/www.africa-press.net\/tchad\/politique\/les-activistes-recus-par-le-president-de-la-transition-mahamat-idriss-deby\" \/>\n<meta property=\"og:locale\" content=\"fr_FR\" \/>\n<meta property=\"og:type\" content=\"article\" \/>\n<meta property=\"og:title\" content=\"Les activistes re\u00e7us par le pr\u00e9sident de la transition Mahamat Idriss D\u00e9by\" \/>\n<meta property=\"og:description\" content=\"C\u2019est ce jour vendredi 10 d\u00e9cembre 2021 que les activistes membres des patriotes de la diaspora ont \u00e9t\u00e9 re\u00e7us par le pr\u00e9 ...\" \/>\n<meta property=\"og:url\" content=\"https:\/\/www.africa-press.net\/tchad\/politique\/les-activistes-recus-par-le-president-de-la-transition-mahamat-idriss-deby\" \/>\n<meta property=\"og:site_name\" content=\"tchad\" \/>\n<meta property=\"article:published_time\" content=\"2021-12-11T12:53:37+00:00\" \/>\n<meta property=\"article:modified_time\" content=\"2021-12-12T21:36:54+00:00\" \/>\n<meta property=\"og:image\" content=\"https:\/\/static.africa-press.net\/tchad\/sites\/41\/2021\/12\/img-61b4ec4ee9cf5.jpg\" \/>\n\t<meta property=\"og:image:width\" content=\"1080\" \/>\n\t<meta property=\"og:image:height\" content=\"770\" \/>\n\t<meta property=\"og:image:type\" content=\"image\/jpeg\" \/>\n<meta name=\"author\" content=\"cfeditorfr\" \/>\n<meta name=\"twitter:card\" content=\"summary_large_image\" \/>\n<meta name=\"twitter:label1\" content=\"\u00c9crit par\" \/>\n\t<meta name=\"twitter:data1\" content=\"cfeditorfr\" \/>\n\t<meta name=\"twitter:label2\" content=\"Dur\u00e9e de lecture estim\u00e9e\" \/>\n\t<meta name=\"twitter:data2\" content=\"2 minutes\" \/>\n<script type=\"application\/ld+json\" class=\"yoast-schema-graph\">{\"@context\":\"https:\/\/schema.org\",\"@graph\":[{\"@type\":\"Article\",\"@id\":\"https:\/\/www.africa-press.net\/tchad\/politique\/les-activistes-recus-par-le-president-de-la-transition-mahamat-idriss-deby#article\",\"isPartOf\":{\"@id\":\"https:\/\/www.africa-press.net\/tchad\/politique\/les-activistes-recus-par-le-president-de-la-transition-mahamat-idriss-deby\"},\"author\":{\"name\":\"cfeditorfr\",\"@id\":\"https:\/\/www.africa-press.net\/tchad\/#\/schema\/person\/2b1cf3cd81a31e3cd26889ca66d677f1\"},\"headline\":\"Les activistes re\u00e7us par le pr\u00e9sident de la transition Mahamat Idriss D\u00e9by\",\"datePublished\":\"2021-12-11T12:53:37+00:00\",\"dateModified\":\"2021-12-12T21:36:54+00:00\",\"mainEntityOfPage\":{\"@id\":\"https:\/\/www.africa-press.net\/tchad\/politique\/les-activistes-recus-par-le-president-de-la-transition-mahamat-idriss-deby\"},\"wordCount\":301,\"commentCount\":0,\"image\":{\"@id\":\"https:\/\/www.africa-press.net\/tchad\/politique\/les-activistes-recus-par-le-president-de-la-transition-mahamat-idriss-deby#primaryimage\"},\"thumbnailUrl\":\"https:\/\/static.africa-press.net\/tchad\/sites\/41\/2021\/12\/img-61b4ec4ee9cf5.jpg\",\"keywords\":[\"Africa Press\",\"Africa Press-Tchad\",\"Deby\",\"Tchad\"],\"articleSection\":[\"homepage-french\",\"Politique\",\"Toutes les actualit\u00e9s\"],\"inLanguage\":\"fr-FR\",\"potentialAction\":[{\"@type\":\"CommentAction\",\"name\":\"Comment\",\"target\":[\"https:\/\/www.africa-press.net\/tchad\/politique\/les-activistes-recus-par-le-president-de-la-transition-mahamat-idriss-deby#respond\"]}]},{\"@type\":\"WebPage\",\"@id\":\"https:\/\/www.africa-press.net\/tchad\/politique\/les-activistes-recus-par-le-president-de-la-transition-mahamat-idriss-deby\",\"url\":\"https:\/\/www.africa-press.net\/tchad\/politique\/les-activistes-recus-par-le-president-de-la-transition-mahamat-idriss-deby\",\"name\":\"Les activistes re\u00e7us par le pr\u00e9sident de la transition Mahamat Idriss D\u00e9by - tchad\",\"isPartOf\":{\"@id\":\"https:\/\/www.africa-press.net\/tchad\/#website\"},\"primaryImageOfPage\":{\"@id\":\"https:\/\/www.africa-press.net\/tchad\/politique\/les-activistes-recus-par-le-president-de-la-transition-mahamat-idriss-deby#primaryimage\"},\"image\":{\"@id\":\"https:\/\/www.africa-press.net\/tchad\/politique\/les-activistes-recus-par-le-president-de-la-transition-mahamat-idriss-deby#primaryimage\"},\"thumbnailUrl\":\"https:\/\/static.africa-press.net\/tchad\/sites\/41\/2021\/12\/img-61b4ec4ee9cf5.jpg\",\"datePublished\":\"2021-12-11T12:53:37+00:00\",\"dateModified\":\"2021-12-12T21:36:54+00:00\",\"author\":{\"@id\":\"https:\/\/www.africa-press.net\/tchad\/#\/schema\/person\/2b1cf3cd81a31e3cd26889ca66d677f1\"},\"description\":\"C\u2019est ce jour vendredi 10 d\u00e9cembre 2021 que les activistes membres des patriotes de la diaspora ont \u00e9t\u00e9 re\u00e7us par le pr\u00e9 ...\",\"breadcrumb\":{\"@id\":\"https:\/\/www.africa-press.net\/tchad\/politique\/les-activistes-recus-par-le-president-de-la-transition-mahamat-idriss-deby#breadcrumb\"},\"inLanguage\":\"fr-FR\",\"potentialAction\":[{\"@type\":\"ReadAction\",\"target\":[\"https:\/\/www.africa-press.net\/tchad\/politique\/les-activistes-recus-par-le-president-de-la-transition-mahamat-idriss-deby\"]}]},{\"@type\":\"ImageObject\",\"inLanguage\":\"fr-FR\",\"@id\":\"https:\/\/www.africa-press.net\/tchad\/politique\/les-activistes-recus-par-le-president-de-la-transition-mahamat-idriss-deby#primaryimage\",\"url\":\"https:\/\/static.africa-press.net\/tchad\/sites\/41\/2021\/12\/img-61b4ec4ee9cf5.jpg\",\"contentUrl\":\"https:\/\/static.africa-press.net\/tchad\/sites\/41\/2021\/12\/img-61b4ec4ee9cf5.jpg\",\"width\":1080,\"height\":770,\"caption\":\"Les activistes re\u00e7us par le pr\u00e9sident de la transition Mahamat Idriss D\u00e9by\"},{\"@type\":\"BreadcrumbList\",\"@id\":\"https:\/\/www.africa-press.net\/tchad\/politique\/les-activistes-recus-par-le-president-de-la-transition-mahamat-idriss-deby#breadcrumb\",\"itemListElement\":[{\"@type\":\"ListItem\",\"position\":1,\"name\":\"Accueil\",\"item\":\"https:\/\/www.africa-press.net\/tchad\/\"},{\"@type\":\"ListItem\",\"position\":2,\"name\":\"Les activistes re\u00e7us par le pr\u00e9sident de la transition Mahamat Idriss D\u00e9by\"}]},{\"@type\":\"WebSite\",\"@id\":\"https:\/\/www.africa-press.net\/tchad\/#website\",\"url\":\"https:\/\/www.africa-press.net\/tchad\/\",\"name\":\"tchad\",\"description\":\"Just another Africa News Agency Sites site\",\"potentialAction\":[{\"@type\":\"SearchAction\",\"target\":{\"@type\":\"EntryPoint\",\"urlTemplate\":\"https:\/\/www.africa-press.net\/tchad\/?s={search_term_string}\"},\"query-input\":{\"@type\":\"PropertyValueSpecification\",\"valueRequired\":true,\"valueName\":\"search_term_string\"}}],\"inLanguage\":\"fr-FR\"},{\"@type\":\"Person\",\"@id\":\"https:\/\/www.africa-press.net\/tchad\/#\/schema\/person\/2b1cf3cd81a31e3cd26889ca66d677f1\",\"name\":\"cfeditorfr\"}]}<\/script>\n<!-- \/ Yoast SEO Premium plugin. -->","yoast_head_json":{"title":"Les activistes re\u00e7us par le pr\u00e9sident de la transition Mahamat Idriss D\u00e9by - tchad","description":"C\u2019est ce jour vendredi 10 d\u00e9cembre 2021 que les activistes membres des patriotes de la diaspora ont \u00e9t\u00e9 re\u00e7us par le pr\u00e9 ...","robots":{"index":"index","follow":"follow","max-snippet":"max-snippet:-1","max-image-preview":"max-image-preview:large","max-video-preview":"max-video-preview:-1"},"canonical":"https:\/\/www.africa-press.net\/tchad\/politique\/les-activistes-recus-par-le-president-de-la-transition-mahamat-idriss-deby","og_locale":"fr_FR","og_type":"article","og_title":"Les activistes re\u00e7us par le pr\u00e9sident de la transition Mahamat Idriss D\u00e9by","og_description":"C\u2019est ce jour vendredi 10 d\u00e9cembre 2021 que les activistes membres des patriotes de la diaspora ont \u00e9t\u00e9 re\u00e7us par le pr\u00e9 ...","og_url":"https:\/\/www.africa-press.net\/tchad\/politique\/les-activistes-recus-par-le-president-de-la-transition-mahamat-idriss-deby","og_site_name":"tchad","article_published_time":"2021-12-11T12:53:37+00:00","article_modified_time":"2021-12-12T21:36:54+00:00","og_image":[{"width":1080,"height":770,"url":"https:\/\/static.africa-press.net\/tchad\/sites\/41\/2021\/12\/img-61b4ec4ee9cf5.jpg","type":"image\/jpeg"}],"author":"cfeditorfr","twitter_card":"summary_large_image","twitter_misc":{"\u00c9crit par":"cfeditorfr","Dur\u00e9e de lecture estim\u00e9e":"2 minutes"},"schema":{"@context":"https:\/\/schema.org","@graph":[{"@type":"Article","@id":"https:\/\/www.africa-press.net\/tchad\/politique\/les-activistes-recus-par-le-president-de-la-transition-mahamat-idriss-deby#article","isPartOf":{"@id":"https:\/\/www.africa-press.net\/tchad\/politique\/les-activistes-recus-par-le-president-de-la-transition-mahamat-idriss-deby"},"author":{"name":"cfeditorfr","@id":"https:\/\/www.africa-press.net\/tchad\/#\/schema\/person\/2b1cf3cd81a31e3cd26889ca66d677f1"},"headline":"Les activistes re\u00e7us par le pr\u00e9sident de la transition Mahamat Idriss D\u00e9by","datePublished":"2021-12-11T12:53:37+00:00","dateModified":"2021-12-12T21:36:54+00:00","mainEntityOfPage":{"@id":"https:\/\/www.africa-press.net\/tchad\/politique\/les-activistes-recus-par-le-president-de-la-transition-mahamat-idriss-deby"},"wordCount":301,"commentCount":0,"image":{"@id":"https:\/\/www.africa-press.net\/tchad\/politique\/les-activistes-recus-par-le-president-de-la-transition-mahamat-idriss-deby#primaryimage"},"thumbnailUrl":"https:\/\/static.africa-press.net\/tchad\/sites\/41\/2021\/12\/img-61b4ec4ee9cf5.jpg","keywords":["Africa Press","Africa Press-Tchad","Deby","Tchad"],"articleSection":["homepage-french","Politique","Toutes les actualit\u00e9s"],"inLanguage":"fr-FR","potentialAction":[{"@type":"CommentAction","name":"Comment","target":["https:\/\/www.africa-press.net\/tchad\/politique\/les-activistes-recus-par-le-president-de-la-transition-mahamat-idriss-deby#respond"]}]},{"@type":"WebPage","@id":"https:\/\/www.africa-press.net\/tchad\/politique\/les-activistes-recus-par-le-president-de-la-transition-mahamat-idriss-deby","url":"https:\/\/www.africa-press.net\/tchad\/politique\/les-activistes-recus-par-le-president-de-la-transition-mahamat-idriss-deby","name":"Les activistes re\u00e7us par le pr\u00e9sident de la transition Mahamat Idriss D\u00e9by - tchad","isPartOf":{"@id":"https:\/\/www.africa-press.net\/tchad\/#website"},"primaryImageOfPage":{"@id":"https:\/\/www.africa-press.net\/tchad\/politique\/les-activistes-recus-par-le-president-de-la-transition-mahamat-idriss-deby#primaryimage"},"image":{"@id":"https:\/\/www.africa-press.net\/tchad\/politique\/les-activistes-recus-par-le-president-de-la-transition-mahamat-idriss-deby#primaryimage"},"thumbnailUrl":"https:\/\/static.africa-press.net\/tchad\/sites\/41\/2021\/12\/img-61b4ec4ee9cf5.jpg","datePublished":"2021-12-11T12:53:37+00:00","dateModified":"2021-12-12T21:36:54+00:00","author":{"@id":"https:\/\/www.africa-press.net\/tchad\/#\/schema\/person\/2b1cf3cd81a31e3cd26889ca66d677f1"},"description":"C\u2019est ce jour vendredi 10 d\u00e9cembre 2021 que les activistes membres des patriotes de la diaspora ont \u00e9t\u00e9 re\u00e7us par le pr\u00e9 ...","breadcrumb":{"@id":"https:\/\/www.africa-press.net\/tchad\/politique\/les-activistes-recus-par-le-president-de-la-transition-mahamat-idriss-deby#breadcrumb"},"inLanguage":"fr-FR","potentialAction":[{"@type":"ReadAction","target":["https:\/\/www.africa-press.net\/tchad\/politique\/les-activistes-recus-par-le-president-de-la-transition-mahamat-idriss-deby"]}]},{"@type":"ImageObject","inLanguage":"fr-FR","@id":"https:\/\/www.africa-press.net\/tchad\/politique\/les-activistes-recus-par-le-president-de-la-transition-mahamat-idriss-deby#primaryimage","url":"https:\/\/static.africa-press.net\/tchad\/sites\/41\/2021\/12\/img-61b4ec4ee9cf5.jpg","contentUrl":"https:\/\/static.africa-press.net\/tchad\/sites\/41\/2021\/12\/img-61b4ec4ee9cf5.jpg","width":1080,"height":770,"caption":"Les activistes re\u00e7us par le pr\u00e9sident de la transition Mahamat Idriss D\u00e9by"},{"@type":"BreadcrumbList","@id":"https:\/\/www.africa-press.net\/tchad\/politique\/les-activistes-recus-par-le-president-de-la-transition-mahamat-idriss-deby#breadcrumb","itemListElement":[{"@type":"ListItem","position":1,"name":"Accueil","item":"https:\/\/www.africa-press.net\/tchad\/"},{"@type":"ListItem","position":2,"name":"Les activistes re\u00e7us par le pr\u00e9sident de la transition Mahamat Idriss D\u00e9by"}]},{"@type":"WebSite","@id":"https:\/\/www.africa-press.net\/tchad\/#website","url":"https:\/\/www.africa-press.net\/tchad\/","name":"tchad","description":"Just another Africa News Agency Sites site","potentialAction":[{"@type":"SearchAction","target":{"@type":"EntryPoint","urlTemplate":"https:\/\/www.africa-press.net\/tchad\/?s={search_term_string}"},"query-input":{"@type":"PropertyValueSpecification","valueRequired":true,"valueName":"search_term_string"}}],"inLanguage":"fr-FR"},{"@type":"Person","@id":"https:\/\/www.africa-press.net\/tchad\/#\/schema\/person\/2b1cf3cd81a31e3cd26889ca66d677f1","name":"cfeditorfr"}]}},"_links":{"self":[{"href":"https:\/\/www.africa-press.net\/tchad\/wp-json\/wp\/v2\/posts\/15624","targetHints":{"allow":["GET"]}}],"collection":[{"href":"https:\/\/www.africa-press.net\/tchad\/wp-json\/wp\/v2\/posts"}],"about":[{"href":"https:\/\/www.africa-press.net\/tchad\/wp-json\/wp\/v2\/types\/post"}],"author":[{"embeddable":true,"href":"https:\/\/www.africa-press.net\/tchad\/wp-json\/wp\/v2\/users\/82"}],"replies":[{"embeddable":true,"href":"https:\/\/www.africa-press.net\/tchad\/wp-json\/wp\/v2\/comments?post=15624"}],"version-history":[{"count":0,"href":"https:\/\/www.africa-press.net\/tchad\/wp-json\/wp\/v2\/posts\/15624\/revisions"}],"wp:featuredmedia":[{"embeddable":true,"href":"https:\/\/www.africa-press.net\/tchad\/wp-json\/wp\/v2\/media\/15623"}],"wp:attachment":[{"href":"https:\/\/www.africa-press.net\/tchad\/wp-json\/wp\/v2\/media?parent=15624"}],"wp:term":[{"taxonomy":"category","embeddable":true,"href":"https:\/\/www.africa-press.net\/tchad\/wp-json\/wp\/v2\/categories?post=15624"},{"taxonomy":"post_tag","embeddable":true,"href":"https:\/\/www.africa-press.net\/tchad\/wp-json\/wp\/v2\/tags?post=15624"}],"curies":[{"name":"wp","href":"https:\/\/api.w.org\/{rel}","templated":true}]}}