{"id":15963,"date":"2021-12-16T17:49:26","date_gmt":"2021-12-16T17:49:26","guid":{"rendered":"https:\/\/www.africa-press.net\/tchad\/politique\/les-etudiants-de-sarh-ont-recu-les-bus-de-transport-interurbain"},"modified":"2021-12-16T18:25:22","modified_gmt":"2021-12-16T18:25:22","slug":"les-etudiants-de-sarh-ont-recu-les-bus-de-transport-interurbain","status":"publish","type":"post","link":"https:\/\/www.africa-press.net\/tchad\/toutes-les-actualites\/les-etudiants-de-sarh-ont-recu-les-bus-de-transport-interurbain","title":{"rendered":"les \u00e9tudiants de Sarh ont re\u00e7u les bus de transport interurbain"},"content":{"rendered":"<p><span style=\"color: #ff6600\"><strong>Africa-Press &#8211; Tchad. <\/strong><\/span><b>Les responsables du minist\u00e8re de l\u2019Enseignement sup\u00e9rieur ont remis aux \u00e9tudiants de Sarh deux bus. Les v\u00e9hicules sont destin\u00e9s au d\u00e9placement interurbain des apprenants et des responsables de l\u2019enseignement.<\/b><\/p>\n<p>Les responsables du minist\u00e8re de l\u2019Enseignement sup\u00e9rieur ont remis aux \u00e9tudiants de Sarh deux bus. Les v\u00e9hicules sont destin\u00e9s au d\u00e9placement interurbain des apprenants et des responsables de l\u2019enseignement.<\/p>\n<p>Le Secr\u00e9taire d\u2019\u00c9tat \u00e0 l\u2019Enseignement Sup\u00e9rieur, \u00e0 la Recherche Scientifique et \u00e0 l\u2019innovation Monsieur Mamadou Gana Boukar accompagn\u00e9 d\u2019une importante d\u00e9l\u00e9gation a entam\u00e9 le mardi 14 d\u00e9cembre 2021 une tourn\u00e9e dans les institutions universitaires du Sud du pays. L\u2019objectif de la mission est d\u2019\u00e9valuer les activit\u00e9s acad\u00e9miques et d\u2019\u00e9changer avec les responsables \u00e0 diff\u00e9rents niveaux sur le bon fonctionnement de ces institutions.<\/p>\n<p>Ce mercredi, les administrateurs de l\u2019Universit\u00e9 de Sarh, ceux de l\u2019Ecole Normale Sup\u00e9rieure de l\u2019Enseignement Technique de Sarh ainsi que les partenaires sociaux (sections de SYNECS et de l\u2019UNET) ont \u00e9t\u00e9 re\u00e7us \u00e0 tour de r\u00f4le. \u00c0 l\u2019issu de cette mission, le Secr\u00e9taire d\u2019\u00c9tat \u00e0 l\u2019Enseignement Sup\u00e9rieur a remis les cl\u00e9s de deux bus octroy\u00e9s pour les institutions universitaires de Sarh au Gouverneur du Mayen Chari G\u00e9n\u00e9ral Ali Ahmat AKABACH. Celui-ci \u00e0 son tour a remis lesdites cl\u00e9s au repr\u00e9sentant provincial du CNOU. Tous ont plaid\u00e9 pour la bonne gestion de ces engins destin\u00e9s au transport des \u00e9tudiants.<\/p>\n<p>Source: minist\u00e8re de l\u2019Enseignement sup\u00e9rieur Le Secr\u00e9taire d\u2019\u00c9tat \u00e0 l\u2019Enseignement Sup\u00e9rieur, \u00e0 la Recherche Scientifique et \u00e0 l\u2019innovation Monsieur Mamadou Gana Boukar accompagn\u00e9 d\u2019une importante d\u00e9l\u00e9gation a entam\u00e9 le mardi 14 d\u00e9cembre 2021 une tourn\u00e9e dans les institutions universitaires du Sud du pays. L\u2019objectif de la mission est d\u2019\u00e9valuer les activit\u00e9s acad\u00e9miques et d\u2019\u00e9changer avec les responsables \u00e0 diff\u00e9rents niveaux sur le bon fonctionnement de ces institutions.<\/p>\n<p>Ce mercredi, les administrateurs de l\u2019Universit\u00e9 de Sarh, ceux de l\u2019Ecole Normale Sup\u00e9rieure de l\u2019Enseignement Technique de Sarh ainsi que les partenaires sociaux (sections de SYNECS et de l\u2019UNET) ont \u00e9t\u00e9 re\u00e7us \u00e0 tour de r\u00f4le. \u00c0 l\u2019issu de cette mission, le Secr\u00e9taire d\u2019\u00c9tat \u00e0 l\u2019Enseignement Sup\u00e9rieur a remis les cl\u00e9s de deux bus octroy\u00e9s pour les institutions universitaires de Sarh au Gouverneur du Mayen Chari G\u00e9n\u00e9ral Ali Ahmat AKABACH. Celui-ci \u00e0 son tour a remis lesdites cl\u00e9s au repr\u00e9sentant provincial du CNOU. Tous ont plaid\u00e9 pour la bonne gestion de ces engins destin\u00e9s au transport des \u00e9tudiants. Source: minist\u00e8re de l\u2019Enseignement sup\u00e9rieur<\/p>\n<p><b>minist\u00e8re de l\u2019Enseignement sup\u00e9rieur<\/b><\/p>\n<p><strong>Pour plus d&rsquo;informations et d&rsquo;analyses sur la <a href=\"https:\/\/www.africa-press.net\/tchad\">Tchad<\/a>, suivez <a href=\"https:\/\/www.africa-press.net\/\">Africa-Press<\/a><\/strong><\/p>\n","protected":false},"excerpt":{"rendered":"<p>Africa-Press &#8211; Tchad. Les responsables du minist\u00e8re de l\u2019Enseignement sup\u00e9rieur ont remis aux \u00e9tudiants de Sarh deux bus. Les v\u00e9hicules sont destin\u00e9s au d\u00e9placement interurbain des apprenants et des responsables de l\u2019enseignement. Les responsables du minist\u00e8re de l\u2019Enseignement sup\u00e9rieur ont remis aux \u00e9tudiants de Sarh deux bus. Les v\u00e9hicules sont destin\u00e9s au d\u00e9placement interurbain des [&hellip;]<\/p>\n","protected":false},"author":82,"featured_media":15962,"comment_status":"open","ping_status":"closed","sticky":false,"template":"","format":"standard","meta":{"footnotes":""},"categories":[21,11,10],"tags":[37,292,2971,554,432,29],"class_list":["post-15963","post","type-post","status-publish","format-standard","has-post-thumbnail","hentry","category-communaute","category-homepage-french","category-toutes-les-actualites","tag-africa-press","tag-africa-press-tchad","tag-bus-de-transport-interurbain","tag-etudiants","tag-sarh","tag-tchad"],"yoast_head":"<!-- This site is optimized with the Yoast SEO Premium plugin v26.1 (Yoast SEO v27.0) - https:\/\/yoast.com\/product\/yoast-seo-premium-wordpress\/ -->\n<title>les \u00e9tudiants de Sarh ont re\u00e7u les bus de transport interurbain - tchad<\/title>\n<meta name=\"description\" content=\"Les responsables du minist\u00e8re de l\u2019Enseignement sup\u00e9rieur ont remis aux \u00e9tudiants de Sarh deux bus. Les v\u00e9hicules son ...\" \/>\n<meta name=\"robots\" content=\"index, follow, max-snippet:-1, max-image-preview:large, max-video-preview:-1\" \/>\n<link rel=\"canonical\" href=\"https:\/\/www.africa-press.net\/tchad\/toutes-les-actualites\/les-etudiants-de-sarh-ont-recu-les-bus-de-transport-interurbain\" \/>\n<meta property=\"og:locale\" content=\"fr_FR\" \/>\n<meta property=\"og:type\" content=\"article\" \/>\n<meta property=\"og:title\" content=\"les \u00e9tudiants de Sarh ont re\u00e7u les bus de transport interurbain\" \/>\n<meta property=\"og:description\" content=\"Les responsables du minist\u00e8re de l\u2019Enseignement sup\u00e9rieur ont remis aux \u00e9tudiants de Sarh deux bus. Les v\u00e9hicules son ...\" \/>\n<meta property=\"og:url\" content=\"https:\/\/www.africa-press.net\/tchad\/toutes-les-actualites\/les-etudiants-de-sarh-ont-recu-les-bus-de-transport-interurbain\" \/>\n<meta property=\"og:site_name\" content=\"tchad\" \/>\n<meta property=\"article:published_time\" content=\"2021-12-16T17:49:26+00:00\" \/>\n<meta property=\"article:modified_time\" content=\"2021-12-16T18:25:22+00:00\" \/>\n<meta property=\"og:image\" content=\"https:\/\/static.africa-press.net\/tchad\/sites\/41\/2021\/12\/img-61bb84729cdda.jpg\" \/>\n\t<meta property=\"og:image:width\" content=\"780\" \/>\n\t<meta property=\"og:image:height\" content=\"440\" \/>\n\t<meta property=\"og:image:type\" content=\"image\/jpeg\" \/>\n<meta name=\"author\" content=\"cfeditorfr\" \/>\n<meta name=\"twitter:card\" content=\"summary_large_image\" \/>\n<meta name=\"twitter:label1\" content=\"\u00c9crit par\" \/>\n\t<meta name=\"twitter:data1\" content=\"cfeditorfr\" \/>\n\t<meta name=\"twitter:label2\" content=\"Dur\u00e9e de lecture estim\u00e9e\" \/>\n\t<meta name=\"twitter:data2\" content=\"2 minutes\" \/>\n<script type=\"application\/ld+json\" class=\"yoast-schema-graph\">{\"@context\":\"https:\/\/schema.org\",\"@graph\":[{\"@type\":\"Article\",\"@id\":\"https:\/\/www.africa-press.net\/tchad\/toutes-les-actualites\/les-etudiants-de-sarh-ont-recu-les-bus-de-transport-interurbain#article\",\"isPartOf\":{\"@id\":\"https:\/\/www.africa-press.net\/tchad\/toutes-les-actualites\/les-etudiants-de-sarh-ont-recu-les-bus-de-transport-interurbain\"},\"author\":{\"name\":\"cfeditorfr\",\"@id\":\"https:\/\/www.africa-press.net\/tchad\/#\/schema\/person\/2b1cf3cd81a31e3cd26889ca66d677f1\"},\"headline\":\"les \u00e9tudiants de Sarh ont re\u00e7u les bus de transport interurbain\",\"datePublished\":\"2021-12-16T17:49:26+00:00\",\"dateModified\":\"2021-12-16T18:25:22+00:00\",\"mainEntityOfPage\":{\"@id\":\"https:\/\/www.africa-press.net\/tchad\/toutes-les-actualites\/les-etudiants-de-sarh-ont-recu-les-bus-de-transport-interurbain\"},\"wordCount\":492,\"commentCount\":0,\"image\":{\"@id\":\"https:\/\/www.africa-press.net\/tchad\/toutes-les-actualites\/les-etudiants-de-sarh-ont-recu-les-bus-de-transport-interurbain#primaryimage\"},\"thumbnailUrl\":\"https:\/\/static.africa-press.net\/tchad\/sites\/41\/2021\/12\/img-61bb84729cdda.jpg\",\"keywords\":[\"Africa Press\",\"Africa Press-Tchad\",\"bus de transport interurbain\",\"Etudiants\",\"Sarh\",\"Tchad\"],\"articleSection\":[\"Communaut\u00e9\",\"homepage-french\",\"Toutes les actualit\u00e9s\"],\"inLanguage\":\"fr-FR\",\"potentialAction\":[{\"@type\":\"CommentAction\",\"name\":\"Comment\",\"target\":[\"https:\/\/www.africa-press.net\/tchad\/toutes-les-actualites\/les-etudiants-de-sarh-ont-recu-les-bus-de-transport-interurbain#respond\"]}]},{\"@type\":\"WebPage\",\"@id\":\"https:\/\/www.africa-press.net\/tchad\/toutes-les-actualites\/les-etudiants-de-sarh-ont-recu-les-bus-de-transport-interurbain\",\"url\":\"https:\/\/www.africa-press.net\/tchad\/toutes-les-actualites\/les-etudiants-de-sarh-ont-recu-les-bus-de-transport-interurbain\",\"name\":\"les \u00e9tudiants de Sarh ont re\u00e7u les bus de transport interurbain - tchad\",\"isPartOf\":{\"@id\":\"https:\/\/www.africa-press.net\/tchad\/#website\"},\"primaryImageOfPage\":{\"@id\":\"https:\/\/www.africa-press.net\/tchad\/toutes-les-actualites\/les-etudiants-de-sarh-ont-recu-les-bus-de-transport-interurbain#primaryimage\"},\"image\":{\"@id\":\"https:\/\/www.africa-press.net\/tchad\/toutes-les-actualites\/les-etudiants-de-sarh-ont-recu-les-bus-de-transport-interurbain#primaryimage\"},\"thumbnailUrl\":\"https:\/\/static.africa-press.net\/tchad\/sites\/41\/2021\/12\/img-61bb84729cdda.jpg\",\"datePublished\":\"2021-12-16T17:49:26+00:00\",\"dateModified\":\"2021-12-16T18:25:22+00:00\",\"author\":{\"@id\":\"https:\/\/www.africa-press.net\/tchad\/#\/schema\/person\/2b1cf3cd81a31e3cd26889ca66d677f1\"},\"description\":\"Les responsables du minist\u00e8re de l\u2019Enseignement sup\u00e9rieur ont remis aux \u00e9tudiants de Sarh deux bus. Les v\u00e9hicules son ...\",\"breadcrumb\":{\"@id\":\"https:\/\/www.africa-press.net\/tchad\/toutes-les-actualites\/les-etudiants-de-sarh-ont-recu-les-bus-de-transport-interurbain#breadcrumb\"},\"inLanguage\":\"fr-FR\",\"potentialAction\":[{\"@type\":\"ReadAction\",\"target\":[\"https:\/\/www.africa-press.net\/tchad\/toutes-les-actualites\/les-etudiants-de-sarh-ont-recu-les-bus-de-transport-interurbain\"]}]},{\"@type\":\"ImageObject\",\"inLanguage\":\"fr-FR\",\"@id\":\"https:\/\/www.africa-press.net\/tchad\/toutes-les-actualites\/les-etudiants-de-sarh-ont-recu-les-bus-de-transport-interurbain#primaryimage\",\"url\":\"https:\/\/static.africa-press.net\/tchad\/sites\/41\/2021\/12\/img-61bb84729cdda.jpg\",\"contentUrl\":\"https:\/\/static.africa-press.net\/tchad\/sites\/41\/2021\/12\/img-61bb84729cdda.jpg\",\"width\":780,\"height\":440,\"caption\":\"les \u00e9tudiants de Sarh ont re\u00e7u les bus de transport interurbain\"},{\"@type\":\"BreadcrumbList\",\"@id\":\"https:\/\/www.africa-press.net\/tchad\/toutes-les-actualites\/les-etudiants-de-sarh-ont-recu-les-bus-de-transport-interurbain#breadcrumb\",\"itemListElement\":[{\"@type\":\"ListItem\",\"position\":1,\"name\":\"Accueil\",\"item\":\"https:\/\/www.africa-press.net\/tchad\/\"},{\"@type\":\"ListItem\",\"position\":2,\"name\":\"les \u00e9tudiants de Sarh ont re\u00e7u les bus de transport interurbain\"}]},{\"@type\":\"WebSite\",\"@id\":\"https:\/\/www.africa-press.net\/tchad\/#website\",\"url\":\"https:\/\/www.africa-press.net\/tchad\/\",\"name\":\"tchad\",\"description\":\"Just another Africa News Agency Sites site\",\"potentialAction\":[{\"@type\":\"SearchAction\",\"target\":{\"@type\":\"EntryPoint\",\"urlTemplate\":\"https:\/\/www.africa-press.net\/tchad\/?s={search_term_string}\"},\"query-input\":{\"@type\":\"PropertyValueSpecification\",\"valueRequired\":true,\"valueName\":\"search_term_string\"}}],\"inLanguage\":\"fr-FR\"},{\"@type\":\"Person\",\"@id\":\"https:\/\/www.africa-press.net\/tchad\/#\/schema\/person\/2b1cf3cd81a31e3cd26889ca66d677f1\",\"name\":\"cfeditorfr\"}]}<\/script>\n<!-- \/ Yoast SEO Premium plugin. -->","yoast_head_json":{"title":"les \u00e9tudiants de Sarh ont re\u00e7u les bus de transport interurbain - tchad","description":"Les responsables du minist\u00e8re de l\u2019Enseignement sup\u00e9rieur ont remis aux \u00e9tudiants de Sarh deux bus. Les v\u00e9hicules son ...","robots":{"index":"index","follow":"follow","max-snippet":"max-snippet:-1","max-image-preview":"max-image-preview:large","max-video-preview":"max-video-preview:-1"},"canonical":"https:\/\/www.africa-press.net\/tchad\/toutes-les-actualites\/les-etudiants-de-sarh-ont-recu-les-bus-de-transport-interurbain","og_locale":"fr_FR","og_type":"article","og_title":"les \u00e9tudiants de Sarh ont re\u00e7u les bus de transport interurbain","og_description":"Les responsables du minist\u00e8re de l\u2019Enseignement sup\u00e9rieur ont remis aux \u00e9tudiants de Sarh deux bus. Les v\u00e9hicules son ...","og_url":"https:\/\/www.africa-press.net\/tchad\/toutes-les-actualites\/les-etudiants-de-sarh-ont-recu-les-bus-de-transport-interurbain","og_site_name":"tchad","article_published_time":"2021-12-16T17:49:26+00:00","article_modified_time":"2021-12-16T18:25:22+00:00","og_image":[{"width":780,"height":440,"url":"https:\/\/static.africa-press.net\/tchad\/sites\/41\/2021\/12\/img-61bb84729cdda.jpg","type":"image\/jpeg"}],"author":"cfeditorfr","twitter_card":"summary_large_image","twitter_misc":{"\u00c9crit par":"cfeditorfr","Dur\u00e9e de lecture estim\u00e9e":"2 minutes"},"schema":{"@context":"https:\/\/schema.org","@graph":[{"@type":"Article","@id":"https:\/\/www.africa-press.net\/tchad\/toutes-les-actualites\/les-etudiants-de-sarh-ont-recu-les-bus-de-transport-interurbain#article","isPartOf":{"@id":"https:\/\/www.africa-press.net\/tchad\/toutes-les-actualites\/les-etudiants-de-sarh-ont-recu-les-bus-de-transport-interurbain"},"author":{"name":"cfeditorfr","@id":"https:\/\/www.africa-press.net\/tchad\/#\/schema\/person\/2b1cf3cd81a31e3cd26889ca66d677f1"},"headline":"les \u00e9tudiants de Sarh ont re\u00e7u les bus de transport interurbain","datePublished":"2021-12-16T17:49:26+00:00","dateModified":"2021-12-16T18:25:22+00:00","mainEntityOfPage":{"@id":"https:\/\/www.africa-press.net\/tchad\/toutes-les-actualites\/les-etudiants-de-sarh-ont-recu-les-bus-de-transport-interurbain"},"wordCount":492,"commentCount":0,"image":{"@id":"https:\/\/www.africa-press.net\/tchad\/toutes-les-actualites\/les-etudiants-de-sarh-ont-recu-les-bus-de-transport-interurbain#primaryimage"},"thumbnailUrl":"https:\/\/static.africa-press.net\/tchad\/sites\/41\/2021\/12\/img-61bb84729cdda.jpg","keywords":["Africa Press","Africa Press-Tchad","bus de transport interurbain","Etudiants","Sarh","Tchad"],"articleSection":["Communaut\u00e9","homepage-french","Toutes les actualit\u00e9s"],"inLanguage":"fr-FR","potentialAction":[{"@type":"CommentAction","name":"Comment","target":["https:\/\/www.africa-press.net\/tchad\/toutes-les-actualites\/les-etudiants-de-sarh-ont-recu-les-bus-de-transport-interurbain#respond"]}]},{"@type":"WebPage","@id":"https:\/\/www.africa-press.net\/tchad\/toutes-les-actualites\/les-etudiants-de-sarh-ont-recu-les-bus-de-transport-interurbain","url":"https:\/\/www.africa-press.net\/tchad\/toutes-les-actualites\/les-etudiants-de-sarh-ont-recu-les-bus-de-transport-interurbain","name":"les \u00e9tudiants de Sarh ont re\u00e7u les bus de transport interurbain - tchad","isPartOf":{"@id":"https:\/\/www.africa-press.net\/tchad\/#website"},"primaryImageOfPage":{"@id":"https:\/\/www.africa-press.net\/tchad\/toutes-les-actualites\/les-etudiants-de-sarh-ont-recu-les-bus-de-transport-interurbain#primaryimage"},"image":{"@id":"https:\/\/www.africa-press.net\/tchad\/toutes-les-actualites\/les-etudiants-de-sarh-ont-recu-les-bus-de-transport-interurbain#primaryimage"},"thumbnailUrl":"https:\/\/static.africa-press.net\/tchad\/sites\/41\/2021\/12\/img-61bb84729cdda.jpg","datePublished":"2021-12-16T17:49:26+00:00","dateModified":"2021-12-16T18:25:22+00:00","author":{"@id":"https:\/\/www.africa-press.net\/tchad\/#\/schema\/person\/2b1cf3cd81a31e3cd26889ca66d677f1"},"description":"Les responsables du minist\u00e8re de l\u2019Enseignement sup\u00e9rieur ont remis aux \u00e9tudiants de Sarh deux bus. Les v\u00e9hicules son ...","breadcrumb":{"@id":"https:\/\/www.africa-press.net\/tchad\/toutes-les-actualites\/les-etudiants-de-sarh-ont-recu-les-bus-de-transport-interurbain#breadcrumb"},"inLanguage":"fr-FR","potentialAction":[{"@type":"ReadAction","target":["https:\/\/www.africa-press.net\/tchad\/toutes-les-actualites\/les-etudiants-de-sarh-ont-recu-les-bus-de-transport-interurbain"]}]},{"@type":"ImageObject","inLanguage":"fr-FR","@id":"https:\/\/www.africa-press.net\/tchad\/toutes-les-actualites\/les-etudiants-de-sarh-ont-recu-les-bus-de-transport-interurbain#primaryimage","url":"https:\/\/static.africa-press.net\/tchad\/sites\/41\/2021\/12\/img-61bb84729cdda.jpg","contentUrl":"https:\/\/static.africa-press.net\/tchad\/sites\/41\/2021\/12\/img-61bb84729cdda.jpg","width":780,"height":440,"caption":"les \u00e9tudiants de Sarh ont re\u00e7u les bus de transport interurbain"},{"@type":"BreadcrumbList","@id":"https:\/\/www.africa-press.net\/tchad\/toutes-les-actualites\/les-etudiants-de-sarh-ont-recu-les-bus-de-transport-interurbain#breadcrumb","itemListElement":[{"@type":"ListItem","position":1,"name":"Accueil","item":"https:\/\/www.africa-press.net\/tchad\/"},{"@type":"ListItem","position":2,"name":"les \u00e9tudiants de Sarh ont re\u00e7u les bus de transport interurbain"}]},{"@type":"WebSite","@id":"https:\/\/www.africa-press.net\/tchad\/#website","url":"https:\/\/www.africa-press.net\/tchad\/","name":"tchad","description":"Just another Africa News Agency Sites site","potentialAction":[{"@type":"SearchAction","target":{"@type":"EntryPoint","urlTemplate":"https:\/\/www.africa-press.net\/tchad\/?s={search_term_string}"},"query-input":{"@type":"PropertyValueSpecification","valueRequired":true,"valueName":"search_term_string"}}],"inLanguage":"fr-FR"},{"@type":"Person","@id":"https:\/\/www.africa-press.net\/tchad\/#\/schema\/person\/2b1cf3cd81a31e3cd26889ca66d677f1","name":"cfeditorfr"}]}},"_links":{"self":[{"href":"https:\/\/www.africa-press.net\/tchad\/wp-json\/wp\/v2\/posts\/15963","targetHints":{"allow":["GET"]}}],"collection":[{"href":"https:\/\/www.africa-press.net\/tchad\/wp-json\/wp\/v2\/posts"}],"about":[{"href":"https:\/\/www.africa-press.net\/tchad\/wp-json\/wp\/v2\/types\/post"}],"author":[{"embeddable":true,"href":"https:\/\/www.africa-press.net\/tchad\/wp-json\/wp\/v2\/users\/82"}],"replies":[{"embeddable":true,"href":"https:\/\/www.africa-press.net\/tchad\/wp-json\/wp\/v2\/comments?post=15963"}],"version-history":[{"count":0,"href":"https:\/\/www.africa-press.net\/tchad\/wp-json\/wp\/v2\/posts\/15963\/revisions"}],"wp:featuredmedia":[{"embeddable":true,"href":"https:\/\/www.africa-press.net\/tchad\/wp-json\/wp\/v2\/media\/15962"}],"wp:attachment":[{"href":"https:\/\/www.africa-press.net\/tchad\/wp-json\/wp\/v2\/media?parent=15963"}],"wp:term":[{"taxonomy":"category","embeddable":true,"href":"https:\/\/www.africa-press.net\/tchad\/wp-json\/wp\/v2\/categories?post=15963"},{"taxonomy":"post_tag","embeddable":true,"href":"https:\/\/www.africa-press.net\/tchad\/wp-json\/wp\/v2\/tags?post=15963"}],"curies":[{"name":"wp","href":"https:\/\/api.w.org\/{rel}","templated":true}]}}