{"id":16325,"date":"2021-12-21T18:11:38","date_gmt":"2021-12-21T18:11:38","guid":{"rendered":"https:\/\/www.africa-press.net\/tchad\/politique\/la-jeunesse-du-ouaddai-reunie-pour-un-preforum-a-abeche"},"modified":"2021-12-21T18:34:10","modified_gmt":"2021-12-21T18:34:10","slug":"la-jeunesse-du-ouaddai-reunie-pour-un-preforum-a-abeche","status":"publish","type":"post","link":"https:\/\/www.africa-press.net\/tchad\/toutes-les-actualites\/la-jeunesse-du-ouaddai-reunie-pour-un-preforum-a-abeche","title":{"rendered":"la jeunesse du Ouadda\u00ef r\u00e9unie pour un pr\u00e9forum \u00e0 Ab\u00e9ch\u00e9"},"content":{"rendered":"<p><span style=\"color: #ff6600\"><strong>Africa-Press &#8211; Tchad. <\/strong><\/span>Au cours de ce pr\u00e9forum, les jeunes issus des diff\u00e9rents d\u00e9partements de la province auront \u00e0 diagnostiquer les maux qui minent leur milieu, ext\u00e9rioriser les besoins et aspirations notamment dans les domaines tels que l&rsquo;\u00e9ducation, la promotion du bilinguisme, la formation professionnelle, l&#8217;emploi, l&rsquo;entrepreneuriat, l&rsquo;enseignement sup\u00e9rieur, l&rsquo;engagement citoyen, les droits des citoyens, les droits humains, le vivre ensemble et la cohabitation pacifique.<\/p>\n<p>Ces assises de deux jours regroupent 100 jeunes venus des quatre d\u00e9partements que compte la province du Ouadda\u00ef \u00e0 savoir : Assoungha, Djourouf Al Armar, Abougoudam et Ouara.<\/p>\n<p>Lan\u00e7ant les travaux, le secr\u00e9taire d\u00b4\u00c9tat du minist\u00e8re de la Jeunesse, des Sports et de la Promotion de l&rsquo;entrepreneuriat, Mba\u00efgolmem S\u00e9bastien, a pr\u00e9cis\u00e9 que le deuxi\u00e8me forum national de la jeunesse se tiendra 3 ans apr\u00e8s celui de 2018.<\/p>\n<p>Le pr\u00e9forum est un moment d&rsquo;\u00e9changes, de communication et de d\u00e9bats car il va offrir aussi une tribune aux diff\u00e9rents acteurs engag\u00e9s dans la probl\u00e9matique de la jeunesse, a-t-il dit. Mba\u00efgolmem S\u00e9bastien a relev\u00e9 que la jeunesse occupe une place capitale dans la vision du gouvernement.<\/p>\n<p>Selon lui, des efforts consid\u00e9rables sont consentis chaque jour pour sortir cette cat\u00e9gorie sociale de la d\u00e9pendance, du ch\u00f4mage, de l&rsquo;analphab\u00e9tisme et la conduire vers l&rsquo;autonomisation \u00e0 travers la politique nationale de la jeunesse.<\/p>\n<p>Des recommandations issues de ce pr\u00e9forum seront pr\u00e9sent\u00e9es au 2\u00e8me forum national de la jeunesse qui aura lieu du 27 au 29 d\u00e9cembre 2021 \u00e0 N&rsquo;Djamena.<\/p>\n<p><strong>Pour plus d&rsquo;informations et d&rsquo;analyses sur la <a href=\"https:\/\/www.africa-press.net\/tchad\">Tchad<\/a>, suivez <a href=\"https:\/\/www.africa-press.net\/\">Africa-Press<\/a><\/strong><\/p>\n","protected":false},"excerpt":{"rendered":"<p>Africa-Press &#8211; Tchad. Au cours de ce pr\u00e9forum, les jeunes issus des diff\u00e9rents d\u00e9partements de la province auront \u00e0 diagnostiquer les maux qui minent leur milieu, ext\u00e9rioriser les besoins et aspirations notamment dans les domaines tels que l&rsquo;\u00e9ducation, la promotion du bilinguisme, la formation professionnelle, l&#8217;emploi, l&rsquo;entrepreneuriat, l&rsquo;enseignement sup\u00e9rieur, l&rsquo;engagement citoyen, les droits des citoyens, [&hellip;]<\/p>\n","protected":false},"author":82,"featured_media":16324,"comment_status":"open","ping_status":"closed","sticky":false,"template":"","format":"standard","meta":{"footnotes":""},"categories":[21,11,10],"tags":[67,37,292,29],"class_list":["post-16325","post","type-post","status-publish","format-standard","has-post-thumbnail","hentry","category-communaute","category-homepage-french","category-toutes-les-actualites","tag-abeche","tag-africa-press","tag-africa-press-tchad","tag-tchad"],"yoast_head":"<!-- This site is optimized with the Yoast SEO Premium plugin v26.1 (Yoast SEO v27.0) - https:\/\/yoast.com\/product\/yoast-seo-premium-wordpress\/ -->\n<title>la jeunesse du Ouadda\u00ef r\u00e9unie pour un pr\u00e9forum \u00e0 Ab\u00e9ch\u00e9 - tchad<\/title>\n<meta name=\"description\" content=\"Au cours de ce pr\u00e9forum, les jeunes issus des diff\u00e9rents d\u00e9partements de la province auront \u00e0 diagnostiquer les maux qui ...\" \/>\n<meta name=\"robots\" content=\"index, follow, max-snippet:-1, max-image-preview:large, max-video-preview:-1\" \/>\n<link rel=\"canonical\" href=\"https:\/\/www.africa-press.net\/tchad\/toutes-les-actualites\/la-jeunesse-du-ouaddai-reunie-pour-un-preforum-a-abeche\" \/>\n<meta property=\"og:locale\" content=\"fr_FR\" \/>\n<meta property=\"og:type\" content=\"article\" \/>\n<meta property=\"og:title\" content=\"la jeunesse du Ouadda\u00ef r\u00e9unie pour un pr\u00e9forum \u00e0 Ab\u00e9ch\u00e9\" \/>\n<meta property=\"og:description\" content=\"Au cours de ce pr\u00e9forum, les jeunes issus des diff\u00e9rents d\u00e9partements de la province auront \u00e0 diagnostiquer les maux qui ...\" \/>\n<meta property=\"og:url\" content=\"https:\/\/www.africa-press.net\/tchad\/toutes-les-actualites\/la-jeunesse-du-ouaddai-reunie-pour-un-preforum-a-abeche\" \/>\n<meta property=\"og:site_name\" content=\"tchad\" \/>\n<meta property=\"article:published_time\" content=\"2021-12-21T18:11:38+00:00\" \/>\n<meta property=\"article:modified_time\" content=\"2021-12-21T18:34:10+00:00\" \/>\n<meta property=\"og:image\" content=\"https:\/\/static.africa-press.net\/tchad\/sites\/41\/2021\/12\/img-61c21dff91ba2.jpg\" \/>\n\t<meta property=\"og:image:width\" content=\"868\" \/>\n\t<meta property=\"og:image:height\" content=\"391\" \/>\n\t<meta property=\"og:image:type\" content=\"image\/jpeg\" \/>\n<meta name=\"author\" content=\"cfeditorfr\" \/>\n<meta name=\"twitter:card\" content=\"summary_large_image\" \/>\n<meta name=\"twitter:label1\" content=\"\u00c9crit par\" \/>\n\t<meta name=\"twitter:data1\" content=\"cfeditorfr\" \/>\n\t<meta name=\"twitter:label2\" content=\"Dur\u00e9e de lecture estim\u00e9e\" \/>\n\t<meta name=\"twitter:data2\" content=\"1 minute\" \/>\n<script type=\"application\/ld+json\" class=\"yoast-schema-graph\">{\"@context\":\"https:\/\/schema.org\",\"@graph\":[{\"@type\":\"Article\",\"@id\":\"https:\/\/www.africa-press.net\/tchad\/toutes-les-actualites\/la-jeunesse-du-ouaddai-reunie-pour-un-preforum-a-abeche#article\",\"isPartOf\":{\"@id\":\"https:\/\/www.africa-press.net\/tchad\/toutes-les-actualites\/la-jeunesse-du-ouaddai-reunie-pour-un-preforum-a-abeche\"},\"author\":{\"name\":\"cfeditorfr\",\"@id\":\"https:\/\/www.africa-press.net\/tchad\/#\/schema\/person\/2b1cf3cd81a31e3cd26889ca66d677f1\"},\"headline\":\"la jeunesse du Ouadda\u00ef r\u00e9unie pour un pr\u00e9forum \u00e0 Ab\u00e9ch\u00e9\",\"datePublished\":\"2021-12-21T18:11:38+00:00\",\"dateModified\":\"2021-12-21T18:34:10+00:00\",\"mainEntityOfPage\":{\"@id\":\"https:\/\/www.africa-press.net\/tchad\/toutes-les-actualites\/la-jeunesse-du-ouaddai-reunie-pour-un-preforum-a-abeche\"},\"wordCount\":292,\"commentCount\":0,\"image\":{\"@id\":\"https:\/\/www.africa-press.net\/tchad\/toutes-les-actualites\/la-jeunesse-du-ouaddai-reunie-pour-un-preforum-a-abeche#primaryimage\"},\"thumbnailUrl\":\"https:\/\/static.africa-press.net\/tchad\/sites\/41\/2021\/12\/img-61c21dff91ba2.jpg\",\"keywords\":[\"Ab\u00e9ch\u00e9\",\"Africa Press\",\"Africa Press-Tchad\",\"Tchad\"],\"articleSection\":[\"Communaut\u00e9\",\"homepage-french\",\"Toutes les actualit\u00e9s\"],\"inLanguage\":\"fr-FR\",\"potentialAction\":[{\"@type\":\"CommentAction\",\"name\":\"Comment\",\"target\":[\"https:\/\/www.africa-press.net\/tchad\/toutes-les-actualites\/la-jeunesse-du-ouaddai-reunie-pour-un-preforum-a-abeche#respond\"]}]},{\"@type\":\"WebPage\",\"@id\":\"https:\/\/www.africa-press.net\/tchad\/toutes-les-actualites\/la-jeunesse-du-ouaddai-reunie-pour-un-preforum-a-abeche\",\"url\":\"https:\/\/www.africa-press.net\/tchad\/toutes-les-actualites\/la-jeunesse-du-ouaddai-reunie-pour-un-preforum-a-abeche\",\"name\":\"la jeunesse du Ouadda\u00ef r\u00e9unie pour un pr\u00e9forum \u00e0 Ab\u00e9ch\u00e9 - tchad\",\"isPartOf\":{\"@id\":\"https:\/\/www.africa-press.net\/tchad\/#website\"},\"primaryImageOfPage\":{\"@id\":\"https:\/\/www.africa-press.net\/tchad\/toutes-les-actualites\/la-jeunesse-du-ouaddai-reunie-pour-un-preforum-a-abeche#primaryimage\"},\"image\":{\"@id\":\"https:\/\/www.africa-press.net\/tchad\/toutes-les-actualites\/la-jeunesse-du-ouaddai-reunie-pour-un-preforum-a-abeche#primaryimage\"},\"thumbnailUrl\":\"https:\/\/static.africa-press.net\/tchad\/sites\/41\/2021\/12\/img-61c21dff91ba2.jpg\",\"datePublished\":\"2021-12-21T18:11:38+00:00\",\"dateModified\":\"2021-12-21T18:34:10+00:00\",\"author\":{\"@id\":\"https:\/\/www.africa-press.net\/tchad\/#\/schema\/person\/2b1cf3cd81a31e3cd26889ca66d677f1\"},\"description\":\"Au cours de ce pr\u00e9forum, les jeunes issus des diff\u00e9rents d\u00e9partements de la province auront \u00e0 diagnostiquer les maux qui ...\",\"breadcrumb\":{\"@id\":\"https:\/\/www.africa-press.net\/tchad\/toutes-les-actualites\/la-jeunesse-du-ouaddai-reunie-pour-un-preforum-a-abeche#breadcrumb\"},\"inLanguage\":\"fr-FR\",\"potentialAction\":[{\"@type\":\"ReadAction\",\"target\":[\"https:\/\/www.africa-press.net\/tchad\/toutes-les-actualites\/la-jeunesse-du-ouaddai-reunie-pour-un-preforum-a-abeche\"]}]},{\"@type\":\"ImageObject\",\"inLanguage\":\"fr-FR\",\"@id\":\"https:\/\/www.africa-press.net\/tchad\/toutes-les-actualites\/la-jeunesse-du-ouaddai-reunie-pour-un-preforum-a-abeche#primaryimage\",\"url\":\"https:\/\/static.africa-press.net\/tchad\/sites\/41\/2021\/12\/img-61c21dff91ba2.jpg\",\"contentUrl\":\"https:\/\/static.africa-press.net\/tchad\/sites\/41\/2021\/12\/img-61c21dff91ba2.jpg\",\"width\":868,\"height\":391,\"caption\":\"la jeunesse du Ouadda\u00ef r\u00e9unie pour un pr\u00e9forum \u00e0 Ab\u00e9ch\u00e9\"},{\"@type\":\"BreadcrumbList\",\"@id\":\"https:\/\/www.africa-press.net\/tchad\/toutes-les-actualites\/la-jeunesse-du-ouaddai-reunie-pour-un-preforum-a-abeche#breadcrumb\",\"itemListElement\":[{\"@type\":\"ListItem\",\"position\":1,\"name\":\"Accueil\",\"item\":\"https:\/\/www.africa-press.net\/tchad\/\"},{\"@type\":\"ListItem\",\"position\":2,\"name\":\"la jeunesse du Ouadda\u00ef r\u00e9unie pour un pr\u00e9forum \u00e0 Ab\u00e9ch\u00e9\"}]},{\"@type\":\"WebSite\",\"@id\":\"https:\/\/www.africa-press.net\/tchad\/#website\",\"url\":\"https:\/\/www.africa-press.net\/tchad\/\",\"name\":\"tchad\",\"description\":\"Just another Africa News Agency Sites site\",\"potentialAction\":[{\"@type\":\"SearchAction\",\"target\":{\"@type\":\"EntryPoint\",\"urlTemplate\":\"https:\/\/www.africa-press.net\/tchad\/?s={search_term_string}\"},\"query-input\":{\"@type\":\"PropertyValueSpecification\",\"valueRequired\":true,\"valueName\":\"search_term_string\"}}],\"inLanguage\":\"fr-FR\"},{\"@type\":\"Person\",\"@id\":\"https:\/\/www.africa-press.net\/tchad\/#\/schema\/person\/2b1cf3cd81a31e3cd26889ca66d677f1\",\"name\":\"cfeditorfr\"}]}<\/script>\n<!-- \/ Yoast SEO Premium plugin. -->","yoast_head_json":{"title":"la jeunesse du Ouadda\u00ef r\u00e9unie pour un pr\u00e9forum \u00e0 Ab\u00e9ch\u00e9 - tchad","description":"Au cours de ce pr\u00e9forum, les jeunes issus des diff\u00e9rents d\u00e9partements de la province auront \u00e0 diagnostiquer les maux qui ...","robots":{"index":"index","follow":"follow","max-snippet":"max-snippet:-1","max-image-preview":"max-image-preview:large","max-video-preview":"max-video-preview:-1"},"canonical":"https:\/\/www.africa-press.net\/tchad\/toutes-les-actualites\/la-jeunesse-du-ouaddai-reunie-pour-un-preforum-a-abeche","og_locale":"fr_FR","og_type":"article","og_title":"la jeunesse du Ouadda\u00ef r\u00e9unie pour un pr\u00e9forum \u00e0 Ab\u00e9ch\u00e9","og_description":"Au cours de ce pr\u00e9forum, les jeunes issus des diff\u00e9rents d\u00e9partements de la province auront \u00e0 diagnostiquer les maux qui ...","og_url":"https:\/\/www.africa-press.net\/tchad\/toutes-les-actualites\/la-jeunesse-du-ouaddai-reunie-pour-un-preforum-a-abeche","og_site_name":"tchad","article_published_time":"2021-12-21T18:11:38+00:00","article_modified_time":"2021-12-21T18:34:10+00:00","og_image":[{"width":868,"height":391,"url":"https:\/\/static.africa-press.net\/tchad\/sites\/41\/2021\/12\/img-61c21dff91ba2.jpg","type":"image\/jpeg"}],"author":"cfeditorfr","twitter_card":"summary_large_image","twitter_misc":{"\u00c9crit par":"cfeditorfr","Dur\u00e9e de lecture estim\u00e9e":"1 minute"},"schema":{"@context":"https:\/\/schema.org","@graph":[{"@type":"Article","@id":"https:\/\/www.africa-press.net\/tchad\/toutes-les-actualites\/la-jeunesse-du-ouaddai-reunie-pour-un-preforum-a-abeche#article","isPartOf":{"@id":"https:\/\/www.africa-press.net\/tchad\/toutes-les-actualites\/la-jeunesse-du-ouaddai-reunie-pour-un-preforum-a-abeche"},"author":{"name":"cfeditorfr","@id":"https:\/\/www.africa-press.net\/tchad\/#\/schema\/person\/2b1cf3cd81a31e3cd26889ca66d677f1"},"headline":"la jeunesse du Ouadda\u00ef r\u00e9unie pour un pr\u00e9forum \u00e0 Ab\u00e9ch\u00e9","datePublished":"2021-12-21T18:11:38+00:00","dateModified":"2021-12-21T18:34:10+00:00","mainEntityOfPage":{"@id":"https:\/\/www.africa-press.net\/tchad\/toutes-les-actualites\/la-jeunesse-du-ouaddai-reunie-pour-un-preforum-a-abeche"},"wordCount":292,"commentCount":0,"image":{"@id":"https:\/\/www.africa-press.net\/tchad\/toutes-les-actualites\/la-jeunesse-du-ouaddai-reunie-pour-un-preforum-a-abeche#primaryimage"},"thumbnailUrl":"https:\/\/static.africa-press.net\/tchad\/sites\/41\/2021\/12\/img-61c21dff91ba2.jpg","keywords":["Ab\u00e9ch\u00e9","Africa Press","Africa Press-Tchad","Tchad"],"articleSection":["Communaut\u00e9","homepage-french","Toutes les actualit\u00e9s"],"inLanguage":"fr-FR","potentialAction":[{"@type":"CommentAction","name":"Comment","target":["https:\/\/www.africa-press.net\/tchad\/toutes-les-actualites\/la-jeunesse-du-ouaddai-reunie-pour-un-preforum-a-abeche#respond"]}]},{"@type":"WebPage","@id":"https:\/\/www.africa-press.net\/tchad\/toutes-les-actualites\/la-jeunesse-du-ouaddai-reunie-pour-un-preforum-a-abeche","url":"https:\/\/www.africa-press.net\/tchad\/toutes-les-actualites\/la-jeunesse-du-ouaddai-reunie-pour-un-preforum-a-abeche","name":"la jeunesse du Ouadda\u00ef r\u00e9unie pour un pr\u00e9forum \u00e0 Ab\u00e9ch\u00e9 - tchad","isPartOf":{"@id":"https:\/\/www.africa-press.net\/tchad\/#website"},"primaryImageOfPage":{"@id":"https:\/\/www.africa-press.net\/tchad\/toutes-les-actualites\/la-jeunesse-du-ouaddai-reunie-pour-un-preforum-a-abeche#primaryimage"},"image":{"@id":"https:\/\/www.africa-press.net\/tchad\/toutes-les-actualites\/la-jeunesse-du-ouaddai-reunie-pour-un-preforum-a-abeche#primaryimage"},"thumbnailUrl":"https:\/\/static.africa-press.net\/tchad\/sites\/41\/2021\/12\/img-61c21dff91ba2.jpg","datePublished":"2021-12-21T18:11:38+00:00","dateModified":"2021-12-21T18:34:10+00:00","author":{"@id":"https:\/\/www.africa-press.net\/tchad\/#\/schema\/person\/2b1cf3cd81a31e3cd26889ca66d677f1"},"description":"Au cours de ce pr\u00e9forum, les jeunes issus des diff\u00e9rents d\u00e9partements de la province auront \u00e0 diagnostiquer les maux qui ...","breadcrumb":{"@id":"https:\/\/www.africa-press.net\/tchad\/toutes-les-actualites\/la-jeunesse-du-ouaddai-reunie-pour-un-preforum-a-abeche#breadcrumb"},"inLanguage":"fr-FR","potentialAction":[{"@type":"ReadAction","target":["https:\/\/www.africa-press.net\/tchad\/toutes-les-actualites\/la-jeunesse-du-ouaddai-reunie-pour-un-preforum-a-abeche"]}]},{"@type":"ImageObject","inLanguage":"fr-FR","@id":"https:\/\/www.africa-press.net\/tchad\/toutes-les-actualites\/la-jeunesse-du-ouaddai-reunie-pour-un-preforum-a-abeche#primaryimage","url":"https:\/\/static.africa-press.net\/tchad\/sites\/41\/2021\/12\/img-61c21dff91ba2.jpg","contentUrl":"https:\/\/static.africa-press.net\/tchad\/sites\/41\/2021\/12\/img-61c21dff91ba2.jpg","width":868,"height":391,"caption":"la jeunesse du Ouadda\u00ef r\u00e9unie pour un pr\u00e9forum \u00e0 Ab\u00e9ch\u00e9"},{"@type":"BreadcrumbList","@id":"https:\/\/www.africa-press.net\/tchad\/toutes-les-actualites\/la-jeunesse-du-ouaddai-reunie-pour-un-preforum-a-abeche#breadcrumb","itemListElement":[{"@type":"ListItem","position":1,"name":"Accueil","item":"https:\/\/www.africa-press.net\/tchad\/"},{"@type":"ListItem","position":2,"name":"la jeunesse du Ouadda\u00ef r\u00e9unie pour un pr\u00e9forum \u00e0 Ab\u00e9ch\u00e9"}]},{"@type":"WebSite","@id":"https:\/\/www.africa-press.net\/tchad\/#website","url":"https:\/\/www.africa-press.net\/tchad\/","name":"tchad","description":"Just another Africa News Agency Sites site","potentialAction":[{"@type":"SearchAction","target":{"@type":"EntryPoint","urlTemplate":"https:\/\/www.africa-press.net\/tchad\/?s={search_term_string}"},"query-input":{"@type":"PropertyValueSpecification","valueRequired":true,"valueName":"search_term_string"}}],"inLanguage":"fr-FR"},{"@type":"Person","@id":"https:\/\/www.africa-press.net\/tchad\/#\/schema\/person\/2b1cf3cd81a31e3cd26889ca66d677f1","name":"cfeditorfr"}]}},"_links":{"self":[{"href":"https:\/\/www.africa-press.net\/tchad\/wp-json\/wp\/v2\/posts\/16325","targetHints":{"allow":["GET"]}}],"collection":[{"href":"https:\/\/www.africa-press.net\/tchad\/wp-json\/wp\/v2\/posts"}],"about":[{"href":"https:\/\/www.africa-press.net\/tchad\/wp-json\/wp\/v2\/types\/post"}],"author":[{"embeddable":true,"href":"https:\/\/www.africa-press.net\/tchad\/wp-json\/wp\/v2\/users\/82"}],"replies":[{"embeddable":true,"href":"https:\/\/www.africa-press.net\/tchad\/wp-json\/wp\/v2\/comments?post=16325"}],"version-history":[{"count":0,"href":"https:\/\/www.africa-press.net\/tchad\/wp-json\/wp\/v2\/posts\/16325\/revisions"}],"wp:featuredmedia":[{"embeddable":true,"href":"https:\/\/www.africa-press.net\/tchad\/wp-json\/wp\/v2\/media\/16324"}],"wp:attachment":[{"href":"https:\/\/www.africa-press.net\/tchad\/wp-json\/wp\/v2\/media?parent=16325"}],"wp:term":[{"taxonomy":"category","embeddable":true,"href":"https:\/\/www.africa-press.net\/tchad\/wp-json\/wp\/v2\/categories?post=16325"},{"taxonomy":"post_tag","embeddable":true,"href":"https:\/\/www.africa-press.net\/tchad\/wp-json\/wp\/v2\/tags?post=16325"}],"curies":[{"name":"wp","href":"https:\/\/api.w.org\/{rel}","templated":true}]}}