{"id":165,"date":"2020-11-18T17:08:05","date_gmt":"2020-11-18T17:08:05","guid":{"rendered":"https:\/\/www.africa-press.com\/tchad\/?p=165"},"modified":"2020-11-18T16:21:05","modified_gmt":"2020-11-18T16:21:05","slug":"tchad-covid19-le-ministre-de-la-sante-fait-le-bilan-de-la-pandemie","status":"publish","type":"post","link":"https:\/\/www.africa-press.net\/tchad\/toutes-les-actualites\/tchad-covid19-le-ministre-de-la-sante-fait-le-bilan-de-la-pandemie","title":{"rendered":"covid19 : le ministre de la sant\u00e9 fait le bilan de la pand\u00e9mie"},"content":{"rendered":"<p><span style=\"color: #ff6600\"><strong><a href=\"https:\/\/www.africa-press.com\">Africa Press<\/a> &#8211; <a href=\"https:\/\/www.africa-press.com\/tchad\">Tchad<\/a>. <\/strong><\/span>Le ministre de la sant\u00e9 publique a pr\u00e9sent\u00e9 les zones d\u2019ombres et les points positifs de son d\u00e9partement dans la gestion de la crise sanitaire impos\u00e9e par le coronavirus. Il a produit les informations relatives \u00e0 la gestion de la pand\u00e9mie depuis le 19 mars, date de d\u00e9tection de la maladie, jusqu\u2019\u00e0 nos jours.<\/p>\n<p>Abdoulaye Sabre Fadoul a rapport\u00e9 que 1608 cas ont \u00e9t\u00e9 d\u00e9tect\u00e9s depuis le mois de mars 2020. Ils sont issus de 17 provinces du pays dont la capitale qui compte le plus grand nombre d\u2019infection. Il fait savoir que le nombre de gu\u00e9ris s\u2019\u00e9l\u00e8ve \u00e0 1154 personnes. Aussi, fait-il savoir 101 cas de d\u00e9c\u00e8s ont \u00e9t\u00e9 d\u00e9plor\u00e9s. Le ministre indique malgr\u00e9 que le taux \u00e9lev\u00e9 de l\u00e9talit\u00e9 son d\u00e9partement a le contr\u00f4le sur la maladie. 213 cas et 7 d\u00e9c\u00e8s ont \u00e9t\u00e9 enregistr\u00e9s du 16 octobre au 18 novembre 2020, a poursuivi le membre du gouvernement.<\/p>\n<p>Les circonscriptions les plus affect\u00e9es par la pand\u00e9mie sont, N\u2019Djamena avec 927 cas confirm\u00e9s et 62 d\u00e9c\u00e8s, le Moyen-Chari avec 194 cas et 13 d\u00e9c\u00e8s, le Mayo-Kebbi Est avec 132 cas et cinq d\u00e9c\u00e8s, le Mayo-Kebbi Ouest avec 88 cas et six d\u00e9c\u00e8s, le Logone Occidental avec 67 cas et sept d\u00e9c\u00e8s et le Logone Oriental avec 68 cas et un d\u00e9c\u00e8s<\/p>\n","protected":false},"excerpt":{"rendered":"<p>Africa Press &#8211; Tchad. Le ministre de la sant\u00e9 publique a pr\u00e9sent\u00e9 les zones d\u2019ombres et les points positifs de son d\u00e9partement dans la gestion de la crise sanitaire impos\u00e9e par le coronavirus. Il a produit les informations relatives \u00e0 la gestion de la pand\u00e9mie depuis le 19 mars, date de d\u00e9tection de la maladie, [&hellip;]<\/p>\n","protected":false},"author":82,"featured_media":164,"comment_status":"open","ping_status":"closed","sticky":false,"template":"","format":"standard","meta":{"footnotes":""},"categories":[21,11,10],"tags":[37,90,89,29],"class_list":["post-165","post","type-post","status-publish","format-standard","has-post-thumbnail","hentry","category-communaute","category-homepage-french","category-toutes-les-actualites","tag-africa-press","tag-bilan","tag-covid-19","tag-tchad"],"yoast_head":"<!-- This site is optimized with the Yoast SEO Premium plugin v26.1 (Yoast SEO v27.0) - https:\/\/yoast.com\/product\/yoast-seo-premium-wordpress\/ -->\n<title>covid19 : le ministre de la sant\u00e9 fait le bilan de la pand\u00e9mie - tchad<\/title>\n<meta name=\"description\" content=\"Africa Press - Tchad. Le ministre de la sant\u00e9 publique a pr\u00e9sent\u00e9 les zones d\u2019ombres et les points positifs de son\" \/>\n<meta name=\"robots\" content=\"index, follow, max-snippet:-1, max-image-preview:large, max-video-preview:-1\" \/>\n<link rel=\"canonical\" href=\"https:\/\/www.africa-press.net\/tchad\/toutes-les-actualites\/tchad-covid19-le-ministre-de-la-sante-fait-le-bilan-de-la-pandemie\" \/>\n<meta property=\"og:locale\" content=\"fr_FR\" \/>\n<meta property=\"og:type\" content=\"article\" \/>\n<meta property=\"og:title\" content=\"covid19 : le ministre de la sant\u00e9 fait le bilan de la pand\u00e9mie\" \/>\n<meta property=\"og:description\" content=\"Africa Press - Tchad. Le ministre de la sant\u00e9 publique a pr\u00e9sent\u00e9 les zones d\u2019ombres et les points positifs de son\" \/>\n<meta property=\"og:url\" content=\"https:\/\/www.africa-press.net\/tchad\/toutes-les-actualites\/tchad-covid19-le-ministre-de-la-sante-fait-le-bilan-de-la-pandemie\" \/>\n<meta property=\"og:site_name\" content=\"tchad\" \/>\n<meta property=\"article:published_time\" content=\"2020-11-18T17:08:05+00:00\" \/>\n<meta property=\"og:image\" content=\"https:\/\/static.africa-press.net\/tchad\/sites\/41\/2020\/11\/img-5fb5496bca623.jpg\" \/>\n\t<meta property=\"og:image:width\" content=\"780\" \/>\n\t<meta property=\"og:image:height\" content=\"440\" \/>\n\t<meta property=\"og:image:type\" content=\"image\/jpeg\" \/>\n<meta name=\"author\" content=\"cfeditorfr\" \/>\n<meta name=\"twitter:card\" content=\"summary_large_image\" \/>\n<meta name=\"twitter:label1\" content=\"\u00c9crit par\" \/>\n\t<meta name=\"twitter:data1\" content=\"cfeditorfr\" \/>\n\t<meta name=\"twitter:label2\" content=\"Dur\u00e9e de lecture estim\u00e9e\" \/>\n\t<meta name=\"twitter:data2\" content=\"1 minute\" \/>\n<script type=\"application\/ld+json\" class=\"yoast-schema-graph\">{\"@context\":\"https:\/\/schema.org\",\"@graph\":[{\"@type\":\"Article\",\"@id\":\"https:\/\/www.africa-press.net\/tchad\/toutes-les-actualites\/tchad-covid19-le-ministre-de-la-sante-fait-le-bilan-de-la-pandemie#article\",\"isPartOf\":{\"@id\":\"https:\/\/www.africa-press.net\/tchad\/toutes-les-actualites\/tchad-covid19-le-ministre-de-la-sante-fait-le-bilan-de-la-pandemie\"},\"author\":{\"name\":\"cfeditorfr\",\"@id\":\"https:\/\/www.africa-press.net\/tchad\/#\/schema\/person\/2b1cf3cd81a31e3cd26889ca66d677f1\"},\"headline\":\"covid19 : le ministre de la sant\u00e9 fait le bilan de la pand\u00e9mie\",\"datePublished\":\"2020-11-18T17:08:05+00:00\",\"mainEntityOfPage\":{\"@id\":\"https:\/\/www.africa-press.net\/tchad\/toutes-les-actualites\/tchad-covid19-le-ministre-de-la-sante-fait-le-bilan-de-la-pandemie\"},\"wordCount\":246,\"commentCount\":0,\"image\":{\"@id\":\"https:\/\/www.africa-press.net\/tchad\/toutes-les-actualites\/tchad-covid19-le-ministre-de-la-sante-fait-le-bilan-de-la-pandemie#primaryimage\"},\"thumbnailUrl\":\"https:\/\/static.africa-press.net\/tchad\/sites\/41\/2020\/11\/img-5fb5496bca623.jpg\",\"keywords\":[\"Africa Press\",\"Bilan\",\"COVID 19\",\"Tchad\"],\"articleSection\":[\"Communaut\u00e9\",\"homepage-french\",\"Toutes les actualit\u00e9s\"],\"inLanguage\":\"fr-FR\",\"potentialAction\":[{\"@type\":\"CommentAction\",\"name\":\"Comment\",\"target\":[\"https:\/\/www.africa-press.net\/tchad\/toutes-les-actualites\/tchad-covid19-le-ministre-de-la-sante-fait-le-bilan-de-la-pandemie#respond\"]}]},{\"@type\":\"WebPage\",\"@id\":\"https:\/\/www.africa-press.net\/tchad\/toutes-les-actualites\/tchad-covid19-le-ministre-de-la-sante-fait-le-bilan-de-la-pandemie\",\"url\":\"https:\/\/www.africa-press.net\/tchad\/toutes-les-actualites\/tchad-covid19-le-ministre-de-la-sante-fait-le-bilan-de-la-pandemie\",\"name\":\"covid19 : le ministre de la sant\u00e9 fait le bilan de la pand\u00e9mie - tchad\",\"isPartOf\":{\"@id\":\"https:\/\/www.africa-press.net\/tchad\/#website\"},\"primaryImageOfPage\":{\"@id\":\"https:\/\/www.africa-press.net\/tchad\/toutes-les-actualites\/tchad-covid19-le-ministre-de-la-sante-fait-le-bilan-de-la-pandemie#primaryimage\"},\"image\":{\"@id\":\"https:\/\/www.africa-press.net\/tchad\/toutes-les-actualites\/tchad-covid19-le-ministre-de-la-sante-fait-le-bilan-de-la-pandemie#primaryimage\"},\"thumbnailUrl\":\"https:\/\/static.africa-press.net\/tchad\/sites\/41\/2020\/11\/img-5fb5496bca623.jpg\",\"datePublished\":\"2020-11-18T17:08:05+00:00\",\"author\":{\"@id\":\"https:\/\/www.africa-press.net\/tchad\/#\/schema\/person\/2b1cf3cd81a31e3cd26889ca66d677f1\"},\"description\":\"Africa Press - Tchad. Le ministre de la sant\u00e9 publique a pr\u00e9sent\u00e9 les zones d\u2019ombres et les points positifs de son\",\"breadcrumb\":{\"@id\":\"https:\/\/www.africa-press.net\/tchad\/toutes-les-actualites\/tchad-covid19-le-ministre-de-la-sante-fait-le-bilan-de-la-pandemie#breadcrumb\"},\"inLanguage\":\"fr-FR\",\"potentialAction\":[{\"@type\":\"ReadAction\",\"target\":[\"https:\/\/www.africa-press.net\/tchad\/toutes-les-actualites\/tchad-covid19-le-ministre-de-la-sante-fait-le-bilan-de-la-pandemie\"]}]},{\"@type\":\"ImageObject\",\"inLanguage\":\"fr-FR\",\"@id\":\"https:\/\/www.africa-press.net\/tchad\/toutes-les-actualites\/tchad-covid19-le-ministre-de-la-sante-fait-le-bilan-de-la-pandemie#primaryimage\",\"url\":\"https:\/\/static.africa-press.net\/tchad\/sites\/41\/2020\/11\/img-5fb5496bca623.jpg\",\"contentUrl\":\"https:\/\/static.africa-press.net\/tchad\/sites\/41\/2020\/11\/img-5fb5496bca623.jpg\",\"width\":780,\"height\":440,\"caption\":\"Tchad-covid19 : le ministre de la sant\u00e9 fait le bilan de la pand\u00e9mie\"},{\"@type\":\"BreadcrumbList\",\"@id\":\"https:\/\/www.africa-press.net\/tchad\/toutes-les-actualites\/tchad-covid19-le-ministre-de-la-sante-fait-le-bilan-de-la-pandemie#breadcrumb\",\"itemListElement\":[{\"@type\":\"ListItem\",\"position\":1,\"name\":\"Accueil\",\"item\":\"https:\/\/www.africa-press.net\/tchad\/\"},{\"@type\":\"ListItem\",\"position\":2,\"name\":\"covid19 : le ministre de la sant\u00e9 fait le bilan de la pand\u00e9mie\"}]},{\"@type\":\"WebSite\",\"@id\":\"https:\/\/www.africa-press.net\/tchad\/#website\",\"url\":\"https:\/\/www.africa-press.net\/tchad\/\",\"name\":\"tchad\",\"description\":\"Just another Africa News Agency Sites site\",\"potentialAction\":[{\"@type\":\"SearchAction\",\"target\":{\"@type\":\"EntryPoint\",\"urlTemplate\":\"https:\/\/www.africa-press.net\/tchad\/?s={search_term_string}\"},\"query-input\":{\"@type\":\"PropertyValueSpecification\",\"valueRequired\":true,\"valueName\":\"search_term_string\"}}],\"inLanguage\":\"fr-FR\"},{\"@type\":\"Person\",\"@id\":\"https:\/\/www.africa-press.net\/tchad\/#\/schema\/person\/2b1cf3cd81a31e3cd26889ca66d677f1\",\"name\":\"cfeditorfr\"}]}<\/script>\n<!-- \/ Yoast SEO Premium plugin. -->","yoast_head_json":{"title":"covid19 : le ministre de la sant\u00e9 fait le bilan de la pand\u00e9mie - tchad","description":"Africa Press - Tchad. Le ministre de la sant\u00e9 publique a pr\u00e9sent\u00e9 les zones d\u2019ombres et les points positifs de son","robots":{"index":"index","follow":"follow","max-snippet":"max-snippet:-1","max-image-preview":"max-image-preview:large","max-video-preview":"max-video-preview:-1"},"canonical":"https:\/\/www.africa-press.net\/tchad\/toutes-les-actualites\/tchad-covid19-le-ministre-de-la-sante-fait-le-bilan-de-la-pandemie","og_locale":"fr_FR","og_type":"article","og_title":"covid19 : le ministre de la sant\u00e9 fait le bilan de la pand\u00e9mie","og_description":"Africa Press - Tchad. Le ministre de la sant\u00e9 publique a pr\u00e9sent\u00e9 les zones d\u2019ombres et les points positifs de son","og_url":"https:\/\/www.africa-press.net\/tchad\/toutes-les-actualites\/tchad-covid19-le-ministre-de-la-sante-fait-le-bilan-de-la-pandemie","og_site_name":"tchad","article_published_time":"2020-11-18T17:08:05+00:00","og_image":[{"width":780,"height":440,"url":"https:\/\/static.africa-press.net\/tchad\/sites\/41\/2020\/11\/img-5fb5496bca623.jpg","type":"image\/jpeg"}],"author":"cfeditorfr","twitter_card":"summary_large_image","twitter_misc":{"\u00c9crit par":"cfeditorfr","Dur\u00e9e de lecture estim\u00e9e":"1 minute"},"schema":{"@context":"https:\/\/schema.org","@graph":[{"@type":"Article","@id":"https:\/\/www.africa-press.net\/tchad\/toutes-les-actualites\/tchad-covid19-le-ministre-de-la-sante-fait-le-bilan-de-la-pandemie#article","isPartOf":{"@id":"https:\/\/www.africa-press.net\/tchad\/toutes-les-actualites\/tchad-covid19-le-ministre-de-la-sante-fait-le-bilan-de-la-pandemie"},"author":{"name":"cfeditorfr","@id":"https:\/\/www.africa-press.net\/tchad\/#\/schema\/person\/2b1cf3cd81a31e3cd26889ca66d677f1"},"headline":"covid19 : le ministre de la sant\u00e9 fait le bilan de la pand\u00e9mie","datePublished":"2020-11-18T17:08:05+00:00","mainEntityOfPage":{"@id":"https:\/\/www.africa-press.net\/tchad\/toutes-les-actualites\/tchad-covid19-le-ministre-de-la-sante-fait-le-bilan-de-la-pandemie"},"wordCount":246,"commentCount":0,"image":{"@id":"https:\/\/www.africa-press.net\/tchad\/toutes-les-actualites\/tchad-covid19-le-ministre-de-la-sante-fait-le-bilan-de-la-pandemie#primaryimage"},"thumbnailUrl":"https:\/\/static.africa-press.net\/tchad\/sites\/41\/2020\/11\/img-5fb5496bca623.jpg","keywords":["Africa Press","Bilan","COVID 19","Tchad"],"articleSection":["Communaut\u00e9","homepage-french","Toutes les actualit\u00e9s"],"inLanguage":"fr-FR","potentialAction":[{"@type":"CommentAction","name":"Comment","target":["https:\/\/www.africa-press.net\/tchad\/toutes-les-actualites\/tchad-covid19-le-ministre-de-la-sante-fait-le-bilan-de-la-pandemie#respond"]}]},{"@type":"WebPage","@id":"https:\/\/www.africa-press.net\/tchad\/toutes-les-actualites\/tchad-covid19-le-ministre-de-la-sante-fait-le-bilan-de-la-pandemie","url":"https:\/\/www.africa-press.net\/tchad\/toutes-les-actualites\/tchad-covid19-le-ministre-de-la-sante-fait-le-bilan-de-la-pandemie","name":"covid19 : le ministre de la sant\u00e9 fait le bilan de la pand\u00e9mie - tchad","isPartOf":{"@id":"https:\/\/www.africa-press.net\/tchad\/#website"},"primaryImageOfPage":{"@id":"https:\/\/www.africa-press.net\/tchad\/toutes-les-actualites\/tchad-covid19-le-ministre-de-la-sante-fait-le-bilan-de-la-pandemie#primaryimage"},"image":{"@id":"https:\/\/www.africa-press.net\/tchad\/toutes-les-actualites\/tchad-covid19-le-ministre-de-la-sante-fait-le-bilan-de-la-pandemie#primaryimage"},"thumbnailUrl":"https:\/\/static.africa-press.net\/tchad\/sites\/41\/2020\/11\/img-5fb5496bca623.jpg","datePublished":"2020-11-18T17:08:05+00:00","author":{"@id":"https:\/\/www.africa-press.net\/tchad\/#\/schema\/person\/2b1cf3cd81a31e3cd26889ca66d677f1"},"description":"Africa Press - Tchad. Le ministre de la sant\u00e9 publique a pr\u00e9sent\u00e9 les zones d\u2019ombres et les points positifs de son","breadcrumb":{"@id":"https:\/\/www.africa-press.net\/tchad\/toutes-les-actualites\/tchad-covid19-le-ministre-de-la-sante-fait-le-bilan-de-la-pandemie#breadcrumb"},"inLanguage":"fr-FR","potentialAction":[{"@type":"ReadAction","target":["https:\/\/www.africa-press.net\/tchad\/toutes-les-actualites\/tchad-covid19-le-ministre-de-la-sante-fait-le-bilan-de-la-pandemie"]}]},{"@type":"ImageObject","inLanguage":"fr-FR","@id":"https:\/\/www.africa-press.net\/tchad\/toutes-les-actualites\/tchad-covid19-le-ministre-de-la-sante-fait-le-bilan-de-la-pandemie#primaryimage","url":"https:\/\/static.africa-press.net\/tchad\/sites\/41\/2020\/11\/img-5fb5496bca623.jpg","contentUrl":"https:\/\/static.africa-press.net\/tchad\/sites\/41\/2020\/11\/img-5fb5496bca623.jpg","width":780,"height":440,"caption":"Tchad-covid19 : le ministre de la sant\u00e9 fait le bilan de la pand\u00e9mie"},{"@type":"BreadcrumbList","@id":"https:\/\/www.africa-press.net\/tchad\/toutes-les-actualites\/tchad-covid19-le-ministre-de-la-sante-fait-le-bilan-de-la-pandemie#breadcrumb","itemListElement":[{"@type":"ListItem","position":1,"name":"Accueil","item":"https:\/\/www.africa-press.net\/tchad\/"},{"@type":"ListItem","position":2,"name":"covid19 : le ministre de la sant\u00e9 fait le bilan de la pand\u00e9mie"}]},{"@type":"WebSite","@id":"https:\/\/www.africa-press.net\/tchad\/#website","url":"https:\/\/www.africa-press.net\/tchad\/","name":"tchad","description":"Just another Africa News Agency Sites site","potentialAction":[{"@type":"SearchAction","target":{"@type":"EntryPoint","urlTemplate":"https:\/\/www.africa-press.net\/tchad\/?s={search_term_string}"},"query-input":{"@type":"PropertyValueSpecification","valueRequired":true,"valueName":"search_term_string"}}],"inLanguage":"fr-FR"},{"@type":"Person","@id":"https:\/\/www.africa-press.net\/tchad\/#\/schema\/person\/2b1cf3cd81a31e3cd26889ca66d677f1","name":"cfeditorfr"}]}},"_links":{"self":[{"href":"https:\/\/www.africa-press.net\/tchad\/wp-json\/wp\/v2\/posts\/165","targetHints":{"allow":["GET"]}}],"collection":[{"href":"https:\/\/www.africa-press.net\/tchad\/wp-json\/wp\/v2\/posts"}],"about":[{"href":"https:\/\/www.africa-press.net\/tchad\/wp-json\/wp\/v2\/types\/post"}],"author":[{"embeddable":true,"href":"https:\/\/www.africa-press.net\/tchad\/wp-json\/wp\/v2\/users\/82"}],"replies":[{"embeddable":true,"href":"https:\/\/www.africa-press.net\/tchad\/wp-json\/wp\/v2\/comments?post=165"}],"version-history":[{"count":0,"href":"https:\/\/www.africa-press.net\/tchad\/wp-json\/wp\/v2\/posts\/165\/revisions"}],"wp:featuredmedia":[{"embeddable":true,"href":"https:\/\/www.africa-press.net\/tchad\/wp-json\/wp\/v2\/media\/164"}],"wp:attachment":[{"href":"https:\/\/www.africa-press.net\/tchad\/wp-json\/wp\/v2\/media?parent=165"}],"wp:term":[{"taxonomy":"category","embeddable":true,"href":"https:\/\/www.africa-press.net\/tchad\/wp-json\/wp\/v2\/categories?post=165"},{"taxonomy":"post_tag","embeddable":true,"href":"https:\/\/www.africa-press.net\/tchad\/wp-json\/wp\/v2\/tags?post=165"}],"curies":[{"name":"wp","href":"https:\/\/api.w.org\/{rel}","templated":true}]}}