{"id":16795,"date":"2021-12-29T16:32:45","date_gmt":"2021-12-29T16:32:45","guid":{"rendered":"https:\/\/www.africa-press.net\/tchad\/politique\/forum-national-de-la-jeunesse-voici-les-besoins-essentiels-des-jeunes-tchadiens-de-la-diaspora"},"modified":"2021-12-29T16:49:36","modified_gmt":"2021-12-29T16:49:36","slug":"forum-national-de-la-jeunesse-voici-les-besoins-essentiels-des-jeunes-tchadiens-de-la-diaspora","status":"publish","type":"post","link":"https:\/\/www.africa-press.net\/tchad\/toutes-les-actualites\/forum-national-de-la-jeunesse-voici-les-besoins-essentiels-des-jeunes-tchadiens-de-la-diaspora","title":{"rendered":"Forum national de la jeunesse : voici les besoins essentiels des jeunes tchadiens de la diaspora"},"content":{"rendered":"<p><span style=\"color: #ff6600\"><strong>Africa-Press &#8211; Tchad. <\/strong><\/span>Les \u00e9tudes, l\u2019acc\u00e8s aux informations relatives \u00e0 l\u2019emploi, une meilleure implication des jeunes dans les instances de prise de d\u00e9cisions, tels sont entre autres les besoins exprim\u00e9s par les jeunes tchadiens de la diaspora au forum national de la jeunesse qui se tient du 27 au 29 d\u00e9cembre.<\/p>\n<p>Les jeunes tchadiens de la diaspora ont \u00e9t\u00e9 prolifiques en ce dernier jour du forum national de la jeunesse. Leurs besoins varient d\u2019un pays \u00e0 un autre.<\/p>\n<p>Mais globalement, ils se compl\u00e8tent. Des jeunes venu du Canada ont r\u00e9clam\u00e9 la mise en place d\u2019un conseil de la jeunesse qui prend r\u00e9ellement en consid\u00e9ration les besoins des jeunes.<\/p>\n<p>\u00ab On veut avoir un conseil qui parle des besoins de la jeunesse, comment impliquer des repr\u00e9sentants de la jeunesse dans les conseils d\u2019administration, gouvernement et minist\u00e8res.<\/p>\n<p>Avoir cette repr\u00e9sentation de la jeunesse est tr\u00e8s importante car la jeunesse est l\u2019avenir du Tchad \u00bb. Des jeunes tchadiens du S\u00e9n\u00e9gal ont fait des plaidoyers \u00e0 l\u2019endroit du gouvernement.<\/p>\n<p>Ils demandent une collaboration de l\u2019Etat tchadien avec celui du S\u00e9n\u00e9gal afin de rendre l\u2019acc\u00e8s \u00e0 des bourses d\u2019\u00e9tudes aux \u00e9tudiants tchadiens vivant au S\u00e9n\u00e9gal.<\/p>\n<p>Au-del\u00e0 des bourses d\u2019\u00e9tude, ils r\u00e9clament la disponibilit\u00e9 des passeports tchadiens au S\u00e9n\u00e9gal. D\u2019autres venus du Congo ont accentu\u00e9 leur revendications sur l\u2019acc\u00e8s aux informations lies \u00e0 l\u2019emploi comme cela se fait au Congo.<\/p>\n<p>\u00ab Nous avons aujourd\u2019hui une agence congolaise pour l\u2019emploi. Elle permet d\u2019avoir un acc\u00e8s direct aux informations sur les emplois. Elle forme les jeunes \u00e0 l\u2019emploi ind\u00e9pendant. Les jeunes doivent avoir des comp\u00e9tences et des outils qu\u2019il faut pour cr\u00e9er eux-m\u00eames leurs propos emplois \u00bb.<\/p>\n<p><strong>Pour plus d&rsquo;informations et d&rsquo;analyses sur la <a href=\"https:\/\/www.africa-press.net\/tchad\">Tchad<\/a>, suivez <a href=\"https:\/\/www.africa-press.net\/\">Africa-Press<\/a><\/strong><\/p>\n","protected":false},"excerpt":{"rendered":"<p>Africa-Press &#8211; Tchad. Les \u00e9tudes, l\u2019acc\u00e8s aux informations relatives \u00e0 l\u2019emploi, une meilleure implication des jeunes dans les instances de prise de d\u00e9cisions, tels sont entre autres les besoins exprim\u00e9s par les jeunes tchadiens de la diaspora au forum national de la jeunesse qui se tient du 27 au 29 d\u00e9cembre. Les jeunes tchadiens de [&hellip;]<\/p>\n","protected":false},"author":82,"featured_media":16794,"comment_status":"open","ping_status":"closed","sticky":false,"template":"","format":"standard","meta":{"footnotes":""},"categories":[21,11,10],"tags":[37,292,29,2474],"class_list":["post-16795","post","type-post","status-publish","format-standard","has-post-thumbnail","hentry","category-communaute","category-homepage-french","category-toutes-les-actualites","tag-africa-press","tag-africa-press-tchad","tag-tchad","tag-tchadiens"],"yoast_head":"<!-- This site is optimized with the Yoast SEO Premium plugin v26.1 (Yoast SEO v27.0) - https:\/\/yoast.com\/product\/yoast-seo-premium-wordpress\/ -->\n<title>Forum national de la jeunesse : voici les besoins essentiels des jeunes tchadiens de la diaspora - tchad<\/title>\n<meta name=\"description\" content=\"Les \u00e9tudes, l\u2019acc\u00e8s aux informations relatives \u00e0 l\u2019emploi, une meilleure implication des jeunes dans les instances de pr ...\" \/>\n<meta name=\"robots\" content=\"index, follow, max-snippet:-1, max-image-preview:large, max-video-preview:-1\" \/>\n<link rel=\"canonical\" href=\"https:\/\/www.africa-press.net\/tchad\/toutes-les-actualites\/forum-national-de-la-jeunesse-voici-les-besoins-essentiels-des-jeunes-tchadiens-de-la-diaspora\" \/>\n<meta property=\"og:locale\" content=\"fr_FR\" \/>\n<meta property=\"og:type\" content=\"article\" \/>\n<meta property=\"og:title\" content=\"Forum national de la jeunesse : voici les besoins essentiels des jeunes tchadiens de la diaspora\" \/>\n<meta property=\"og:description\" content=\"Les \u00e9tudes, l\u2019acc\u00e8s aux informations relatives \u00e0 l\u2019emploi, une meilleure implication des jeunes dans les instances de pr ...\" \/>\n<meta property=\"og:url\" content=\"https:\/\/www.africa-press.net\/tchad\/toutes-les-actualites\/forum-national-de-la-jeunesse-voici-les-besoins-essentiels-des-jeunes-tchadiens-de-la-diaspora\" \/>\n<meta property=\"og:site_name\" content=\"tchad\" \/>\n<meta property=\"article:published_time\" content=\"2021-12-29T16:32:45+00:00\" \/>\n<meta property=\"article:modified_time\" content=\"2021-12-29T16:49:36+00:00\" \/>\n<meta property=\"og:image\" content=\"https:\/\/static.africa-press.net\/tchad\/sites\/41\/2021\/12\/img-61cc9185d4f24.jpg\" \/>\n\t<meta property=\"og:image:width\" content=\"696\" \/>\n\t<meta property=\"og:image:height\" content=\"371\" \/>\n\t<meta property=\"og:image:type\" content=\"image\/jpeg\" \/>\n<meta name=\"author\" content=\"cfeditorfr\" \/>\n<meta name=\"twitter:card\" content=\"summary_large_image\" \/>\n<meta name=\"twitter:label1\" content=\"\u00c9crit par\" \/>\n\t<meta name=\"twitter:data1\" content=\"cfeditorfr\" \/>\n\t<meta name=\"twitter:label2\" content=\"Dur\u00e9e de lecture estim\u00e9e\" \/>\n\t<meta name=\"twitter:data2\" content=\"2 minutes\" \/>\n<script type=\"application\/ld+json\" class=\"yoast-schema-graph\">{\"@context\":\"https:\/\/schema.org\",\"@graph\":[{\"@type\":\"Article\",\"@id\":\"https:\/\/www.africa-press.net\/tchad\/toutes-les-actualites\/forum-national-de-la-jeunesse-voici-les-besoins-essentiels-des-jeunes-tchadiens-de-la-diaspora#article\",\"isPartOf\":{\"@id\":\"https:\/\/www.africa-press.net\/tchad\/toutes-les-actualites\/forum-national-de-la-jeunesse-voici-les-besoins-essentiels-des-jeunes-tchadiens-de-la-diaspora\"},\"author\":{\"name\":\"cfeditorfr\",\"@id\":\"https:\/\/www.africa-press.net\/tchad\/#\/schema\/person\/2b1cf3cd81a31e3cd26889ca66d677f1\"},\"headline\":\"Forum national de la jeunesse : voici les besoins essentiels des jeunes tchadiens de la diaspora\",\"datePublished\":\"2021-12-29T16:32:45+00:00\",\"dateModified\":\"2021-12-29T16:49:36+00:00\",\"mainEntityOfPage\":{\"@id\":\"https:\/\/www.africa-press.net\/tchad\/toutes-les-actualites\/forum-national-de-la-jeunesse-voici-les-besoins-essentiels-des-jeunes-tchadiens-de-la-diaspora\"},\"wordCount\":331,\"commentCount\":0,\"image\":{\"@id\":\"https:\/\/www.africa-press.net\/tchad\/toutes-les-actualites\/forum-national-de-la-jeunesse-voici-les-besoins-essentiels-des-jeunes-tchadiens-de-la-diaspora#primaryimage\"},\"thumbnailUrl\":\"https:\/\/static.africa-press.net\/tchad\/sites\/41\/2021\/12\/img-61cc9185d4f24.jpg\",\"keywords\":[\"Africa Press\",\"Africa Press-Tchad\",\"Tchad\",\"Tchadiens\"],\"articleSection\":[\"Communaut\u00e9\",\"homepage-french\",\"Toutes les actualit\u00e9s\"],\"inLanguage\":\"fr-FR\",\"potentialAction\":[{\"@type\":\"CommentAction\",\"name\":\"Comment\",\"target\":[\"https:\/\/www.africa-press.net\/tchad\/toutes-les-actualites\/forum-national-de-la-jeunesse-voici-les-besoins-essentiels-des-jeunes-tchadiens-de-la-diaspora#respond\"]}]},{\"@type\":\"WebPage\",\"@id\":\"https:\/\/www.africa-press.net\/tchad\/toutes-les-actualites\/forum-national-de-la-jeunesse-voici-les-besoins-essentiels-des-jeunes-tchadiens-de-la-diaspora\",\"url\":\"https:\/\/www.africa-press.net\/tchad\/toutes-les-actualites\/forum-national-de-la-jeunesse-voici-les-besoins-essentiels-des-jeunes-tchadiens-de-la-diaspora\",\"name\":\"Forum national de la jeunesse : voici les besoins essentiels des jeunes tchadiens de la diaspora - tchad\",\"isPartOf\":{\"@id\":\"https:\/\/www.africa-press.net\/tchad\/#website\"},\"primaryImageOfPage\":{\"@id\":\"https:\/\/www.africa-press.net\/tchad\/toutes-les-actualites\/forum-national-de-la-jeunesse-voici-les-besoins-essentiels-des-jeunes-tchadiens-de-la-diaspora#primaryimage\"},\"image\":{\"@id\":\"https:\/\/www.africa-press.net\/tchad\/toutes-les-actualites\/forum-national-de-la-jeunesse-voici-les-besoins-essentiels-des-jeunes-tchadiens-de-la-diaspora#primaryimage\"},\"thumbnailUrl\":\"https:\/\/static.africa-press.net\/tchad\/sites\/41\/2021\/12\/img-61cc9185d4f24.jpg\",\"datePublished\":\"2021-12-29T16:32:45+00:00\",\"dateModified\":\"2021-12-29T16:49:36+00:00\",\"author\":{\"@id\":\"https:\/\/www.africa-press.net\/tchad\/#\/schema\/person\/2b1cf3cd81a31e3cd26889ca66d677f1\"},\"description\":\"Les \u00e9tudes, l\u2019acc\u00e8s aux informations relatives \u00e0 l\u2019emploi, une meilleure implication des jeunes dans les instances de pr ...\",\"breadcrumb\":{\"@id\":\"https:\/\/www.africa-press.net\/tchad\/toutes-les-actualites\/forum-national-de-la-jeunesse-voici-les-besoins-essentiels-des-jeunes-tchadiens-de-la-diaspora#breadcrumb\"},\"inLanguage\":\"fr-FR\",\"potentialAction\":[{\"@type\":\"ReadAction\",\"target\":[\"https:\/\/www.africa-press.net\/tchad\/toutes-les-actualites\/forum-national-de-la-jeunesse-voici-les-besoins-essentiels-des-jeunes-tchadiens-de-la-diaspora\"]}]},{\"@type\":\"ImageObject\",\"inLanguage\":\"fr-FR\",\"@id\":\"https:\/\/www.africa-press.net\/tchad\/toutes-les-actualites\/forum-national-de-la-jeunesse-voici-les-besoins-essentiels-des-jeunes-tchadiens-de-la-diaspora#primaryimage\",\"url\":\"https:\/\/static.africa-press.net\/tchad\/sites\/41\/2021\/12\/img-61cc9185d4f24.jpg\",\"contentUrl\":\"https:\/\/static.africa-press.net\/tchad\/sites\/41\/2021\/12\/img-61cc9185d4f24.jpg\",\"width\":696,\"height\":371,\"caption\":\"Forum national de la jeunesse : voici les besoins essentiels des jeunes tchadiens de la diaspora\"},{\"@type\":\"BreadcrumbList\",\"@id\":\"https:\/\/www.africa-press.net\/tchad\/toutes-les-actualites\/forum-national-de-la-jeunesse-voici-les-besoins-essentiels-des-jeunes-tchadiens-de-la-diaspora#breadcrumb\",\"itemListElement\":[{\"@type\":\"ListItem\",\"position\":1,\"name\":\"Accueil\",\"item\":\"https:\/\/www.africa-press.net\/tchad\/\"},{\"@type\":\"ListItem\",\"position\":2,\"name\":\"Forum national de la jeunesse : voici les besoins essentiels des jeunes tchadiens de la diaspora\"}]},{\"@type\":\"WebSite\",\"@id\":\"https:\/\/www.africa-press.net\/tchad\/#website\",\"url\":\"https:\/\/www.africa-press.net\/tchad\/\",\"name\":\"tchad\",\"description\":\"Just another Africa News Agency Sites site\",\"potentialAction\":[{\"@type\":\"SearchAction\",\"target\":{\"@type\":\"EntryPoint\",\"urlTemplate\":\"https:\/\/www.africa-press.net\/tchad\/?s={search_term_string}\"},\"query-input\":{\"@type\":\"PropertyValueSpecification\",\"valueRequired\":true,\"valueName\":\"search_term_string\"}}],\"inLanguage\":\"fr-FR\"},{\"@type\":\"Person\",\"@id\":\"https:\/\/www.africa-press.net\/tchad\/#\/schema\/person\/2b1cf3cd81a31e3cd26889ca66d677f1\",\"name\":\"cfeditorfr\"}]}<\/script>\n<!-- \/ Yoast SEO Premium plugin. -->","yoast_head_json":{"title":"Forum national de la jeunesse : voici les besoins essentiels des jeunes tchadiens de la diaspora - tchad","description":"Les \u00e9tudes, l\u2019acc\u00e8s aux informations relatives \u00e0 l\u2019emploi, une meilleure implication des jeunes dans les instances de pr ...","robots":{"index":"index","follow":"follow","max-snippet":"max-snippet:-1","max-image-preview":"max-image-preview:large","max-video-preview":"max-video-preview:-1"},"canonical":"https:\/\/www.africa-press.net\/tchad\/toutes-les-actualites\/forum-national-de-la-jeunesse-voici-les-besoins-essentiels-des-jeunes-tchadiens-de-la-diaspora","og_locale":"fr_FR","og_type":"article","og_title":"Forum national de la jeunesse : voici les besoins essentiels des jeunes tchadiens de la diaspora","og_description":"Les \u00e9tudes, l\u2019acc\u00e8s aux informations relatives \u00e0 l\u2019emploi, une meilleure implication des jeunes dans les instances de pr ...","og_url":"https:\/\/www.africa-press.net\/tchad\/toutes-les-actualites\/forum-national-de-la-jeunesse-voici-les-besoins-essentiels-des-jeunes-tchadiens-de-la-diaspora","og_site_name":"tchad","article_published_time":"2021-12-29T16:32:45+00:00","article_modified_time":"2021-12-29T16:49:36+00:00","og_image":[{"width":696,"height":371,"url":"https:\/\/static.africa-press.net\/tchad\/sites\/41\/2021\/12\/img-61cc9185d4f24.jpg","type":"image\/jpeg"}],"author":"cfeditorfr","twitter_card":"summary_large_image","twitter_misc":{"\u00c9crit par":"cfeditorfr","Dur\u00e9e de lecture estim\u00e9e":"2 minutes"},"schema":{"@context":"https:\/\/schema.org","@graph":[{"@type":"Article","@id":"https:\/\/www.africa-press.net\/tchad\/toutes-les-actualites\/forum-national-de-la-jeunesse-voici-les-besoins-essentiels-des-jeunes-tchadiens-de-la-diaspora#article","isPartOf":{"@id":"https:\/\/www.africa-press.net\/tchad\/toutes-les-actualites\/forum-national-de-la-jeunesse-voici-les-besoins-essentiels-des-jeunes-tchadiens-de-la-diaspora"},"author":{"name":"cfeditorfr","@id":"https:\/\/www.africa-press.net\/tchad\/#\/schema\/person\/2b1cf3cd81a31e3cd26889ca66d677f1"},"headline":"Forum national de la jeunesse : voici les besoins essentiels des jeunes tchadiens de la diaspora","datePublished":"2021-12-29T16:32:45+00:00","dateModified":"2021-12-29T16:49:36+00:00","mainEntityOfPage":{"@id":"https:\/\/www.africa-press.net\/tchad\/toutes-les-actualites\/forum-national-de-la-jeunesse-voici-les-besoins-essentiels-des-jeunes-tchadiens-de-la-diaspora"},"wordCount":331,"commentCount":0,"image":{"@id":"https:\/\/www.africa-press.net\/tchad\/toutes-les-actualites\/forum-national-de-la-jeunesse-voici-les-besoins-essentiels-des-jeunes-tchadiens-de-la-diaspora#primaryimage"},"thumbnailUrl":"https:\/\/static.africa-press.net\/tchad\/sites\/41\/2021\/12\/img-61cc9185d4f24.jpg","keywords":["Africa Press","Africa Press-Tchad","Tchad","Tchadiens"],"articleSection":["Communaut\u00e9","homepage-french","Toutes les actualit\u00e9s"],"inLanguage":"fr-FR","potentialAction":[{"@type":"CommentAction","name":"Comment","target":["https:\/\/www.africa-press.net\/tchad\/toutes-les-actualites\/forum-national-de-la-jeunesse-voici-les-besoins-essentiels-des-jeunes-tchadiens-de-la-diaspora#respond"]}]},{"@type":"WebPage","@id":"https:\/\/www.africa-press.net\/tchad\/toutes-les-actualites\/forum-national-de-la-jeunesse-voici-les-besoins-essentiels-des-jeunes-tchadiens-de-la-diaspora","url":"https:\/\/www.africa-press.net\/tchad\/toutes-les-actualites\/forum-national-de-la-jeunesse-voici-les-besoins-essentiels-des-jeunes-tchadiens-de-la-diaspora","name":"Forum national de la jeunesse : voici les besoins essentiels des jeunes tchadiens de la diaspora - tchad","isPartOf":{"@id":"https:\/\/www.africa-press.net\/tchad\/#website"},"primaryImageOfPage":{"@id":"https:\/\/www.africa-press.net\/tchad\/toutes-les-actualites\/forum-national-de-la-jeunesse-voici-les-besoins-essentiels-des-jeunes-tchadiens-de-la-diaspora#primaryimage"},"image":{"@id":"https:\/\/www.africa-press.net\/tchad\/toutes-les-actualites\/forum-national-de-la-jeunesse-voici-les-besoins-essentiels-des-jeunes-tchadiens-de-la-diaspora#primaryimage"},"thumbnailUrl":"https:\/\/static.africa-press.net\/tchad\/sites\/41\/2021\/12\/img-61cc9185d4f24.jpg","datePublished":"2021-12-29T16:32:45+00:00","dateModified":"2021-12-29T16:49:36+00:00","author":{"@id":"https:\/\/www.africa-press.net\/tchad\/#\/schema\/person\/2b1cf3cd81a31e3cd26889ca66d677f1"},"description":"Les \u00e9tudes, l\u2019acc\u00e8s aux informations relatives \u00e0 l\u2019emploi, une meilleure implication des jeunes dans les instances de pr ...","breadcrumb":{"@id":"https:\/\/www.africa-press.net\/tchad\/toutes-les-actualites\/forum-national-de-la-jeunesse-voici-les-besoins-essentiels-des-jeunes-tchadiens-de-la-diaspora#breadcrumb"},"inLanguage":"fr-FR","potentialAction":[{"@type":"ReadAction","target":["https:\/\/www.africa-press.net\/tchad\/toutes-les-actualites\/forum-national-de-la-jeunesse-voici-les-besoins-essentiels-des-jeunes-tchadiens-de-la-diaspora"]}]},{"@type":"ImageObject","inLanguage":"fr-FR","@id":"https:\/\/www.africa-press.net\/tchad\/toutes-les-actualites\/forum-national-de-la-jeunesse-voici-les-besoins-essentiels-des-jeunes-tchadiens-de-la-diaspora#primaryimage","url":"https:\/\/static.africa-press.net\/tchad\/sites\/41\/2021\/12\/img-61cc9185d4f24.jpg","contentUrl":"https:\/\/static.africa-press.net\/tchad\/sites\/41\/2021\/12\/img-61cc9185d4f24.jpg","width":696,"height":371,"caption":"Forum national de la jeunesse : voici les besoins essentiels des jeunes tchadiens de la diaspora"},{"@type":"BreadcrumbList","@id":"https:\/\/www.africa-press.net\/tchad\/toutes-les-actualites\/forum-national-de-la-jeunesse-voici-les-besoins-essentiels-des-jeunes-tchadiens-de-la-diaspora#breadcrumb","itemListElement":[{"@type":"ListItem","position":1,"name":"Accueil","item":"https:\/\/www.africa-press.net\/tchad\/"},{"@type":"ListItem","position":2,"name":"Forum national de la jeunesse : voici les besoins essentiels des jeunes tchadiens de la diaspora"}]},{"@type":"WebSite","@id":"https:\/\/www.africa-press.net\/tchad\/#website","url":"https:\/\/www.africa-press.net\/tchad\/","name":"tchad","description":"Just another Africa News Agency Sites site","potentialAction":[{"@type":"SearchAction","target":{"@type":"EntryPoint","urlTemplate":"https:\/\/www.africa-press.net\/tchad\/?s={search_term_string}"},"query-input":{"@type":"PropertyValueSpecification","valueRequired":true,"valueName":"search_term_string"}}],"inLanguage":"fr-FR"},{"@type":"Person","@id":"https:\/\/www.africa-press.net\/tchad\/#\/schema\/person\/2b1cf3cd81a31e3cd26889ca66d677f1","name":"cfeditorfr"}]}},"_links":{"self":[{"href":"https:\/\/www.africa-press.net\/tchad\/wp-json\/wp\/v2\/posts\/16795","targetHints":{"allow":["GET"]}}],"collection":[{"href":"https:\/\/www.africa-press.net\/tchad\/wp-json\/wp\/v2\/posts"}],"about":[{"href":"https:\/\/www.africa-press.net\/tchad\/wp-json\/wp\/v2\/types\/post"}],"author":[{"embeddable":true,"href":"https:\/\/www.africa-press.net\/tchad\/wp-json\/wp\/v2\/users\/82"}],"replies":[{"embeddable":true,"href":"https:\/\/www.africa-press.net\/tchad\/wp-json\/wp\/v2\/comments?post=16795"}],"version-history":[{"count":0,"href":"https:\/\/www.africa-press.net\/tchad\/wp-json\/wp\/v2\/posts\/16795\/revisions"}],"wp:featuredmedia":[{"embeddable":true,"href":"https:\/\/www.africa-press.net\/tchad\/wp-json\/wp\/v2\/media\/16794"}],"wp:attachment":[{"href":"https:\/\/www.africa-press.net\/tchad\/wp-json\/wp\/v2\/media?parent=16795"}],"wp:term":[{"taxonomy":"category","embeddable":true,"href":"https:\/\/www.africa-press.net\/tchad\/wp-json\/wp\/v2\/categories?post=16795"},{"taxonomy":"post_tag","embeddable":true,"href":"https:\/\/www.africa-press.net\/tchad\/wp-json\/wp\/v2\/tags?post=16795"}],"curies":[{"name":"wp","href":"https:\/\/api.w.org\/{rel}","templated":true}]}}