{"id":17233,"date":"2022-01-04T15:32:58","date_gmt":"2022-01-04T15:32:58","guid":{"rendered":"https:\/\/www.africa-press.net\/tchad\/politique\/suite-de-la-campagne-de-sensibilisation-sur-la-paix-a-abeche"},"modified":"2022-01-04T16:32:30","modified_gmt":"2022-01-04T16:32:30","slug":"suite-de-la-campagne-de-sensibilisation-sur-la-paix-a-abeche","status":"publish","type":"post","link":"https:\/\/www.africa-press.net\/tchad\/toutes-les-actualites\/suite-de-la-campagne-de-sensibilisation-sur-la-paix-a-abeche","title":{"rendered":"suite de la campagne de sensibilisation sur la paix \u00e0 Ab\u00e9ch\u00e9"},"content":{"rendered":"<p><span style=\"color: #ff6600\"><strong>Africa-Press &#8211; Tchad. <\/strong><\/span>La campagne de sensibilisation sur la paix et la cohabitation pacifique, initi\u00e9e par la sous-coordination pour la paix et l\u2019appui au Conseil Militaire de Transition (CMT) dans le Ouadda\u00ef, se poursuit \u00e0 travers les arrondissements de la ville d\u2019Ab\u00e9ch\u00e9.<\/p>\n<p>C\u2019est ainsi que le 03 janvier 2022, les membres de ladite sous-coordination, ont anim\u00e9 dans l\u00b4apr\u00e8s-midi, un meeting populaire dans le 4\u00e8me arrondissement. C&rsquo;\u00e9tait en pr\u00e9sence du repr\u00e9sentant du d\u00e9l\u00e9gu\u00e9 d\u2019arrondissement, des chefs de quartiers et carr\u00e9s.<\/p>\n<p>Dans son mot de bienvenue, le secr\u00e9taire g\u00e9n\u00e9ral du 4\u00e8me arrondissement, Alkhassim Safi, au nom de la population de sa circonscription, a tenu \u00e0 exprimer ses sinc\u00e8res remerciements aux membres de la d\u00e9l\u00e9gation pour leur initiative en vue de v\u00e9hiculer le message de la paix et le vivre-ensemble dans la ville d\u2019Ab\u00e9ch\u00e9.<\/p>\n<p>Il a ensuite rassur\u00e9 les organisateurs de la campagne que le 4\u00e8me arrondissement est dispos\u00e9 \u00e0 les accompagner dans cette noble mission. Le secr\u00e9taire g\u00e9n\u00e9ral de la sous-coordination nationale au CMT du Ouadda\u00ef, Abdoulaye Hamid Daoud, a soulign\u00e9 que la culture de la paix doit \u00eatre la mission de chaque citoyen afin que l\u2019on vive dans la paix et la s\u00e9r\u00e9nit\u00e9.<\/p>\n<p>Le coordinateur Mahamat Abdelrahim Chahata a salu\u00e9 les efforts louables d\u00e9ploy\u00e9s par les forces de d\u00e9fense et de s\u00e9curit\u00e9, dans le maintien de la paix et la stabilit\u00e9 du Tchad.<\/p>\n<p><strong>Pour plus d&rsquo;informations et d&rsquo;analyses sur la <a href=\"https:\/\/www.africa-press.net\/tchad\">Tchad<\/a>, suivez <a href=\"https:\/\/www.africa-press.net\/\">Africa-Press<\/a><\/strong><\/p>\n","protected":false},"excerpt":{"rendered":"<p>Africa-Press &#8211; Tchad. La campagne de sensibilisation sur la paix et la cohabitation pacifique, initi\u00e9e par la sous-coordination pour la paix et l\u2019appui au Conseil Militaire de Transition (CMT) dans le Ouadda\u00ef, se poursuit \u00e0 travers les arrondissements de la ville d\u2019Ab\u00e9ch\u00e9. C\u2019est ainsi que le 03 janvier 2022, les membres de ladite sous-coordination, ont [&hellip;]<\/p>\n","protected":false},"author":82,"featured_media":17232,"comment_status":"open","ping_status":"closed","sticky":false,"template":"","format":"standard","meta":{"footnotes":""},"categories":[21,11,10],"tags":[67,37,292,29],"class_list":["post-17233","post","type-post","status-publish","format-standard","has-post-thumbnail","hentry","category-communaute","category-homepage-french","category-toutes-les-actualites","tag-abeche","tag-africa-press","tag-africa-press-tchad","tag-tchad"],"yoast_head":"<!-- This site is optimized with the Yoast SEO Premium plugin v26.1 (Yoast SEO v27.0) - https:\/\/yoast.com\/product\/yoast-seo-premium-wordpress\/ -->\n<title>suite de la campagne de sensibilisation sur la paix \u00e0 Ab\u00e9ch\u00e9 - tchad<\/title>\n<meta name=\"description\" content=\"La campagne de sensibilisation sur la paix et la cohabitation pacifique, initi\u00e9e par la sous-coordination pour la paix e ...\" \/>\n<meta name=\"robots\" content=\"index, follow, max-snippet:-1, max-image-preview:large, max-video-preview:-1\" \/>\n<link rel=\"canonical\" href=\"https:\/\/www.africa-press.net\/tchad\/toutes-les-actualites\/suite-de-la-campagne-de-sensibilisation-sur-la-paix-a-abeche\" \/>\n<meta property=\"og:locale\" content=\"fr_FR\" \/>\n<meta property=\"og:type\" content=\"article\" \/>\n<meta property=\"og:title\" content=\"suite de la campagne de sensibilisation sur la paix \u00e0 Ab\u00e9ch\u00e9\" \/>\n<meta property=\"og:description\" content=\"La campagne de sensibilisation sur la paix et la cohabitation pacifique, initi\u00e9e par la sous-coordination pour la paix e ...\" \/>\n<meta property=\"og:url\" content=\"https:\/\/www.africa-press.net\/tchad\/toutes-les-actualites\/suite-de-la-campagne-de-sensibilisation-sur-la-paix-a-abeche\" \/>\n<meta property=\"og:site_name\" content=\"tchad\" \/>\n<meta property=\"article:published_time\" content=\"2022-01-04T15:32:58+00:00\" \/>\n<meta property=\"article:modified_time\" content=\"2022-01-04T16:32:30+00:00\" \/>\n<meta property=\"og:image\" content=\"https:\/\/static.africa-press.net\/tchad\/sites\/41\/2022\/01\/img-61d4768190146.jpg\" \/>\n\t<meta property=\"og:image:width\" content=\"868\" \/>\n\t<meta property=\"og:image:height\" content=\"391\" \/>\n\t<meta property=\"og:image:type\" content=\"image\/jpeg\" \/>\n<meta name=\"author\" content=\"cfeditorfr\" \/>\n<meta name=\"twitter:card\" content=\"summary_large_image\" \/>\n<meta name=\"twitter:label1\" content=\"\u00c9crit par\" \/>\n\t<meta name=\"twitter:data1\" content=\"cfeditorfr\" \/>\n\t<meta name=\"twitter:label2\" content=\"Dur\u00e9e de lecture estim\u00e9e\" \/>\n\t<meta name=\"twitter:data2\" content=\"1 minute\" \/>\n<script type=\"application\/ld+json\" class=\"yoast-schema-graph\">{\"@context\":\"https:\/\/schema.org\",\"@graph\":[{\"@type\":\"Article\",\"@id\":\"https:\/\/www.africa-press.net\/tchad\/toutes-les-actualites\/suite-de-la-campagne-de-sensibilisation-sur-la-paix-a-abeche#article\",\"isPartOf\":{\"@id\":\"https:\/\/www.africa-press.net\/tchad\/toutes-les-actualites\/suite-de-la-campagne-de-sensibilisation-sur-la-paix-a-abeche\"},\"author\":{\"name\":\"cfeditorfr\",\"@id\":\"https:\/\/www.africa-press.net\/tchad\/#\/schema\/person\/2b1cf3cd81a31e3cd26889ca66d677f1\"},\"headline\":\"suite de la campagne de sensibilisation sur la paix \u00e0 Ab\u00e9ch\u00e9\",\"datePublished\":\"2022-01-04T15:32:58+00:00\",\"dateModified\":\"2022-01-04T16:32:30+00:00\",\"mainEntityOfPage\":{\"@id\":\"https:\/\/www.africa-press.net\/tchad\/toutes-les-actualites\/suite-de-la-campagne-de-sensibilisation-sur-la-paix-a-abeche\"},\"wordCount\":273,\"commentCount\":0,\"image\":{\"@id\":\"https:\/\/www.africa-press.net\/tchad\/toutes-les-actualites\/suite-de-la-campagne-de-sensibilisation-sur-la-paix-a-abeche#primaryimage\"},\"thumbnailUrl\":\"https:\/\/static.africa-press.net\/tchad\/sites\/41\/2022\/01\/img-61d4768190146.jpg\",\"keywords\":[\"Ab\u00e9ch\u00e9\",\"Africa Press\",\"Africa Press-Tchad\",\"Tchad\"],\"articleSection\":[\"Communaut\u00e9\",\"homepage-french\",\"Toutes les actualit\u00e9s\"],\"inLanguage\":\"fr-FR\",\"potentialAction\":[{\"@type\":\"CommentAction\",\"name\":\"Comment\",\"target\":[\"https:\/\/www.africa-press.net\/tchad\/toutes-les-actualites\/suite-de-la-campagne-de-sensibilisation-sur-la-paix-a-abeche#respond\"]}]},{\"@type\":\"WebPage\",\"@id\":\"https:\/\/www.africa-press.net\/tchad\/toutes-les-actualites\/suite-de-la-campagne-de-sensibilisation-sur-la-paix-a-abeche\",\"url\":\"https:\/\/www.africa-press.net\/tchad\/toutes-les-actualites\/suite-de-la-campagne-de-sensibilisation-sur-la-paix-a-abeche\",\"name\":\"suite de la campagne de sensibilisation sur la paix \u00e0 Ab\u00e9ch\u00e9 - tchad\",\"isPartOf\":{\"@id\":\"https:\/\/www.africa-press.net\/tchad\/#website\"},\"primaryImageOfPage\":{\"@id\":\"https:\/\/www.africa-press.net\/tchad\/toutes-les-actualites\/suite-de-la-campagne-de-sensibilisation-sur-la-paix-a-abeche#primaryimage\"},\"image\":{\"@id\":\"https:\/\/www.africa-press.net\/tchad\/toutes-les-actualites\/suite-de-la-campagne-de-sensibilisation-sur-la-paix-a-abeche#primaryimage\"},\"thumbnailUrl\":\"https:\/\/static.africa-press.net\/tchad\/sites\/41\/2022\/01\/img-61d4768190146.jpg\",\"datePublished\":\"2022-01-04T15:32:58+00:00\",\"dateModified\":\"2022-01-04T16:32:30+00:00\",\"author\":{\"@id\":\"https:\/\/www.africa-press.net\/tchad\/#\/schema\/person\/2b1cf3cd81a31e3cd26889ca66d677f1\"},\"description\":\"La campagne de sensibilisation sur la paix et la cohabitation pacifique, initi\u00e9e par la sous-coordination pour la paix e ...\",\"breadcrumb\":{\"@id\":\"https:\/\/www.africa-press.net\/tchad\/toutes-les-actualites\/suite-de-la-campagne-de-sensibilisation-sur-la-paix-a-abeche#breadcrumb\"},\"inLanguage\":\"fr-FR\",\"potentialAction\":[{\"@type\":\"ReadAction\",\"target\":[\"https:\/\/www.africa-press.net\/tchad\/toutes-les-actualites\/suite-de-la-campagne-de-sensibilisation-sur-la-paix-a-abeche\"]}]},{\"@type\":\"ImageObject\",\"inLanguage\":\"fr-FR\",\"@id\":\"https:\/\/www.africa-press.net\/tchad\/toutes-les-actualites\/suite-de-la-campagne-de-sensibilisation-sur-la-paix-a-abeche#primaryimage\",\"url\":\"https:\/\/static.africa-press.net\/tchad\/sites\/41\/2022\/01\/img-61d4768190146.jpg\",\"contentUrl\":\"https:\/\/static.africa-press.net\/tchad\/sites\/41\/2022\/01\/img-61d4768190146.jpg\",\"width\":868,\"height\":391,\"caption\":\"suite de la campagne de sensibilisation sur la paix \u00e0 Ab\u00e9ch\u00e9\"},{\"@type\":\"BreadcrumbList\",\"@id\":\"https:\/\/www.africa-press.net\/tchad\/toutes-les-actualites\/suite-de-la-campagne-de-sensibilisation-sur-la-paix-a-abeche#breadcrumb\",\"itemListElement\":[{\"@type\":\"ListItem\",\"position\":1,\"name\":\"Accueil\",\"item\":\"https:\/\/www.africa-press.net\/tchad\/\"},{\"@type\":\"ListItem\",\"position\":2,\"name\":\"suite de la campagne de sensibilisation sur la paix \u00e0 Ab\u00e9ch\u00e9\"}]},{\"@type\":\"WebSite\",\"@id\":\"https:\/\/www.africa-press.net\/tchad\/#website\",\"url\":\"https:\/\/www.africa-press.net\/tchad\/\",\"name\":\"tchad\",\"description\":\"Just another Africa News Agency Sites site\",\"potentialAction\":[{\"@type\":\"SearchAction\",\"target\":{\"@type\":\"EntryPoint\",\"urlTemplate\":\"https:\/\/www.africa-press.net\/tchad\/?s={search_term_string}\"},\"query-input\":{\"@type\":\"PropertyValueSpecification\",\"valueRequired\":true,\"valueName\":\"search_term_string\"}}],\"inLanguage\":\"fr-FR\"},{\"@type\":\"Person\",\"@id\":\"https:\/\/www.africa-press.net\/tchad\/#\/schema\/person\/2b1cf3cd81a31e3cd26889ca66d677f1\",\"name\":\"cfeditorfr\"}]}<\/script>\n<!-- \/ Yoast SEO Premium plugin. -->","yoast_head_json":{"title":"suite de la campagne de sensibilisation sur la paix \u00e0 Ab\u00e9ch\u00e9 - tchad","description":"La campagne de sensibilisation sur la paix et la cohabitation pacifique, initi\u00e9e par la sous-coordination pour la paix e ...","robots":{"index":"index","follow":"follow","max-snippet":"max-snippet:-1","max-image-preview":"max-image-preview:large","max-video-preview":"max-video-preview:-1"},"canonical":"https:\/\/www.africa-press.net\/tchad\/toutes-les-actualites\/suite-de-la-campagne-de-sensibilisation-sur-la-paix-a-abeche","og_locale":"fr_FR","og_type":"article","og_title":"suite de la campagne de sensibilisation sur la paix \u00e0 Ab\u00e9ch\u00e9","og_description":"La campagne de sensibilisation sur la paix et la cohabitation pacifique, initi\u00e9e par la sous-coordination pour la paix e ...","og_url":"https:\/\/www.africa-press.net\/tchad\/toutes-les-actualites\/suite-de-la-campagne-de-sensibilisation-sur-la-paix-a-abeche","og_site_name":"tchad","article_published_time":"2022-01-04T15:32:58+00:00","article_modified_time":"2022-01-04T16:32:30+00:00","og_image":[{"width":868,"height":391,"url":"https:\/\/static.africa-press.net\/tchad\/sites\/41\/2022\/01\/img-61d4768190146.jpg","type":"image\/jpeg"}],"author":"cfeditorfr","twitter_card":"summary_large_image","twitter_misc":{"\u00c9crit par":"cfeditorfr","Dur\u00e9e de lecture estim\u00e9e":"1 minute"},"schema":{"@context":"https:\/\/schema.org","@graph":[{"@type":"Article","@id":"https:\/\/www.africa-press.net\/tchad\/toutes-les-actualites\/suite-de-la-campagne-de-sensibilisation-sur-la-paix-a-abeche#article","isPartOf":{"@id":"https:\/\/www.africa-press.net\/tchad\/toutes-les-actualites\/suite-de-la-campagne-de-sensibilisation-sur-la-paix-a-abeche"},"author":{"name":"cfeditorfr","@id":"https:\/\/www.africa-press.net\/tchad\/#\/schema\/person\/2b1cf3cd81a31e3cd26889ca66d677f1"},"headline":"suite de la campagne de sensibilisation sur la paix \u00e0 Ab\u00e9ch\u00e9","datePublished":"2022-01-04T15:32:58+00:00","dateModified":"2022-01-04T16:32:30+00:00","mainEntityOfPage":{"@id":"https:\/\/www.africa-press.net\/tchad\/toutes-les-actualites\/suite-de-la-campagne-de-sensibilisation-sur-la-paix-a-abeche"},"wordCount":273,"commentCount":0,"image":{"@id":"https:\/\/www.africa-press.net\/tchad\/toutes-les-actualites\/suite-de-la-campagne-de-sensibilisation-sur-la-paix-a-abeche#primaryimage"},"thumbnailUrl":"https:\/\/static.africa-press.net\/tchad\/sites\/41\/2022\/01\/img-61d4768190146.jpg","keywords":["Ab\u00e9ch\u00e9","Africa Press","Africa Press-Tchad","Tchad"],"articleSection":["Communaut\u00e9","homepage-french","Toutes les actualit\u00e9s"],"inLanguage":"fr-FR","potentialAction":[{"@type":"CommentAction","name":"Comment","target":["https:\/\/www.africa-press.net\/tchad\/toutes-les-actualites\/suite-de-la-campagne-de-sensibilisation-sur-la-paix-a-abeche#respond"]}]},{"@type":"WebPage","@id":"https:\/\/www.africa-press.net\/tchad\/toutes-les-actualites\/suite-de-la-campagne-de-sensibilisation-sur-la-paix-a-abeche","url":"https:\/\/www.africa-press.net\/tchad\/toutes-les-actualites\/suite-de-la-campagne-de-sensibilisation-sur-la-paix-a-abeche","name":"suite de la campagne de sensibilisation sur la paix \u00e0 Ab\u00e9ch\u00e9 - tchad","isPartOf":{"@id":"https:\/\/www.africa-press.net\/tchad\/#website"},"primaryImageOfPage":{"@id":"https:\/\/www.africa-press.net\/tchad\/toutes-les-actualites\/suite-de-la-campagne-de-sensibilisation-sur-la-paix-a-abeche#primaryimage"},"image":{"@id":"https:\/\/www.africa-press.net\/tchad\/toutes-les-actualites\/suite-de-la-campagne-de-sensibilisation-sur-la-paix-a-abeche#primaryimage"},"thumbnailUrl":"https:\/\/static.africa-press.net\/tchad\/sites\/41\/2022\/01\/img-61d4768190146.jpg","datePublished":"2022-01-04T15:32:58+00:00","dateModified":"2022-01-04T16:32:30+00:00","author":{"@id":"https:\/\/www.africa-press.net\/tchad\/#\/schema\/person\/2b1cf3cd81a31e3cd26889ca66d677f1"},"description":"La campagne de sensibilisation sur la paix et la cohabitation pacifique, initi\u00e9e par la sous-coordination pour la paix e ...","breadcrumb":{"@id":"https:\/\/www.africa-press.net\/tchad\/toutes-les-actualites\/suite-de-la-campagne-de-sensibilisation-sur-la-paix-a-abeche#breadcrumb"},"inLanguage":"fr-FR","potentialAction":[{"@type":"ReadAction","target":["https:\/\/www.africa-press.net\/tchad\/toutes-les-actualites\/suite-de-la-campagne-de-sensibilisation-sur-la-paix-a-abeche"]}]},{"@type":"ImageObject","inLanguage":"fr-FR","@id":"https:\/\/www.africa-press.net\/tchad\/toutes-les-actualites\/suite-de-la-campagne-de-sensibilisation-sur-la-paix-a-abeche#primaryimage","url":"https:\/\/static.africa-press.net\/tchad\/sites\/41\/2022\/01\/img-61d4768190146.jpg","contentUrl":"https:\/\/static.africa-press.net\/tchad\/sites\/41\/2022\/01\/img-61d4768190146.jpg","width":868,"height":391,"caption":"suite de la campagne de sensibilisation sur la paix \u00e0 Ab\u00e9ch\u00e9"},{"@type":"BreadcrumbList","@id":"https:\/\/www.africa-press.net\/tchad\/toutes-les-actualites\/suite-de-la-campagne-de-sensibilisation-sur-la-paix-a-abeche#breadcrumb","itemListElement":[{"@type":"ListItem","position":1,"name":"Accueil","item":"https:\/\/www.africa-press.net\/tchad\/"},{"@type":"ListItem","position":2,"name":"suite de la campagne de sensibilisation sur la paix \u00e0 Ab\u00e9ch\u00e9"}]},{"@type":"WebSite","@id":"https:\/\/www.africa-press.net\/tchad\/#website","url":"https:\/\/www.africa-press.net\/tchad\/","name":"tchad","description":"Just another Africa News Agency Sites site","potentialAction":[{"@type":"SearchAction","target":{"@type":"EntryPoint","urlTemplate":"https:\/\/www.africa-press.net\/tchad\/?s={search_term_string}"},"query-input":{"@type":"PropertyValueSpecification","valueRequired":true,"valueName":"search_term_string"}}],"inLanguage":"fr-FR"},{"@type":"Person","@id":"https:\/\/www.africa-press.net\/tchad\/#\/schema\/person\/2b1cf3cd81a31e3cd26889ca66d677f1","name":"cfeditorfr"}]}},"_links":{"self":[{"href":"https:\/\/www.africa-press.net\/tchad\/wp-json\/wp\/v2\/posts\/17233","targetHints":{"allow":["GET"]}}],"collection":[{"href":"https:\/\/www.africa-press.net\/tchad\/wp-json\/wp\/v2\/posts"}],"about":[{"href":"https:\/\/www.africa-press.net\/tchad\/wp-json\/wp\/v2\/types\/post"}],"author":[{"embeddable":true,"href":"https:\/\/www.africa-press.net\/tchad\/wp-json\/wp\/v2\/users\/82"}],"replies":[{"embeddable":true,"href":"https:\/\/www.africa-press.net\/tchad\/wp-json\/wp\/v2\/comments?post=17233"}],"version-history":[{"count":0,"href":"https:\/\/www.africa-press.net\/tchad\/wp-json\/wp\/v2\/posts\/17233\/revisions"}],"wp:featuredmedia":[{"embeddable":true,"href":"https:\/\/www.africa-press.net\/tchad\/wp-json\/wp\/v2\/media\/17232"}],"wp:attachment":[{"href":"https:\/\/www.africa-press.net\/tchad\/wp-json\/wp\/v2\/media?parent=17233"}],"wp:term":[{"taxonomy":"category","embeddable":true,"href":"https:\/\/www.africa-press.net\/tchad\/wp-json\/wp\/v2\/categories?post=17233"},{"taxonomy":"post_tag","embeddable":true,"href":"https:\/\/www.africa-press.net\/tchad\/wp-json\/wp\/v2\/tags?post=17233"}],"curies":[{"name":"wp","href":"https:\/\/api.w.org\/{rel}","templated":true}]}}