{"id":1762,"date":"2021-01-04T15:29:00","date_gmt":"2021-01-04T15:29:00","guid":{"rendered":"https:\/\/www.africa-press.com\/tchad\/?p=1762"},"modified":"2021-01-04T15:51:50","modified_gmt":"2021-01-04T15:51:50","slug":"tchad-cest-la-ville-de-ndjamena-qui-est-confine-et-non-la-population-ministre-de-la-sante","status":"publish","type":"post","link":"https:\/\/www.africa-press.net\/tchad\/toutes-les-actualites\/tchad-cest-la-ville-de-ndjamena-qui-est-confine-et-non-la-population-ministre-de-la-sante","title":{"rendered":"\u00ab c\u2019est la ville de N\u2019Djamena qui est confin\u00e9 et non la population \u00bb ministre de la sant\u00e9"},"content":{"rendered":"<p><span style=\"color: #ff6600\"><strong><a href=\"https:\/\/www.africa-press.com\">Africa-Press<\/a> &#8211; <a href=\"https:\/\/www.africa-press.com\/tchad\">Tchad<\/a>. <\/strong><\/span>Le d\u00e9cret 2585\/PR\/2020 portant confinement de la ville de N\u2019Djamena et renforcement des mesures sanitaires, fait l\u2019objet des pol\u00e9miques depuis sa publication le 31 d\u00e9cembre 2020. Plusieurs tchadiens ont vu en cette mesure, la restriction des libert\u00e9s individuelles et d\u2019exercer. Le ministre de la Sant\u00e9 publique a fait une communication ce jour pour lever les zones d\u2019ombre. D\u2019apr\u00e8s Abdoulaye Sabre Fadoul, \u00ab Il s\u2019agit d\u2019un confinement de la ville de N\u2019Djamena, son isolement avec le reste du monde. Il ne s\u2019agit pas du confinement des populations de N\u2019Djamena \u00bb<\/p>\n<p>\u00ab Ce d\u00e9cret doit \u00eatre appliqu\u00e9 dans son int\u00e9gralit\u00e9, sans restriction et sans extrapolation \u00bb, a-t-il pr\u00e9cis\u00e9. Il ajoute que ce d\u00e9cret ne comporte aucune mesure in\u00e9dite, car s\u2019inscrivant dans la continuit\u00e9. Du bouclage des fronti\u00e8res apr\u00e8s l\u2019enregistrement du premier cas de covid-19, le 19 mars 2020, en passant par la fermeture des lieux de culte, des regroupements. \u00ab Toutes ces mesures ont \u00e9t\u00e9 d\u00e9cid\u00e9es et appliqu\u00e9es. Certaines ont \u00e9t\u00e9 r\u00e9vis\u00e9es \u00e0 l\u2019instar du couvre-feu et des regroupements \u00bb, argumente le ministre de la Sant\u00e9 publique.<\/p>\n<p>\u00ab N\u2019Djamena c\u2019est un grand centre urbain, c\u2019est un environnement propice \u00e0 la circulation du virus, les objets de rassemblement sont nombreux \u00e0 N\u2019Djamena, tant de chose qui facilitent la circulation du virus \u00bb, rench\u00e9rit le ministre de la sant\u00e9. Ce sont des mesures provisoires, prises pour une semaine, elles sont difficiles et in\u00e9vitables pour le moment. Elles doivent \u00eatre proportionnelles au risque, poursuit-il.<\/p>\n","protected":false},"excerpt":{"rendered":"<p>Africa-Press &#8211; Tchad. Le d\u00e9cret 2585\/PR\/2020 portant confinement de la ville de N\u2019Djamena et renforcement des mesures sanitaires, fait l\u2019objet des pol\u00e9miques depuis sa publication le 31 d\u00e9cembre 2020. Plusieurs tchadiens ont vu en cette mesure, la restriction des libert\u00e9s individuelles et d\u2019exercer. Le ministre de la Sant\u00e9 publique a fait une communication ce jour [&hellip;]<\/p>\n","protected":false},"author":82,"featured_media":1761,"comment_status":"open","ping_status":"closed","sticky":false,"template":"","format":"standard","meta":{"footnotes":""},"categories":[21,11,10],"tags":[308,37,292,307,41,29],"class_list":["post-1762","post","type-post","status-publish","format-standard","has-post-thumbnail","hentry","category-communaute","category-homepage-french","category-toutes-les-actualites","tag-abdoulaye-sabre-fadoul","tag-africa-press","tag-africa-press-tchad","tag-confinement","tag-ndjamena","tag-tchad"],"yoast_head":"<!-- This site is optimized with the Yoast SEO Premium plugin v26.1 (Yoast SEO v27.0) - https:\/\/yoast.com\/product\/yoast-seo-premium-wordpress\/ -->\n<title>\u00ab c\u2019est la ville de N\u2019Djamena qui est confin\u00e9 et non la population \u00bb ministre de la sant\u00e9 - tchad<\/title>\n<meta name=\"description\" content=\"Le d\u00e9cret 2585\/PR\/2020 portant confinement de la ville de N\u2019Djamena et renforcement des mesures sanitaires, fait l\u2019objet ...\" \/>\n<meta name=\"robots\" content=\"index, follow, max-snippet:-1, max-image-preview:large, max-video-preview:-1\" \/>\n<link rel=\"canonical\" href=\"https:\/\/www.africa-press.net\/tchad\/toutes-les-actualites\/tchad-cest-la-ville-de-ndjamena-qui-est-confine-et-non-la-population-ministre-de-la-sante\" \/>\n<meta property=\"og:locale\" content=\"fr_FR\" \/>\n<meta property=\"og:type\" content=\"article\" \/>\n<meta property=\"og:title\" content=\"\u00ab c\u2019est la ville de N\u2019Djamena qui est confin\u00e9 et non la population \u00bb ministre de la sant\u00e9\" \/>\n<meta property=\"og:description\" content=\"Le d\u00e9cret 2585\/PR\/2020 portant confinement de la ville de N\u2019Djamena et renforcement des mesures sanitaires, fait l\u2019objet ...\" \/>\n<meta property=\"og:url\" content=\"https:\/\/www.africa-press.net\/tchad\/toutes-les-actualites\/tchad-cest-la-ville-de-ndjamena-qui-est-confine-et-non-la-population-ministre-de-la-sante\" \/>\n<meta property=\"og:site_name\" content=\"tchad\" \/>\n<meta property=\"article:published_time\" content=\"2021-01-04T15:29:00+00:00\" \/>\n<meta property=\"article:modified_time\" content=\"2021-01-04T15:51:50+00:00\" \/>\n<meta property=\"og:image\" content=\"https:\/\/static.africa-press.net\/tchad\/sites\/41\/2021\/01\/img-5ff33296e87af.jpg\" \/>\n\t<meta property=\"og:image:width\" content=\"780\" \/>\n\t<meta property=\"og:image:height\" content=\"440\" \/>\n\t<meta property=\"og:image:type\" content=\"image\/jpeg\" \/>\n<meta name=\"author\" content=\"cfeditorfr\" \/>\n<meta name=\"twitter:card\" content=\"summary_large_image\" \/>\n<meta name=\"twitter:label1\" content=\"\u00c9crit par\" \/>\n\t<meta name=\"twitter:data1\" content=\"cfeditorfr\" \/>\n\t<meta name=\"twitter:label2\" content=\"Dur\u00e9e de lecture estim\u00e9e\" \/>\n\t<meta name=\"twitter:data2\" content=\"1 minute\" \/>\n<script type=\"application\/ld+json\" class=\"yoast-schema-graph\">{\"@context\":\"https:\/\/schema.org\",\"@graph\":[{\"@type\":\"Article\",\"@id\":\"https:\/\/www.africa-press.net\/tchad\/toutes-les-actualites\/tchad-cest-la-ville-de-ndjamena-qui-est-confine-et-non-la-population-ministre-de-la-sante#article\",\"isPartOf\":{\"@id\":\"https:\/\/www.africa-press.net\/tchad\/toutes-les-actualites\/tchad-cest-la-ville-de-ndjamena-qui-est-confine-et-non-la-population-ministre-de-la-sante\"},\"author\":{\"name\":\"cfeditorfr\",\"@id\":\"https:\/\/www.africa-press.net\/tchad\/#\/schema\/person\/2b1cf3cd81a31e3cd26889ca66d677f1\"},\"headline\":\"\u00ab c\u2019est la ville de N\u2019Djamena qui est confin\u00e9 et non la population \u00bb ministre de la sant\u00e9\",\"datePublished\":\"2021-01-04T15:29:00+00:00\",\"dateModified\":\"2021-01-04T15:51:50+00:00\",\"mainEntityOfPage\":{\"@id\":\"https:\/\/www.africa-press.net\/tchad\/toutes-les-actualites\/tchad-cest-la-ville-de-ndjamena-qui-est-confine-et-non-la-population-ministre-de-la-sante\"},\"wordCount\":281,\"commentCount\":0,\"image\":{\"@id\":\"https:\/\/www.africa-press.net\/tchad\/toutes-les-actualites\/tchad-cest-la-ville-de-ndjamena-qui-est-confine-et-non-la-population-ministre-de-la-sante#primaryimage\"},\"thumbnailUrl\":\"https:\/\/static.africa-press.net\/tchad\/sites\/41\/2021\/01\/img-5ff33296e87af.jpg\",\"keywords\":[\"Abdoulaye Sabre Fadoul\",\"Africa Press\",\"Africa Press-Tchad\",\"Confinement\",\"N'Djamena\",\"Tchad\"],\"articleSection\":[\"Communaut\u00e9\",\"homepage-french\",\"Toutes les actualit\u00e9s\"],\"inLanguage\":\"fr-FR\",\"potentialAction\":[{\"@type\":\"CommentAction\",\"name\":\"Comment\",\"target\":[\"https:\/\/www.africa-press.net\/tchad\/toutes-les-actualites\/tchad-cest-la-ville-de-ndjamena-qui-est-confine-et-non-la-population-ministre-de-la-sante#respond\"]}]},{\"@type\":\"WebPage\",\"@id\":\"https:\/\/www.africa-press.net\/tchad\/toutes-les-actualites\/tchad-cest-la-ville-de-ndjamena-qui-est-confine-et-non-la-population-ministre-de-la-sante\",\"url\":\"https:\/\/www.africa-press.net\/tchad\/toutes-les-actualites\/tchad-cest-la-ville-de-ndjamena-qui-est-confine-et-non-la-population-ministre-de-la-sante\",\"name\":\"\u00ab c\u2019est la ville de N\u2019Djamena qui est confin\u00e9 et non la population \u00bb ministre de la sant\u00e9 - tchad\",\"isPartOf\":{\"@id\":\"https:\/\/www.africa-press.net\/tchad\/#website\"},\"primaryImageOfPage\":{\"@id\":\"https:\/\/www.africa-press.net\/tchad\/toutes-les-actualites\/tchad-cest-la-ville-de-ndjamena-qui-est-confine-et-non-la-population-ministre-de-la-sante#primaryimage\"},\"image\":{\"@id\":\"https:\/\/www.africa-press.net\/tchad\/toutes-les-actualites\/tchad-cest-la-ville-de-ndjamena-qui-est-confine-et-non-la-population-ministre-de-la-sante#primaryimage\"},\"thumbnailUrl\":\"https:\/\/static.africa-press.net\/tchad\/sites\/41\/2021\/01\/img-5ff33296e87af.jpg\",\"datePublished\":\"2021-01-04T15:29:00+00:00\",\"dateModified\":\"2021-01-04T15:51:50+00:00\",\"author\":{\"@id\":\"https:\/\/www.africa-press.net\/tchad\/#\/schema\/person\/2b1cf3cd81a31e3cd26889ca66d677f1\"},\"description\":\"Le d\u00e9cret 2585\/PR\/2020 portant confinement de la ville de N\u2019Djamena et renforcement des mesures sanitaires, fait l\u2019objet ...\",\"breadcrumb\":{\"@id\":\"https:\/\/www.africa-press.net\/tchad\/toutes-les-actualites\/tchad-cest-la-ville-de-ndjamena-qui-est-confine-et-non-la-population-ministre-de-la-sante#breadcrumb\"},\"inLanguage\":\"fr-FR\",\"potentialAction\":[{\"@type\":\"ReadAction\",\"target\":[\"https:\/\/www.africa-press.net\/tchad\/toutes-les-actualites\/tchad-cest-la-ville-de-ndjamena-qui-est-confine-et-non-la-population-ministre-de-la-sante\"]}]},{\"@type\":\"ImageObject\",\"inLanguage\":\"fr-FR\",\"@id\":\"https:\/\/www.africa-press.net\/tchad\/toutes-les-actualites\/tchad-cest-la-ville-de-ndjamena-qui-est-confine-et-non-la-population-ministre-de-la-sante#primaryimage\",\"url\":\"https:\/\/static.africa-press.net\/tchad\/sites\/41\/2021\/01\/img-5ff33296e87af.jpg\",\"contentUrl\":\"https:\/\/static.africa-press.net\/tchad\/sites\/41\/2021\/01\/img-5ff33296e87af.jpg\",\"width\":780,\"height\":440,\"caption\":\"Tchad : \u00ab c\u2019est la ville de N\u2019Djamena qui est confin\u00e9 et non la population \u00bb ministre de la sant\u00e9\"},{\"@type\":\"BreadcrumbList\",\"@id\":\"https:\/\/www.africa-press.net\/tchad\/toutes-les-actualites\/tchad-cest-la-ville-de-ndjamena-qui-est-confine-et-non-la-population-ministre-de-la-sante#breadcrumb\",\"itemListElement\":[{\"@type\":\"ListItem\",\"position\":1,\"name\":\"Accueil\",\"item\":\"https:\/\/www.africa-press.net\/tchad\/\"},{\"@type\":\"ListItem\",\"position\":2,\"name\":\"\u00ab c\u2019est la ville de N\u2019Djamena qui est confin\u00e9 et non la population \u00bb ministre de la sant\u00e9\"}]},{\"@type\":\"WebSite\",\"@id\":\"https:\/\/www.africa-press.net\/tchad\/#website\",\"url\":\"https:\/\/www.africa-press.net\/tchad\/\",\"name\":\"tchad\",\"description\":\"Just another Africa News Agency Sites site\",\"potentialAction\":[{\"@type\":\"SearchAction\",\"target\":{\"@type\":\"EntryPoint\",\"urlTemplate\":\"https:\/\/www.africa-press.net\/tchad\/?s={search_term_string}\"},\"query-input\":{\"@type\":\"PropertyValueSpecification\",\"valueRequired\":true,\"valueName\":\"search_term_string\"}}],\"inLanguage\":\"fr-FR\"},{\"@type\":\"Person\",\"@id\":\"https:\/\/www.africa-press.net\/tchad\/#\/schema\/person\/2b1cf3cd81a31e3cd26889ca66d677f1\",\"name\":\"cfeditorfr\"}]}<\/script>\n<!-- \/ Yoast SEO Premium plugin. -->","yoast_head_json":{"title":"\u00ab c\u2019est la ville de N\u2019Djamena qui est confin\u00e9 et non la population \u00bb ministre de la sant\u00e9 - tchad","description":"Le d\u00e9cret 2585\/PR\/2020 portant confinement de la ville de N\u2019Djamena et renforcement des mesures sanitaires, fait l\u2019objet ...","robots":{"index":"index","follow":"follow","max-snippet":"max-snippet:-1","max-image-preview":"max-image-preview:large","max-video-preview":"max-video-preview:-1"},"canonical":"https:\/\/www.africa-press.net\/tchad\/toutes-les-actualites\/tchad-cest-la-ville-de-ndjamena-qui-est-confine-et-non-la-population-ministre-de-la-sante","og_locale":"fr_FR","og_type":"article","og_title":"\u00ab c\u2019est la ville de N\u2019Djamena qui est confin\u00e9 et non la population \u00bb ministre de la sant\u00e9","og_description":"Le d\u00e9cret 2585\/PR\/2020 portant confinement de la ville de N\u2019Djamena et renforcement des mesures sanitaires, fait l\u2019objet ...","og_url":"https:\/\/www.africa-press.net\/tchad\/toutes-les-actualites\/tchad-cest-la-ville-de-ndjamena-qui-est-confine-et-non-la-population-ministre-de-la-sante","og_site_name":"tchad","article_published_time":"2021-01-04T15:29:00+00:00","article_modified_time":"2021-01-04T15:51:50+00:00","og_image":[{"width":780,"height":440,"url":"https:\/\/static.africa-press.net\/tchad\/sites\/41\/2021\/01\/img-5ff33296e87af.jpg","type":"image\/jpeg"}],"author":"cfeditorfr","twitter_card":"summary_large_image","twitter_misc":{"\u00c9crit par":"cfeditorfr","Dur\u00e9e de lecture estim\u00e9e":"1 minute"},"schema":{"@context":"https:\/\/schema.org","@graph":[{"@type":"Article","@id":"https:\/\/www.africa-press.net\/tchad\/toutes-les-actualites\/tchad-cest-la-ville-de-ndjamena-qui-est-confine-et-non-la-population-ministre-de-la-sante#article","isPartOf":{"@id":"https:\/\/www.africa-press.net\/tchad\/toutes-les-actualites\/tchad-cest-la-ville-de-ndjamena-qui-est-confine-et-non-la-population-ministre-de-la-sante"},"author":{"name":"cfeditorfr","@id":"https:\/\/www.africa-press.net\/tchad\/#\/schema\/person\/2b1cf3cd81a31e3cd26889ca66d677f1"},"headline":"\u00ab c\u2019est la ville de N\u2019Djamena qui est confin\u00e9 et non la population \u00bb ministre de la sant\u00e9","datePublished":"2021-01-04T15:29:00+00:00","dateModified":"2021-01-04T15:51:50+00:00","mainEntityOfPage":{"@id":"https:\/\/www.africa-press.net\/tchad\/toutes-les-actualites\/tchad-cest-la-ville-de-ndjamena-qui-est-confine-et-non-la-population-ministre-de-la-sante"},"wordCount":281,"commentCount":0,"image":{"@id":"https:\/\/www.africa-press.net\/tchad\/toutes-les-actualites\/tchad-cest-la-ville-de-ndjamena-qui-est-confine-et-non-la-population-ministre-de-la-sante#primaryimage"},"thumbnailUrl":"https:\/\/static.africa-press.net\/tchad\/sites\/41\/2021\/01\/img-5ff33296e87af.jpg","keywords":["Abdoulaye Sabre Fadoul","Africa Press","Africa Press-Tchad","Confinement","N'Djamena","Tchad"],"articleSection":["Communaut\u00e9","homepage-french","Toutes les actualit\u00e9s"],"inLanguage":"fr-FR","potentialAction":[{"@type":"CommentAction","name":"Comment","target":["https:\/\/www.africa-press.net\/tchad\/toutes-les-actualites\/tchad-cest-la-ville-de-ndjamena-qui-est-confine-et-non-la-population-ministre-de-la-sante#respond"]}]},{"@type":"WebPage","@id":"https:\/\/www.africa-press.net\/tchad\/toutes-les-actualites\/tchad-cest-la-ville-de-ndjamena-qui-est-confine-et-non-la-population-ministre-de-la-sante","url":"https:\/\/www.africa-press.net\/tchad\/toutes-les-actualites\/tchad-cest-la-ville-de-ndjamena-qui-est-confine-et-non-la-population-ministre-de-la-sante","name":"\u00ab c\u2019est la ville de N\u2019Djamena qui est confin\u00e9 et non la population \u00bb ministre de la sant\u00e9 - tchad","isPartOf":{"@id":"https:\/\/www.africa-press.net\/tchad\/#website"},"primaryImageOfPage":{"@id":"https:\/\/www.africa-press.net\/tchad\/toutes-les-actualites\/tchad-cest-la-ville-de-ndjamena-qui-est-confine-et-non-la-population-ministre-de-la-sante#primaryimage"},"image":{"@id":"https:\/\/www.africa-press.net\/tchad\/toutes-les-actualites\/tchad-cest-la-ville-de-ndjamena-qui-est-confine-et-non-la-population-ministre-de-la-sante#primaryimage"},"thumbnailUrl":"https:\/\/static.africa-press.net\/tchad\/sites\/41\/2021\/01\/img-5ff33296e87af.jpg","datePublished":"2021-01-04T15:29:00+00:00","dateModified":"2021-01-04T15:51:50+00:00","author":{"@id":"https:\/\/www.africa-press.net\/tchad\/#\/schema\/person\/2b1cf3cd81a31e3cd26889ca66d677f1"},"description":"Le d\u00e9cret 2585\/PR\/2020 portant confinement de la ville de N\u2019Djamena et renforcement des mesures sanitaires, fait l\u2019objet ...","breadcrumb":{"@id":"https:\/\/www.africa-press.net\/tchad\/toutes-les-actualites\/tchad-cest-la-ville-de-ndjamena-qui-est-confine-et-non-la-population-ministre-de-la-sante#breadcrumb"},"inLanguage":"fr-FR","potentialAction":[{"@type":"ReadAction","target":["https:\/\/www.africa-press.net\/tchad\/toutes-les-actualites\/tchad-cest-la-ville-de-ndjamena-qui-est-confine-et-non-la-population-ministre-de-la-sante"]}]},{"@type":"ImageObject","inLanguage":"fr-FR","@id":"https:\/\/www.africa-press.net\/tchad\/toutes-les-actualites\/tchad-cest-la-ville-de-ndjamena-qui-est-confine-et-non-la-population-ministre-de-la-sante#primaryimage","url":"https:\/\/static.africa-press.net\/tchad\/sites\/41\/2021\/01\/img-5ff33296e87af.jpg","contentUrl":"https:\/\/static.africa-press.net\/tchad\/sites\/41\/2021\/01\/img-5ff33296e87af.jpg","width":780,"height":440,"caption":"Tchad : \u00ab c\u2019est la ville de N\u2019Djamena qui est confin\u00e9 et non la population \u00bb ministre de la sant\u00e9"},{"@type":"BreadcrumbList","@id":"https:\/\/www.africa-press.net\/tchad\/toutes-les-actualites\/tchad-cest-la-ville-de-ndjamena-qui-est-confine-et-non-la-population-ministre-de-la-sante#breadcrumb","itemListElement":[{"@type":"ListItem","position":1,"name":"Accueil","item":"https:\/\/www.africa-press.net\/tchad\/"},{"@type":"ListItem","position":2,"name":"\u00ab c\u2019est la ville de N\u2019Djamena qui est confin\u00e9 et non la population \u00bb ministre de la sant\u00e9"}]},{"@type":"WebSite","@id":"https:\/\/www.africa-press.net\/tchad\/#website","url":"https:\/\/www.africa-press.net\/tchad\/","name":"tchad","description":"Just another Africa News Agency Sites site","potentialAction":[{"@type":"SearchAction","target":{"@type":"EntryPoint","urlTemplate":"https:\/\/www.africa-press.net\/tchad\/?s={search_term_string}"},"query-input":{"@type":"PropertyValueSpecification","valueRequired":true,"valueName":"search_term_string"}}],"inLanguage":"fr-FR"},{"@type":"Person","@id":"https:\/\/www.africa-press.net\/tchad\/#\/schema\/person\/2b1cf3cd81a31e3cd26889ca66d677f1","name":"cfeditorfr"}]}},"_links":{"self":[{"href":"https:\/\/www.africa-press.net\/tchad\/wp-json\/wp\/v2\/posts\/1762","targetHints":{"allow":["GET"]}}],"collection":[{"href":"https:\/\/www.africa-press.net\/tchad\/wp-json\/wp\/v2\/posts"}],"about":[{"href":"https:\/\/www.africa-press.net\/tchad\/wp-json\/wp\/v2\/types\/post"}],"author":[{"embeddable":true,"href":"https:\/\/www.africa-press.net\/tchad\/wp-json\/wp\/v2\/users\/82"}],"replies":[{"embeddable":true,"href":"https:\/\/www.africa-press.net\/tchad\/wp-json\/wp\/v2\/comments?post=1762"}],"version-history":[{"count":0,"href":"https:\/\/www.africa-press.net\/tchad\/wp-json\/wp\/v2\/posts\/1762\/revisions"}],"wp:featuredmedia":[{"embeddable":true,"href":"https:\/\/www.africa-press.net\/tchad\/wp-json\/wp\/v2\/media\/1761"}],"wp:attachment":[{"href":"https:\/\/www.africa-press.net\/tchad\/wp-json\/wp\/v2\/media?parent=1762"}],"wp:term":[{"taxonomy":"category","embeddable":true,"href":"https:\/\/www.africa-press.net\/tchad\/wp-json\/wp\/v2\/categories?post=1762"},{"taxonomy":"post_tag","embeddable":true,"href":"https:\/\/www.africa-press.net\/tchad\/wp-json\/wp\/v2\/tags?post=1762"}],"curies":[{"name":"wp","href":"https:\/\/api.w.org\/{rel}","templated":true}]}}