{"id":18089,"date":"2022-01-18T16:07:52","date_gmt":"2022-01-18T16:07:52","guid":{"rendered":"https:\/\/www.africa-press.net\/tchad\/politique\/la-campagne-de-vaccination-contre-la-fievre-jaune-se-poursuit-a-melfi"},"modified":"2022-01-18T16:55:07","modified_gmt":"2022-01-18T16:55:07","slug":"la-campagne-de-vaccination-contre-la-fievre-jaune-se-poursuit-a-melfi","status":"publish","type":"post","link":"https:\/\/www.africa-press.net\/tchad\/toutes-les-actualites\/la-campagne-de-vaccination-contre-la-fievre-jaune-se-poursuit-a-melfi","title":{"rendered":"la campagne de vaccination contre la fi\u00e8vre jaune se poursuit \u00e0 Melfi"},"content":{"rendered":"<p><span style=\"color: #ff6600\"><strong>Africa-Press &#8211; Tchad. <\/strong><\/span><b>Une caravane de vaccination contre la fi\u00e8vre jaune a \u00e9t\u00e9 lanc\u00e9e le 15 janvier 2022 \u00e0 Melfi, province du Gu\u00e9ra. C\u2019est une initiative de programme national de sant\u00e9 nomade du minist\u00e8re de la Sant\u00e9 publique.<\/b><\/p>\n<p>Cette campagne de vaccination fait suite \u00e0 la d\u00e9tection de quelques cas positifs \u00e0 la fi\u00e8vre jaune dans le d\u00e9partement de Garada, district Sanitaire de Melfi. Pour \u00e9viter que la maladie prosp\u00e8re, le minist\u00e8re en charge de la Sant\u00e9, via sa d\u00e9l\u00e9gation a jug\u00e9 utile de faire vacciner les populations de la circonscription. 122 362 personnes pour cette op\u00e9ration. Des autorit\u00e9s administratives et sanitaires ont pris part \u00e0 la c\u00e9r\u00e9monie de lancement.<\/p>\n<p>Le pr\u00e9fet du d\u00e9partement de Garada, a d\u00e9j\u00e0 re\u00e7u sa dose. Il appr\u00e9cie la mobilisation de la population qui prend part aux efforts collectifs pour \u00e9radiquer la fi\u00e8vre jaune du Tchad. 400 personnes ont \u00e9t\u00e9 mobilis\u00e9es pour recenser, sensibiliser et vacciner chaque personne \u00e2g\u00e9e de 9 mois \u00e0 60 ans pour cette campagne.<\/p>\n<p>Pour Dr Anigu\u00e9 Ir\u00e9 Diane, d\u00e9l\u00e9gu\u00e9e sanitaire provinciale du Gu\u00e9ra, \u00ab une personne vaccin\u00e9e est \u00e9gale \u00e0 une personne prot\u00e9g\u00e9e \u00bb. Il invite tous les habitants \u00e0 se faire vacciner. Pr\u00e9cisons que les enfants de moins de 9 moins ne sont pas concern\u00e9s par cette campagne de vaccination contre la fi\u00e8vre jaune.<\/p>\n<p><strong>Pour plus d&rsquo;informations et d&rsquo;analyses sur la <a href=\"https:\/\/www.africa-press.net\/tchad\">Tchad<\/a>, suivez <a href=\"https:\/\/www.africa-press.net\/\">Africa-Press<\/a><\/strong><\/p>\n","protected":false},"excerpt":{"rendered":"<p>Africa-Press &#8211; Tchad. Une caravane de vaccination contre la fi\u00e8vre jaune a \u00e9t\u00e9 lanc\u00e9e le 15 janvier 2022 \u00e0 Melfi, province du Gu\u00e9ra. C\u2019est une initiative de programme national de sant\u00e9 nomade du minist\u00e8re de la Sant\u00e9 publique. Cette campagne de vaccination fait suite \u00e0 la d\u00e9tection de quelques cas positifs \u00e0 la fi\u00e8vre jaune [&hellip;]<\/p>\n","protected":false},"author":82,"featured_media":18088,"comment_status":"open","ping_status":"closed","sticky":false,"template":"","format":"standard","meta":{"footnotes":""},"categories":[21,11,10],"tags":[37,292,569,3174,29],"class_list":["post-18089","post","type-post","status-publish","format-standard","has-post-thumbnail","hentry","category-communaute","category-homepage-french","category-toutes-les-actualites","tag-africa-press","tag-africa-press-tchad","tag-campagne-de-vaccination","tag-fievre-jaune","tag-tchad"],"yoast_head":"<!-- This site is optimized with the Yoast SEO Premium plugin v26.1 (Yoast SEO v27.0) - https:\/\/yoast.com\/product\/yoast-seo-premium-wordpress\/ -->\n<title>la campagne de vaccination contre la fi\u00e8vre jaune se poursuit \u00e0 Melfi - tchad<\/title>\n<meta name=\"description\" content=\"Une caravane de vaccination contre la fi\u00e8vre jaune a \u00e9t\u00e9 lanc\u00e9e le 15 janvier 2022 \u00e0 Melfi, province du Gu\u00e9ra. C\u2019est ...\" \/>\n<meta name=\"robots\" content=\"index, follow, max-snippet:-1, max-image-preview:large, max-video-preview:-1\" \/>\n<link rel=\"canonical\" href=\"https:\/\/www.africa-press.net\/tchad\/toutes-les-actualites\/la-campagne-de-vaccination-contre-la-fievre-jaune-se-poursuit-a-melfi\" \/>\n<meta property=\"og:locale\" content=\"fr_FR\" \/>\n<meta property=\"og:type\" content=\"article\" \/>\n<meta property=\"og:title\" content=\"la campagne de vaccination contre la fi\u00e8vre jaune se poursuit \u00e0 Melfi\" \/>\n<meta property=\"og:description\" content=\"Une caravane de vaccination contre la fi\u00e8vre jaune a \u00e9t\u00e9 lanc\u00e9e le 15 janvier 2022 \u00e0 Melfi, province du Gu\u00e9ra. C\u2019est ...\" \/>\n<meta property=\"og:url\" content=\"https:\/\/www.africa-press.net\/tchad\/toutes-les-actualites\/la-campagne-de-vaccination-contre-la-fievre-jaune-se-poursuit-a-melfi\" \/>\n<meta property=\"og:site_name\" content=\"tchad\" \/>\n<meta property=\"article:published_time\" content=\"2022-01-18T16:07:52+00:00\" \/>\n<meta property=\"article:modified_time\" content=\"2022-01-18T16:55:07+00:00\" \/>\n<meta property=\"og:image\" content=\"https:\/\/static.africa-press.net\/tchad\/sites\/41\/2022\/01\/img-61e6f0c26f319.jpg\" \/>\n\t<meta property=\"og:image:width\" content=\"780\" \/>\n\t<meta property=\"og:image:height\" content=\"440\" \/>\n\t<meta property=\"og:image:type\" content=\"image\/jpeg\" \/>\n<meta name=\"author\" content=\"cfeditorfr\" \/>\n<meta name=\"twitter:card\" content=\"summary_large_image\" \/>\n<meta name=\"twitter:label1\" content=\"\u00c9crit par\" \/>\n\t<meta name=\"twitter:data1\" content=\"cfeditorfr\" \/>\n\t<meta name=\"twitter:label2\" content=\"Dur\u00e9e de lecture estim\u00e9e\" \/>\n\t<meta name=\"twitter:data2\" content=\"1 minute\" \/>\n<script type=\"application\/ld+json\" class=\"yoast-schema-graph\">{\"@context\":\"https:\/\/schema.org\",\"@graph\":[{\"@type\":\"Article\",\"@id\":\"https:\/\/www.africa-press.net\/tchad\/toutes-les-actualites\/la-campagne-de-vaccination-contre-la-fievre-jaune-se-poursuit-a-melfi#article\",\"isPartOf\":{\"@id\":\"https:\/\/www.africa-press.net\/tchad\/toutes-les-actualites\/la-campagne-de-vaccination-contre-la-fievre-jaune-se-poursuit-a-melfi\"},\"author\":{\"name\":\"cfeditorfr\",\"@id\":\"https:\/\/www.africa-press.net\/tchad\/#\/schema\/person\/2b1cf3cd81a31e3cd26889ca66d677f1\"},\"headline\":\"la campagne de vaccination contre la fi\u00e8vre jaune se poursuit \u00e0 Melfi\",\"datePublished\":\"2022-01-18T16:07:52+00:00\",\"dateModified\":\"2022-01-18T16:55:07+00:00\",\"mainEntityOfPage\":{\"@id\":\"https:\/\/www.africa-press.net\/tchad\/toutes-les-actualites\/la-campagne-de-vaccination-contre-la-fievre-jaune-se-poursuit-a-melfi\"},\"wordCount\":256,\"commentCount\":0,\"image\":{\"@id\":\"https:\/\/www.africa-press.net\/tchad\/toutes-les-actualites\/la-campagne-de-vaccination-contre-la-fievre-jaune-se-poursuit-a-melfi#primaryimage\"},\"thumbnailUrl\":\"https:\/\/static.africa-press.net\/tchad\/sites\/41\/2022\/01\/img-61e6f0c26f319.jpg\",\"keywords\":[\"Africa Press\",\"Africa Press-Tchad\",\"campagne de vaccination\",\"Fi\u00e8vre jaune\",\"Tchad\"],\"articleSection\":[\"Communaut\u00e9\",\"homepage-french\",\"Toutes les actualit\u00e9s\"],\"inLanguage\":\"fr-FR\",\"potentialAction\":[{\"@type\":\"CommentAction\",\"name\":\"Comment\",\"target\":[\"https:\/\/www.africa-press.net\/tchad\/toutes-les-actualites\/la-campagne-de-vaccination-contre-la-fievre-jaune-se-poursuit-a-melfi#respond\"]}]},{\"@type\":\"WebPage\",\"@id\":\"https:\/\/www.africa-press.net\/tchad\/toutes-les-actualites\/la-campagne-de-vaccination-contre-la-fievre-jaune-se-poursuit-a-melfi\",\"url\":\"https:\/\/www.africa-press.net\/tchad\/toutes-les-actualites\/la-campagne-de-vaccination-contre-la-fievre-jaune-se-poursuit-a-melfi\",\"name\":\"la campagne de vaccination contre la fi\u00e8vre jaune se poursuit \u00e0 Melfi - tchad\",\"isPartOf\":{\"@id\":\"https:\/\/www.africa-press.net\/tchad\/#website\"},\"primaryImageOfPage\":{\"@id\":\"https:\/\/www.africa-press.net\/tchad\/toutes-les-actualites\/la-campagne-de-vaccination-contre-la-fievre-jaune-se-poursuit-a-melfi#primaryimage\"},\"image\":{\"@id\":\"https:\/\/www.africa-press.net\/tchad\/toutes-les-actualites\/la-campagne-de-vaccination-contre-la-fievre-jaune-se-poursuit-a-melfi#primaryimage\"},\"thumbnailUrl\":\"https:\/\/static.africa-press.net\/tchad\/sites\/41\/2022\/01\/img-61e6f0c26f319.jpg\",\"datePublished\":\"2022-01-18T16:07:52+00:00\",\"dateModified\":\"2022-01-18T16:55:07+00:00\",\"author\":{\"@id\":\"https:\/\/www.africa-press.net\/tchad\/#\/schema\/person\/2b1cf3cd81a31e3cd26889ca66d677f1\"},\"description\":\"Une caravane de vaccination contre la fi\u00e8vre jaune a \u00e9t\u00e9 lanc\u00e9e le 15 janvier 2022 \u00e0 Melfi, province du Gu\u00e9ra. C\u2019est ...\",\"breadcrumb\":{\"@id\":\"https:\/\/www.africa-press.net\/tchad\/toutes-les-actualites\/la-campagne-de-vaccination-contre-la-fievre-jaune-se-poursuit-a-melfi#breadcrumb\"},\"inLanguage\":\"fr-FR\",\"potentialAction\":[{\"@type\":\"ReadAction\",\"target\":[\"https:\/\/www.africa-press.net\/tchad\/toutes-les-actualites\/la-campagne-de-vaccination-contre-la-fievre-jaune-se-poursuit-a-melfi\"]}]},{\"@type\":\"ImageObject\",\"inLanguage\":\"fr-FR\",\"@id\":\"https:\/\/www.africa-press.net\/tchad\/toutes-les-actualites\/la-campagne-de-vaccination-contre-la-fievre-jaune-se-poursuit-a-melfi#primaryimage\",\"url\":\"https:\/\/static.africa-press.net\/tchad\/sites\/41\/2022\/01\/img-61e6f0c26f319.jpg\",\"contentUrl\":\"https:\/\/static.africa-press.net\/tchad\/sites\/41\/2022\/01\/img-61e6f0c26f319.jpg\",\"width\":780,\"height\":440,\"caption\":\"la campagne de vaccination contre la fi\u00e8vre jaune se poursuit \u00e0 Melfi\"},{\"@type\":\"BreadcrumbList\",\"@id\":\"https:\/\/www.africa-press.net\/tchad\/toutes-les-actualites\/la-campagne-de-vaccination-contre-la-fievre-jaune-se-poursuit-a-melfi#breadcrumb\",\"itemListElement\":[{\"@type\":\"ListItem\",\"position\":1,\"name\":\"Accueil\",\"item\":\"https:\/\/www.africa-press.net\/tchad\/\"},{\"@type\":\"ListItem\",\"position\":2,\"name\":\"la campagne de vaccination contre la fi\u00e8vre jaune se poursuit \u00e0 Melfi\"}]},{\"@type\":\"WebSite\",\"@id\":\"https:\/\/www.africa-press.net\/tchad\/#website\",\"url\":\"https:\/\/www.africa-press.net\/tchad\/\",\"name\":\"tchad\",\"description\":\"Just another Africa News Agency Sites site\",\"potentialAction\":[{\"@type\":\"SearchAction\",\"target\":{\"@type\":\"EntryPoint\",\"urlTemplate\":\"https:\/\/www.africa-press.net\/tchad\/?s={search_term_string}\"},\"query-input\":{\"@type\":\"PropertyValueSpecification\",\"valueRequired\":true,\"valueName\":\"search_term_string\"}}],\"inLanguage\":\"fr-FR\"},{\"@type\":\"Person\",\"@id\":\"https:\/\/www.africa-press.net\/tchad\/#\/schema\/person\/2b1cf3cd81a31e3cd26889ca66d677f1\",\"name\":\"cfeditorfr\"}]}<\/script>\n<!-- \/ Yoast SEO Premium plugin. -->","yoast_head_json":{"title":"la campagne de vaccination contre la fi\u00e8vre jaune se poursuit \u00e0 Melfi - tchad","description":"Une caravane de vaccination contre la fi\u00e8vre jaune a \u00e9t\u00e9 lanc\u00e9e le 15 janvier 2022 \u00e0 Melfi, province du Gu\u00e9ra. C\u2019est ...","robots":{"index":"index","follow":"follow","max-snippet":"max-snippet:-1","max-image-preview":"max-image-preview:large","max-video-preview":"max-video-preview:-1"},"canonical":"https:\/\/www.africa-press.net\/tchad\/toutes-les-actualites\/la-campagne-de-vaccination-contre-la-fievre-jaune-se-poursuit-a-melfi","og_locale":"fr_FR","og_type":"article","og_title":"la campagne de vaccination contre la fi\u00e8vre jaune se poursuit \u00e0 Melfi","og_description":"Une caravane de vaccination contre la fi\u00e8vre jaune a \u00e9t\u00e9 lanc\u00e9e le 15 janvier 2022 \u00e0 Melfi, province du Gu\u00e9ra. C\u2019est ...","og_url":"https:\/\/www.africa-press.net\/tchad\/toutes-les-actualites\/la-campagne-de-vaccination-contre-la-fievre-jaune-se-poursuit-a-melfi","og_site_name":"tchad","article_published_time":"2022-01-18T16:07:52+00:00","article_modified_time":"2022-01-18T16:55:07+00:00","og_image":[{"width":780,"height":440,"url":"https:\/\/static.africa-press.net\/tchad\/sites\/41\/2022\/01\/img-61e6f0c26f319.jpg","type":"image\/jpeg"}],"author":"cfeditorfr","twitter_card":"summary_large_image","twitter_misc":{"\u00c9crit par":"cfeditorfr","Dur\u00e9e de lecture estim\u00e9e":"1 minute"},"schema":{"@context":"https:\/\/schema.org","@graph":[{"@type":"Article","@id":"https:\/\/www.africa-press.net\/tchad\/toutes-les-actualites\/la-campagne-de-vaccination-contre-la-fievre-jaune-se-poursuit-a-melfi#article","isPartOf":{"@id":"https:\/\/www.africa-press.net\/tchad\/toutes-les-actualites\/la-campagne-de-vaccination-contre-la-fievre-jaune-se-poursuit-a-melfi"},"author":{"name":"cfeditorfr","@id":"https:\/\/www.africa-press.net\/tchad\/#\/schema\/person\/2b1cf3cd81a31e3cd26889ca66d677f1"},"headline":"la campagne de vaccination contre la fi\u00e8vre jaune se poursuit \u00e0 Melfi","datePublished":"2022-01-18T16:07:52+00:00","dateModified":"2022-01-18T16:55:07+00:00","mainEntityOfPage":{"@id":"https:\/\/www.africa-press.net\/tchad\/toutes-les-actualites\/la-campagne-de-vaccination-contre-la-fievre-jaune-se-poursuit-a-melfi"},"wordCount":256,"commentCount":0,"image":{"@id":"https:\/\/www.africa-press.net\/tchad\/toutes-les-actualites\/la-campagne-de-vaccination-contre-la-fievre-jaune-se-poursuit-a-melfi#primaryimage"},"thumbnailUrl":"https:\/\/static.africa-press.net\/tchad\/sites\/41\/2022\/01\/img-61e6f0c26f319.jpg","keywords":["Africa Press","Africa Press-Tchad","campagne de vaccination","Fi\u00e8vre jaune","Tchad"],"articleSection":["Communaut\u00e9","homepage-french","Toutes les actualit\u00e9s"],"inLanguage":"fr-FR","potentialAction":[{"@type":"CommentAction","name":"Comment","target":["https:\/\/www.africa-press.net\/tchad\/toutes-les-actualites\/la-campagne-de-vaccination-contre-la-fievre-jaune-se-poursuit-a-melfi#respond"]}]},{"@type":"WebPage","@id":"https:\/\/www.africa-press.net\/tchad\/toutes-les-actualites\/la-campagne-de-vaccination-contre-la-fievre-jaune-se-poursuit-a-melfi","url":"https:\/\/www.africa-press.net\/tchad\/toutes-les-actualites\/la-campagne-de-vaccination-contre-la-fievre-jaune-se-poursuit-a-melfi","name":"la campagne de vaccination contre la fi\u00e8vre jaune se poursuit \u00e0 Melfi - tchad","isPartOf":{"@id":"https:\/\/www.africa-press.net\/tchad\/#website"},"primaryImageOfPage":{"@id":"https:\/\/www.africa-press.net\/tchad\/toutes-les-actualites\/la-campagne-de-vaccination-contre-la-fievre-jaune-se-poursuit-a-melfi#primaryimage"},"image":{"@id":"https:\/\/www.africa-press.net\/tchad\/toutes-les-actualites\/la-campagne-de-vaccination-contre-la-fievre-jaune-se-poursuit-a-melfi#primaryimage"},"thumbnailUrl":"https:\/\/static.africa-press.net\/tchad\/sites\/41\/2022\/01\/img-61e6f0c26f319.jpg","datePublished":"2022-01-18T16:07:52+00:00","dateModified":"2022-01-18T16:55:07+00:00","author":{"@id":"https:\/\/www.africa-press.net\/tchad\/#\/schema\/person\/2b1cf3cd81a31e3cd26889ca66d677f1"},"description":"Une caravane de vaccination contre la fi\u00e8vre jaune a \u00e9t\u00e9 lanc\u00e9e le 15 janvier 2022 \u00e0 Melfi, province du Gu\u00e9ra. C\u2019est ...","breadcrumb":{"@id":"https:\/\/www.africa-press.net\/tchad\/toutes-les-actualites\/la-campagne-de-vaccination-contre-la-fievre-jaune-se-poursuit-a-melfi#breadcrumb"},"inLanguage":"fr-FR","potentialAction":[{"@type":"ReadAction","target":["https:\/\/www.africa-press.net\/tchad\/toutes-les-actualites\/la-campagne-de-vaccination-contre-la-fievre-jaune-se-poursuit-a-melfi"]}]},{"@type":"ImageObject","inLanguage":"fr-FR","@id":"https:\/\/www.africa-press.net\/tchad\/toutes-les-actualites\/la-campagne-de-vaccination-contre-la-fievre-jaune-se-poursuit-a-melfi#primaryimage","url":"https:\/\/static.africa-press.net\/tchad\/sites\/41\/2022\/01\/img-61e6f0c26f319.jpg","contentUrl":"https:\/\/static.africa-press.net\/tchad\/sites\/41\/2022\/01\/img-61e6f0c26f319.jpg","width":780,"height":440,"caption":"la campagne de vaccination contre la fi\u00e8vre jaune se poursuit \u00e0 Melfi"},{"@type":"BreadcrumbList","@id":"https:\/\/www.africa-press.net\/tchad\/toutes-les-actualites\/la-campagne-de-vaccination-contre-la-fievre-jaune-se-poursuit-a-melfi#breadcrumb","itemListElement":[{"@type":"ListItem","position":1,"name":"Accueil","item":"https:\/\/www.africa-press.net\/tchad\/"},{"@type":"ListItem","position":2,"name":"la campagne de vaccination contre la fi\u00e8vre jaune se poursuit \u00e0 Melfi"}]},{"@type":"WebSite","@id":"https:\/\/www.africa-press.net\/tchad\/#website","url":"https:\/\/www.africa-press.net\/tchad\/","name":"tchad","description":"Just another Africa News Agency Sites site","potentialAction":[{"@type":"SearchAction","target":{"@type":"EntryPoint","urlTemplate":"https:\/\/www.africa-press.net\/tchad\/?s={search_term_string}"},"query-input":{"@type":"PropertyValueSpecification","valueRequired":true,"valueName":"search_term_string"}}],"inLanguage":"fr-FR"},{"@type":"Person","@id":"https:\/\/www.africa-press.net\/tchad\/#\/schema\/person\/2b1cf3cd81a31e3cd26889ca66d677f1","name":"cfeditorfr"}]}},"_links":{"self":[{"href":"https:\/\/www.africa-press.net\/tchad\/wp-json\/wp\/v2\/posts\/18089","targetHints":{"allow":["GET"]}}],"collection":[{"href":"https:\/\/www.africa-press.net\/tchad\/wp-json\/wp\/v2\/posts"}],"about":[{"href":"https:\/\/www.africa-press.net\/tchad\/wp-json\/wp\/v2\/types\/post"}],"author":[{"embeddable":true,"href":"https:\/\/www.africa-press.net\/tchad\/wp-json\/wp\/v2\/users\/82"}],"replies":[{"embeddable":true,"href":"https:\/\/www.africa-press.net\/tchad\/wp-json\/wp\/v2\/comments?post=18089"}],"version-history":[{"count":0,"href":"https:\/\/www.africa-press.net\/tchad\/wp-json\/wp\/v2\/posts\/18089\/revisions"}],"wp:featuredmedia":[{"embeddable":true,"href":"https:\/\/www.africa-press.net\/tchad\/wp-json\/wp\/v2\/media\/18088"}],"wp:attachment":[{"href":"https:\/\/www.africa-press.net\/tchad\/wp-json\/wp\/v2\/media?parent=18089"}],"wp:term":[{"taxonomy":"category","embeddable":true,"href":"https:\/\/www.africa-press.net\/tchad\/wp-json\/wp\/v2\/categories?post=18089"},{"taxonomy":"post_tag","embeddable":true,"href":"https:\/\/www.africa-press.net\/tchad\/wp-json\/wp\/v2\/tags?post=18089"}],"curies":[{"name":"wp","href":"https:\/\/api.w.org\/{rel}","templated":true}]}}