{"id":185,"date":"2020-11-20T22:50:08","date_gmt":"2020-11-20T22:50:08","guid":{"rendered":"https:\/\/www.africa-press.com\/tchad\/?p=185"},"modified":"2020-11-20T16:10:47","modified_gmt":"2020-11-20T16:10:47","slug":"tchad-lenastic-ouvre-ses-portes-a-amdjarass","status":"publish","type":"post","link":"https:\/\/www.africa-press.net\/tchad\/culture-et-art\/tchad-lenastic-ouvre-ses-portes-a-amdjarass","title":{"rendered":"l\u2019Enastic ouvre ses portes \u00e0 Amdjarass"},"content":{"rendered":"<p><span style=\"color: #ff6600\"><strong><a href=\"https:\/\/www.africa-press.com\">Africa-Press<\/a> &#8211; <a href=\"https:\/\/www.africa-press.com\/tchad\">Tchad<\/a>. <\/strong><\/span>Dans son allocution \u00e0 l\u2019inauguration de l\u2019antenne Enastic, de la province de l\u2019Ennedi Est, Kalzeub\u00e9 Payimi Deubet explique que : \u00ab cette noble ambition sous-entend le choix strat\u00e9gique du Gouvernement de d\u00e9velopper les infrastructures de transport des communications \u00e9lectroniques et de doter le pays en ressources humaines suffisantes et de qualit\u00e9 dans le domaine des TIC \u00bb. Il s\u2019est exprim\u00e9 en pr\u00e9sence du ministre en charge de l\u2019enseignement sup\u00e9rieur et celui des T\u00e9l\u00e9communications et de l\u2019Economie num\u00e9rique.<\/p>\n<p>Le pr\u00e9sident de s\u00e9ance exhorte les enseignants de cet \u00e9tablissement universitaire \u00e0 se donner \u00e0 fond. Kalzeub\u00e9 Payimi Deubet fait savoir que l\u2019attente se fait autant du c\u00f4t\u00e9 des parents que des apprenants.<\/p>\n<p>Par la cr\u00e9ation de cet \u00e9tablissement, les autorit\u00e9s en charge de l\u2019\u00e9ducation veulent rattraper le retard observ\u00e9 dans le d\u00e9veloppement des technologies de l\u2019information et de la communication. Elle vise \u00e9galement \u00e0 familiariser les \u00e9tudiants aux nouveaux gadgets technologiques.<\/p>\n","protected":false},"excerpt":{"rendered":"<p>Africa-Press &#8211; Tchad. Dans son allocution \u00e0 l\u2019inauguration de l\u2019antenne Enastic, de la province de l\u2019Ennedi Est, Kalzeub\u00e9 Payimi Deubet explique que : \u00ab cette noble ambition sous-entend le choix strat\u00e9gique du Gouvernement de d\u00e9velopper les infrastructures de transport des communications \u00e9lectroniques et de doter le pays en ressources humaines suffisantes et de qualit\u00e9 dans [&hellip;]<\/p>\n","protected":false},"author":82,"featured_media":184,"comment_status":"open","ping_status":"closed","sticky":false,"template":"","format":"standard","meta":{"footnotes":""},"categories":[5,11,10],"tags":[37,100,101,29],"class_list":["post-185","post","type-post","status-publish","format-standard","has-post-thumbnail","hentry","category-culture-et-art","category-homepage-french","category-toutes-les-actualites","tag-africa-press","tag-amdjarass","tag-enastic","tag-tchad"],"yoast_head":"<!-- This site is optimized with the Yoast SEO Premium plugin v26.1 (Yoast SEO v27.0) - https:\/\/yoast.com\/product\/yoast-seo-premium-wordpress\/ -->\n<title>l\u2019Enastic ouvre ses portes \u00e0 Amdjarass - tchad<\/title>\n<meta name=\"description\" content=\"Africa-Press - Tchad. Dans son allocution \u00e0 l\u2019inauguration de l\u2019antenne Enastic, de la province de l\u2019Ennedi Est,\" \/>\n<meta name=\"robots\" content=\"index, follow, max-snippet:-1, max-image-preview:large, max-video-preview:-1\" \/>\n<link rel=\"canonical\" href=\"https:\/\/www.africa-press.net\/tchad\/culture-et-art\/tchad-lenastic-ouvre-ses-portes-a-amdjarass\" \/>\n<meta property=\"og:locale\" content=\"fr_FR\" \/>\n<meta property=\"og:type\" content=\"article\" \/>\n<meta property=\"og:title\" content=\"l\u2019Enastic ouvre ses portes \u00e0 Amdjarass\" \/>\n<meta property=\"og:description\" content=\"Africa-Press - Tchad. Dans son allocution \u00e0 l\u2019inauguration de l\u2019antenne Enastic, de la province de l\u2019Ennedi Est,\" \/>\n<meta property=\"og:url\" content=\"https:\/\/www.africa-press.net\/tchad\/culture-et-art\/tchad-lenastic-ouvre-ses-portes-a-amdjarass\" \/>\n<meta property=\"og:site_name\" content=\"tchad\" \/>\n<meta property=\"article:published_time\" content=\"2020-11-20T22:50:08+00:00\" \/>\n<meta property=\"og:image\" content=\"https:\/\/static.africa-press.net\/tchad\/sites\/41\/2020\/11\/img-5fb7e9d452b1b.jpg\" \/>\n\t<meta property=\"og:image:width\" content=\"780\" \/>\n\t<meta property=\"og:image:height\" content=\"440\" \/>\n\t<meta property=\"og:image:type\" content=\"image\/jpeg\" \/>\n<meta name=\"author\" content=\"cfeditorfr\" \/>\n<meta name=\"twitter:card\" content=\"summary_large_image\" \/>\n<meta name=\"twitter:label1\" content=\"\u00c9crit par\" \/>\n\t<meta name=\"twitter:data1\" content=\"cfeditorfr\" \/>\n\t<meta name=\"twitter:label2\" content=\"Dur\u00e9e de lecture estim\u00e9e\" \/>\n\t<meta name=\"twitter:data2\" content=\"1 minute\" \/>\n<script type=\"application\/ld+json\" class=\"yoast-schema-graph\">{\"@context\":\"https:\/\/schema.org\",\"@graph\":[{\"@type\":\"Article\",\"@id\":\"https:\/\/www.africa-press.net\/tchad\/culture-et-art\/tchad-lenastic-ouvre-ses-portes-a-amdjarass#article\",\"isPartOf\":{\"@id\":\"https:\/\/www.africa-press.net\/tchad\/culture-et-art\/tchad-lenastic-ouvre-ses-portes-a-amdjarass\"},\"author\":{\"name\":\"cfeditorfr\",\"@id\":\"https:\/\/www.africa-press.net\/tchad\/#\/schema\/person\/2b1cf3cd81a31e3cd26889ca66d677f1\"},\"headline\":\"l\u2019Enastic ouvre ses portes \u00e0 Amdjarass\",\"datePublished\":\"2020-11-20T22:50:08+00:00\",\"mainEntityOfPage\":{\"@id\":\"https:\/\/www.africa-press.net\/tchad\/culture-et-art\/tchad-lenastic-ouvre-ses-portes-a-amdjarass\"},\"wordCount\":173,\"commentCount\":1,\"image\":{\"@id\":\"https:\/\/www.africa-press.net\/tchad\/culture-et-art\/tchad-lenastic-ouvre-ses-portes-a-amdjarass#primaryimage\"},\"thumbnailUrl\":\"https:\/\/static.africa-press.net\/tchad\/sites\/41\/2020\/11\/img-5fb7e9d452b1b.jpg\",\"keywords\":[\"Africa Press\",\"Amdjarass\",\"ENASTIC\",\"Tchad\"],\"articleSection\":[\"Culture et Art\",\"homepage-french\",\"Toutes les actualit\u00e9s\"],\"inLanguage\":\"fr-FR\",\"potentialAction\":[{\"@type\":\"CommentAction\",\"name\":\"Comment\",\"target\":[\"https:\/\/www.africa-press.net\/tchad\/culture-et-art\/tchad-lenastic-ouvre-ses-portes-a-amdjarass#respond\"]}]},{\"@type\":\"WebPage\",\"@id\":\"https:\/\/www.africa-press.net\/tchad\/culture-et-art\/tchad-lenastic-ouvre-ses-portes-a-amdjarass\",\"url\":\"https:\/\/www.africa-press.net\/tchad\/culture-et-art\/tchad-lenastic-ouvre-ses-portes-a-amdjarass\",\"name\":\"l\u2019Enastic ouvre ses portes \u00e0 Amdjarass - tchad\",\"isPartOf\":{\"@id\":\"https:\/\/www.africa-press.net\/tchad\/#website\"},\"primaryImageOfPage\":{\"@id\":\"https:\/\/www.africa-press.net\/tchad\/culture-et-art\/tchad-lenastic-ouvre-ses-portes-a-amdjarass#primaryimage\"},\"image\":{\"@id\":\"https:\/\/www.africa-press.net\/tchad\/culture-et-art\/tchad-lenastic-ouvre-ses-portes-a-amdjarass#primaryimage\"},\"thumbnailUrl\":\"https:\/\/static.africa-press.net\/tchad\/sites\/41\/2020\/11\/img-5fb7e9d452b1b.jpg\",\"datePublished\":\"2020-11-20T22:50:08+00:00\",\"author\":{\"@id\":\"https:\/\/www.africa-press.net\/tchad\/#\/schema\/person\/2b1cf3cd81a31e3cd26889ca66d677f1\"},\"description\":\"Africa-Press - Tchad. Dans son allocution \u00e0 l\u2019inauguration de l\u2019antenne Enastic, de la province de l\u2019Ennedi Est,\",\"breadcrumb\":{\"@id\":\"https:\/\/www.africa-press.net\/tchad\/culture-et-art\/tchad-lenastic-ouvre-ses-portes-a-amdjarass#breadcrumb\"},\"inLanguage\":\"fr-FR\",\"potentialAction\":[{\"@type\":\"ReadAction\",\"target\":[\"https:\/\/www.africa-press.net\/tchad\/culture-et-art\/tchad-lenastic-ouvre-ses-portes-a-amdjarass\"]}]},{\"@type\":\"ImageObject\",\"inLanguage\":\"fr-FR\",\"@id\":\"https:\/\/www.africa-press.net\/tchad\/culture-et-art\/tchad-lenastic-ouvre-ses-portes-a-amdjarass#primaryimage\",\"url\":\"https:\/\/static.africa-press.net\/tchad\/sites\/41\/2020\/11\/img-5fb7e9d452b1b.jpg\",\"contentUrl\":\"https:\/\/static.africa-press.net\/tchad\/sites\/41\/2020\/11\/img-5fb7e9d452b1b.jpg\",\"width\":780,\"height\":440,\"caption\":\"Tchad : l\u2019Enastic ouvre ses portes \u00e0 Amdjarass\"},{\"@type\":\"BreadcrumbList\",\"@id\":\"https:\/\/www.africa-press.net\/tchad\/culture-et-art\/tchad-lenastic-ouvre-ses-portes-a-amdjarass#breadcrumb\",\"itemListElement\":[{\"@type\":\"ListItem\",\"position\":1,\"name\":\"Accueil\",\"item\":\"https:\/\/www.africa-press.net\/tchad\/\"},{\"@type\":\"ListItem\",\"position\":2,\"name\":\"l\u2019Enastic ouvre ses portes \u00e0 Amdjarass\"}]},{\"@type\":\"WebSite\",\"@id\":\"https:\/\/www.africa-press.net\/tchad\/#website\",\"url\":\"https:\/\/www.africa-press.net\/tchad\/\",\"name\":\"tchad\",\"description\":\"Just another Africa News Agency Sites site\",\"potentialAction\":[{\"@type\":\"SearchAction\",\"target\":{\"@type\":\"EntryPoint\",\"urlTemplate\":\"https:\/\/www.africa-press.net\/tchad\/?s={search_term_string}\"},\"query-input\":{\"@type\":\"PropertyValueSpecification\",\"valueRequired\":true,\"valueName\":\"search_term_string\"}}],\"inLanguage\":\"fr-FR\"},{\"@type\":\"Person\",\"@id\":\"https:\/\/www.africa-press.net\/tchad\/#\/schema\/person\/2b1cf3cd81a31e3cd26889ca66d677f1\",\"name\":\"cfeditorfr\"}]}<\/script>\n<!-- \/ Yoast SEO Premium plugin. -->","yoast_head_json":{"title":"l\u2019Enastic ouvre ses portes \u00e0 Amdjarass - tchad","description":"Africa-Press - Tchad. Dans son allocution \u00e0 l\u2019inauguration de l\u2019antenne Enastic, de la province de l\u2019Ennedi Est,","robots":{"index":"index","follow":"follow","max-snippet":"max-snippet:-1","max-image-preview":"max-image-preview:large","max-video-preview":"max-video-preview:-1"},"canonical":"https:\/\/www.africa-press.net\/tchad\/culture-et-art\/tchad-lenastic-ouvre-ses-portes-a-amdjarass","og_locale":"fr_FR","og_type":"article","og_title":"l\u2019Enastic ouvre ses portes \u00e0 Amdjarass","og_description":"Africa-Press - Tchad. Dans son allocution \u00e0 l\u2019inauguration de l\u2019antenne Enastic, de la province de l\u2019Ennedi Est,","og_url":"https:\/\/www.africa-press.net\/tchad\/culture-et-art\/tchad-lenastic-ouvre-ses-portes-a-amdjarass","og_site_name":"tchad","article_published_time":"2020-11-20T22:50:08+00:00","og_image":[{"width":780,"height":440,"url":"https:\/\/static.africa-press.net\/tchad\/sites\/41\/2020\/11\/img-5fb7e9d452b1b.jpg","type":"image\/jpeg"}],"author":"cfeditorfr","twitter_card":"summary_large_image","twitter_misc":{"\u00c9crit par":"cfeditorfr","Dur\u00e9e de lecture estim\u00e9e":"1 minute"},"schema":{"@context":"https:\/\/schema.org","@graph":[{"@type":"Article","@id":"https:\/\/www.africa-press.net\/tchad\/culture-et-art\/tchad-lenastic-ouvre-ses-portes-a-amdjarass#article","isPartOf":{"@id":"https:\/\/www.africa-press.net\/tchad\/culture-et-art\/tchad-lenastic-ouvre-ses-portes-a-amdjarass"},"author":{"name":"cfeditorfr","@id":"https:\/\/www.africa-press.net\/tchad\/#\/schema\/person\/2b1cf3cd81a31e3cd26889ca66d677f1"},"headline":"l\u2019Enastic ouvre ses portes \u00e0 Amdjarass","datePublished":"2020-11-20T22:50:08+00:00","mainEntityOfPage":{"@id":"https:\/\/www.africa-press.net\/tchad\/culture-et-art\/tchad-lenastic-ouvre-ses-portes-a-amdjarass"},"wordCount":173,"commentCount":1,"image":{"@id":"https:\/\/www.africa-press.net\/tchad\/culture-et-art\/tchad-lenastic-ouvre-ses-portes-a-amdjarass#primaryimage"},"thumbnailUrl":"https:\/\/static.africa-press.net\/tchad\/sites\/41\/2020\/11\/img-5fb7e9d452b1b.jpg","keywords":["Africa Press","Amdjarass","ENASTIC","Tchad"],"articleSection":["Culture et Art","homepage-french","Toutes les actualit\u00e9s"],"inLanguage":"fr-FR","potentialAction":[{"@type":"CommentAction","name":"Comment","target":["https:\/\/www.africa-press.net\/tchad\/culture-et-art\/tchad-lenastic-ouvre-ses-portes-a-amdjarass#respond"]}]},{"@type":"WebPage","@id":"https:\/\/www.africa-press.net\/tchad\/culture-et-art\/tchad-lenastic-ouvre-ses-portes-a-amdjarass","url":"https:\/\/www.africa-press.net\/tchad\/culture-et-art\/tchad-lenastic-ouvre-ses-portes-a-amdjarass","name":"l\u2019Enastic ouvre ses portes \u00e0 Amdjarass - tchad","isPartOf":{"@id":"https:\/\/www.africa-press.net\/tchad\/#website"},"primaryImageOfPage":{"@id":"https:\/\/www.africa-press.net\/tchad\/culture-et-art\/tchad-lenastic-ouvre-ses-portes-a-amdjarass#primaryimage"},"image":{"@id":"https:\/\/www.africa-press.net\/tchad\/culture-et-art\/tchad-lenastic-ouvre-ses-portes-a-amdjarass#primaryimage"},"thumbnailUrl":"https:\/\/static.africa-press.net\/tchad\/sites\/41\/2020\/11\/img-5fb7e9d452b1b.jpg","datePublished":"2020-11-20T22:50:08+00:00","author":{"@id":"https:\/\/www.africa-press.net\/tchad\/#\/schema\/person\/2b1cf3cd81a31e3cd26889ca66d677f1"},"description":"Africa-Press - Tchad. Dans son allocution \u00e0 l\u2019inauguration de l\u2019antenne Enastic, de la province de l\u2019Ennedi Est,","breadcrumb":{"@id":"https:\/\/www.africa-press.net\/tchad\/culture-et-art\/tchad-lenastic-ouvre-ses-portes-a-amdjarass#breadcrumb"},"inLanguage":"fr-FR","potentialAction":[{"@type":"ReadAction","target":["https:\/\/www.africa-press.net\/tchad\/culture-et-art\/tchad-lenastic-ouvre-ses-portes-a-amdjarass"]}]},{"@type":"ImageObject","inLanguage":"fr-FR","@id":"https:\/\/www.africa-press.net\/tchad\/culture-et-art\/tchad-lenastic-ouvre-ses-portes-a-amdjarass#primaryimage","url":"https:\/\/static.africa-press.net\/tchad\/sites\/41\/2020\/11\/img-5fb7e9d452b1b.jpg","contentUrl":"https:\/\/static.africa-press.net\/tchad\/sites\/41\/2020\/11\/img-5fb7e9d452b1b.jpg","width":780,"height":440,"caption":"Tchad : l\u2019Enastic ouvre ses portes \u00e0 Amdjarass"},{"@type":"BreadcrumbList","@id":"https:\/\/www.africa-press.net\/tchad\/culture-et-art\/tchad-lenastic-ouvre-ses-portes-a-amdjarass#breadcrumb","itemListElement":[{"@type":"ListItem","position":1,"name":"Accueil","item":"https:\/\/www.africa-press.net\/tchad\/"},{"@type":"ListItem","position":2,"name":"l\u2019Enastic ouvre ses portes \u00e0 Amdjarass"}]},{"@type":"WebSite","@id":"https:\/\/www.africa-press.net\/tchad\/#website","url":"https:\/\/www.africa-press.net\/tchad\/","name":"tchad","description":"Just another Africa News Agency Sites site","potentialAction":[{"@type":"SearchAction","target":{"@type":"EntryPoint","urlTemplate":"https:\/\/www.africa-press.net\/tchad\/?s={search_term_string}"},"query-input":{"@type":"PropertyValueSpecification","valueRequired":true,"valueName":"search_term_string"}}],"inLanguage":"fr-FR"},{"@type":"Person","@id":"https:\/\/www.africa-press.net\/tchad\/#\/schema\/person\/2b1cf3cd81a31e3cd26889ca66d677f1","name":"cfeditorfr"}]}},"_links":{"self":[{"href":"https:\/\/www.africa-press.net\/tchad\/wp-json\/wp\/v2\/posts\/185","targetHints":{"allow":["GET"]}}],"collection":[{"href":"https:\/\/www.africa-press.net\/tchad\/wp-json\/wp\/v2\/posts"}],"about":[{"href":"https:\/\/www.africa-press.net\/tchad\/wp-json\/wp\/v2\/types\/post"}],"author":[{"embeddable":true,"href":"https:\/\/www.africa-press.net\/tchad\/wp-json\/wp\/v2\/users\/82"}],"replies":[{"embeddable":true,"href":"https:\/\/www.africa-press.net\/tchad\/wp-json\/wp\/v2\/comments?post=185"}],"version-history":[{"count":0,"href":"https:\/\/www.africa-press.net\/tchad\/wp-json\/wp\/v2\/posts\/185\/revisions"}],"wp:featuredmedia":[{"embeddable":true,"href":"https:\/\/www.africa-press.net\/tchad\/wp-json\/wp\/v2\/media\/184"}],"wp:attachment":[{"href":"https:\/\/www.africa-press.net\/tchad\/wp-json\/wp\/v2\/media?parent=185"}],"wp:term":[{"taxonomy":"category","embeddable":true,"href":"https:\/\/www.africa-press.net\/tchad\/wp-json\/wp\/v2\/categories?post=185"},{"taxonomy":"post_tag","embeddable":true,"href":"https:\/\/www.africa-press.net\/tchad\/wp-json\/wp\/v2\/tags?post=185"}],"curies":[{"name":"wp","href":"https:\/\/api.w.org\/{rel}","templated":true}]}}