{"id":19630,"date":"2022-02-15T13:49:39","date_gmt":"2022-02-15T13:49:39","guid":{"rendered":"https:\/\/www.africa-press.net\/tchad\/politique\/tchad-covid19-le-bilan-hebdomadaire-presente-22-cas-positifs"},"modified":"2022-02-15T14:06:11","modified_gmt":"2022-02-15T14:06:11","slug":"tchad-covid19-le-bilan-hebdomadaire-presente-22-cas-positifs","status":"publish","type":"post","link":"https:\/\/www.africa-press.net\/tchad\/toutes-les-actualites\/tchad-covid19-le-bilan-hebdomadaire-presente-22-cas-positifs","title":{"rendered":"Tchad-Covid19 : le bilan hebdomadaire pr\u00e9sente 22 cas positifs"},"content":{"rendered":"<p><span style=\"color: #ff6600\"><strong>Africa-Press &#8211; Tchad. <\/strong><\/span><b>Le bilan hebdomadaire de la situation \u00e9pid\u00e9miologique, fait \u00e9tat d\u2019une baisse significative. La mise \u00e0 jour a \u00e9t\u00e9 publi\u00e9e le 14 f\u00e9vrier 2022, par la Coordination nationale des actions de lutte contre le Covid-19.<\/b><\/p>\n<p>D\u2019apr\u00e8s le bilan de la semaine derni\u00e8re, 1765 \u00e9chantillons ont \u00e9t\u00e9 analys\u00e9s sur l\u2019ensemble du pays. Parmi lesquels, 22 cas sont confirm\u00e9s. Les nouveaux cas sont repartis comme suit, N\u2019Djamena 16, Logone Oriental 1, Moyen-Chari 1, Batha 3 et Hajder Lamis 1.<\/p>\n<p>Aucun d\u00e9c\u00e8s enregistr\u00e9, et 113 malades sous traitement. Le nombre des cas confirm\u00e9s depuis le 19 mars 2020 est de 7236 r\u00e9partis dans 22 provinces dont 190 d\u00e9c\u00e8s.<\/p>\n<p><strong>Pour plus d&rsquo;informations et d&rsquo;analyses sur la <a href=\"https:\/\/www.africa-press.net\/tchad\">Tchad<\/a>, suivez <a href=\"https:\/\/www.africa-press.net\/\">Africa-Press<\/a><\/strong><\/p>\n","protected":false},"excerpt":{"rendered":"<p>Africa-Press &#8211; Tchad. Le bilan hebdomadaire de la situation \u00e9pid\u00e9miologique, fait \u00e9tat d\u2019une baisse significative. La mise \u00e0 jour a \u00e9t\u00e9 publi\u00e9e le 14 f\u00e9vrier 2022, par la Coordination nationale des actions de lutte contre le Covid-19. D\u2019apr\u00e8s le bilan de la semaine derni\u00e8re, 1765 \u00e9chantillons ont \u00e9t\u00e9 analys\u00e9s sur l\u2019ensemble du pays. Parmi lesquels, [&hellip;]<\/p>\n","protected":false},"author":82,"featured_media":19629,"comment_status":"open","ping_status":"closed","sticky":false,"template":"","format":"standard","meta":{"footnotes":""},"categories":[21,11,10],"tags":[37,292,89,29],"class_list":["post-19630","post","type-post","status-publish","format-standard","has-post-thumbnail","hentry","category-communaute","category-homepage-french","category-toutes-les-actualites","tag-africa-press","tag-africa-press-tchad","tag-covid-19","tag-tchad"],"yoast_head":"<!-- This site is optimized with the Yoast SEO Premium plugin v26.1 (Yoast SEO v27.0) - https:\/\/yoast.com\/product\/yoast-seo-premium-wordpress\/ -->\n<title>Tchad-Covid19 : le bilan hebdomadaire pr\u00e9sente 22 cas positifs - tchad<\/title>\n<meta name=\"description\" content=\"Le bilan hebdomadaire de la situation \u00e9pid\u00e9miologique, fait \u00e9tat d\u2019une baisse significative. La mise \u00e0 jour a \u00e9t\u00e9 pub ...\" \/>\n<meta name=\"robots\" content=\"index, follow, max-snippet:-1, max-image-preview:large, max-video-preview:-1\" \/>\n<link rel=\"canonical\" href=\"https:\/\/www.africa-press.net\/tchad\/toutes-les-actualites\/tchad-covid19-le-bilan-hebdomadaire-presente-22-cas-positifs\" \/>\n<meta property=\"og:locale\" content=\"fr_FR\" \/>\n<meta property=\"og:type\" content=\"article\" \/>\n<meta property=\"og:title\" content=\"Tchad-Covid19 : le bilan hebdomadaire pr\u00e9sente 22 cas positifs\" \/>\n<meta property=\"og:description\" content=\"Le bilan hebdomadaire de la situation \u00e9pid\u00e9miologique, fait \u00e9tat d\u2019une baisse significative. La mise \u00e0 jour a \u00e9t\u00e9 pub ...\" \/>\n<meta property=\"og:url\" content=\"https:\/\/www.africa-press.net\/tchad\/toutes-les-actualites\/tchad-covid19-le-bilan-hebdomadaire-presente-22-cas-positifs\" \/>\n<meta property=\"og:site_name\" content=\"tchad\" \/>\n<meta property=\"article:published_time\" content=\"2022-02-15T13:49:39+00:00\" \/>\n<meta property=\"article:modified_time\" content=\"2022-02-15T14:06:11+00:00\" \/>\n<meta property=\"og:image\" content=\"https:\/\/static.africa-press.net\/tchad\/sites\/41\/2022\/02\/img-620bb3321e402.jpg\" \/>\n\t<meta property=\"og:image:width\" content=\"780\" \/>\n\t<meta property=\"og:image:height\" content=\"440\" \/>\n\t<meta property=\"og:image:type\" content=\"image\/jpeg\" \/>\n<meta name=\"author\" content=\"cfeditorfr\" \/>\n<meta name=\"twitter:card\" content=\"summary_large_image\" \/>\n<meta name=\"twitter:label1\" content=\"\u00c9crit par\" \/>\n\t<meta name=\"twitter:data1\" content=\"cfeditorfr\" \/>\n\t<meta name=\"twitter:label2\" content=\"Dur\u00e9e de lecture estim\u00e9e\" \/>\n\t<meta name=\"twitter:data2\" content=\"1 minute\" \/>\n<script type=\"application\/ld+json\" class=\"yoast-schema-graph\">{\"@context\":\"https:\/\/schema.org\",\"@graph\":[{\"@type\":\"Article\",\"@id\":\"https:\/\/www.africa-press.net\/tchad\/toutes-les-actualites\/tchad-covid19-le-bilan-hebdomadaire-presente-22-cas-positifs#article\",\"isPartOf\":{\"@id\":\"https:\/\/www.africa-press.net\/tchad\/toutes-les-actualites\/tchad-covid19-le-bilan-hebdomadaire-presente-22-cas-positifs\"},\"author\":{\"name\":\"cfeditorfr\",\"@id\":\"https:\/\/www.africa-press.net\/tchad\/#\/schema\/person\/2b1cf3cd81a31e3cd26889ca66d677f1\"},\"headline\":\"Tchad-Covid19 : le bilan hebdomadaire pr\u00e9sente 22 cas positifs\",\"datePublished\":\"2022-02-15T13:49:39+00:00\",\"dateModified\":\"2022-02-15T14:06:11+00:00\",\"mainEntityOfPage\":{\"@id\":\"https:\/\/www.africa-press.net\/tchad\/toutes-les-actualites\/tchad-covid19-le-bilan-hebdomadaire-presente-22-cas-positifs\"},\"wordCount\":128,\"commentCount\":0,\"image\":{\"@id\":\"https:\/\/www.africa-press.net\/tchad\/toutes-les-actualites\/tchad-covid19-le-bilan-hebdomadaire-presente-22-cas-positifs#primaryimage\"},\"thumbnailUrl\":\"https:\/\/static.africa-press.net\/tchad\/sites\/41\/2022\/02\/img-620bb3321e402.jpg\",\"keywords\":[\"Africa Press\",\"Africa Press-Tchad\",\"COVID 19\",\"Tchad\"],\"articleSection\":[\"Communaut\u00e9\",\"homepage-french\",\"Toutes les actualit\u00e9s\"],\"inLanguage\":\"fr-FR\",\"potentialAction\":[{\"@type\":\"CommentAction\",\"name\":\"Comment\",\"target\":[\"https:\/\/www.africa-press.net\/tchad\/toutes-les-actualites\/tchad-covid19-le-bilan-hebdomadaire-presente-22-cas-positifs#respond\"]}]},{\"@type\":\"WebPage\",\"@id\":\"https:\/\/www.africa-press.net\/tchad\/toutes-les-actualites\/tchad-covid19-le-bilan-hebdomadaire-presente-22-cas-positifs\",\"url\":\"https:\/\/www.africa-press.net\/tchad\/toutes-les-actualites\/tchad-covid19-le-bilan-hebdomadaire-presente-22-cas-positifs\",\"name\":\"Tchad-Covid19 : le bilan hebdomadaire pr\u00e9sente 22 cas positifs - tchad\",\"isPartOf\":{\"@id\":\"https:\/\/www.africa-press.net\/tchad\/#website\"},\"primaryImageOfPage\":{\"@id\":\"https:\/\/www.africa-press.net\/tchad\/toutes-les-actualites\/tchad-covid19-le-bilan-hebdomadaire-presente-22-cas-positifs#primaryimage\"},\"image\":{\"@id\":\"https:\/\/www.africa-press.net\/tchad\/toutes-les-actualites\/tchad-covid19-le-bilan-hebdomadaire-presente-22-cas-positifs#primaryimage\"},\"thumbnailUrl\":\"https:\/\/static.africa-press.net\/tchad\/sites\/41\/2022\/02\/img-620bb3321e402.jpg\",\"datePublished\":\"2022-02-15T13:49:39+00:00\",\"dateModified\":\"2022-02-15T14:06:11+00:00\",\"author\":{\"@id\":\"https:\/\/www.africa-press.net\/tchad\/#\/schema\/person\/2b1cf3cd81a31e3cd26889ca66d677f1\"},\"description\":\"Le bilan hebdomadaire de la situation \u00e9pid\u00e9miologique, fait \u00e9tat d\u2019une baisse significative. La mise \u00e0 jour a \u00e9t\u00e9 pub ...\",\"breadcrumb\":{\"@id\":\"https:\/\/www.africa-press.net\/tchad\/toutes-les-actualites\/tchad-covid19-le-bilan-hebdomadaire-presente-22-cas-positifs#breadcrumb\"},\"inLanguage\":\"fr-FR\",\"potentialAction\":[{\"@type\":\"ReadAction\",\"target\":[\"https:\/\/www.africa-press.net\/tchad\/toutes-les-actualites\/tchad-covid19-le-bilan-hebdomadaire-presente-22-cas-positifs\"]}]},{\"@type\":\"ImageObject\",\"inLanguage\":\"fr-FR\",\"@id\":\"https:\/\/www.africa-press.net\/tchad\/toutes-les-actualites\/tchad-covid19-le-bilan-hebdomadaire-presente-22-cas-positifs#primaryimage\",\"url\":\"https:\/\/static.africa-press.net\/tchad\/sites\/41\/2022\/02\/img-620bb3321e402.jpg\",\"contentUrl\":\"https:\/\/static.africa-press.net\/tchad\/sites\/41\/2022\/02\/img-620bb3321e402.jpg\",\"width\":780,\"height\":440,\"caption\":\"Tchad-Covid19 : le bilan hebdomadaire pr\u00e9sente 22 cas positifs\"},{\"@type\":\"BreadcrumbList\",\"@id\":\"https:\/\/www.africa-press.net\/tchad\/toutes-les-actualites\/tchad-covid19-le-bilan-hebdomadaire-presente-22-cas-positifs#breadcrumb\",\"itemListElement\":[{\"@type\":\"ListItem\",\"position\":1,\"name\":\"Accueil\",\"item\":\"https:\/\/www.africa-press.net\/tchad\/\"},{\"@type\":\"ListItem\",\"position\":2,\"name\":\"Tchad-Covid19 : le bilan hebdomadaire pr\u00e9sente 22 cas positifs\"}]},{\"@type\":\"WebSite\",\"@id\":\"https:\/\/www.africa-press.net\/tchad\/#website\",\"url\":\"https:\/\/www.africa-press.net\/tchad\/\",\"name\":\"tchad\",\"description\":\"Just another Africa News Agency Sites site\",\"potentialAction\":[{\"@type\":\"SearchAction\",\"target\":{\"@type\":\"EntryPoint\",\"urlTemplate\":\"https:\/\/www.africa-press.net\/tchad\/?s={search_term_string}\"},\"query-input\":{\"@type\":\"PropertyValueSpecification\",\"valueRequired\":true,\"valueName\":\"search_term_string\"}}],\"inLanguage\":\"fr-FR\"},{\"@type\":\"Person\",\"@id\":\"https:\/\/www.africa-press.net\/tchad\/#\/schema\/person\/2b1cf3cd81a31e3cd26889ca66d677f1\",\"name\":\"cfeditorfr\"}]}<\/script>\n<!-- \/ Yoast SEO Premium plugin. -->","yoast_head_json":{"title":"Tchad-Covid19 : le bilan hebdomadaire pr\u00e9sente 22 cas positifs - tchad","description":"Le bilan hebdomadaire de la situation \u00e9pid\u00e9miologique, fait \u00e9tat d\u2019une baisse significative. La mise \u00e0 jour a \u00e9t\u00e9 pub ...","robots":{"index":"index","follow":"follow","max-snippet":"max-snippet:-1","max-image-preview":"max-image-preview:large","max-video-preview":"max-video-preview:-1"},"canonical":"https:\/\/www.africa-press.net\/tchad\/toutes-les-actualites\/tchad-covid19-le-bilan-hebdomadaire-presente-22-cas-positifs","og_locale":"fr_FR","og_type":"article","og_title":"Tchad-Covid19 : le bilan hebdomadaire pr\u00e9sente 22 cas positifs","og_description":"Le bilan hebdomadaire de la situation \u00e9pid\u00e9miologique, fait \u00e9tat d\u2019une baisse significative. La mise \u00e0 jour a \u00e9t\u00e9 pub ...","og_url":"https:\/\/www.africa-press.net\/tchad\/toutes-les-actualites\/tchad-covid19-le-bilan-hebdomadaire-presente-22-cas-positifs","og_site_name":"tchad","article_published_time":"2022-02-15T13:49:39+00:00","article_modified_time":"2022-02-15T14:06:11+00:00","og_image":[{"width":780,"height":440,"url":"https:\/\/static.africa-press.net\/tchad\/sites\/41\/2022\/02\/img-620bb3321e402.jpg","type":"image\/jpeg"}],"author":"cfeditorfr","twitter_card":"summary_large_image","twitter_misc":{"\u00c9crit par":"cfeditorfr","Dur\u00e9e de lecture estim\u00e9e":"1 minute"},"schema":{"@context":"https:\/\/schema.org","@graph":[{"@type":"Article","@id":"https:\/\/www.africa-press.net\/tchad\/toutes-les-actualites\/tchad-covid19-le-bilan-hebdomadaire-presente-22-cas-positifs#article","isPartOf":{"@id":"https:\/\/www.africa-press.net\/tchad\/toutes-les-actualites\/tchad-covid19-le-bilan-hebdomadaire-presente-22-cas-positifs"},"author":{"name":"cfeditorfr","@id":"https:\/\/www.africa-press.net\/tchad\/#\/schema\/person\/2b1cf3cd81a31e3cd26889ca66d677f1"},"headline":"Tchad-Covid19 : le bilan hebdomadaire pr\u00e9sente 22 cas positifs","datePublished":"2022-02-15T13:49:39+00:00","dateModified":"2022-02-15T14:06:11+00:00","mainEntityOfPage":{"@id":"https:\/\/www.africa-press.net\/tchad\/toutes-les-actualites\/tchad-covid19-le-bilan-hebdomadaire-presente-22-cas-positifs"},"wordCount":128,"commentCount":0,"image":{"@id":"https:\/\/www.africa-press.net\/tchad\/toutes-les-actualites\/tchad-covid19-le-bilan-hebdomadaire-presente-22-cas-positifs#primaryimage"},"thumbnailUrl":"https:\/\/static.africa-press.net\/tchad\/sites\/41\/2022\/02\/img-620bb3321e402.jpg","keywords":["Africa Press","Africa Press-Tchad","COVID 19","Tchad"],"articleSection":["Communaut\u00e9","homepage-french","Toutes les actualit\u00e9s"],"inLanguage":"fr-FR","potentialAction":[{"@type":"CommentAction","name":"Comment","target":["https:\/\/www.africa-press.net\/tchad\/toutes-les-actualites\/tchad-covid19-le-bilan-hebdomadaire-presente-22-cas-positifs#respond"]}]},{"@type":"WebPage","@id":"https:\/\/www.africa-press.net\/tchad\/toutes-les-actualites\/tchad-covid19-le-bilan-hebdomadaire-presente-22-cas-positifs","url":"https:\/\/www.africa-press.net\/tchad\/toutes-les-actualites\/tchad-covid19-le-bilan-hebdomadaire-presente-22-cas-positifs","name":"Tchad-Covid19 : le bilan hebdomadaire pr\u00e9sente 22 cas positifs - tchad","isPartOf":{"@id":"https:\/\/www.africa-press.net\/tchad\/#website"},"primaryImageOfPage":{"@id":"https:\/\/www.africa-press.net\/tchad\/toutes-les-actualites\/tchad-covid19-le-bilan-hebdomadaire-presente-22-cas-positifs#primaryimage"},"image":{"@id":"https:\/\/www.africa-press.net\/tchad\/toutes-les-actualites\/tchad-covid19-le-bilan-hebdomadaire-presente-22-cas-positifs#primaryimage"},"thumbnailUrl":"https:\/\/static.africa-press.net\/tchad\/sites\/41\/2022\/02\/img-620bb3321e402.jpg","datePublished":"2022-02-15T13:49:39+00:00","dateModified":"2022-02-15T14:06:11+00:00","author":{"@id":"https:\/\/www.africa-press.net\/tchad\/#\/schema\/person\/2b1cf3cd81a31e3cd26889ca66d677f1"},"description":"Le bilan hebdomadaire de la situation \u00e9pid\u00e9miologique, fait \u00e9tat d\u2019une baisse significative. La mise \u00e0 jour a \u00e9t\u00e9 pub ...","breadcrumb":{"@id":"https:\/\/www.africa-press.net\/tchad\/toutes-les-actualites\/tchad-covid19-le-bilan-hebdomadaire-presente-22-cas-positifs#breadcrumb"},"inLanguage":"fr-FR","potentialAction":[{"@type":"ReadAction","target":["https:\/\/www.africa-press.net\/tchad\/toutes-les-actualites\/tchad-covid19-le-bilan-hebdomadaire-presente-22-cas-positifs"]}]},{"@type":"ImageObject","inLanguage":"fr-FR","@id":"https:\/\/www.africa-press.net\/tchad\/toutes-les-actualites\/tchad-covid19-le-bilan-hebdomadaire-presente-22-cas-positifs#primaryimage","url":"https:\/\/static.africa-press.net\/tchad\/sites\/41\/2022\/02\/img-620bb3321e402.jpg","contentUrl":"https:\/\/static.africa-press.net\/tchad\/sites\/41\/2022\/02\/img-620bb3321e402.jpg","width":780,"height":440,"caption":"Tchad-Covid19 : le bilan hebdomadaire pr\u00e9sente 22 cas positifs"},{"@type":"BreadcrumbList","@id":"https:\/\/www.africa-press.net\/tchad\/toutes-les-actualites\/tchad-covid19-le-bilan-hebdomadaire-presente-22-cas-positifs#breadcrumb","itemListElement":[{"@type":"ListItem","position":1,"name":"Accueil","item":"https:\/\/www.africa-press.net\/tchad\/"},{"@type":"ListItem","position":2,"name":"Tchad-Covid19 : le bilan hebdomadaire pr\u00e9sente 22 cas positifs"}]},{"@type":"WebSite","@id":"https:\/\/www.africa-press.net\/tchad\/#website","url":"https:\/\/www.africa-press.net\/tchad\/","name":"tchad","description":"Just another Africa News Agency Sites site","potentialAction":[{"@type":"SearchAction","target":{"@type":"EntryPoint","urlTemplate":"https:\/\/www.africa-press.net\/tchad\/?s={search_term_string}"},"query-input":{"@type":"PropertyValueSpecification","valueRequired":true,"valueName":"search_term_string"}}],"inLanguage":"fr-FR"},{"@type":"Person","@id":"https:\/\/www.africa-press.net\/tchad\/#\/schema\/person\/2b1cf3cd81a31e3cd26889ca66d677f1","name":"cfeditorfr"}]}},"_links":{"self":[{"href":"https:\/\/www.africa-press.net\/tchad\/wp-json\/wp\/v2\/posts\/19630","targetHints":{"allow":["GET"]}}],"collection":[{"href":"https:\/\/www.africa-press.net\/tchad\/wp-json\/wp\/v2\/posts"}],"about":[{"href":"https:\/\/www.africa-press.net\/tchad\/wp-json\/wp\/v2\/types\/post"}],"author":[{"embeddable":true,"href":"https:\/\/www.africa-press.net\/tchad\/wp-json\/wp\/v2\/users\/82"}],"replies":[{"embeddable":true,"href":"https:\/\/www.africa-press.net\/tchad\/wp-json\/wp\/v2\/comments?post=19630"}],"version-history":[{"count":0,"href":"https:\/\/www.africa-press.net\/tchad\/wp-json\/wp\/v2\/posts\/19630\/revisions"}],"wp:featuredmedia":[{"embeddable":true,"href":"https:\/\/www.africa-press.net\/tchad\/wp-json\/wp\/v2\/media\/19629"}],"wp:attachment":[{"href":"https:\/\/www.africa-press.net\/tchad\/wp-json\/wp\/v2\/media?parent=19630"}],"wp:term":[{"taxonomy":"category","embeddable":true,"href":"https:\/\/www.africa-press.net\/tchad\/wp-json\/wp\/v2\/categories?post=19630"},{"taxonomy":"post_tag","embeddable":true,"href":"https:\/\/www.africa-press.net\/tchad\/wp-json\/wp\/v2\/tags?post=19630"}],"curies":[{"name":"wp","href":"https:\/\/api.w.org\/{rel}","templated":true}]}}