{"id":20027,"date":"2022-02-22T18:27:03","date_gmt":"2022-02-22T18:27:03","guid":{"rendered":"https:\/\/www.africa-press.net\/tchad\/politique\/une-delegation-interministerielle-est-arrivee-a-abeche"},"modified":"2022-02-22T19:03:37","modified_gmt":"2022-02-22T19:03:37","slug":"une-delegation-interministerielle-est-arrivee-a-abeche","status":"publish","type":"post","link":"https:\/\/www.africa-press.net\/tchad\/politique\/une-delegation-interministerielle-est-arrivee-a-abeche","title":{"rendered":"une d\u00e9l\u00e9gation interminist\u00e9rielle est arriv\u00e9e \u00e0 Ab\u00e9ch\u00e9"},"content":{"rendered":"<p><span style=\"color: #ff6600\"><strong>Africa-Press &#8211; Tchad. <\/strong><\/span><b>Au moins cinq membres du gouvernement ont foul\u00e9 la terre du Ouadda\u00ef, ce mardi 22 f\u00e9vrier 2022. Ils ont arriv\u00e9s \u00e0 Ab\u00e9ch\u00e9 dans le cadre d\u2019\u2019une visite de travail.<\/b><\/p>\n<p>La d\u00e9l\u00e9gation interminist\u00e9rielle est pilot\u00e9e par le ministre en charge de l\u2019Administration du territoire et de la D\u00e9centralisation, Mahamat Bechir Cherif. Les cinq membres du gouvernement ont \u00e9t\u00e9 accueilli \u00e0 leur descente de l\u2019avion, \u00e0 l\u2019a\u00e9roport d\u2019Ab\u00e9ch\u00e9 par, le de la province du le gouverneur de la province du Ouadda\u00ef, Ahmat Dari Bazine.<\/p>\n<p>On plus du chef d\u2019\u00e9quipe, nottamment le ministre de l\u2019Administration du territoire, les autres membres du gouvernement sont entre autres, le ministre en charge de l\u2019Economie, Dr Issa Doubragne ; le ministre de l\u2019Administration du Territoire, Mahamat Bechir ch\u00e9rif Daoussa ; la ministre de la Femme, Amina Priscille Longhoh ; la ministre du D\u00e9veloppement agricole, Mme Kamougue n\u00e9e D\u00e9n\u00e9-Assoum et le secr\u00e9taire d\u2019Etat \u00e0 la Sant\u00e9, Djidd Ali Sougoudi. Apr\u00e8s leur accueil \u00e0 l\u2019a\u00e9roport, ils ont \u00e9t\u00e9 orient\u00e9s pour le patron de la circonscription.<\/p>\n<p><strong>Pour plus d&rsquo;informations et d&rsquo;analyses sur la <a href=\"https:\/\/www.africa-press.net\/tchad\">Tchad<\/a>, suivez <a href=\"https:\/\/www.africa-press.net\/\">Africa-Press<\/a><\/strong><\/p>\n","protected":false},"excerpt":{"rendered":"<p>Africa-Press &#8211; Tchad. Au moins cinq membres du gouvernement ont foul\u00e9 la terre du Ouadda\u00ef, ce mardi 22 f\u00e9vrier 2022. Ils ont arriv\u00e9s \u00e0 Ab\u00e9ch\u00e9 dans le cadre d\u2019\u2019une visite de travail. La d\u00e9l\u00e9gation interminist\u00e9rielle est pilot\u00e9e par le ministre en charge de l\u2019Administration du territoire et de la D\u00e9centralisation, Mahamat Bechir Cherif. Les cinq [&hellip;]<\/p>\n","protected":false},"author":82,"featured_media":20026,"comment_status":"open","ping_status":"closed","sticky":false,"template":"","format":"standard","meta":{"footnotes":""},"categories":[11,2,20,10],"tags":[67,37,292,3306,29],"class_list":["post-20027","post","type-post","status-publish","format-standard","has-post-thumbnail","hentry","category-homepage-french","category-politique","category-top-nouvelles","category-toutes-les-actualites","tag-abeche","tag-africa-press","tag-africa-press-tchad","tag-delegation-interministerielle","tag-tchad"],"yoast_head":"<!-- This site is optimized with the Yoast SEO Premium plugin v26.1 (Yoast SEO v27.0) - https:\/\/yoast.com\/product\/yoast-seo-premium-wordpress\/ -->\n<title>une d\u00e9l\u00e9gation interminist\u00e9rielle est arriv\u00e9e \u00e0 Ab\u00e9ch\u00e9 - tchad<\/title>\n<meta name=\"description\" content=\"Au moins cinq membres du gouvernement ont foul\u00e9 la terre du Ouadda\u00ef, ce mardi 22 f\u00e9vrier 2022. Ils ont arriv\u00e9s \u00e0 Ab\u00e9c ...\" \/>\n<meta name=\"robots\" content=\"index, follow, max-snippet:-1, max-image-preview:large, max-video-preview:-1\" \/>\n<link rel=\"canonical\" href=\"https:\/\/www.africa-press.net\/tchad\/politique\/une-delegation-interministerielle-est-arrivee-a-abeche\" \/>\n<meta property=\"og:locale\" content=\"fr_FR\" \/>\n<meta property=\"og:type\" content=\"article\" \/>\n<meta property=\"og:title\" content=\"une d\u00e9l\u00e9gation interminist\u00e9rielle est arriv\u00e9e \u00e0 Ab\u00e9ch\u00e9\" \/>\n<meta property=\"og:description\" content=\"Au moins cinq membres du gouvernement ont foul\u00e9 la terre du Ouadda\u00ef, ce mardi 22 f\u00e9vrier 2022. Ils ont arriv\u00e9s \u00e0 Ab\u00e9c ...\" \/>\n<meta property=\"og:url\" content=\"https:\/\/www.africa-press.net\/tchad\/politique\/une-delegation-interministerielle-est-arrivee-a-abeche\" \/>\n<meta property=\"og:site_name\" content=\"tchad\" \/>\n<meta property=\"article:published_time\" content=\"2022-02-22T18:27:03+00:00\" \/>\n<meta property=\"article:modified_time\" content=\"2022-02-22T19:03:37+00:00\" \/>\n<meta property=\"og:image\" content=\"https:\/\/static.africa-press.net\/tchad\/sites\/41\/2022\/02\/img-6215336b3b0d0.jpg\" \/>\n\t<meta property=\"og:image:width\" content=\"780\" \/>\n\t<meta property=\"og:image:height\" content=\"440\" \/>\n\t<meta property=\"og:image:type\" content=\"image\/jpeg\" \/>\n<meta name=\"author\" content=\"cfeditorfr\" \/>\n<meta name=\"twitter:card\" content=\"summary_large_image\" \/>\n<meta name=\"twitter:label1\" content=\"\u00c9crit par\" \/>\n\t<meta name=\"twitter:data1\" content=\"cfeditorfr\" \/>\n\t<meta name=\"twitter:label2\" content=\"Dur\u00e9e de lecture estim\u00e9e\" \/>\n\t<meta name=\"twitter:data2\" content=\"1 minute\" \/>\n<script type=\"application\/ld+json\" class=\"yoast-schema-graph\">{\"@context\":\"https:\/\/schema.org\",\"@graph\":[{\"@type\":\"Article\",\"@id\":\"https:\/\/www.africa-press.net\/tchad\/politique\/une-delegation-interministerielle-est-arrivee-a-abeche#article\",\"isPartOf\":{\"@id\":\"https:\/\/www.africa-press.net\/tchad\/politique\/une-delegation-interministerielle-est-arrivee-a-abeche\"},\"author\":{\"name\":\"cfeditorfr\",\"@id\":\"https:\/\/www.africa-press.net\/tchad\/#\/schema\/person\/2b1cf3cd81a31e3cd26889ca66d677f1\"},\"headline\":\"une d\u00e9l\u00e9gation interminist\u00e9rielle est arriv\u00e9e \u00e0 Ab\u00e9ch\u00e9\",\"datePublished\":\"2022-02-22T18:27:03+00:00\",\"dateModified\":\"2022-02-22T19:03:37+00:00\",\"mainEntityOfPage\":{\"@id\":\"https:\/\/www.africa-press.net\/tchad\/politique\/une-delegation-interministerielle-est-arrivee-a-abeche\"},\"wordCount\":212,\"commentCount\":0,\"image\":{\"@id\":\"https:\/\/www.africa-press.net\/tchad\/politique\/une-delegation-interministerielle-est-arrivee-a-abeche#primaryimage\"},\"thumbnailUrl\":\"https:\/\/static.africa-press.net\/tchad\/sites\/41\/2022\/02\/img-6215336b3b0d0.jpg\",\"keywords\":[\"Ab\u00e9ch\u00e9\",\"Africa Press\",\"Africa Press-Tchad\",\"d\u00e9l\u00e9gation interminist\u00e9rielle\",\"Tchad\"],\"articleSection\":[\"homepage-french\",\"Politique\",\"Top Nouvelles\",\"Toutes les actualit\u00e9s\"],\"inLanguage\":\"fr-FR\",\"potentialAction\":[{\"@type\":\"CommentAction\",\"name\":\"Comment\",\"target\":[\"https:\/\/www.africa-press.net\/tchad\/politique\/une-delegation-interministerielle-est-arrivee-a-abeche#respond\"]}]},{\"@type\":\"WebPage\",\"@id\":\"https:\/\/www.africa-press.net\/tchad\/politique\/une-delegation-interministerielle-est-arrivee-a-abeche\",\"url\":\"https:\/\/www.africa-press.net\/tchad\/politique\/une-delegation-interministerielle-est-arrivee-a-abeche\",\"name\":\"une d\u00e9l\u00e9gation interminist\u00e9rielle est arriv\u00e9e \u00e0 Ab\u00e9ch\u00e9 - tchad\",\"isPartOf\":{\"@id\":\"https:\/\/www.africa-press.net\/tchad\/#website\"},\"primaryImageOfPage\":{\"@id\":\"https:\/\/www.africa-press.net\/tchad\/politique\/une-delegation-interministerielle-est-arrivee-a-abeche#primaryimage\"},\"image\":{\"@id\":\"https:\/\/www.africa-press.net\/tchad\/politique\/une-delegation-interministerielle-est-arrivee-a-abeche#primaryimage\"},\"thumbnailUrl\":\"https:\/\/static.africa-press.net\/tchad\/sites\/41\/2022\/02\/img-6215336b3b0d0.jpg\",\"datePublished\":\"2022-02-22T18:27:03+00:00\",\"dateModified\":\"2022-02-22T19:03:37+00:00\",\"author\":{\"@id\":\"https:\/\/www.africa-press.net\/tchad\/#\/schema\/person\/2b1cf3cd81a31e3cd26889ca66d677f1\"},\"description\":\"Au moins cinq membres du gouvernement ont foul\u00e9 la terre du Ouadda\u00ef, ce mardi 22 f\u00e9vrier 2022. Ils ont arriv\u00e9s \u00e0 Ab\u00e9c ...\",\"breadcrumb\":{\"@id\":\"https:\/\/www.africa-press.net\/tchad\/politique\/une-delegation-interministerielle-est-arrivee-a-abeche#breadcrumb\"},\"inLanguage\":\"fr-FR\",\"potentialAction\":[{\"@type\":\"ReadAction\",\"target\":[\"https:\/\/www.africa-press.net\/tchad\/politique\/une-delegation-interministerielle-est-arrivee-a-abeche\"]}]},{\"@type\":\"ImageObject\",\"inLanguage\":\"fr-FR\",\"@id\":\"https:\/\/www.africa-press.net\/tchad\/politique\/une-delegation-interministerielle-est-arrivee-a-abeche#primaryimage\",\"url\":\"https:\/\/static.africa-press.net\/tchad\/sites\/41\/2022\/02\/img-6215336b3b0d0.jpg\",\"contentUrl\":\"https:\/\/static.africa-press.net\/tchad\/sites\/41\/2022\/02\/img-6215336b3b0d0.jpg\",\"width\":780,\"height\":440,\"caption\":\"une d\u00e9l\u00e9gation interminist\u00e9rielle est arriv\u00e9e \u00e0 Ab\u00e9ch\u00e9\"},{\"@type\":\"BreadcrumbList\",\"@id\":\"https:\/\/www.africa-press.net\/tchad\/politique\/une-delegation-interministerielle-est-arrivee-a-abeche#breadcrumb\",\"itemListElement\":[{\"@type\":\"ListItem\",\"position\":1,\"name\":\"Accueil\",\"item\":\"https:\/\/www.africa-press.net\/tchad\/\"},{\"@type\":\"ListItem\",\"position\":2,\"name\":\"une d\u00e9l\u00e9gation interminist\u00e9rielle est arriv\u00e9e \u00e0 Ab\u00e9ch\u00e9\"}]},{\"@type\":\"WebSite\",\"@id\":\"https:\/\/www.africa-press.net\/tchad\/#website\",\"url\":\"https:\/\/www.africa-press.net\/tchad\/\",\"name\":\"tchad\",\"description\":\"Just another Africa News Agency Sites site\",\"potentialAction\":[{\"@type\":\"SearchAction\",\"target\":{\"@type\":\"EntryPoint\",\"urlTemplate\":\"https:\/\/www.africa-press.net\/tchad\/?s={search_term_string}\"},\"query-input\":{\"@type\":\"PropertyValueSpecification\",\"valueRequired\":true,\"valueName\":\"search_term_string\"}}],\"inLanguage\":\"fr-FR\"},{\"@type\":\"Person\",\"@id\":\"https:\/\/www.africa-press.net\/tchad\/#\/schema\/person\/2b1cf3cd81a31e3cd26889ca66d677f1\",\"name\":\"cfeditorfr\"}]}<\/script>\n<!-- \/ Yoast SEO Premium plugin. -->","yoast_head_json":{"title":"une d\u00e9l\u00e9gation interminist\u00e9rielle est arriv\u00e9e \u00e0 Ab\u00e9ch\u00e9 - tchad","description":"Au moins cinq membres du gouvernement ont foul\u00e9 la terre du Ouadda\u00ef, ce mardi 22 f\u00e9vrier 2022. Ils ont arriv\u00e9s \u00e0 Ab\u00e9c ...","robots":{"index":"index","follow":"follow","max-snippet":"max-snippet:-1","max-image-preview":"max-image-preview:large","max-video-preview":"max-video-preview:-1"},"canonical":"https:\/\/www.africa-press.net\/tchad\/politique\/une-delegation-interministerielle-est-arrivee-a-abeche","og_locale":"fr_FR","og_type":"article","og_title":"une d\u00e9l\u00e9gation interminist\u00e9rielle est arriv\u00e9e \u00e0 Ab\u00e9ch\u00e9","og_description":"Au moins cinq membres du gouvernement ont foul\u00e9 la terre du Ouadda\u00ef, ce mardi 22 f\u00e9vrier 2022. Ils ont arriv\u00e9s \u00e0 Ab\u00e9c ...","og_url":"https:\/\/www.africa-press.net\/tchad\/politique\/une-delegation-interministerielle-est-arrivee-a-abeche","og_site_name":"tchad","article_published_time":"2022-02-22T18:27:03+00:00","article_modified_time":"2022-02-22T19:03:37+00:00","og_image":[{"width":780,"height":440,"url":"https:\/\/static.africa-press.net\/tchad\/sites\/41\/2022\/02\/img-6215336b3b0d0.jpg","type":"image\/jpeg"}],"author":"cfeditorfr","twitter_card":"summary_large_image","twitter_misc":{"\u00c9crit par":"cfeditorfr","Dur\u00e9e de lecture estim\u00e9e":"1 minute"},"schema":{"@context":"https:\/\/schema.org","@graph":[{"@type":"Article","@id":"https:\/\/www.africa-press.net\/tchad\/politique\/une-delegation-interministerielle-est-arrivee-a-abeche#article","isPartOf":{"@id":"https:\/\/www.africa-press.net\/tchad\/politique\/une-delegation-interministerielle-est-arrivee-a-abeche"},"author":{"name":"cfeditorfr","@id":"https:\/\/www.africa-press.net\/tchad\/#\/schema\/person\/2b1cf3cd81a31e3cd26889ca66d677f1"},"headline":"une d\u00e9l\u00e9gation interminist\u00e9rielle est arriv\u00e9e \u00e0 Ab\u00e9ch\u00e9","datePublished":"2022-02-22T18:27:03+00:00","dateModified":"2022-02-22T19:03:37+00:00","mainEntityOfPage":{"@id":"https:\/\/www.africa-press.net\/tchad\/politique\/une-delegation-interministerielle-est-arrivee-a-abeche"},"wordCount":212,"commentCount":0,"image":{"@id":"https:\/\/www.africa-press.net\/tchad\/politique\/une-delegation-interministerielle-est-arrivee-a-abeche#primaryimage"},"thumbnailUrl":"https:\/\/static.africa-press.net\/tchad\/sites\/41\/2022\/02\/img-6215336b3b0d0.jpg","keywords":["Ab\u00e9ch\u00e9","Africa Press","Africa Press-Tchad","d\u00e9l\u00e9gation interminist\u00e9rielle","Tchad"],"articleSection":["homepage-french","Politique","Top Nouvelles","Toutes les actualit\u00e9s"],"inLanguage":"fr-FR","potentialAction":[{"@type":"CommentAction","name":"Comment","target":["https:\/\/www.africa-press.net\/tchad\/politique\/une-delegation-interministerielle-est-arrivee-a-abeche#respond"]}]},{"@type":"WebPage","@id":"https:\/\/www.africa-press.net\/tchad\/politique\/une-delegation-interministerielle-est-arrivee-a-abeche","url":"https:\/\/www.africa-press.net\/tchad\/politique\/une-delegation-interministerielle-est-arrivee-a-abeche","name":"une d\u00e9l\u00e9gation interminist\u00e9rielle est arriv\u00e9e \u00e0 Ab\u00e9ch\u00e9 - tchad","isPartOf":{"@id":"https:\/\/www.africa-press.net\/tchad\/#website"},"primaryImageOfPage":{"@id":"https:\/\/www.africa-press.net\/tchad\/politique\/une-delegation-interministerielle-est-arrivee-a-abeche#primaryimage"},"image":{"@id":"https:\/\/www.africa-press.net\/tchad\/politique\/une-delegation-interministerielle-est-arrivee-a-abeche#primaryimage"},"thumbnailUrl":"https:\/\/static.africa-press.net\/tchad\/sites\/41\/2022\/02\/img-6215336b3b0d0.jpg","datePublished":"2022-02-22T18:27:03+00:00","dateModified":"2022-02-22T19:03:37+00:00","author":{"@id":"https:\/\/www.africa-press.net\/tchad\/#\/schema\/person\/2b1cf3cd81a31e3cd26889ca66d677f1"},"description":"Au moins cinq membres du gouvernement ont foul\u00e9 la terre du Ouadda\u00ef, ce mardi 22 f\u00e9vrier 2022. Ils ont arriv\u00e9s \u00e0 Ab\u00e9c ...","breadcrumb":{"@id":"https:\/\/www.africa-press.net\/tchad\/politique\/une-delegation-interministerielle-est-arrivee-a-abeche#breadcrumb"},"inLanguage":"fr-FR","potentialAction":[{"@type":"ReadAction","target":["https:\/\/www.africa-press.net\/tchad\/politique\/une-delegation-interministerielle-est-arrivee-a-abeche"]}]},{"@type":"ImageObject","inLanguage":"fr-FR","@id":"https:\/\/www.africa-press.net\/tchad\/politique\/une-delegation-interministerielle-est-arrivee-a-abeche#primaryimage","url":"https:\/\/static.africa-press.net\/tchad\/sites\/41\/2022\/02\/img-6215336b3b0d0.jpg","contentUrl":"https:\/\/static.africa-press.net\/tchad\/sites\/41\/2022\/02\/img-6215336b3b0d0.jpg","width":780,"height":440,"caption":"une d\u00e9l\u00e9gation interminist\u00e9rielle est arriv\u00e9e \u00e0 Ab\u00e9ch\u00e9"},{"@type":"BreadcrumbList","@id":"https:\/\/www.africa-press.net\/tchad\/politique\/une-delegation-interministerielle-est-arrivee-a-abeche#breadcrumb","itemListElement":[{"@type":"ListItem","position":1,"name":"Accueil","item":"https:\/\/www.africa-press.net\/tchad\/"},{"@type":"ListItem","position":2,"name":"une d\u00e9l\u00e9gation interminist\u00e9rielle est arriv\u00e9e \u00e0 Ab\u00e9ch\u00e9"}]},{"@type":"WebSite","@id":"https:\/\/www.africa-press.net\/tchad\/#website","url":"https:\/\/www.africa-press.net\/tchad\/","name":"tchad","description":"Just another Africa News Agency Sites site","potentialAction":[{"@type":"SearchAction","target":{"@type":"EntryPoint","urlTemplate":"https:\/\/www.africa-press.net\/tchad\/?s={search_term_string}"},"query-input":{"@type":"PropertyValueSpecification","valueRequired":true,"valueName":"search_term_string"}}],"inLanguage":"fr-FR"},{"@type":"Person","@id":"https:\/\/www.africa-press.net\/tchad\/#\/schema\/person\/2b1cf3cd81a31e3cd26889ca66d677f1","name":"cfeditorfr"}]}},"_links":{"self":[{"href":"https:\/\/www.africa-press.net\/tchad\/wp-json\/wp\/v2\/posts\/20027","targetHints":{"allow":["GET"]}}],"collection":[{"href":"https:\/\/www.africa-press.net\/tchad\/wp-json\/wp\/v2\/posts"}],"about":[{"href":"https:\/\/www.africa-press.net\/tchad\/wp-json\/wp\/v2\/types\/post"}],"author":[{"embeddable":true,"href":"https:\/\/www.africa-press.net\/tchad\/wp-json\/wp\/v2\/users\/82"}],"replies":[{"embeddable":true,"href":"https:\/\/www.africa-press.net\/tchad\/wp-json\/wp\/v2\/comments?post=20027"}],"version-history":[{"count":0,"href":"https:\/\/www.africa-press.net\/tchad\/wp-json\/wp\/v2\/posts\/20027\/revisions"}],"wp:featuredmedia":[{"embeddable":true,"href":"https:\/\/www.africa-press.net\/tchad\/wp-json\/wp\/v2\/media\/20026"}],"wp:attachment":[{"href":"https:\/\/www.africa-press.net\/tchad\/wp-json\/wp\/v2\/media?parent=20027"}],"wp:term":[{"taxonomy":"category","embeddable":true,"href":"https:\/\/www.africa-press.net\/tchad\/wp-json\/wp\/v2\/categories?post=20027"},{"taxonomy":"post_tag","embeddable":true,"href":"https:\/\/www.africa-press.net\/tchad\/wp-json\/wp\/v2\/tags?post=20027"}],"curies":[{"name":"wp","href":"https:\/\/api.w.org\/{rel}","templated":true}]}}