{"id":20096,"date":"2022-02-23T17:53:04","date_gmt":"2022-02-23T17:53:04","guid":{"rendered":"https:\/\/www.africa-press.net\/tchad\/politique\/le-ministre-de-leconomie-lance-le-projet-de-consolidation-de-la-paix-a-abeche"},"modified":"2022-02-23T18:19:35","modified_gmt":"2022-02-23T18:19:35","slug":"le-ministre-de-leconomie-lance-le-projet-de-consolidation-de-la-paix-a-abeche","status":"publish","type":"post","link":"https:\/\/www.africa-press.net\/tchad\/toutes-les-actualites\/le-ministre-de-leconomie-lance-le-projet-de-consolidation-de-la-paix-a-abeche","title":{"rendered":"le ministre de l\u2019Economie lance le projet de consolidation de la paix \u00e0 Ab\u00e9ch\u00e9"},"content":{"rendered":"<p><span style=\"color: #ff6600\"><strong>Africa-Press &#8211; Tchad. <\/strong><\/span>Le ministre de l\u2019Economie, de la Planification du d\u00e9veloppement et de la Coop\u00e9ration internationale, Dr Issa Doubragne, accompagn\u00e9 de quelques membres du gouvernement et des autorit\u00e9s locales, a lanc\u00e9 officiellement ce mardi, au village Tandou, localit\u00e9 situ\u00e9e \u00e0 5km \u00e0 la sortie Est d\u00b4Ab\u00e9ch\u00e9, le projet de consolidation de la paix et de la s\u00e9curit\u00e9 entre les communaut\u00e9s d\u00b4agriculteurs et d&rsquo;\u00e9leveurs, dans les provinces du Salamat, du Sila et du Ouadda\u00ef.<\/p>\n<p>C&rsquo;est un projet qui est l&rsquo;\u0153uvre du syst\u00e8me des Nations-Unies, \u00e0 travers le Programme Alimentaire Mondial (PAM), en partenariat avec le gouvernement du Tchad.<\/p>\n<p>Le lancement de ce projet de l\u00b4am\u00e9nagement de la vall\u00e9e de Tandou s&rsquo;inscrit dans une vision globale de projets de r\u00e9silience, qui est de fournir un appui en moyen d\u00b4existence et en actifs au d\u00e9veloppement, de la remise en \u00e9tat des actifs naturels et productifs et des infrastructures, au profit des personnes vuln\u00e9rables, estim\u00e9es \u00e0 environ 1499 m\u00e9nages et 6 villages, dont 56% de femmes.<\/p>\n<p>Dans sa pr\u00e9sentation du projet, la coordinatrice r\u00e9sidente du syst\u00e8me des Nations-Unies au Tchad, Mme Violette Kakyomya, a fait un bref aper\u00e7u de l\u00b4ex\u00e9cution du projet, comme suit : trois seuils d\u00b4\u00e9pandage en s\u00e9rie pour permettre l\u00b4infiltration des eaux en amont et aval, et accro\u00eetre la recherche de la nappe phr\u00e9atique, afin de faciliter la pratique des cultures pluviales, de d\u00e9crue et maraich\u00e8res ; une digue en terre avec deux d\u00e9versoirs renforc\u00e9s par un muret et des gabionnages ; des digues filtrantes afin de r\u00e9duire le transport d&rsquo;\u00e9l\u00e9ments solides vers les terres cultivables, etc.<\/p>\n<p>Pour elle, les r\u00e9sultats attendus devront garantir la s\u00e9curit\u00e9 alimentaire de la zone, mais aussi de consolider la paix et le renforcement de la coh\u00e9sion sociale, entre les diff\u00e9rentes communaut\u00e9s de la province du Ouadda\u00ef.<\/p>\n<p>Lan\u00e7ant le projet, le ministre de l\u2019Economie, de la Planification du d\u00e9veloppement et de la Coop\u00e9ration internationale a dit que la mise en \u0153uvre de ce projet va aider sans nul doute le Tchad \u00e0 poser les jalons d&rsquo;une nouvelle dynamique de coh\u00e9sion sociale, entre les filles et fils de ces trois provinces, et permettra de r\u00e9soudre le probl\u00e8me des conflits intercommunautaires qui endeuillent des familles, divisent les communaut\u00e9s et sapent les efforts du gouvernement dans sa qu\u00eate de l\u00b4amour et de vivre ensemble.<\/p>\n<p>Il a suite exprim\u00e9 sa profonde gratitude, au nom du gouvernement tchadien, \u00e0 l\u00b4ensemble des agences du syst\u00e8me des Nations-Unies au Tchad. Enfin, Issa Doubragne r\u00e9it\u00e8re sa disponibilit\u00e9 \u00e0 coop\u00e9rer et \u00e0 travailler conjointement, pour l\u00b4identification des nouvelles priorit\u00e9s, suivant les secteurs clefs, en cette p\u00e9riode de transition et au-del\u00e0.<\/p>\n<p>Une visite guid\u00e9e du site du projet a mis un terme \u00e0 la c\u00e9r\u00e9monie. Il faut noter que les cinq membres du gouvernement ont \u00e9galement visit\u00e9 le camp des r\u00e9fugi\u00e9s de Kouchaguine Mourra, pour s&rsquo;impr\u00e9gner des conditions de vie des r\u00e9fugi\u00e9s, et leur prise en charge par les organismes des Nations-Unies.<\/p>\n<p><strong>Pour plus d&rsquo;informations et d&rsquo;analyses sur la <a href=\"https:\/\/www.africa-press.net\/tchad\">Tchad<\/a>, suivez <a href=\"https:\/\/www.africa-press.net\/\">Africa-Press<\/a><\/strong><\/p>\n","protected":false},"excerpt":{"rendered":"<p>Africa-Press &#8211; Tchad. Le ministre de l\u2019Economie, de la Planification du d\u00e9veloppement et de la Coop\u00e9ration internationale, Dr Issa Doubragne, accompagn\u00e9 de quelques membres du gouvernement et des autorit\u00e9s locales, a lanc\u00e9 officiellement ce mardi, au village Tandou, localit\u00e9 situ\u00e9e \u00e0 5km \u00e0 la sortie Est d\u00b4Ab\u00e9ch\u00e9, le projet de consolidation de la paix et [&hellip;]<\/p>\n","protected":false},"author":82,"featured_media":20095,"comment_status":"open","ping_status":"closed","sticky":false,"template":"","format":"standard","meta":{"footnotes":""},"categories":[21,11,10],"tags":[67,37,292,29],"class_list":["post-20096","post","type-post","status-publish","format-standard","has-post-thumbnail","hentry","category-communaute","category-homepage-french","category-toutes-les-actualites","tag-abeche","tag-africa-press","tag-africa-press-tchad","tag-tchad"],"yoast_head":"<!-- This site is optimized with the Yoast SEO Premium plugin v26.1 (Yoast SEO v27.0) - https:\/\/yoast.com\/product\/yoast-seo-premium-wordpress\/ -->\n<title>le ministre de l\u2019Economie lance le projet de consolidation de la paix \u00e0 Ab\u00e9ch\u00e9 - tchad<\/title>\n<meta name=\"description\" content=\"Le ministre de l\u2019Economie, de la Planification du d\u00e9veloppement et de la Coop\u00e9ration internationale, Dr Issa Doubragne, ...\" \/>\n<meta name=\"robots\" content=\"index, follow, max-snippet:-1, max-image-preview:large, max-video-preview:-1\" \/>\n<link rel=\"canonical\" href=\"https:\/\/www.africa-press.net\/tchad\/toutes-les-actualites\/le-ministre-de-leconomie-lance-le-projet-de-consolidation-de-la-paix-a-abeche\" \/>\n<meta property=\"og:locale\" content=\"fr_FR\" \/>\n<meta property=\"og:type\" content=\"article\" \/>\n<meta property=\"og:title\" content=\"le ministre de l\u2019Economie lance le projet de consolidation de la paix \u00e0 Ab\u00e9ch\u00e9\" \/>\n<meta property=\"og:description\" content=\"Le ministre de l\u2019Economie, de la Planification du d\u00e9veloppement et de la Coop\u00e9ration internationale, Dr Issa Doubragne, ...\" \/>\n<meta property=\"og:url\" content=\"https:\/\/www.africa-press.net\/tchad\/toutes-les-actualites\/le-ministre-de-leconomie-lance-le-projet-de-consolidation-de-la-paix-a-abeche\" \/>\n<meta property=\"og:site_name\" content=\"tchad\" \/>\n<meta property=\"article:published_time\" content=\"2022-02-23T17:53:04+00:00\" \/>\n<meta property=\"article:modified_time\" content=\"2022-02-23T18:19:35+00:00\" \/>\n<meta property=\"og:image\" content=\"https:\/\/static.africa-press.net\/tchad\/sites\/41\/2022\/02\/img-62167a951a785.jpg\" \/>\n\t<meta property=\"og:image:width\" content=\"868\" \/>\n\t<meta property=\"og:image:height\" content=\"391\" \/>\n\t<meta property=\"og:image:type\" content=\"image\/jpeg\" \/>\n<meta name=\"author\" content=\"cfeditorfr\" \/>\n<meta name=\"twitter:card\" content=\"summary_large_image\" \/>\n<meta name=\"twitter:label1\" content=\"\u00c9crit par\" \/>\n\t<meta name=\"twitter:data1\" content=\"cfeditorfr\" \/>\n\t<meta name=\"twitter:label2\" content=\"Dur\u00e9e de lecture estim\u00e9e\" \/>\n\t<meta name=\"twitter:data2\" content=\"3 minutes\" \/>\n<script type=\"application\/ld+json\" class=\"yoast-schema-graph\">{\"@context\":\"https:\/\/schema.org\",\"@graph\":[{\"@type\":\"Article\",\"@id\":\"https:\/\/www.africa-press.net\/tchad\/toutes-les-actualites\/le-ministre-de-leconomie-lance-le-projet-de-consolidation-de-la-paix-a-abeche#article\",\"isPartOf\":{\"@id\":\"https:\/\/www.africa-press.net\/tchad\/toutes-les-actualites\/le-ministre-de-leconomie-lance-le-projet-de-consolidation-de-la-paix-a-abeche\"},\"author\":{\"name\":\"cfeditorfr\",\"@id\":\"https:\/\/www.africa-press.net\/tchad\/#\/schema\/person\/2b1cf3cd81a31e3cd26889ca66d677f1\"},\"headline\":\"le ministre de l\u2019Economie lance le projet de consolidation de la paix \u00e0 Ab\u00e9ch\u00e9\",\"datePublished\":\"2022-02-23T17:53:04+00:00\",\"dateModified\":\"2022-02-23T18:19:35+00:00\",\"mainEntityOfPage\":{\"@id\":\"https:\/\/www.africa-press.net\/tchad\/toutes-les-actualites\/le-ministre-de-leconomie-lance-le-projet-de-consolidation-de-la-paix-a-abeche\"},\"wordCount\":564,\"commentCount\":0,\"image\":{\"@id\":\"https:\/\/www.africa-press.net\/tchad\/toutes-les-actualites\/le-ministre-de-leconomie-lance-le-projet-de-consolidation-de-la-paix-a-abeche#primaryimage\"},\"thumbnailUrl\":\"https:\/\/static.africa-press.net\/tchad\/sites\/41\/2022\/02\/img-62167a951a785.jpg\",\"keywords\":[\"Ab\u00e9ch\u00e9\",\"Africa Press\",\"Africa Press-Tchad\",\"Tchad\"],\"articleSection\":[\"Communaut\u00e9\",\"homepage-french\",\"Toutes les actualit\u00e9s\"],\"inLanguage\":\"fr-FR\",\"potentialAction\":[{\"@type\":\"CommentAction\",\"name\":\"Comment\",\"target\":[\"https:\/\/www.africa-press.net\/tchad\/toutes-les-actualites\/le-ministre-de-leconomie-lance-le-projet-de-consolidation-de-la-paix-a-abeche#respond\"]}]},{\"@type\":\"WebPage\",\"@id\":\"https:\/\/www.africa-press.net\/tchad\/toutes-les-actualites\/le-ministre-de-leconomie-lance-le-projet-de-consolidation-de-la-paix-a-abeche\",\"url\":\"https:\/\/www.africa-press.net\/tchad\/toutes-les-actualites\/le-ministre-de-leconomie-lance-le-projet-de-consolidation-de-la-paix-a-abeche\",\"name\":\"le ministre de l\u2019Economie lance le projet de consolidation de la paix \u00e0 Ab\u00e9ch\u00e9 - tchad\",\"isPartOf\":{\"@id\":\"https:\/\/www.africa-press.net\/tchad\/#website\"},\"primaryImageOfPage\":{\"@id\":\"https:\/\/www.africa-press.net\/tchad\/toutes-les-actualites\/le-ministre-de-leconomie-lance-le-projet-de-consolidation-de-la-paix-a-abeche#primaryimage\"},\"image\":{\"@id\":\"https:\/\/www.africa-press.net\/tchad\/toutes-les-actualites\/le-ministre-de-leconomie-lance-le-projet-de-consolidation-de-la-paix-a-abeche#primaryimage\"},\"thumbnailUrl\":\"https:\/\/static.africa-press.net\/tchad\/sites\/41\/2022\/02\/img-62167a951a785.jpg\",\"datePublished\":\"2022-02-23T17:53:04+00:00\",\"dateModified\":\"2022-02-23T18:19:35+00:00\",\"author\":{\"@id\":\"https:\/\/www.africa-press.net\/tchad\/#\/schema\/person\/2b1cf3cd81a31e3cd26889ca66d677f1\"},\"description\":\"Le ministre de l\u2019Economie, de la Planification du d\u00e9veloppement et de la Coop\u00e9ration internationale, Dr Issa Doubragne, ...\",\"breadcrumb\":{\"@id\":\"https:\/\/www.africa-press.net\/tchad\/toutes-les-actualites\/le-ministre-de-leconomie-lance-le-projet-de-consolidation-de-la-paix-a-abeche#breadcrumb\"},\"inLanguage\":\"fr-FR\",\"potentialAction\":[{\"@type\":\"ReadAction\",\"target\":[\"https:\/\/www.africa-press.net\/tchad\/toutes-les-actualites\/le-ministre-de-leconomie-lance-le-projet-de-consolidation-de-la-paix-a-abeche\"]}]},{\"@type\":\"ImageObject\",\"inLanguage\":\"fr-FR\",\"@id\":\"https:\/\/www.africa-press.net\/tchad\/toutes-les-actualites\/le-ministre-de-leconomie-lance-le-projet-de-consolidation-de-la-paix-a-abeche#primaryimage\",\"url\":\"https:\/\/static.africa-press.net\/tchad\/sites\/41\/2022\/02\/img-62167a951a785.jpg\",\"contentUrl\":\"https:\/\/static.africa-press.net\/tchad\/sites\/41\/2022\/02\/img-62167a951a785.jpg\",\"width\":868,\"height\":391,\"caption\":\"le ministre de l\u2019Economie lance le projet de consolidation de la paix \u00e0 Ab\u00e9ch\u00e9\"},{\"@type\":\"BreadcrumbList\",\"@id\":\"https:\/\/www.africa-press.net\/tchad\/toutes-les-actualites\/le-ministre-de-leconomie-lance-le-projet-de-consolidation-de-la-paix-a-abeche#breadcrumb\",\"itemListElement\":[{\"@type\":\"ListItem\",\"position\":1,\"name\":\"Accueil\",\"item\":\"https:\/\/www.africa-press.net\/tchad\/\"},{\"@type\":\"ListItem\",\"position\":2,\"name\":\"le ministre de l\u2019Economie lance le projet de consolidation de la paix \u00e0 Ab\u00e9ch\u00e9\"}]},{\"@type\":\"WebSite\",\"@id\":\"https:\/\/www.africa-press.net\/tchad\/#website\",\"url\":\"https:\/\/www.africa-press.net\/tchad\/\",\"name\":\"tchad\",\"description\":\"Just another Africa News Agency Sites site\",\"potentialAction\":[{\"@type\":\"SearchAction\",\"target\":{\"@type\":\"EntryPoint\",\"urlTemplate\":\"https:\/\/www.africa-press.net\/tchad\/?s={search_term_string}\"},\"query-input\":{\"@type\":\"PropertyValueSpecification\",\"valueRequired\":true,\"valueName\":\"search_term_string\"}}],\"inLanguage\":\"fr-FR\"},{\"@type\":\"Person\",\"@id\":\"https:\/\/www.africa-press.net\/tchad\/#\/schema\/person\/2b1cf3cd81a31e3cd26889ca66d677f1\",\"name\":\"cfeditorfr\"}]}<\/script>\n<!-- \/ Yoast SEO Premium plugin. -->","yoast_head_json":{"title":"le ministre de l\u2019Economie lance le projet de consolidation de la paix \u00e0 Ab\u00e9ch\u00e9 - tchad","description":"Le ministre de l\u2019Economie, de la Planification du d\u00e9veloppement et de la Coop\u00e9ration internationale, Dr Issa Doubragne, ...","robots":{"index":"index","follow":"follow","max-snippet":"max-snippet:-1","max-image-preview":"max-image-preview:large","max-video-preview":"max-video-preview:-1"},"canonical":"https:\/\/www.africa-press.net\/tchad\/toutes-les-actualites\/le-ministre-de-leconomie-lance-le-projet-de-consolidation-de-la-paix-a-abeche","og_locale":"fr_FR","og_type":"article","og_title":"le ministre de l\u2019Economie lance le projet de consolidation de la paix \u00e0 Ab\u00e9ch\u00e9","og_description":"Le ministre de l\u2019Economie, de la Planification du d\u00e9veloppement et de la Coop\u00e9ration internationale, Dr Issa Doubragne, ...","og_url":"https:\/\/www.africa-press.net\/tchad\/toutes-les-actualites\/le-ministre-de-leconomie-lance-le-projet-de-consolidation-de-la-paix-a-abeche","og_site_name":"tchad","article_published_time":"2022-02-23T17:53:04+00:00","article_modified_time":"2022-02-23T18:19:35+00:00","og_image":[{"width":868,"height":391,"url":"https:\/\/static.africa-press.net\/tchad\/sites\/41\/2022\/02\/img-62167a951a785.jpg","type":"image\/jpeg"}],"author":"cfeditorfr","twitter_card":"summary_large_image","twitter_misc":{"\u00c9crit par":"cfeditorfr","Dur\u00e9e de lecture estim\u00e9e":"3 minutes"},"schema":{"@context":"https:\/\/schema.org","@graph":[{"@type":"Article","@id":"https:\/\/www.africa-press.net\/tchad\/toutes-les-actualites\/le-ministre-de-leconomie-lance-le-projet-de-consolidation-de-la-paix-a-abeche#article","isPartOf":{"@id":"https:\/\/www.africa-press.net\/tchad\/toutes-les-actualites\/le-ministre-de-leconomie-lance-le-projet-de-consolidation-de-la-paix-a-abeche"},"author":{"name":"cfeditorfr","@id":"https:\/\/www.africa-press.net\/tchad\/#\/schema\/person\/2b1cf3cd81a31e3cd26889ca66d677f1"},"headline":"le ministre de l\u2019Economie lance le projet de consolidation de la paix \u00e0 Ab\u00e9ch\u00e9","datePublished":"2022-02-23T17:53:04+00:00","dateModified":"2022-02-23T18:19:35+00:00","mainEntityOfPage":{"@id":"https:\/\/www.africa-press.net\/tchad\/toutes-les-actualites\/le-ministre-de-leconomie-lance-le-projet-de-consolidation-de-la-paix-a-abeche"},"wordCount":564,"commentCount":0,"image":{"@id":"https:\/\/www.africa-press.net\/tchad\/toutes-les-actualites\/le-ministre-de-leconomie-lance-le-projet-de-consolidation-de-la-paix-a-abeche#primaryimage"},"thumbnailUrl":"https:\/\/static.africa-press.net\/tchad\/sites\/41\/2022\/02\/img-62167a951a785.jpg","keywords":["Ab\u00e9ch\u00e9","Africa Press","Africa Press-Tchad","Tchad"],"articleSection":["Communaut\u00e9","homepage-french","Toutes les actualit\u00e9s"],"inLanguage":"fr-FR","potentialAction":[{"@type":"CommentAction","name":"Comment","target":["https:\/\/www.africa-press.net\/tchad\/toutes-les-actualites\/le-ministre-de-leconomie-lance-le-projet-de-consolidation-de-la-paix-a-abeche#respond"]}]},{"@type":"WebPage","@id":"https:\/\/www.africa-press.net\/tchad\/toutes-les-actualites\/le-ministre-de-leconomie-lance-le-projet-de-consolidation-de-la-paix-a-abeche","url":"https:\/\/www.africa-press.net\/tchad\/toutes-les-actualites\/le-ministre-de-leconomie-lance-le-projet-de-consolidation-de-la-paix-a-abeche","name":"le ministre de l\u2019Economie lance le projet de consolidation de la paix \u00e0 Ab\u00e9ch\u00e9 - tchad","isPartOf":{"@id":"https:\/\/www.africa-press.net\/tchad\/#website"},"primaryImageOfPage":{"@id":"https:\/\/www.africa-press.net\/tchad\/toutes-les-actualites\/le-ministre-de-leconomie-lance-le-projet-de-consolidation-de-la-paix-a-abeche#primaryimage"},"image":{"@id":"https:\/\/www.africa-press.net\/tchad\/toutes-les-actualites\/le-ministre-de-leconomie-lance-le-projet-de-consolidation-de-la-paix-a-abeche#primaryimage"},"thumbnailUrl":"https:\/\/static.africa-press.net\/tchad\/sites\/41\/2022\/02\/img-62167a951a785.jpg","datePublished":"2022-02-23T17:53:04+00:00","dateModified":"2022-02-23T18:19:35+00:00","author":{"@id":"https:\/\/www.africa-press.net\/tchad\/#\/schema\/person\/2b1cf3cd81a31e3cd26889ca66d677f1"},"description":"Le ministre de l\u2019Economie, de la Planification du d\u00e9veloppement et de la Coop\u00e9ration internationale, Dr Issa Doubragne, ...","breadcrumb":{"@id":"https:\/\/www.africa-press.net\/tchad\/toutes-les-actualites\/le-ministre-de-leconomie-lance-le-projet-de-consolidation-de-la-paix-a-abeche#breadcrumb"},"inLanguage":"fr-FR","potentialAction":[{"@type":"ReadAction","target":["https:\/\/www.africa-press.net\/tchad\/toutes-les-actualites\/le-ministre-de-leconomie-lance-le-projet-de-consolidation-de-la-paix-a-abeche"]}]},{"@type":"ImageObject","inLanguage":"fr-FR","@id":"https:\/\/www.africa-press.net\/tchad\/toutes-les-actualites\/le-ministre-de-leconomie-lance-le-projet-de-consolidation-de-la-paix-a-abeche#primaryimage","url":"https:\/\/static.africa-press.net\/tchad\/sites\/41\/2022\/02\/img-62167a951a785.jpg","contentUrl":"https:\/\/static.africa-press.net\/tchad\/sites\/41\/2022\/02\/img-62167a951a785.jpg","width":868,"height":391,"caption":"le ministre de l\u2019Economie lance le projet de consolidation de la paix \u00e0 Ab\u00e9ch\u00e9"},{"@type":"BreadcrumbList","@id":"https:\/\/www.africa-press.net\/tchad\/toutes-les-actualites\/le-ministre-de-leconomie-lance-le-projet-de-consolidation-de-la-paix-a-abeche#breadcrumb","itemListElement":[{"@type":"ListItem","position":1,"name":"Accueil","item":"https:\/\/www.africa-press.net\/tchad\/"},{"@type":"ListItem","position":2,"name":"le ministre de l\u2019Economie lance le projet de consolidation de la paix \u00e0 Ab\u00e9ch\u00e9"}]},{"@type":"WebSite","@id":"https:\/\/www.africa-press.net\/tchad\/#website","url":"https:\/\/www.africa-press.net\/tchad\/","name":"tchad","description":"Just another Africa News Agency Sites site","potentialAction":[{"@type":"SearchAction","target":{"@type":"EntryPoint","urlTemplate":"https:\/\/www.africa-press.net\/tchad\/?s={search_term_string}"},"query-input":{"@type":"PropertyValueSpecification","valueRequired":true,"valueName":"search_term_string"}}],"inLanguage":"fr-FR"},{"@type":"Person","@id":"https:\/\/www.africa-press.net\/tchad\/#\/schema\/person\/2b1cf3cd81a31e3cd26889ca66d677f1","name":"cfeditorfr"}]}},"_links":{"self":[{"href":"https:\/\/www.africa-press.net\/tchad\/wp-json\/wp\/v2\/posts\/20096","targetHints":{"allow":["GET"]}}],"collection":[{"href":"https:\/\/www.africa-press.net\/tchad\/wp-json\/wp\/v2\/posts"}],"about":[{"href":"https:\/\/www.africa-press.net\/tchad\/wp-json\/wp\/v2\/types\/post"}],"author":[{"embeddable":true,"href":"https:\/\/www.africa-press.net\/tchad\/wp-json\/wp\/v2\/users\/82"}],"replies":[{"embeddable":true,"href":"https:\/\/www.africa-press.net\/tchad\/wp-json\/wp\/v2\/comments?post=20096"}],"version-history":[{"count":0,"href":"https:\/\/www.africa-press.net\/tchad\/wp-json\/wp\/v2\/posts\/20096\/revisions"}],"wp:featuredmedia":[{"embeddable":true,"href":"https:\/\/www.africa-press.net\/tchad\/wp-json\/wp\/v2\/media\/20095"}],"wp:attachment":[{"href":"https:\/\/www.africa-press.net\/tchad\/wp-json\/wp\/v2\/media?parent=20096"}],"wp:term":[{"taxonomy":"category","embeddable":true,"href":"https:\/\/www.africa-press.net\/tchad\/wp-json\/wp\/v2\/categories?post=20096"},{"taxonomy":"post_tag","embeddable":true,"href":"https:\/\/www.africa-press.net\/tchad\/wp-json\/wp\/v2\/tags?post=20096"}],"curies":[{"name":"wp","href":"https:\/\/api.w.org\/{rel}","templated":true}]}}