{"id":20156,"date":"2022-02-25T15:56:46","date_gmt":"2022-02-25T15:56:46","guid":{"rendered":"https:\/\/www.africa-press.net\/tchad\/politique\/vers-la-revision-du-protocole-de-prise-en-charge-de-la-covid19"},"modified":"2022-02-25T16:44:01","modified_gmt":"2022-02-25T16:44:01","slug":"vers-la-revision-du-protocole-de-prise-en-charge-de-la-covid19","status":"publish","type":"post","link":"https:\/\/www.africa-press.net\/tchad\/toutes-les-actualites\/vers-la-revision-du-protocole-de-prise-en-charge-de-la-covid19","title":{"rendered":"vers la r\u00e9vision du protocole de prise en charge de la covid19"},"content":{"rendered":"<p><span style=\"color: #ff6600\"><strong>Africa-Press &#8211; Tchad. <\/strong><\/span><b>Un atelier de r\u00e9vision du protocole de prise en charge de la covid19 a d\u00e9marr\u00e9 le 24 f\u00e9vier 2022 \u00e0 Douguia. Le lancement a \u00e9t\u00e9 fait par, le coordonnateur national adjoint des actions de lutte contre la covid19.<\/b><\/p>\n<p>Pendant trois jours, les professionnels de la sant\u00e9 vont focaliser leur r\u00e9flexion sur le document national de traitement de la covid19 dans les formations sanitaires du Pays. Il sera \u00e9galement question de se concentrer sur les th\u00e9matiques suivantes : la Clinique et th\u00e9rapeutique, les crit\u00e8res de gu\u00e9rison et le poste covid19, les soins \u00e0 domicile et le contr\u00f4le des infections dans les formations sanitaires.<\/p>\n<p>Le coordonnateur national adjoint des actions de lutte contre la covid19 Dr Mahamat Taher Abakar a exhort\u00e9 les participants de se mettre \u00e0 la recherche du savoir, du savoir m\u00e9dical et sanitaire qui permettra de fournir un document fiable et pratique sur le terrain. Ce document est tr\u00e8s attendu des hautes autorit\u00e9s du pays e expliqu\u00e9 le coordonnateur national adjoint de la CNAL.<\/p>\n<p><strong>Pour plus d&rsquo;informations et d&rsquo;analyses sur la <a href=\"https:\/\/www.africa-press.net\/tchad\">Tchad<\/a>, suivez <a href=\"https:\/\/www.africa-press.net\/\">Africa-Press<\/a><\/strong><\/p>\n","protected":false},"excerpt":{"rendered":"<p>Africa-Press &#8211; Tchad. Un atelier de r\u00e9vision du protocole de prise en charge de la covid19 a d\u00e9marr\u00e9 le 24 f\u00e9vier 2022 \u00e0 Douguia. Le lancement a \u00e9t\u00e9 fait par, le coordonnateur national adjoint des actions de lutte contre la covid19. Pendant trois jours, les professionnels de la sant\u00e9 vont focaliser leur r\u00e9flexion sur le [&hellip;]<\/p>\n","protected":false},"author":82,"featured_media":20155,"comment_status":"open","ping_status":"closed","sticky":false,"template":"","format":"standard","meta":{"footnotes":""},"categories":[21,11,10],"tags":[37,292,91,3320,29],"class_list":["post-20156","post","type-post","status-publish","format-standard","has-post-thumbnail","hentry","category-communaute","category-homepage-french","category-toutes-les-actualites","tag-africa-press","tag-africa-press-tchad","tag-covid19","tag-protocole-de-prise-en-charge","tag-tchad"],"yoast_head":"<!-- This site is optimized with the Yoast SEO Premium plugin v26.1 (Yoast SEO v27.0) - https:\/\/yoast.com\/product\/yoast-seo-premium-wordpress\/ -->\n<title>vers la r\u00e9vision du protocole de prise en charge de la covid19 - tchad<\/title>\n<meta name=\"description\" content=\"Un atelier de r\u00e9vision du protocole de prise en charge de la covid19 a d\u00e9marr\u00e9 le 24 f\u00e9vier 2022 \u00e0 Douguia. Le lancem ...\" \/>\n<meta name=\"robots\" content=\"index, follow, max-snippet:-1, max-image-preview:large, max-video-preview:-1\" \/>\n<link rel=\"canonical\" href=\"https:\/\/www.africa-press.net\/tchad\/toutes-les-actualites\/vers-la-revision-du-protocole-de-prise-en-charge-de-la-covid19\" \/>\n<meta property=\"og:locale\" content=\"fr_FR\" \/>\n<meta property=\"og:type\" content=\"article\" \/>\n<meta property=\"og:title\" content=\"vers la r\u00e9vision du protocole de prise en charge de la covid19\" \/>\n<meta property=\"og:description\" content=\"Un atelier de r\u00e9vision du protocole de prise en charge de la covid19 a d\u00e9marr\u00e9 le 24 f\u00e9vier 2022 \u00e0 Douguia. Le lancem ...\" \/>\n<meta property=\"og:url\" content=\"https:\/\/www.africa-press.net\/tchad\/toutes-les-actualites\/vers-la-revision-du-protocole-de-prise-en-charge-de-la-covid19\" \/>\n<meta property=\"og:site_name\" content=\"tchad\" \/>\n<meta property=\"article:published_time\" content=\"2022-02-25T15:56:46+00:00\" \/>\n<meta property=\"article:modified_time\" content=\"2022-02-25T16:44:01+00:00\" \/>\n<meta property=\"og:image\" content=\"https:\/\/static.africa-press.net\/tchad\/sites\/41\/2022\/02\/img-6219072f89fff.jpg\" \/>\n\t<meta property=\"og:image:width\" content=\"780\" \/>\n\t<meta property=\"og:image:height\" content=\"440\" \/>\n\t<meta property=\"og:image:type\" content=\"image\/jpeg\" \/>\n<meta name=\"author\" content=\"cfeditorfr\" \/>\n<meta name=\"twitter:card\" content=\"summary_large_image\" \/>\n<meta name=\"twitter:label1\" content=\"\u00c9crit par\" \/>\n\t<meta name=\"twitter:data1\" content=\"cfeditorfr\" \/>\n\t<meta name=\"twitter:label2\" content=\"Dur\u00e9e de lecture estim\u00e9e\" \/>\n\t<meta name=\"twitter:data2\" content=\"1 minute\" \/>\n<script type=\"application\/ld+json\" class=\"yoast-schema-graph\">{\"@context\":\"https:\/\/schema.org\",\"@graph\":[{\"@type\":\"Article\",\"@id\":\"https:\/\/www.africa-press.net\/tchad\/toutes-les-actualites\/vers-la-revision-du-protocole-de-prise-en-charge-de-la-covid19#article\",\"isPartOf\":{\"@id\":\"https:\/\/www.africa-press.net\/tchad\/toutes-les-actualites\/vers-la-revision-du-protocole-de-prise-en-charge-de-la-covid19\"},\"author\":{\"name\":\"cfeditorfr\",\"@id\":\"https:\/\/www.africa-press.net\/tchad\/#\/schema\/person\/2b1cf3cd81a31e3cd26889ca66d677f1\"},\"headline\":\"vers la r\u00e9vision du protocole de prise en charge de la covid19\",\"datePublished\":\"2022-02-25T15:56:46+00:00\",\"dateModified\":\"2022-02-25T16:44:01+00:00\",\"mainEntityOfPage\":{\"@id\":\"https:\/\/www.africa-press.net\/tchad\/toutes-les-actualites\/vers-la-revision-du-protocole-de-prise-en-charge-de-la-covid19\"},\"wordCount\":199,\"commentCount\":0,\"image\":{\"@id\":\"https:\/\/www.africa-press.net\/tchad\/toutes-les-actualites\/vers-la-revision-du-protocole-de-prise-en-charge-de-la-covid19#primaryimage\"},\"thumbnailUrl\":\"https:\/\/static.africa-press.net\/tchad\/sites\/41\/2022\/02\/img-6219072f89fff.jpg\",\"keywords\":[\"Africa Press\",\"Africa Press-Tchad\",\"Covid19\",\"protocole de prise en charge\",\"Tchad\"],\"articleSection\":[\"Communaut\u00e9\",\"homepage-french\",\"Toutes les actualit\u00e9s\"],\"inLanguage\":\"fr-FR\",\"potentialAction\":[{\"@type\":\"CommentAction\",\"name\":\"Comment\",\"target\":[\"https:\/\/www.africa-press.net\/tchad\/toutes-les-actualites\/vers-la-revision-du-protocole-de-prise-en-charge-de-la-covid19#respond\"]}]},{\"@type\":\"WebPage\",\"@id\":\"https:\/\/www.africa-press.net\/tchad\/toutes-les-actualites\/vers-la-revision-du-protocole-de-prise-en-charge-de-la-covid19\",\"url\":\"https:\/\/www.africa-press.net\/tchad\/toutes-les-actualites\/vers-la-revision-du-protocole-de-prise-en-charge-de-la-covid19\",\"name\":\"vers la r\u00e9vision du protocole de prise en charge de la covid19 - tchad\",\"isPartOf\":{\"@id\":\"https:\/\/www.africa-press.net\/tchad\/#website\"},\"primaryImageOfPage\":{\"@id\":\"https:\/\/www.africa-press.net\/tchad\/toutes-les-actualites\/vers-la-revision-du-protocole-de-prise-en-charge-de-la-covid19#primaryimage\"},\"image\":{\"@id\":\"https:\/\/www.africa-press.net\/tchad\/toutes-les-actualites\/vers-la-revision-du-protocole-de-prise-en-charge-de-la-covid19#primaryimage\"},\"thumbnailUrl\":\"https:\/\/static.africa-press.net\/tchad\/sites\/41\/2022\/02\/img-6219072f89fff.jpg\",\"datePublished\":\"2022-02-25T15:56:46+00:00\",\"dateModified\":\"2022-02-25T16:44:01+00:00\",\"author\":{\"@id\":\"https:\/\/www.africa-press.net\/tchad\/#\/schema\/person\/2b1cf3cd81a31e3cd26889ca66d677f1\"},\"description\":\"Un atelier de r\u00e9vision du protocole de prise en charge de la covid19 a d\u00e9marr\u00e9 le 24 f\u00e9vier 2022 \u00e0 Douguia. Le lancem ...\",\"breadcrumb\":{\"@id\":\"https:\/\/www.africa-press.net\/tchad\/toutes-les-actualites\/vers-la-revision-du-protocole-de-prise-en-charge-de-la-covid19#breadcrumb\"},\"inLanguage\":\"fr-FR\",\"potentialAction\":[{\"@type\":\"ReadAction\",\"target\":[\"https:\/\/www.africa-press.net\/tchad\/toutes-les-actualites\/vers-la-revision-du-protocole-de-prise-en-charge-de-la-covid19\"]}]},{\"@type\":\"ImageObject\",\"inLanguage\":\"fr-FR\",\"@id\":\"https:\/\/www.africa-press.net\/tchad\/toutes-les-actualites\/vers-la-revision-du-protocole-de-prise-en-charge-de-la-covid19#primaryimage\",\"url\":\"https:\/\/static.africa-press.net\/tchad\/sites\/41\/2022\/02\/img-6219072f89fff.jpg\",\"contentUrl\":\"https:\/\/static.africa-press.net\/tchad\/sites\/41\/2022\/02\/img-6219072f89fff.jpg\",\"width\":780,\"height\":440,\"caption\":\"vers la r\u00e9vision du protocole de prise en charge de la covid19\"},{\"@type\":\"BreadcrumbList\",\"@id\":\"https:\/\/www.africa-press.net\/tchad\/toutes-les-actualites\/vers-la-revision-du-protocole-de-prise-en-charge-de-la-covid19#breadcrumb\",\"itemListElement\":[{\"@type\":\"ListItem\",\"position\":1,\"name\":\"Accueil\",\"item\":\"https:\/\/www.africa-press.net\/tchad\/\"},{\"@type\":\"ListItem\",\"position\":2,\"name\":\"vers la r\u00e9vision du protocole de prise en charge de la covid19\"}]},{\"@type\":\"WebSite\",\"@id\":\"https:\/\/www.africa-press.net\/tchad\/#website\",\"url\":\"https:\/\/www.africa-press.net\/tchad\/\",\"name\":\"tchad\",\"description\":\"Just another Africa News Agency Sites site\",\"potentialAction\":[{\"@type\":\"SearchAction\",\"target\":{\"@type\":\"EntryPoint\",\"urlTemplate\":\"https:\/\/www.africa-press.net\/tchad\/?s={search_term_string}\"},\"query-input\":{\"@type\":\"PropertyValueSpecification\",\"valueRequired\":true,\"valueName\":\"search_term_string\"}}],\"inLanguage\":\"fr-FR\"},{\"@type\":\"Person\",\"@id\":\"https:\/\/www.africa-press.net\/tchad\/#\/schema\/person\/2b1cf3cd81a31e3cd26889ca66d677f1\",\"name\":\"cfeditorfr\"}]}<\/script>\n<!-- \/ Yoast SEO Premium plugin. -->","yoast_head_json":{"title":"vers la r\u00e9vision du protocole de prise en charge de la covid19 - tchad","description":"Un atelier de r\u00e9vision du protocole de prise en charge de la covid19 a d\u00e9marr\u00e9 le 24 f\u00e9vier 2022 \u00e0 Douguia. Le lancem ...","robots":{"index":"index","follow":"follow","max-snippet":"max-snippet:-1","max-image-preview":"max-image-preview:large","max-video-preview":"max-video-preview:-1"},"canonical":"https:\/\/www.africa-press.net\/tchad\/toutes-les-actualites\/vers-la-revision-du-protocole-de-prise-en-charge-de-la-covid19","og_locale":"fr_FR","og_type":"article","og_title":"vers la r\u00e9vision du protocole de prise en charge de la covid19","og_description":"Un atelier de r\u00e9vision du protocole de prise en charge de la covid19 a d\u00e9marr\u00e9 le 24 f\u00e9vier 2022 \u00e0 Douguia. Le lancem ...","og_url":"https:\/\/www.africa-press.net\/tchad\/toutes-les-actualites\/vers-la-revision-du-protocole-de-prise-en-charge-de-la-covid19","og_site_name":"tchad","article_published_time":"2022-02-25T15:56:46+00:00","article_modified_time":"2022-02-25T16:44:01+00:00","og_image":[{"width":780,"height":440,"url":"https:\/\/static.africa-press.net\/tchad\/sites\/41\/2022\/02\/img-6219072f89fff.jpg","type":"image\/jpeg"}],"author":"cfeditorfr","twitter_card":"summary_large_image","twitter_misc":{"\u00c9crit par":"cfeditorfr","Dur\u00e9e de lecture estim\u00e9e":"1 minute"},"schema":{"@context":"https:\/\/schema.org","@graph":[{"@type":"Article","@id":"https:\/\/www.africa-press.net\/tchad\/toutes-les-actualites\/vers-la-revision-du-protocole-de-prise-en-charge-de-la-covid19#article","isPartOf":{"@id":"https:\/\/www.africa-press.net\/tchad\/toutes-les-actualites\/vers-la-revision-du-protocole-de-prise-en-charge-de-la-covid19"},"author":{"name":"cfeditorfr","@id":"https:\/\/www.africa-press.net\/tchad\/#\/schema\/person\/2b1cf3cd81a31e3cd26889ca66d677f1"},"headline":"vers la r\u00e9vision du protocole de prise en charge de la covid19","datePublished":"2022-02-25T15:56:46+00:00","dateModified":"2022-02-25T16:44:01+00:00","mainEntityOfPage":{"@id":"https:\/\/www.africa-press.net\/tchad\/toutes-les-actualites\/vers-la-revision-du-protocole-de-prise-en-charge-de-la-covid19"},"wordCount":199,"commentCount":0,"image":{"@id":"https:\/\/www.africa-press.net\/tchad\/toutes-les-actualites\/vers-la-revision-du-protocole-de-prise-en-charge-de-la-covid19#primaryimage"},"thumbnailUrl":"https:\/\/static.africa-press.net\/tchad\/sites\/41\/2022\/02\/img-6219072f89fff.jpg","keywords":["Africa Press","Africa Press-Tchad","Covid19","protocole de prise en charge","Tchad"],"articleSection":["Communaut\u00e9","homepage-french","Toutes les actualit\u00e9s"],"inLanguage":"fr-FR","potentialAction":[{"@type":"CommentAction","name":"Comment","target":["https:\/\/www.africa-press.net\/tchad\/toutes-les-actualites\/vers-la-revision-du-protocole-de-prise-en-charge-de-la-covid19#respond"]}]},{"@type":"WebPage","@id":"https:\/\/www.africa-press.net\/tchad\/toutes-les-actualites\/vers-la-revision-du-protocole-de-prise-en-charge-de-la-covid19","url":"https:\/\/www.africa-press.net\/tchad\/toutes-les-actualites\/vers-la-revision-du-protocole-de-prise-en-charge-de-la-covid19","name":"vers la r\u00e9vision du protocole de prise en charge de la covid19 - tchad","isPartOf":{"@id":"https:\/\/www.africa-press.net\/tchad\/#website"},"primaryImageOfPage":{"@id":"https:\/\/www.africa-press.net\/tchad\/toutes-les-actualites\/vers-la-revision-du-protocole-de-prise-en-charge-de-la-covid19#primaryimage"},"image":{"@id":"https:\/\/www.africa-press.net\/tchad\/toutes-les-actualites\/vers-la-revision-du-protocole-de-prise-en-charge-de-la-covid19#primaryimage"},"thumbnailUrl":"https:\/\/static.africa-press.net\/tchad\/sites\/41\/2022\/02\/img-6219072f89fff.jpg","datePublished":"2022-02-25T15:56:46+00:00","dateModified":"2022-02-25T16:44:01+00:00","author":{"@id":"https:\/\/www.africa-press.net\/tchad\/#\/schema\/person\/2b1cf3cd81a31e3cd26889ca66d677f1"},"description":"Un atelier de r\u00e9vision du protocole de prise en charge de la covid19 a d\u00e9marr\u00e9 le 24 f\u00e9vier 2022 \u00e0 Douguia. Le lancem ...","breadcrumb":{"@id":"https:\/\/www.africa-press.net\/tchad\/toutes-les-actualites\/vers-la-revision-du-protocole-de-prise-en-charge-de-la-covid19#breadcrumb"},"inLanguage":"fr-FR","potentialAction":[{"@type":"ReadAction","target":["https:\/\/www.africa-press.net\/tchad\/toutes-les-actualites\/vers-la-revision-du-protocole-de-prise-en-charge-de-la-covid19"]}]},{"@type":"ImageObject","inLanguage":"fr-FR","@id":"https:\/\/www.africa-press.net\/tchad\/toutes-les-actualites\/vers-la-revision-du-protocole-de-prise-en-charge-de-la-covid19#primaryimage","url":"https:\/\/static.africa-press.net\/tchad\/sites\/41\/2022\/02\/img-6219072f89fff.jpg","contentUrl":"https:\/\/static.africa-press.net\/tchad\/sites\/41\/2022\/02\/img-6219072f89fff.jpg","width":780,"height":440,"caption":"vers la r\u00e9vision du protocole de prise en charge de la covid19"},{"@type":"BreadcrumbList","@id":"https:\/\/www.africa-press.net\/tchad\/toutes-les-actualites\/vers-la-revision-du-protocole-de-prise-en-charge-de-la-covid19#breadcrumb","itemListElement":[{"@type":"ListItem","position":1,"name":"Accueil","item":"https:\/\/www.africa-press.net\/tchad\/"},{"@type":"ListItem","position":2,"name":"vers la r\u00e9vision du protocole de prise en charge de la covid19"}]},{"@type":"WebSite","@id":"https:\/\/www.africa-press.net\/tchad\/#website","url":"https:\/\/www.africa-press.net\/tchad\/","name":"tchad","description":"Just another Africa News Agency Sites site","potentialAction":[{"@type":"SearchAction","target":{"@type":"EntryPoint","urlTemplate":"https:\/\/www.africa-press.net\/tchad\/?s={search_term_string}"},"query-input":{"@type":"PropertyValueSpecification","valueRequired":true,"valueName":"search_term_string"}}],"inLanguage":"fr-FR"},{"@type":"Person","@id":"https:\/\/www.africa-press.net\/tchad\/#\/schema\/person\/2b1cf3cd81a31e3cd26889ca66d677f1","name":"cfeditorfr"}]}},"_links":{"self":[{"href":"https:\/\/www.africa-press.net\/tchad\/wp-json\/wp\/v2\/posts\/20156","targetHints":{"allow":["GET"]}}],"collection":[{"href":"https:\/\/www.africa-press.net\/tchad\/wp-json\/wp\/v2\/posts"}],"about":[{"href":"https:\/\/www.africa-press.net\/tchad\/wp-json\/wp\/v2\/types\/post"}],"author":[{"embeddable":true,"href":"https:\/\/www.africa-press.net\/tchad\/wp-json\/wp\/v2\/users\/82"}],"replies":[{"embeddable":true,"href":"https:\/\/www.africa-press.net\/tchad\/wp-json\/wp\/v2\/comments?post=20156"}],"version-history":[{"count":0,"href":"https:\/\/www.africa-press.net\/tchad\/wp-json\/wp\/v2\/posts\/20156\/revisions"}],"wp:featuredmedia":[{"embeddable":true,"href":"https:\/\/www.africa-press.net\/tchad\/wp-json\/wp\/v2\/media\/20155"}],"wp:attachment":[{"href":"https:\/\/www.africa-press.net\/tchad\/wp-json\/wp\/v2\/media?parent=20156"}],"wp:term":[{"taxonomy":"category","embeddable":true,"href":"https:\/\/www.africa-press.net\/tchad\/wp-json\/wp\/v2\/categories?post=20156"},{"taxonomy":"post_tag","embeddable":true,"href":"https:\/\/www.africa-press.net\/tchad\/wp-json\/wp\/v2\/tags?post=20156"}],"curies":[{"name":"wp","href":"https:\/\/api.w.org\/{rel}","templated":true}]}}