{"id":20729,"date":"2022-03-03T10:45:12","date_gmt":"2022-03-03T10:45:12","guid":{"rendered":"https:\/\/www.africa-press.net\/tchad\/politique\/une-delegation-du-tchad-prend-part-au-mobile-world-congres-a-barcelone"},"modified":"2022-03-03T10:46:09","modified_gmt":"2022-03-03T10:46:09","slug":"une-delegation-du-tchad-prend-part-au-mobile-world-congres-a-barcelone","status":"publish","type":"post","link":"https:\/\/www.africa-press.net\/tchad\/economie\/une-delegation-du-tchad-prend-part-au-mobile-world-congres-a-barcelone","title":{"rendered":"Une d\u00e9l\u00e9gation du Tchad prend part au Mobile World Congres \u00e0 Barcelone"},"content":{"rendered":"<p><span style=\"color: #ff6600\"><strong>Africa-Press &#8211; Tchad. <\/strong><\/span><b>Plusieurs acteurs du num\u00e9rique et de la t\u00e9l\u00e9phonie, dont de tchadiens sont r\u00e9unis \u00e0 Barcelone du 28 f\u00e9vrier au 3 mars, dans le cadre salon mondial du Mobile World Congres (MWC).<\/b><\/p>\n<p>Organis\u00e9 par le GSMA (Group Special Mobile Association), le Mobile World Congress est un Salon mondial regroupant plusieurs acteurs du num\u00e9rique et de la t\u00e9l\u00e9phonie. Ce Salon mondial r\u00e9unit des fabricants d\u2019ordinateurs, des op\u00e9rateurs des compagnies de t\u00e9l\u00e9phonie, des firmes, des d\u00e9veloppeurs de logiciels, des Startuppers, entre autres. Avec pour objectif d\u2019exhiber les derniers outils de communications \u00e9lectroniques, les avanc\u00e9es relatives \u00e0 l\u2019intelligence artificielle, l\u2019usage du num\u00e9rique dans l\u2019industrie, l\u2019innovation des produits High Tech, etc. C\u2019est un rendez-vous annuel o\u00f9 se convergent tous les fabricants des grandes marques de t\u00e9l\u00e9phone Android ainsi que des \u00e9quipementiers num\u00e9riques.<\/p>\n<p>Une d\u00e9l\u00e9gation du minist\u00e8re des Postes et de l\u2019\u00c9conomie Num\u00e9rique et des entit\u00e9s sous tutelle \u00e0 savoir #SOTEL, #ARCEP et #ADETIC participent \u00e0 cette grande messe mondiale du num\u00e9rique. Les responsables des entreprises priv\u00e9es, #CHADTELECOM et #ILNET ont \u00e9galement effectu\u00e9 le d\u00e9placement.<\/p>\n<p>L\u2019\u00e9quipe du minist\u00e8re conduite par le secr\u00e9taire g\u00e9n\u00e9ral du minist\u00e8re des postes, Mahamat Saleh Ibrahim Salah a sillonn\u00e9 diff\u00e9rents pavillons et \u00e9changer avec les repr\u00e9sentants des firmes. Des contacts sont nou\u00e9s pour des \u00e9ventuelles collaborations. Le Tchad qui veut faire du num\u00e9rique un levier de d\u00e9veloppement s\u2019y est rendu pour chercher \u00e0 capitaliser les atouts pour son essor.<\/p>\n<p><strong>Pour plus d&rsquo;informations et d&rsquo;analyses sur la <a href=\"https:\/\/www.africa-press.net\/tchad\">Tchad<\/a>, suivez <a href=\"https:\/\/www.africa-press.net\/\">Africa-Press<\/a><\/strong><\/p>\n","protected":false},"excerpt":{"rendered":"<p>Africa-Press &#8211; Tchad. Plusieurs acteurs du num\u00e9rique et de la t\u00e9l\u00e9phonie, dont de tchadiens sont r\u00e9unis \u00e0 Barcelone du 28 f\u00e9vrier au 3 mars, dans le cadre salon mondial du Mobile World Congres (MWC). Organis\u00e9 par le GSMA (Group Special Mobile Association), le Mobile World Congress est un Salon mondial regroupant plusieurs acteurs du num\u00e9rique [&hellip;]<\/p>\n","protected":false},"author":82,"featured_media":20728,"comment_status":"open","ping_status":"closed","sticky":false,"template":"","format":"standard","meta":{"footnotes":""},"categories":[3,11,10],"tags":[37,292,1156,3347,2292,29],"class_list":["post-20729","post","type-post","status-publish","format-standard","has-post-thumbnail","hentry","category-economie","category-homepage-french","category-toutes-les-actualites","tag-africa-press","tag-africa-press-tchad","tag-barcelone","tag-mobile-world-congres","tag-numerique","tag-tchad"],"yoast_head":"<!-- This site is optimized with the Yoast SEO Premium plugin v26.1 (Yoast SEO v27.0) - https:\/\/yoast.com\/product\/yoast-seo-premium-wordpress\/ -->\n<title>Une d\u00e9l\u00e9gation du Tchad prend part au Mobile World Congres \u00e0 Barcelone - tchad<\/title>\n<meta name=\"description\" content=\"Plusieurs acteurs du num\u00e9rique et de la t\u00e9l\u00e9phonie, dont de tchadiens sont r\u00e9unis \u00e0 Barcelone du 28 f\u00e9vrier au 3 mars ...\" \/>\n<meta name=\"robots\" content=\"index, follow, max-snippet:-1, max-image-preview:large, max-video-preview:-1\" \/>\n<link rel=\"canonical\" href=\"https:\/\/www.africa-press.net\/tchad\/economie\/une-delegation-du-tchad-prend-part-au-mobile-world-congres-a-barcelone\" \/>\n<meta property=\"og:locale\" content=\"fr_FR\" \/>\n<meta property=\"og:type\" content=\"article\" \/>\n<meta property=\"og:title\" content=\"Une d\u00e9l\u00e9gation du Tchad prend part au Mobile World Congres \u00e0 Barcelone\" \/>\n<meta property=\"og:description\" content=\"Plusieurs acteurs du num\u00e9rique et de la t\u00e9l\u00e9phonie, dont de tchadiens sont r\u00e9unis \u00e0 Barcelone du 28 f\u00e9vrier au 3 mars ...\" \/>\n<meta property=\"og:url\" content=\"https:\/\/www.africa-press.net\/tchad\/economie\/une-delegation-du-tchad-prend-part-au-mobile-world-congres-a-barcelone\" \/>\n<meta property=\"og:site_name\" content=\"tchad\" \/>\n<meta property=\"article:published_time\" content=\"2022-03-03T10:45:12+00:00\" \/>\n<meta property=\"article:modified_time\" content=\"2022-03-03T10:46:09+00:00\" \/>\n<meta property=\"og:image\" content=\"https:\/\/static.africa-press.net\/tchad\/sites\/41\/2022\/03\/img-62209c409d2ba.jpg\" \/>\n\t<meta property=\"og:image:width\" content=\"780\" \/>\n\t<meta property=\"og:image:height\" content=\"440\" \/>\n\t<meta property=\"og:image:type\" content=\"image\/jpeg\" \/>\n<meta name=\"author\" content=\"cfeditorfr\" \/>\n<meta name=\"twitter:card\" content=\"summary_large_image\" \/>\n<meta name=\"twitter:label1\" content=\"\u00c9crit par\" \/>\n\t<meta name=\"twitter:data1\" content=\"cfeditorfr\" \/>\n\t<meta name=\"twitter:label2\" content=\"Dur\u00e9e de lecture estim\u00e9e\" \/>\n\t<meta name=\"twitter:data2\" content=\"1 minute\" \/>\n<script type=\"application\/ld+json\" class=\"yoast-schema-graph\">{\"@context\":\"https:\/\/schema.org\",\"@graph\":[{\"@type\":\"Article\",\"@id\":\"https:\/\/www.africa-press.net\/tchad\/economie\/une-delegation-du-tchad-prend-part-au-mobile-world-congres-a-barcelone#article\",\"isPartOf\":{\"@id\":\"https:\/\/www.africa-press.net\/tchad\/economie\/une-delegation-du-tchad-prend-part-au-mobile-world-congres-a-barcelone\"},\"author\":{\"name\":\"cfeditorfr\",\"@id\":\"https:\/\/www.africa-press.net\/tchad\/#\/schema\/person\/2b1cf3cd81a31e3cd26889ca66d677f1\"},\"headline\":\"Une d\u00e9l\u00e9gation du Tchad prend part au Mobile World Congres \u00e0 Barcelone\",\"datePublished\":\"2022-03-03T10:45:12+00:00\",\"dateModified\":\"2022-03-03T10:46:09+00:00\",\"mainEntityOfPage\":{\"@id\":\"https:\/\/www.africa-press.net\/tchad\/economie\/une-delegation-du-tchad-prend-part-au-mobile-world-congres-a-barcelone\"},\"wordCount\":294,\"commentCount\":0,\"image\":{\"@id\":\"https:\/\/www.africa-press.net\/tchad\/economie\/une-delegation-du-tchad-prend-part-au-mobile-world-congres-a-barcelone#primaryimage\"},\"thumbnailUrl\":\"https:\/\/static.africa-press.net\/tchad\/sites\/41\/2022\/03\/img-62209c409d2ba.jpg\",\"keywords\":[\"Africa Press\",\"Africa Press-Tchad\",\"Barcelone\",\"Mobile World Congres\",\"num\u00e9rique\",\"Tchad\"],\"articleSection\":[\"\u00c9conomie\",\"homepage-french\",\"Toutes les actualit\u00e9s\"],\"inLanguage\":\"fr-FR\",\"potentialAction\":[{\"@type\":\"CommentAction\",\"name\":\"Comment\",\"target\":[\"https:\/\/www.africa-press.net\/tchad\/economie\/une-delegation-du-tchad-prend-part-au-mobile-world-congres-a-barcelone#respond\"]}]},{\"@type\":\"WebPage\",\"@id\":\"https:\/\/www.africa-press.net\/tchad\/economie\/une-delegation-du-tchad-prend-part-au-mobile-world-congres-a-barcelone\",\"url\":\"https:\/\/www.africa-press.net\/tchad\/economie\/une-delegation-du-tchad-prend-part-au-mobile-world-congres-a-barcelone\",\"name\":\"Une d\u00e9l\u00e9gation du Tchad prend part au Mobile World Congres \u00e0 Barcelone - tchad\",\"isPartOf\":{\"@id\":\"https:\/\/www.africa-press.net\/tchad\/#website\"},\"primaryImageOfPage\":{\"@id\":\"https:\/\/www.africa-press.net\/tchad\/economie\/une-delegation-du-tchad-prend-part-au-mobile-world-congres-a-barcelone#primaryimage\"},\"image\":{\"@id\":\"https:\/\/www.africa-press.net\/tchad\/economie\/une-delegation-du-tchad-prend-part-au-mobile-world-congres-a-barcelone#primaryimage\"},\"thumbnailUrl\":\"https:\/\/static.africa-press.net\/tchad\/sites\/41\/2022\/03\/img-62209c409d2ba.jpg\",\"datePublished\":\"2022-03-03T10:45:12+00:00\",\"dateModified\":\"2022-03-03T10:46:09+00:00\",\"author\":{\"@id\":\"https:\/\/www.africa-press.net\/tchad\/#\/schema\/person\/2b1cf3cd81a31e3cd26889ca66d677f1\"},\"description\":\"Plusieurs acteurs du num\u00e9rique et de la t\u00e9l\u00e9phonie, dont de tchadiens sont r\u00e9unis \u00e0 Barcelone du 28 f\u00e9vrier au 3 mars ...\",\"breadcrumb\":{\"@id\":\"https:\/\/www.africa-press.net\/tchad\/economie\/une-delegation-du-tchad-prend-part-au-mobile-world-congres-a-barcelone#breadcrumb\"},\"inLanguage\":\"fr-FR\",\"potentialAction\":[{\"@type\":\"ReadAction\",\"target\":[\"https:\/\/www.africa-press.net\/tchad\/economie\/une-delegation-du-tchad-prend-part-au-mobile-world-congres-a-barcelone\"]}]},{\"@type\":\"ImageObject\",\"inLanguage\":\"fr-FR\",\"@id\":\"https:\/\/www.africa-press.net\/tchad\/economie\/une-delegation-du-tchad-prend-part-au-mobile-world-congres-a-barcelone#primaryimage\",\"url\":\"https:\/\/static.africa-press.net\/tchad\/sites\/41\/2022\/03\/img-62209c409d2ba.jpg\",\"contentUrl\":\"https:\/\/static.africa-press.net\/tchad\/sites\/41\/2022\/03\/img-62209c409d2ba.jpg\",\"width\":780,\"height\":440,\"caption\":\"Une d\u00e9l\u00e9gation du Tchad prend part au Mobile World Congres \u00e0 Barcelone\"},{\"@type\":\"BreadcrumbList\",\"@id\":\"https:\/\/www.africa-press.net\/tchad\/economie\/une-delegation-du-tchad-prend-part-au-mobile-world-congres-a-barcelone#breadcrumb\",\"itemListElement\":[{\"@type\":\"ListItem\",\"position\":1,\"name\":\"Accueil\",\"item\":\"https:\/\/www.africa-press.net\/tchad\/\"},{\"@type\":\"ListItem\",\"position\":2,\"name\":\"Une d\u00e9l\u00e9gation du Tchad prend part au Mobile World Congres \u00e0 Barcelone\"}]},{\"@type\":\"WebSite\",\"@id\":\"https:\/\/www.africa-press.net\/tchad\/#website\",\"url\":\"https:\/\/www.africa-press.net\/tchad\/\",\"name\":\"tchad\",\"description\":\"Just another Africa News Agency Sites site\",\"potentialAction\":[{\"@type\":\"SearchAction\",\"target\":{\"@type\":\"EntryPoint\",\"urlTemplate\":\"https:\/\/www.africa-press.net\/tchad\/?s={search_term_string}\"},\"query-input\":{\"@type\":\"PropertyValueSpecification\",\"valueRequired\":true,\"valueName\":\"search_term_string\"}}],\"inLanguage\":\"fr-FR\"},{\"@type\":\"Person\",\"@id\":\"https:\/\/www.africa-press.net\/tchad\/#\/schema\/person\/2b1cf3cd81a31e3cd26889ca66d677f1\",\"name\":\"cfeditorfr\"}]}<\/script>\n<!-- \/ Yoast SEO Premium plugin. -->","yoast_head_json":{"title":"Une d\u00e9l\u00e9gation du Tchad prend part au Mobile World Congres \u00e0 Barcelone - tchad","description":"Plusieurs acteurs du num\u00e9rique et de la t\u00e9l\u00e9phonie, dont de tchadiens sont r\u00e9unis \u00e0 Barcelone du 28 f\u00e9vrier au 3 mars ...","robots":{"index":"index","follow":"follow","max-snippet":"max-snippet:-1","max-image-preview":"max-image-preview:large","max-video-preview":"max-video-preview:-1"},"canonical":"https:\/\/www.africa-press.net\/tchad\/economie\/une-delegation-du-tchad-prend-part-au-mobile-world-congres-a-barcelone","og_locale":"fr_FR","og_type":"article","og_title":"Une d\u00e9l\u00e9gation du Tchad prend part au Mobile World Congres \u00e0 Barcelone","og_description":"Plusieurs acteurs du num\u00e9rique et de la t\u00e9l\u00e9phonie, dont de tchadiens sont r\u00e9unis \u00e0 Barcelone du 28 f\u00e9vrier au 3 mars ...","og_url":"https:\/\/www.africa-press.net\/tchad\/economie\/une-delegation-du-tchad-prend-part-au-mobile-world-congres-a-barcelone","og_site_name":"tchad","article_published_time":"2022-03-03T10:45:12+00:00","article_modified_time":"2022-03-03T10:46:09+00:00","og_image":[{"width":780,"height":440,"url":"https:\/\/static.africa-press.net\/tchad\/sites\/41\/2022\/03\/img-62209c409d2ba.jpg","type":"image\/jpeg"}],"author":"cfeditorfr","twitter_card":"summary_large_image","twitter_misc":{"\u00c9crit par":"cfeditorfr","Dur\u00e9e de lecture estim\u00e9e":"1 minute"},"schema":{"@context":"https:\/\/schema.org","@graph":[{"@type":"Article","@id":"https:\/\/www.africa-press.net\/tchad\/economie\/une-delegation-du-tchad-prend-part-au-mobile-world-congres-a-barcelone#article","isPartOf":{"@id":"https:\/\/www.africa-press.net\/tchad\/economie\/une-delegation-du-tchad-prend-part-au-mobile-world-congres-a-barcelone"},"author":{"name":"cfeditorfr","@id":"https:\/\/www.africa-press.net\/tchad\/#\/schema\/person\/2b1cf3cd81a31e3cd26889ca66d677f1"},"headline":"Une d\u00e9l\u00e9gation du Tchad prend part au Mobile World Congres \u00e0 Barcelone","datePublished":"2022-03-03T10:45:12+00:00","dateModified":"2022-03-03T10:46:09+00:00","mainEntityOfPage":{"@id":"https:\/\/www.africa-press.net\/tchad\/economie\/une-delegation-du-tchad-prend-part-au-mobile-world-congres-a-barcelone"},"wordCount":294,"commentCount":0,"image":{"@id":"https:\/\/www.africa-press.net\/tchad\/economie\/une-delegation-du-tchad-prend-part-au-mobile-world-congres-a-barcelone#primaryimage"},"thumbnailUrl":"https:\/\/static.africa-press.net\/tchad\/sites\/41\/2022\/03\/img-62209c409d2ba.jpg","keywords":["Africa Press","Africa Press-Tchad","Barcelone","Mobile World Congres","num\u00e9rique","Tchad"],"articleSection":["\u00c9conomie","homepage-french","Toutes les actualit\u00e9s"],"inLanguage":"fr-FR","potentialAction":[{"@type":"CommentAction","name":"Comment","target":["https:\/\/www.africa-press.net\/tchad\/economie\/une-delegation-du-tchad-prend-part-au-mobile-world-congres-a-barcelone#respond"]}]},{"@type":"WebPage","@id":"https:\/\/www.africa-press.net\/tchad\/economie\/une-delegation-du-tchad-prend-part-au-mobile-world-congres-a-barcelone","url":"https:\/\/www.africa-press.net\/tchad\/economie\/une-delegation-du-tchad-prend-part-au-mobile-world-congres-a-barcelone","name":"Une d\u00e9l\u00e9gation du Tchad prend part au Mobile World Congres \u00e0 Barcelone - tchad","isPartOf":{"@id":"https:\/\/www.africa-press.net\/tchad\/#website"},"primaryImageOfPage":{"@id":"https:\/\/www.africa-press.net\/tchad\/economie\/une-delegation-du-tchad-prend-part-au-mobile-world-congres-a-barcelone#primaryimage"},"image":{"@id":"https:\/\/www.africa-press.net\/tchad\/economie\/une-delegation-du-tchad-prend-part-au-mobile-world-congres-a-barcelone#primaryimage"},"thumbnailUrl":"https:\/\/static.africa-press.net\/tchad\/sites\/41\/2022\/03\/img-62209c409d2ba.jpg","datePublished":"2022-03-03T10:45:12+00:00","dateModified":"2022-03-03T10:46:09+00:00","author":{"@id":"https:\/\/www.africa-press.net\/tchad\/#\/schema\/person\/2b1cf3cd81a31e3cd26889ca66d677f1"},"description":"Plusieurs acteurs du num\u00e9rique et de la t\u00e9l\u00e9phonie, dont de tchadiens sont r\u00e9unis \u00e0 Barcelone du 28 f\u00e9vrier au 3 mars ...","breadcrumb":{"@id":"https:\/\/www.africa-press.net\/tchad\/economie\/une-delegation-du-tchad-prend-part-au-mobile-world-congres-a-barcelone#breadcrumb"},"inLanguage":"fr-FR","potentialAction":[{"@type":"ReadAction","target":["https:\/\/www.africa-press.net\/tchad\/economie\/une-delegation-du-tchad-prend-part-au-mobile-world-congres-a-barcelone"]}]},{"@type":"ImageObject","inLanguage":"fr-FR","@id":"https:\/\/www.africa-press.net\/tchad\/economie\/une-delegation-du-tchad-prend-part-au-mobile-world-congres-a-barcelone#primaryimage","url":"https:\/\/static.africa-press.net\/tchad\/sites\/41\/2022\/03\/img-62209c409d2ba.jpg","contentUrl":"https:\/\/static.africa-press.net\/tchad\/sites\/41\/2022\/03\/img-62209c409d2ba.jpg","width":780,"height":440,"caption":"Une d\u00e9l\u00e9gation du Tchad prend part au Mobile World Congres \u00e0 Barcelone"},{"@type":"BreadcrumbList","@id":"https:\/\/www.africa-press.net\/tchad\/economie\/une-delegation-du-tchad-prend-part-au-mobile-world-congres-a-barcelone#breadcrumb","itemListElement":[{"@type":"ListItem","position":1,"name":"Accueil","item":"https:\/\/www.africa-press.net\/tchad\/"},{"@type":"ListItem","position":2,"name":"Une d\u00e9l\u00e9gation du Tchad prend part au Mobile World Congres \u00e0 Barcelone"}]},{"@type":"WebSite","@id":"https:\/\/www.africa-press.net\/tchad\/#website","url":"https:\/\/www.africa-press.net\/tchad\/","name":"tchad","description":"Just another Africa News Agency Sites site","potentialAction":[{"@type":"SearchAction","target":{"@type":"EntryPoint","urlTemplate":"https:\/\/www.africa-press.net\/tchad\/?s={search_term_string}"},"query-input":{"@type":"PropertyValueSpecification","valueRequired":true,"valueName":"search_term_string"}}],"inLanguage":"fr-FR"},{"@type":"Person","@id":"https:\/\/www.africa-press.net\/tchad\/#\/schema\/person\/2b1cf3cd81a31e3cd26889ca66d677f1","name":"cfeditorfr"}]}},"_links":{"self":[{"href":"https:\/\/www.africa-press.net\/tchad\/wp-json\/wp\/v2\/posts\/20729","targetHints":{"allow":["GET"]}}],"collection":[{"href":"https:\/\/www.africa-press.net\/tchad\/wp-json\/wp\/v2\/posts"}],"about":[{"href":"https:\/\/www.africa-press.net\/tchad\/wp-json\/wp\/v2\/types\/post"}],"author":[{"embeddable":true,"href":"https:\/\/www.africa-press.net\/tchad\/wp-json\/wp\/v2\/users\/82"}],"replies":[{"embeddable":true,"href":"https:\/\/www.africa-press.net\/tchad\/wp-json\/wp\/v2\/comments?post=20729"}],"version-history":[{"count":0,"href":"https:\/\/www.africa-press.net\/tchad\/wp-json\/wp\/v2\/posts\/20729\/revisions"}],"wp:featuredmedia":[{"embeddable":true,"href":"https:\/\/www.africa-press.net\/tchad\/wp-json\/wp\/v2\/media\/20728"}],"wp:attachment":[{"href":"https:\/\/www.africa-press.net\/tchad\/wp-json\/wp\/v2\/media?parent=20729"}],"wp:term":[{"taxonomy":"category","embeddable":true,"href":"https:\/\/www.africa-press.net\/tchad\/wp-json\/wp\/v2\/categories?post=20729"},{"taxonomy":"post_tag","embeddable":true,"href":"https:\/\/www.africa-press.net\/tchad\/wp-json\/wp\/v2\/tags?post=20729"}],"curies":[{"name":"wp","href":"https:\/\/api.w.org\/{rel}","templated":true}]}}