{"id":21454,"date":"2022-02-24T02:54:43","date_gmt":"2022-02-24T02:54:43","guid":{"rendered":"https:\/\/www.africa-press.net\/tchad\/politique\/quelles-chances-pour-la-reconciliation-au-tchad-lors-du-dialogue-du-10-mai"},"modified":"2022-03-15T04:01:30","modified_gmt":"2022-03-15T04:01:30","slug":"quelles-chances-pour-la-reconciliation-au-tchad-lors-du-dialogue-du-10-mai","status":"publish","type":"post","link":"https:\/\/www.africa-press.net\/tchad\/dossiers\/quelles-chances-pour-la-reconciliation-au-tchad-lors-du-dialogue-du-10-mai","title":{"rendered":"Quelles chances pour la \u00ab R\u00e9conciliation \u00bb au Tchad lors du dialogue du 10 Mai ?"},"content":{"rendered":"<p><span style=\"color: #ff6600\"><strong>Africa-Press &#8211; Tchad. <\/strong><\/span>Dans un peu plus de deux mois, le Tchad vivra sur le son des roulements des tambours des pourparlers de paix entre le Conseil militaire et les factions de l&rsquo;opposition tchadienne, dans une circonstance nouvelle et difficile dans l&rsquo;histoire actuelle et future du pays, et dans un contexte d&rsquo;int\u00e9r\u00eat r\u00e9gional et international.<\/p>\n<p>Tout le monde attendait et se demandait, avec incertitude, quelle serait l&rsquo;issue du dernier \u00e9pisode du soi-disant \u00ab Dialogue national global \u00bb.<\/p>\n<p><strong>Le Tchad tournera-t-il la page de la lutte pour le pouvoir ?<\/strong><\/p>\n<p>Nous revenons dans cet article avec quelques flashs au sujet de cet important \u00e9v\u00e8nement national tant attendu et qui a \u00e9t\u00e9 report\u00e9 \u00e0 plusieurs reprises.<\/p>\n<p>Apr\u00e8s des mois de consultations pr\u00e9liminaires entre le Comit\u00e9 d&rsquo;organisation du dialogue national inclusif (CODNI) et les forces politiques et militaires du pays et de l&rsquo;\u00e9tranger. Plus de 26 mouvements politiques et militaires et deux cents partis politiques et rassemblements civils s&rsquo;engageront dans des pourparlers de paix directs avec le gouvernement de transition en mai 2022, sachant que ces pourparlers seront pr\u00e9c\u00e9d\u00e9s de consultations exceptionnelles entre le CSM et les factions de l&rsquo;opposition, qui seront accueillies par la capitale qatarie, Doha, le 27 f\u00e9vrier.<\/p>\n<p>Malheureusement, il y a encore une ambigu\u00eft\u00e9 autour du sort de la r\u00e9conciliation pr\u00e9sum\u00e9e, surtout apr\u00e8s que le dialogue ait \u00e9t\u00e9 report\u00e9 au 10 mai au lieu du 15 f\u00e9vrier, ce qui a r\u00e9v\u00e9l\u00e9 l\u2019existence de nombreuses \u00ab eaux stagnantes \u00bb sous la table des n\u00e9gociations, \u00e0 commencer par l&rsquo;exclusion du Front pour l&rsquo;alternance et la concorde au Tchad (FACT), rejet\u00e9 du dialogue sous pr\u00e9texte qu&rsquo;il est impliqu\u00e9 dans l&rsquo;assassinat du pr\u00e9sident Idriss Deby Itno, en plus de l\u2019int\u00e9gration de son porte-parole officiel, Kingab\u00e9 Ogouze\u00efmi, au sein du r\u00e9gime. Sans compter les efforts du chef de l&rsquo;Union des forces de r\u00e9sistance (UFR) Timan Erdimi \u00e0 s&rsquo;allier au groupe russe Wagner, avec l&rsquo;aide d\u2019un conseiller du pr\u00e9sident de la R\u00e9publique centrafricaine.<\/p>\n<p><strong>Difficult\u00e9s et d\u00e9fis possibles<\/strong><\/p>\n<p>Certains mouvements arm\u00e9s ont adh\u00e9r\u00e9 \u00e0 l\u2019id\u00e9e de participer au DNI, \u00e0 condition de lib\u00e9rer leurs prisonniers et de restituer leurs biens, en plus des demandes de l&rsquo;opposition d\u00e9mocratique repr\u00e9sent\u00e9e par la puissante coalition \u00ab Wakit Tama \u00bb de r\u00e9viser la Charte de transition et d&rsquo;abolir la clause permettant aux membres du Conseil militaire de se pr\u00e9senter aux \u00e9lections pr\u00e9sidentielles \u00e0 la fin de la p\u00e9riode de transition, et d&rsquo;annuler \u00e9galement les d\u00e9cisions unilat\u00e9rales et non consensuelles \u00e9mises par le Conseil militaire, connues sous le nom de nominations claniques.<\/p>\n<p>L&rsquo;un des plus grands d\u00e9fis \u00e0 la paix menant \u00e0 une transition r\u00e9ussie :<\/p>\n<p>\u2022 Garanties aux parties concern\u00e9es par la paix : l&rsquo;absence de garanties internationales confirmant que la r\u00e9conciliation aboutira \u00e0 des r\u00e9sultats qui transf\u00e9reront le pouvoir \u00e0 un gouvernement \u00e9lu \u00e0 la fin de la p\u00e9riode de transition.<\/p>\n<p>\u2022 La Charte de Gen\u00e8ve : toute sous-estimation de la Charte de Gen\u00e8ve \u00e9labor\u00e9e par l&rsquo;opposition d\u00e9mocratique et arm\u00e9e conduirait au pire.<\/p>\n<p>\u2022 Mouvements de Khartoum : toute sous-estimation des mouvements de Khartoum menacera le sort de la transition, d&rsquo;autant plus que ces groupes ont l&rsquo;habitude de combattre aux c\u00f4t\u00e9s des Forces de soutien express dans les guerres en Libye et au Y\u00e9men.<\/p>\n<p><strong>Mouvements arm\u00e9s les plus importants et Processus du dialogue national<\/strong><\/p>\n<p>Le nombre de mouvements d&rsquo;opposition tchadiens d\u00e9passe les 100 factions, mais force est de constater que la plupart de ces mouvements se sont transform\u00e9s en \u00ab structures politiques \u00bb qui n&rsquo;ont pas de force militaire sur le terrain, c\u2019est pourquoi l&rsquo;accent sera mis sur les groupes arm\u00e9s actifs ci-apr\u00e8s :<\/p>\n<p>\u2022 <strong>Le Front pour l&rsquo;alternance et la concorde au Tchad (FACT) :<\/strong> Ce groupe est apparu en 2016 sous la direction de Mahamat Mahdi Ali, il est bas\u00e9 dans le sud de la Libye et depuis lors il est devenu l&rsquo;un des principaux mouvements d&rsquo;opposition qui s&rsquo;opposent au r\u00e9gime de l\u2019ancien pr\u00e9sident Idriss Deby Itno.<\/p>\n<p>\u2022 <strong>Le Conseil de commandement militaire pour le salut de la R\u00e9publique (CCMSR) :<\/strong> C&rsquo;est aussi l&rsquo;une des factions de l&rsquo;opposition tchadienne contr\u00f4lant le sud de la Libye, qui a des bureaux dans le sud de Sabha, et qui a men\u00e9 de nombreuses batailles contre le r\u00e9gime de Deby au cours des derni\u00e8res ann\u00e9es.<\/p>\n<p>\u2022 <strong>L&rsquo;Union des Forces de R\u00e9sistance (UFR) :<\/strong> C&rsquo;est l\u2019un des groupes rebelles contre le r\u00e9gime d\u2019Idriss Deby. Il a \u00e9t\u00e9 soutenu par les autorit\u00e9s soudanaises de 2005 \u00e0 2010 et a men\u00e9 de violents combats avec les forces du r\u00e9gime tchadien dans la r\u00e9gion du sud-est de \u00ab Salamat en mai 2009 \u00bb, lors de la soi-disant \u00ab bataille du barrage d&rsquo;Umm \u00bb. En avril 2010, leurs combattants et d&rsquo;autres rebelles se sont affront\u00e9s aux forces gouvernementales dans l&rsquo;est du Tchad lors de la \u00ab bataille de Tamassi \u00bb, la derni\u00e8re bataille men\u00e9e en 2019 pr\u00e8s de la ville natale de Deby (Umm Djeres), et le gouvernement a pu les ma\u00eetriser avec l&rsquo;aide de la France, par le biais de frappes a\u00e9riennes ciblant leurs positions.<\/p>\n<p>\u2022 <strong>L&rsquo;Union des Forces pour la D\u00e9mocratie et le D\u00e9veloppement (UFDD) :<\/strong> Cette alliance regroupe la plupart des mouvements arm\u00e9s tchadiens, et a \u00e9t\u00e9 fond\u00e9e par l&rsquo;ancien ministre tchadien de la D\u00e9fense, le g\u00e9n\u00e9ral Mahamat Nouri.<\/p>\n<p>\u2022 <strong>Le Front de la Nation pour la D\u00e9mocratie et la Justice au Tchad (FNDJT) :<\/strong> Ce Front a \u00e9t\u00e9 cr\u00e9\u00e9 en juillet 2018, dans le sud de la Libye, par un groupe de rebelles tchadiens dirig\u00e9 par le colonel Alachi Ali, dit \u00ab Kukuli \u00bb. Au d\u00e9but de l&rsquo;ann\u00e9e derni\u00e8re, le front a revendiqu\u00e9 des attaques contre des positions de l&rsquo;arm\u00e9e gouvernementale \u00e0 \u00ab Kouri Bougoudi \u00bb, dans le Tibesti, dans l&rsquo;extr\u00eame nord du Tchad.<\/p>\n<p>A noter que l&rsquo;organisation du pr\u00e9-dialogue \u00e0 Doha (Qatar), pr\u00e9vue le 27 f\u00e9vrier courant, bute toujours sur l&rsquo;absence de consensus entre les diff\u00e9rents groupes arm\u00e9s. Il est une condition \u00ab pr\u00e9alable \u00bb pour les amener \u00e0 la table du Dialogue national inclusif.<\/p>\n<p>Dans ce contexte, le Premier ministre Albert Pahimi Padack\u00e9 avait d\u00e9j\u00e0 d\u00e9clar\u00e9 le 27 janvier dernier : \u00ab Il est convenu que toutes les dispositions pourraient \u00eatre prises \u00e0 l&rsquo;issue du pr\u00e9-dialogue qui pourrait durer deux semaines \u00e0 Doha \u00bb.<\/p>\n<p><b>Anouar CHENNOUFI<\/b><\/p>\n<p><strong>Pour plus d&rsquo;informations et d&rsquo;analyses sur la <a href=\"https:\/\/www.africa-press.net\/tchad\">Tchad<\/a>, suivez <a href=\"https:\/\/www.africa-press.net\/\">Africa-Press<\/a><\/strong><\/p>\n","protected":false},"excerpt":{"rendered":"<p>Africa-Press &#8211; Tchad. Dans un peu plus de deux mois, le Tchad vivra sur le son des roulements des tambours des pourparlers de paix entre le Conseil militaire et les factions de l&rsquo;opposition tchadienne, dans une circonstance nouvelle et difficile dans l&rsquo;histoire actuelle et future du pays, et dans un contexte d&rsquo;int\u00e9r\u00eat r\u00e9gional et international. [&hellip;]<\/p>\n","protected":false},"author":82,"featured_media":21453,"comment_status":"open","ping_status":"closed","sticky":false,"template":"","format":"standard","meta":{"footnotes":""},"categories":[7,11,10],"tags":[37,292,995,3409,2328,3020,703,3408,1913,481,3407,180,29],"class_list":["post-21454","post","type-post","status-publish","format-standard","has-post-thumbnail","hentry","category-dossiers","category-homepage-french","category-toutes-les-actualites","tag-africa-press","tag-africa-press-tchad","tag-dialogue-national-inclusif","tag-dni","tag-forces","tag-groupes-armes","tag-mahamat-idriss-deby","tag-mouvements-rebelles","tag-opposition","tag-politiques","tag-pourparlers","tag-reconciliation","tag-tchad"],"yoast_head":"<!-- This site is optimized with the Yoast SEO Premium plugin v26.1 (Yoast SEO v27.0) - https:\/\/yoast.com\/product\/yoast-seo-premium-wordpress\/ -->\n<title>Quelles chances pour la \u00ab R\u00e9conciliation \u00bb au Tchad lors du dialogue du 10 Mai ? - tchad<\/title>\n<meta name=\"description\" content=\"Dans un peu plus de deux mois, le Tchad vivra sur le son des roulements des tambours des pourparlers de paix entre le Co ...\" \/>\n<meta name=\"robots\" content=\"index, follow, max-snippet:-1, max-image-preview:large, max-video-preview:-1\" \/>\n<link rel=\"canonical\" href=\"https:\/\/www.africa-press.net\/tchad\/dossiers\/quelles-chances-pour-la-reconciliation-au-tchad-lors-du-dialogue-du-10-mai\" \/>\n<meta property=\"og:locale\" content=\"fr_FR\" \/>\n<meta property=\"og:type\" content=\"article\" \/>\n<meta property=\"og:title\" content=\"Quelles chances pour la \u00ab R\u00e9conciliation \u00bb au Tchad lors du dialogue du 10 Mai ?\" \/>\n<meta property=\"og:description\" content=\"Dans un peu plus de deux mois, le Tchad vivra sur le son des roulements des tambours des pourparlers de paix entre le Co ...\" \/>\n<meta property=\"og:url\" content=\"https:\/\/www.africa-press.net\/tchad\/dossiers\/quelles-chances-pour-la-reconciliation-au-tchad-lors-du-dialogue-du-10-mai\" \/>\n<meta property=\"og:site_name\" content=\"tchad\" \/>\n<meta property=\"article:published_time\" content=\"2022-02-24T02:54:43+00:00\" \/>\n<meta property=\"article:modified_time\" content=\"2022-03-15T04:01:30+00:00\" \/>\n<meta property=\"og:image\" content=\"https:\/\/static.africa-press.net\/tchad\/sites\/41\/2022\/03\/img-6230057c231ce.jpg\" \/>\n\t<meta property=\"og:image:width\" content=\"1386\" \/>\n\t<meta property=\"og:image:height\" content=\"918\" \/>\n\t<meta property=\"og:image:type\" content=\"image\/jpeg\" \/>\n<meta name=\"author\" content=\"cfeditorfr\" \/>\n<meta name=\"twitter:card\" content=\"summary_large_image\" \/>\n<meta name=\"twitter:label1\" content=\"\u00c9crit par\" \/>\n\t<meta name=\"twitter:data1\" content=\"cfeditorfr\" \/>\n\t<meta name=\"twitter:label2\" content=\"Dur\u00e9e de lecture estim\u00e9e\" \/>\n\t<meta name=\"twitter:data2\" content=\"6 minutes\" \/>\n<script type=\"application\/ld+json\" class=\"yoast-schema-graph\">{\"@context\":\"https:\/\/schema.org\",\"@graph\":[{\"@type\":\"Article\",\"@id\":\"https:\/\/www.africa-press.net\/tchad\/dossiers\/quelles-chances-pour-la-reconciliation-au-tchad-lors-du-dialogue-du-10-mai#article\",\"isPartOf\":{\"@id\":\"https:\/\/www.africa-press.net\/tchad\/dossiers\/quelles-chances-pour-la-reconciliation-au-tchad-lors-du-dialogue-du-10-mai\"},\"author\":{\"name\":\"cfeditorfr\",\"@id\":\"https:\/\/www.africa-press.net\/tchad\/#\/schema\/person\/2b1cf3cd81a31e3cd26889ca66d677f1\"},\"headline\":\"Quelles chances pour la \u00ab R\u00e9conciliation \u00bb au Tchad lors du dialogue du 10 Mai ?\",\"datePublished\":\"2022-02-24T02:54:43+00:00\",\"dateModified\":\"2022-03-15T04:01:30+00:00\",\"mainEntityOfPage\":{\"@id\":\"https:\/\/www.africa-press.net\/tchad\/dossiers\/quelles-chances-pour-la-reconciliation-au-tchad-lors-du-dialogue-du-10-mai\"},\"wordCount\":1124,\"commentCount\":0,\"image\":{\"@id\":\"https:\/\/www.africa-press.net\/tchad\/dossiers\/quelles-chances-pour-la-reconciliation-au-tchad-lors-du-dialogue-du-10-mai#primaryimage\"},\"thumbnailUrl\":\"https:\/\/static.africa-press.net\/tchad\/sites\/41\/2022\/03\/img-6230057c231ce.jpg\",\"keywords\":[\"Africa Press\",\"Africa Press-Tchad\",\"Dialogue national inclusif\",\"DNI\",\"forces\",\"Groupes arm\u00e9s\",\"Mahamat Idriss D\u00e9by\",\"Mouvements rebelles\",\"opposition\",\"POLITIQUES\",\"Pourparlers\",\"r\u00e9conciliation\",\"Tchad\"],\"articleSection\":[\"Dossiers\",\"homepage-french\",\"Toutes les actualit\u00e9s\"],\"inLanguage\":\"fr-FR\",\"potentialAction\":[{\"@type\":\"CommentAction\",\"name\":\"Comment\",\"target\":[\"https:\/\/www.africa-press.net\/tchad\/dossiers\/quelles-chances-pour-la-reconciliation-au-tchad-lors-du-dialogue-du-10-mai#respond\"]}]},{\"@type\":\"WebPage\",\"@id\":\"https:\/\/www.africa-press.net\/tchad\/dossiers\/quelles-chances-pour-la-reconciliation-au-tchad-lors-du-dialogue-du-10-mai\",\"url\":\"https:\/\/www.africa-press.net\/tchad\/dossiers\/quelles-chances-pour-la-reconciliation-au-tchad-lors-du-dialogue-du-10-mai\",\"name\":\"Quelles chances pour la \u00ab R\u00e9conciliation \u00bb au Tchad lors du dialogue du 10 Mai ? - tchad\",\"isPartOf\":{\"@id\":\"https:\/\/www.africa-press.net\/tchad\/#website\"},\"primaryImageOfPage\":{\"@id\":\"https:\/\/www.africa-press.net\/tchad\/dossiers\/quelles-chances-pour-la-reconciliation-au-tchad-lors-du-dialogue-du-10-mai#primaryimage\"},\"image\":{\"@id\":\"https:\/\/www.africa-press.net\/tchad\/dossiers\/quelles-chances-pour-la-reconciliation-au-tchad-lors-du-dialogue-du-10-mai#primaryimage\"},\"thumbnailUrl\":\"https:\/\/static.africa-press.net\/tchad\/sites\/41\/2022\/03\/img-6230057c231ce.jpg\",\"datePublished\":\"2022-02-24T02:54:43+00:00\",\"dateModified\":\"2022-03-15T04:01:30+00:00\",\"author\":{\"@id\":\"https:\/\/www.africa-press.net\/tchad\/#\/schema\/person\/2b1cf3cd81a31e3cd26889ca66d677f1\"},\"description\":\"Dans un peu plus de deux mois, le Tchad vivra sur le son des roulements des tambours des pourparlers de paix entre le Co ...\",\"breadcrumb\":{\"@id\":\"https:\/\/www.africa-press.net\/tchad\/dossiers\/quelles-chances-pour-la-reconciliation-au-tchad-lors-du-dialogue-du-10-mai#breadcrumb\"},\"inLanguage\":\"fr-FR\",\"potentialAction\":[{\"@type\":\"ReadAction\",\"target\":[\"https:\/\/www.africa-press.net\/tchad\/dossiers\/quelles-chances-pour-la-reconciliation-au-tchad-lors-du-dialogue-du-10-mai\"]}]},{\"@type\":\"ImageObject\",\"inLanguage\":\"fr-FR\",\"@id\":\"https:\/\/www.africa-press.net\/tchad\/dossiers\/quelles-chances-pour-la-reconciliation-au-tchad-lors-du-dialogue-du-10-mai#primaryimage\",\"url\":\"https:\/\/static.africa-press.net\/tchad\/sites\/41\/2022\/03\/img-6230057c231ce.jpg\",\"contentUrl\":\"https:\/\/static.africa-press.net\/tchad\/sites\/41\/2022\/03\/img-6230057c231ce.jpg\",\"width\":1386,\"height\":918,\"caption\":\"Quelles chances pour la \u00ab R\u00e9conciliation \u00bb au Tchad lors du dialogue du 10 Mai ?\"},{\"@type\":\"BreadcrumbList\",\"@id\":\"https:\/\/www.africa-press.net\/tchad\/dossiers\/quelles-chances-pour-la-reconciliation-au-tchad-lors-du-dialogue-du-10-mai#breadcrumb\",\"itemListElement\":[{\"@type\":\"ListItem\",\"position\":1,\"name\":\"Accueil\",\"item\":\"https:\/\/www.africa-press.net\/tchad\/\"},{\"@type\":\"ListItem\",\"position\":2,\"name\":\"Quelles chances pour la \u00ab R\u00e9conciliation \u00bb au Tchad lors du dialogue du 10 Mai ?\"}]},{\"@type\":\"WebSite\",\"@id\":\"https:\/\/www.africa-press.net\/tchad\/#website\",\"url\":\"https:\/\/www.africa-press.net\/tchad\/\",\"name\":\"tchad\",\"description\":\"Just another Africa News Agency Sites site\",\"potentialAction\":[{\"@type\":\"SearchAction\",\"target\":{\"@type\":\"EntryPoint\",\"urlTemplate\":\"https:\/\/www.africa-press.net\/tchad\/?s={search_term_string}\"},\"query-input\":{\"@type\":\"PropertyValueSpecification\",\"valueRequired\":true,\"valueName\":\"search_term_string\"}}],\"inLanguage\":\"fr-FR\"},{\"@type\":\"Person\",\"@id\":\"https:\/\/www.africa-press.net\/tchad\/#\/schema\/person\/2b1cf3cd81a31e3cd26889ca66d677f1\",\"name\":\"cfeditorfr\"}]}<\/script>\n<!-- \/ Yoast SEO Premium plugin. -->","yoast_head_json":{"title":"Quelles chances pour la \u00ab R\u00e9conciliation \u00bb au Tchad lors du dialogue du 10 Mai ? - tchad","description":"Dans un peu plus de deux mois, le Tchad vivra sur le son des roulements des tambours des pourparlers de paix entre le Co ...","robots":{"index":"index","follow":"follow","max-snippet":"max-snippet:-1","max-image-preview":"max-image-preview:large","max-video-preview":"max-video-preview:-1"},"canonical":"https:\/\/www.africa-press.net\/tchad\/dossiers\/quelles-chances-pour-la-reconciliation-au-tchad-lors-du-dialogue-du-10-mai","og_locale":"fr_FR","og_type":"article","og_title":"Quelles chances pour la \u00ab R\u00e9conciliation \u00bb au Tchad lors du dialogue du 10 Mai ?","og_description":"Dans un peu plus de deux mois, le Tchad vivra sur le son des roulements des tambours des pourparlers de paix entre le Co ...","og_url":"https:\/\/www.africa-press.net\/tchad\/dossiers\/quelles-chances-pour-la-reconciliation-au-tchad-lors-du-dialogue-du-10-mai","og_site_name":"tchad","article_published_time":"2022-02-24T02:54:43+00:00","article_modified_time":"2022-03-15T04:01:30+00:00","og_image":[{"width":1386,"height":918,"url":"https:\/\/static.africa-press.net\/tchad\/sites\/41\/2022\/03\/img-6230057c231ce.jpg","type":"image\/jpeg"}],"author":"cfeditorfr","twitter_card":"summary_large_image","twitter_misc":{"\u00c9crit par":"cfeditorfr","Dur\u00e9e de lecture estim\u00e9e":"6 minutes"},"schema":{"@context":"https:\/\/schema.org","@graph":[{"@type":"Article","@id":"https:\/\/www.africa-press.net\/tchad\/dossiers\/quelles-chances-pour-la-reconciliation-au-tchad-lors-du-dialogue-du-10-mai#article","isPartOf":{"@id":"https:\/\/www.africa-press.net\/tchad\/dossiers\/quelles-chances-pour-la-reconciliation-au-tchad-lors-du-dialogue-du-10-mai"},"author":{"name":"cfeditorfr","@id":"https:\/\/www.africa-press.net\/tchad\/#\/schema\/person\/2b1cf3cd81a31e3cd26889ca66d677f1"},"headline":"Quelles chances pour la \u00ab R\u00e9conciliation \u00bb au Tchad lors du dialogue du 10 Mai ?","datePublished":"2022-02-24T02:54:43+00:00","dateModified":"2022-03-15T04:01:30+00:00","mainEntityOfPage":{"@id":"https:\/\/www.africa-press.net\/tchad\/dossiers\/quelles-chances-pour-la-reconciliation-au-tchad-lors-du-dialogue-du-10-mai"},"wordCount":1124,"commentCount":0,"image":{"@id":"https:\/\/www.africa-press.net\/tchad\/dossiers\/quelles-chances-pour-la-reconciliation-au-tchad-lors-du-dialogue-du-10-mai#primaryimage"},"thumbnailUrl":"https:\/\/static.africa-press.net\/tchad\/sites\/41\/2022\/03\/img-6230057c231ce.jpg","keywords":["Africa Press","Africa Press-Tchad","Dialogue national inclusif","DNI","forces","Groupes arm\u00e9s","Mahamat Idriss D\u00e9by","Mouvements rebelles","opposition","POLITIQUES","Pourparlers","r\u00e9conciliation","Tchad"],"articleSection":["Dossiers","homepage-french","Toutes les actualit\u00e9s"],"inLanguage":"fr-FR","potentialAction":[{"@type":"CommentAction","name":"Comment","target":["https:\/\/www.africa-press.net\/tchad\/dossiers\/quelles-chances-pour-la-reconciliation-au-tchad-lors-du-dialogue-du-10-mai#respond"]}]},{"@type":"WebPage","@id":"https:\/\/www.africa-press.net\/tchad\/dossiers\/quelles-chances-pour-la-reconciliation-au-tchad-lors-du-dialogue-du-10-mai","url":"https:\/\/www.africa-press.net\/tchad\/dossiers\/quelles-chances-pour-la-reconciliation-au-tchad-lors-du-dialogue-du-10-mai","name":"Quelles chances pour la \u00ab R\u00e9conciliation \u00bb au Tchad lors du dialogue du 10 Mai ? - tchad","isPartOf":{"@id":"https:\/\/www.africa-press.net\/tchad\/#website"},"primaryImageOfPage":{"@id":"https:\/\/www.africa-press.net\/tchad\/dossiers\/quelles-chances-pour-la-reconciliation-au-tchad-lors-du-dialogue-du-10-mai#primaryimage"},"image":{"@id":"https:\/\/www.africa-press.net\/tchad\/dossiers\/quelles-chances-pour-la-reconciliation-au-tchad-lors-du-dialogue-du-10-mai#primaryimage"},"thumbnailUrl":"https:\/\/static.africa-press.net\/tchad\/sites\/41\/2022\/03\/img-6230057c231ce.jpg","datePublished":"2022-02-24T02:54:43+00:00","dateModified":"2022-03-15T04:01:30+00:00","author":{"@id":"https:\/\/www.africa-press.net\/tchad\/#\/schema\/person\/2b1cf3cd81a31e3cd26889ca66d677f1"},"description":"Dans un peu plus de deux mois, le Tchad vivra sur le son des roulements des tambours des pourparlers de paix entre le Co ...","breadcrumb":{"@id":"https:\/\/www.africa-press.net\/tchad\/dossiers\/quelles-chances-pour-la-reconciliation-au-tchad-lors-du-dialogue-du-10-mai#breadcrumb"},"inLanguage":"fr-FR","potentialAction":[{"@type":"ReadAction","target":["https:\/\/www.africa-press.net\/tchad\/dossiers\/quelles-chances-pour-la-reconciliation-au-tchad-lors-du-dialogue-du-10-mai"]}]},{"@type":"ImageObject","inLanguage":"fr-FR","@id":"https:\/\/www.africa-press.net\/tchad\/dossiers\/quelles-chances-pour-la-reconciliation-au-tchad-lors-du-dialogue-du-10-mai#primaryimage","url":"https:\/\/static.africa-press.net\/tchad\/sites\/41\/2022\/03\/img-6230057c231ce.jpg","contentUrl":"https:\/\/static.africa-press.net\/tchad\/sites\/41\/2022\/03\/img-6230057c231ce.jpg","width":1386,"height":918,"caption":"Quelles chances pour la \u00ab R\u00e9conciliation \u00bb au Tchad lors du dialogue du 10 Mai ?"},{"@type":"BreadcrumbList","@id":"https:\/\/www.africa-press.net\/tchad\/dossiers\/quelles-chances-pour-la-reconciliation-au-tchad-lors-du-dialogue-du-10-mai#breadcrumb","itemListElement":[{"@type":"ListItem","position":1,"name":"Accueil","item":"https:\/\/www.africa-press.net\/tchad\/"},{"@type":"ListItem","position":2,"name":"Quelles chances pour la \u00ab R\u00e9conciliation \u00bb au Tchad lors du dialogue du 10 Mai ?"}]},{"@type":"WebSite","@id":"https:\/\/www.africa-press.net\/tchad\/#website","url":"https:\/\/www.africa-press.net\/tchad\/","name":"tchad","description":"Just another Africa News Agency Sites site","potentialAction":[{"@type":"SearchAction","target":{"@type":"EntryPoint","urlTemplate":"https:\/\/www.africa-press.net\/tchad\/?s={search_term_string}"},"query-input":{"@type":"PropertyValueSpecification","valueRequired":true,"valueName":"search_term_string"}}],"inLanguage":"fr-FR"},{"@type":"Person","@id":"https:\/\/www.africa-press.net\/tchad\/#\/schema\/person\/2b1cf3cd81a31e3cd26889ca66d677f1","name":"cfeditorfr"}]}},"_links":{"self":[{"href":"https:\/\/www.africa-press.net\/tchad\/wp-json\/wp\/v2\/posts\/21454","targetHints":{"allow":["GET"]}}],"collection":[{"href":"https:\/\/www.africa-press.net\/tchad\/wp-json\/wp\/v2\/posts"}],"about":[{"href":"https:\/\/www.africa-press.net\/tchad\/wp-json\/wp\/v2\/types\/post"}],"author":[{"embeddable":true,"href":"https:\/\/www.africa-press.net\/tchad\/wp-json\/wp\/v2\/users\/82"}],"replies":[{"embeddable":true,"href":"https:\/\/www.africa-press.net\/tchad\/wp-json\/wp\/v2\/comments?post=21454"}],"version-history":[{"count":0,"href":"https:\/\/www.africa-press.net\/tchad\/wp-json\/wp\/v2\/posts\/21454\/revisions"}],"wp:featuredmedia":[{"embeddable":true,"href":"https:\/\/www.africa-press.net\/tchad\/wp-json\/wp\/v2\/media\/21453"}],"wp:attachment":[{"href":"https:\/\/www.africa-press.net\/tchad\/wp-json\/wp\/v2\/media?parent=21454"}],"wp:term":[{"taxonomy":"category","embeddable":true,"href":"https:\/\/www.africa-press.net\/tchad\/wp-json\/wp\/v2\/categories?post=21454"},{"taxonomy":"post_tag","embeddable":true,"href":"https:\/\/www.africa-press.net\/tchad\/wp-json\/wp\/v2\/tags?post=21454"}],"curies":[{"name":"wp","href":"https:\/\/api.w.org\/{rel}","templated":true}]}}