{"id":22121,"date":"2022-03-25T17:10:52","date_gmt":"2022-03-25T17:10:52","guid":{"rendered":"https:\/\/www.africa-press.net\/tchad\/politique\/lancement-de-la-campagne-de-vaccination-de-masse-contre-la-covid-19"},"modified":"2022-03-25T17:24:46","modified_gmt":"2022-03-25T17:24:46","slug":"lancement-de-la-campagne-de-vaccination-de-masse-contre-la-covid-19","status":"publish","type":"post","link":"https:\/\/www.africa-press.net\/tchad\/toutes-les-actualites\/lancement-de-la-campagne-de-vaccination-de-masse-contre-la-covid-19","title":{"rendered":"lancement de la campagne de vaccination de masse contre la covid-19"},"content":{"rendered":"<p><span style=\"color: #ff6600\"><strong>Africa-Press &#8211; Tchad. <\/strong><\/span><b>Le ministre de la sant\u00e9 publique et de la solidarit\u00e9 nationale Dr Abdel-madjid Abderahim a lanc\u00e9 le jeudi 24 mars 2022, dans la sous-pr\u00e9fecture de Koundoul 3, la campagne de vaccination de masse contre la covid-19.<\/b><\/p>\n<p>Cette op\u00e9ration dont le coup d\u2019envoi a \u00e9t\u00e9 donn\u00e9 couvre 73 districts sanitaires r\u00e9partis dans 10 provinces qui composent le bloc 1. Occasion pour le Gouverneur du Chari Baguirmi Ahmat Abdallah Fadoul de se r\u00e9jouir du choix port\u00e9 sur son entit\u00e9 administrative qui a notifi\u00e9 67 cas de covid-19 depuis le d\u00e9but de la pand\u00e9mie d\u2019accueillir le lancement de la campagne. Il a souhait\u00e9 que la strat\u00e9gie puisse \u00eatre renforc\u00e9e pour vacciner massivement les populations nomades et r\u00e9fugi\u00e9es qui \u00e9chappent souvent au dispositif de couverture vaccinale. Il a aussi invit\u00e9 toute la population et les leaders d\u2019opinion d\u2019adh\u00e9rer \u00e0 la vaccination pour contribuer \u00e0 limiter la propagation du virus.<\/p>\n<p>Le repr\u00e9sentant de l\u2019Organisation Mondiale de la Sant\u00e9 Dr Diallo Amadou Mouctar s\u2019est appesanti sur les avantages de la vaccination et l\u2019engagement des partenaires \u00e0 soutenir le minist\u00e8re de la sant\u00e9 publique et de la solidarit\u00e9 nationale \u00e0 mener \u00e0 bien les campagnes de vaccination de masse pour toucher toute la population cible.<\/p>\n<p>Seule la vaccination peut circonscrire la circulation du virus et permettre au Tchad de lutter efficacement contre la pand\u00e9mie a rench\u00e9ri Dr Dillo Amadou Mouctar.<\/p>\n<p>Le ministre de la sant\u00e9 publique et de la solidarit\u00e9 nationale a dans son allocution de lancement expliqu\u00e9 que l\u2019objectif vis\u00e9 par cette campagne est de vacciner d\u2019ici fin 2022 au moins 48% de la population cible \u00e2g\u00e9e de 18 ans et plus, estim\u00e9e \u00e0 plus de 8 millions des personnes. De mani\u00e8re sp\u00e9cifique a dit Dr Abdel-madjid Abderahim il s\u2019agit de vacciner 16% de cette cible \u00e0 travers la vaccination de routine et 32% pendant les campagnes de masse.<\/p>\n<p>Le ministre de la sant\u00e9 publique et de la solidarit\u00e9 nationale a rassur\u00e9 l\u2019assistance de l\u2019importance qu\u2019accorde le Pr\u00e9sident du Conseil Militaire de Transition Mahamat Idriss Deby \u00e0 la sant\u00e9 de la population et \u00e0 la lutte contre les pand\u00e9mies et les \u00e9pid\u00e9mies. Le Tchad est soutenu dans ce combat par les partenaires techniques et financiers auxquels Dr Abdel -madjid Abderahim a adress\u00e9 les reconnaissances des plus hautes autorit\u00e9s de la R\u00e9publique.<\/p>\n<p>Le ministre de la sant\u00e9 publique et de la solidarit\u00e9 nationale a salu\u00e9 le courage du personnel soignant et l\u2019a invit\u00e9 au courage et \u00e0 l\u2019abn\u00e9gation pour atteindre les objectifs escompt\u00e9s.<\/p>\n<p>Il a demand\u00e9 aux responsables et leaders d\u2019opinion de se joindre aux \u00e9quipes pour assurer une large couverture vaccinale afin de limiter la propagation de la pand\u00e9mie.<\/p>\n<p><strong>Pour plus d&rsquo;informations et d&rsquo;analyses sur la <a href=\"https:\/\/www.africa-press.net\/tchad\">Tchad<\/a>, suivez <a href=\"https:\/\/www.africa-press.net\/\">Africa-Press<\/a><\/strong><\/p>\n","protected":false},"excerpt":{"rendered":"<p>Africa-Press &#8211; Tchad. Le ministre de la sant\u00e9 publique et de la solidarit\u00e9 nationale Dr Abdel-madjid Abderahim a lanc\u00e9 le jeudi 24 mars 2022, dans la sous-pr\u00e9fecture de Koundoul 3, la campagne de vaccination de masse contre la covid-19. Cette op\u00e9ration dont le coup d\u2019envoi a \u00e9t\u00e9 donn\u00e9 couvre 73 districts sanitaires r\u00e9partis dans 10 [&hellip;]<\/p>\n","protected":false},"author":82,"featured_media":22120,"comment_status":"open","ping_status":"closed","sticky":false,"template":"","format":"standard","meta":{"footnotes":""},"categories":[21,11,10],"tags":[37,292,569,89,29],"class_list":["post-22121","post","type-post","status-publish","format-standard","has-post-thumbnail","hentry","category-communaute","category-homepage-french","category-toutes-les-actualites","tag-africa-press","tag-africa-press-tchad","tag-campagne-de-vaccination","tag-covid-19","tag-tchad"],"yoast_head":"<!-- This site is optimized with the Yoast SEO Premium plugin v26.1 (Yoast SEO v27.0) - https:\/\/yoast.com\/product\/yoast-seo-premium-wordpress\/ -->\n<title>lancement de la campagne de vaccination de masse contre la covid-19 - tchad<\/title>\n<meta name=\"description\" content=\"Le ministre de la sant\u00e9 publique et de la solidarit\u00e9 nationale Dr Abdel-madjid Abderahim a lanc\u00e9 le jeudi 24 mars 202 ...\" \/>\n<meta name=\"robots\" content=\"index, follow, max-snippet:-1, max-image-preview:large, max-video-preview:-1\" \/>\n<link rel=\"canonical\" href=\"https:\/\/www.africa-press.net\/tchad\/toutes-les-actualites\/lancement-de-la-campagne-de-vaccination-de-masse-contre-la-covid-19\" \/>\n<meta property=\"og:locale\" content=\"fr_FR\" \/>\n<meta property=\"og:type\" content=\"article\" \/>\n<meta property=\"og:title\" content=\"lancement de la campagne de vaccination de masse contre la covid-19\" \/>\n<meta property=\"og:description\" content=\"Le ministre de la sant\u00e9 publique et de la solidarit\u00e9 nationale Dr Abdel-madjid Abderahim a lanc\u00e9 le jeudi 24 mars 202 ...\" \/>\n<meta property=\"og:url\" content=\"https:\/\/www.africa-press.net\/tchad\/toutes-les-actualites\/lancement-de-la-campagne-de-vaccination-de-masse-contre-la-covid-19\" \/>\n<meta property=\"og:site_name\" content=\"tchad\" \/>\n<meta property=\"article:published_time\" content=\"2022-03-25T17:10:52+00:00\" \/>\n<meta property=\"article:modified_time\" content=\"2022-03-25T17:24:46+00:00\" \/>\n<meta property=\"og:image\" content=\"https:\/\/static.africa-press.net\/tchad\/sites\/41\/2022\/03\/img-623dfa9216c3c.jpg\" \/>\n\t<meta property=\"og:image:width\" content=\"780\" \/>\n\t<meta property=\"og:image:height\" content=\"440\" \/>\n\t<meta property=\"og:image:type\" content=\"image\/jpeg\" \/>\n<meta name=\"author\" content=\"cfeditorfr\" \/>\n<meta name=\"twitter:card\" content=\"summary_large_image\" \/>\n<meta name=\"twitter:label1\" content=\"\u00c9crit par\" \/>\n\t<meta name=\"twitter:data1\" content=\"cfeditorfr\" \/>\n\t<meta name=\"twitter:label2\" content=\"Dur\u00e9e de lecture estim\u00e9e\" \/>\n\t<meta name=\"twitter:data2\" content=\"2 minutes\" \/>\n<script type=\"application\/ld+json\" class=\"yoast-schema-graph\">{\"@context\":\"https:\/\/schema.org\",\"@graph\":[{\"@type\":\"Article\",\"@id\":\"https:\/\/www.africa-press.net\/tchad\/toutes-les-actualites\/lancement-de-la-campagne-de-vaccination-de-masse-contre-la-covid-19#article\",\"isPartOf\":{\"@id\":\"https:\/\/www.africa-press.net\/tchad\/toutes-les-actualites\/lancement-de-la-campagne-de-vaccination-de-masse-contre-la-covid-19\"},\"author\":{\"name\":\"cfeditorfr\",\"@id\":\"https:\/\/www.africa-press.net\/tchad\/#\/schema\/person\/2b1cf3cd81a31e3cd26889ca66d677f1\"},\"headline\":\"lancement de la campagne de vaccination de masse contre la covid-19\",\"datePublished\":\"2022-03-25T17:10:52+00:00\",\"dateModified\":\"2022-03-25T17:24:46+00:00\",\"mainEntityOfPage\":{\"@id\":\"https:\/\/www.africa-press.net\/tchad\/toutes-les-actualites\/lancement-de-la-campagne-de-vaccination-de-masse-contre-la-covid-19\"},\"wordCount\":479,\"commentCount\":0,\"image\":{\"@id\":\"https:\/\/www.africa-press.net\/tchad\/toutes-les-actualites\/lancement-de-la-campagne-de-vaccination-de-masse-contre-la-covid-19#primaryimage\"},\"thumbnailUrl\":\"https:\/\/static.africa-press.net\/tchad\/sites\/41\/2022\/03\/img-623dfa9216c3c.jpg\",\"keywords\":[\"Africa Press\",\"Africa Press-Tchad\",\"campagne de vaccination\",\"COVID 19\",\"Tchad\"],\"articleSection\":[\"Communaut\u00e9\",\"homepage-french\",\"Toutes les actualit\u00e9s\"],\"inLanguage\":\"fr-FR\",\"potentialAction\":[{\"@type\":\"CommentAction\",\"name\":\"Comment\",\"target\":[\"https:\/\/www.africa-press.net\/tchad\/toutes-les-actualites\/lancement-de-la-campagne-de-vaccination-de-masse-contre-la-covid-19#respond\"]}]},{\"@type\":\"WebPage\",\"@id\":\"https:\/\/www.africa-press.net\/tchad\/toutes-les-actualites\/lancement-de-la-campagne-de-vaccination-de-masse-contre-la-covid-19\",\"url\":\"https:\/\/www.africa-press.net\/tchad\/toutes-les-actualites\/lancement-de-la-campagne-de-vaccination-de-masse-contre-la-covid-19\",\"name\":\"lancement de la campagne de vaccination de masse contre la covid-19 - tchad\",\"isPartOf\":{\"@id\":\"https:\/\/www.africa-press.net\/tchad\/#website\"},\"primaryImageOfPage\":{\"@id\":\"https:\/\/www.africa-press.net\/tchad\/toutes-les-actualites\/lancement-de-la-campagne-de-vaccination-de-masse-contre-la-covid-19#primaryimage\"},\"image\":{\"@id\":\"https:\/\/www.africa-press.net\/tchad\/toutes-les-actualites\/lancement-de-la-campagne-de-vaccination-de-masse-contre-la-covid-19#primaryimage\"},\"thumbnailUrl\":\"https:\/\/static.africa-press.net\/tchad\/sites\/41\/2022\/03\/img-623dfa9216c3c.jpg\",\"datePublished\":\"2022-03-25T17:10:52+00:00\",\"dateModified\":\"2022-03-25T17:24:46+00:00\",\"author\":{\"@id\":\"https:\/\/www.africa-press.net\/tchad\/#\/schema\/person\/2b1cf3cd81a31e3cd26889ca66d677f1\"},\"description\":\"Le ministre de la sant\u00e9 publique et de la solidarit\u00e9 nationale Dr Abdel-madjid Abderahim a lanc\u00e9 le jeudi 24 mars 202 ...\",\"breadcrumb\":{\"@id\":\"https:\/\/www.africa-press.net\/tchad\/toutes-les-actualites\/lancement-de-la-campagne-de-vaccination-de-masse-contre-la-covid-19#breadcrumb\"},\"inLanguage\":\"fr-FR\",\"potentialAction\":[{\"@type\":\"ReadAction\",\"target\":[\"https:\/\/www.africa-press.net\/tchad\/toutes-les-actualites\/lancement-de-la-campagne-de-vaccination-de-masse-contre-la-covid-19\"]}]},{\"@type\":\"ImageObject\",\"inLanguage\":\"fr-FR\",\"@id\":\"https:\/\/www.africa-press.net\/tchad\/toutes-les-actualites\/lancement-de-la-campagne-de-vaccination-de-masse-contre-la-covid-19#primaryimage\",\"url\":\"https:\/\/static.africa-press.net\/tchad\/sites\/41\/2022\/03\/img-623dfa9216c3c.jpg\",\"contentUrl\":\"https:\/\/static.africa-press.net\/tchad\/sites\/41\/2022\/03\/img-623dfa9216c3c.jpg\",\"width\":780,\"height\":440,\"caption\":\"lancement de la campagne de vaccination de masse contre la covid-19\"},{\"@type\":\"BreadcrumbList\",\"@id\":\"https:\/\/www.africa-press.net\/tchad\/toutes-les-actualites\/lancement-de-la-campagne-de-vaccination-de-masse-contre-la-covid-19#breadcrumb\",\"itemListElement\":[{\"@type\":\"ListItem\",\"position\":1,\"name\":\"Accueil\",\"item\":\"https:\/\/www.africa-press.net\/tchad\/\"},{\"@type\":\"ListItem\",\"position\":2,\"name\":\"lancement de la campagne de vaccination de masse contre la covid-19\"}]},{\"@type\":\"WebSite\",\"@id\":\"https:\/\/www.africa-press.net\/tchad\/#website\",\"url\":\"https:\/\/www.africa-press.net\/tchad\/\",\"name\":\"tchad\",\"description\":\"Just another Africa News Agency Sites site\",\"potentialAction\":[{\"@type\":\"SearchAction\",\"target\":{\"@type\":\"EntryPoint\",\"urlTemplate\":\"https:\/\/www.africa-press.net\/tchad\/?s={search_term_string}\"},\"query-input\":{\"@type\":\"PropertyValueSpecification\",\"valueRequired\":true,\"valueName\":\"search_term_string\"}}],\"inLanguage\":\"fr-FR\"},{\"@type\":\"Person\",\"@id\":\"https:\/\/www.africa-press.net\/tchad\/#\/schema\/person\/2b1cf3cd81a31e3cd26889ca66d677f1\",\"name\":\"cfeditorfr\"}]}<\/script>\n<!-- \/ Yoast SEO Premium plugin. -->","yoast_head_json":{"title":"lancement de la campagne de vaccination de masse contre la covid-19 - tchad","description":"Le ministre de la sant\u00e9 publique et de la solidarit\u00e9 nationale Dr Abdel-madjid Abderahim a lanc\u00e9 le jeudi 24 mars 202 ...","robots":{"index":"index","follow":"follow","max-snippet":"max-snippet:-1","max-image-preview":"max-image-preview:large","max-video-preview":"max-video-preview:-1"},"canonical":"https:\/\/www.africa-press.net\/tchad\/toutes-les-actualites\/lancement-de-la-campagne-de-vaccination-de-masse-contre-la-covid-19","og_locale":"fr_FR","og_type":"article","og_title":"lancement de la campagne de vaccination de masse contre la covid-19","og_description":"Le ministre de la sant\u00e9 publique et de la solidarit\u00e9 nationale Dr Abdel-madjid Abderahim a lanc\u00e9 le jeudi 24 mars 202 ...","og_url":"https:\/\/www.africa-press.net\/tchad\/toutes-les-actualites\/lancement-de-la-campagne-de-vaccination-de-masse-contre-la-covid-19","og_site_name":"tchad","article_published_time":"2022-03-25T17:10:52+00:00","article_modified_time":"2022-03-25T17:24:46+00:00","og_image":[{"width":780,"height":440,"url":"https:\/\/static.africa-press.net\/tchad\/sites\/41\/2022\/03\/img-623dfa9216c3c.jpg","type":"image\/jpeg"}],"author":"cfeditorfr","twitter_card":"summary_large_image","twitter_misc":{"\u00c9crit par":"cfeditorfr","Dur\u00e9e de lecture estim\u00e9e":"2 minutes"},"schema":{"@context":"https:\/\/schema.org","@graph":[{"@type":"Article","@id":"https:\/\/www.africa-press.net\/tchad\/toutes-les-actualites\/lancement-de-la-campagne-de-vaccination-de-masse-contre-la-covid-19#article","isPartOf":{"@id":"https:\/\/www.africa-press.net\/tchad\/toutes-les-actualites\/lancement-de-la-campagne-de-vaccination-de-masse-contre-la-covid-19"},"author":{"name":"cfeditorfr","@id":"https:\/\/www.africa-press.net\/tchad\/#\/schema\/person\/2b1cf3cd81a31e3cd26889ca66d677f1"},"headline":"lancement de la campagne de vaccination de masse contre la covid-19","datePublished":"2022-03-25T17:10:52+00:00","dateModified":"2022-03-25T17:24:46+00:00","mainEntityOfPage":{"@id":"https:\/\/www.africa-press.net\/tchad\/toutes-les-actualites\/lancement-de-la-campagne-de-vaccination-de-masse-contre-la-covid-19"},"wordCount":479,"commentCount":0,"image":{"@id":"https:\/\/www.africa-press.net\/tchad\/toutes-les-actualites\/lancement-de-la-campagne-de-vaccination-de-masse-contre-la-covid-19#primaryimage"},"thumbnailUrl":"https:\/\/static.africa-press.net\/tchad\/sites\/41\/2022\/03\/img-623dfa9216c3c.jpg","keywords":["Africa Press","Africa Press-Tchad","campagne de vaccination","COVID 19","Tchad"],"articleSection":["Communaut\u00e9","homepage-french","Toutes les actualit\u00e9s"],"inLanguage":"fr-FR","potentialAction":[{"@type":"CommentAction","name":"Comment","target":["https:\/\/www.africa-press.net\/tchad\/toutes-les-actualites\/lancement-de-la-campagne-de-vaccination-de-masse-contre-la-covid-19#respond"]}]},{"@type":"WebPage","@id":"https:\/\/www.africa-press.net\/tchad\/toutes-les-actualites\/lancement-de-la-campagne-de-vaccination-de-masse-contre-la-covid-19","url":"https:\/\/www.africa-press.net\/tchad\/toutes-les-actualites\/lancement-de-la-campagne-de-vaccination-de-masse-contre-la-covid-19","name":"lancement de la campagne de vaccination de masse contre la covid-19 - tchad","isPartOf":{"@id":"https:\/\/www.africa-press.net\/tchad\/#website"},"primaryImageOfPage":{"@id":"https:\/\/www.africa-press.net\/tchad\/toutes-les-actualites\/lancement-de-la-campagne-de-vaccination-de-masse-contre-la-covid-19#primaryimage"},"image":{"@id":"https:\/\/www.africa-press.net\/tchad\/toutes-les-actualites\/lancement-de-la-campagne-de-vaccination-de-masse-contre-la-covid-19#primaryimage"},"thumbnailUrl":"https:\/\/static.africa-press.net\/tchad\/sites\/41\/2022\/03\/img-623dfa9216c3c.jpg","datePublished":"2022-03-25T17:10:52+00:00","dateModified":"2022-03-25T17:24:46+00:00","author":{"@id":"https:\/\/www.africa-press.net\/tchad\/#\/schema\/person\/2b1cf3cd81a31e3cd26889ca66d677f1"},"description":"Le ministre de la sant\u00e9 publique et de la solidarit\u00e9 nationale Dr Abdel-madjid Abderahim a lanc\u00e9 le jeudi 24 mars 202 ...","breadcrumb":{"@id":"https:\/\/www.africa-press.net\/tchad\/toutes-les-actualites\/lancement-de-la-campagne-de-vaccination-de-masse-contre-la-covid-19#breadcrumb"},"inLanguage":"fr-FR","potentialAction":[{"@type":"ReadAction","target":["https:\/\/www.africa-press.net\/tchad\/toutes-les-actualites\/lancement-de-la-campagne-de-vaccination-de-masse-contre-la-covid-19"]}]},{"@type":"ImageObject","inLanguage":"fr-FR","@id":"https:\/\/www.africa-press.net\/tchad\/toutes-les-actualites\/lancement-de-la-campagne-de-vaccination-de-masse-contre-la-covid-19#primaryimage","url":"https:\/\/static.africa-press.net\/tchad\/sites\/41\/2022\/03\/img-623dfa9216c3c.jpg","contentUrl":"https:\/\/static.africa-press.net\/tchad\/sites\/41\/2022\/03\/img-623dfa9216c3c.jpg","width":780,"height":440,"caption":"lancement de la campagne de vaccination de masse contre la covid-19"},{"@type":"BreadcrumbList","@id":"https:\/\/www.africa-press.net\/tchad\/toutes-les-actualites\/lancement-de-la-campagne-de-vaccination-de-masse-contre-la-covid-19#breadcrumb","itemListElement":[{"@type":"ListItem","position":1,"name":"Accueil","item":"https:\/\/www.africa-press.net\/tchad\/"},{"@type":"ListItem","position":2,"name":"lancement de la campagne de vaccination de masse contre la covid-19"}]},{"@type":"WebSite","@id":"https:\/\/www.africa-press.net\/tchad\/#website","url":"https:\/\/www.africa-press.net\/tchad\/","name":"tchad","description":"Just another Africa News Agency Sites site","potentialAction":[{"@type":"SearchAction","target":{"@type":"EntryPoint","urlTemplate":"https:\/\/www.africa-press.net\/tchad\/?s={search_term_string}"},"query-input":{"@type":"PropertyValueSpecification","valueRequired":true,"valueName":"search_term_string"}}],"inLanguage":"fr-FR"},{"@type":"Person","@id":"https:\/\/www.africa-press.net\/tchad\/#\/schema\/person\/2b1cf3cd81a31e3cd26889ca66d677f1","name":"cfeditorfr"}]}},"_links":{"self":[{"href":"https:\/\/www.africa-press.net\/tchad\/wp-json\/wp\/v2\/posts\/22121","targetHints":{"allow":["GET"]}}],"collection":[{"href":"https:\/\/www.africa-press.net\/tchad\/wp-json\/wp\/v2\/posts"}],"about":[{"href":"https:\/\/www.africa-press.net\/tchad\/wp-json\/wp\/v2\/types\/post"}],"author":[{"embeddable":true,"href":"https:\/\/www.africa-press.net\/tchad\/wp-json\/wp\/v2\/users\/82"}],"replies":[{"embeddable":true,"href":"https:\/\/www.africa-press.net\/tchad\/wp-json\/wp\/v2\/comments?post=22121"}],"version-history":[{"count":0,"href":"https:\/\/www.africa-press.net\/tchad\/wp-json\/wp\/v2\/posts\/22121\/revisions"}],"wp:featuredmedia":[{"embeddable":true,"href":"https:\/\/www.africa-press.net\/tchad\/wp-json\/wp\/v2\/media\/22120"}],"wp:attachment":[{"href":"https:\/\/www.africa-press.net\/tchad\/wp-json\/wp\/v2\/media?parent=22121"}],"wp:term":[{"taxonomy":"category","embeddable":true,"href":"https:\/\/www.africa-press.net\/tchad\/wp-json\/wp\/v2\/categories?post=22121"},{"taxonomy":"post_tag","embeddable":true,"href":"https:\/\/www.africa-press.net\/tchad\/wp-json\/wp\/v2\/tags?post=22121"}],"curies":[{"name":"wp","href":"https:\/\/api.w.org\/{rel}","templated":true}]}}