{"id":22945,"date":"2022-04-07T10:24:23","date_gmt":"2022-04-07T10:24:23","guid":{"rendered":"https:\/\/www.africa-press.net\/tchad\/politique\/le-personnel-du-ministere-de-lenvironnement-outille-sur-les-dangers-des-changements-climatiques"},"modified":"2022-04-07T10:39:58","modified_gmt":"2022-04-07T10:39:58","slug":"le-personnel-du-ministere-de-lenvironnement-outille-sur-les-dangers-des-changements-climatiques","status":"publish","type":"post","link":"https:\/\/www.africa-press.net\/tchad\/toutes-les-actualites\/le-personnel-du-ministere-de-lenvironnement-outille-sur-les-dangers-des-changements-climatiques","title":{"rendered":"le personnel du minist\u00e8re de l\u2019environnement outill\u00e9 sur les dangers des changements climatiques"},"content":{"rendered":"<p><span style=\"color: #ff6600\"><strong>Africa-Press &#8211; Tchad. <\/strong><\/span><b>Le minist\u00e8re de l\u2019Environnement, de la P\u00eache et du D\u00e9veloppement Durable, organise du 5 au 6 avril 2022 \u00e0 la maison de la Femme, un atelier de renforcement des capacit\u00e9s des acteurs de lutte contre les changements climatiques, sur la collecte et la gestion des donn\u00e9es.<\/b><\/p>\n<p>L\u2019objectif fix\u00e9 en organisant cet atelier est de renforcer les capacit\u00e9s des acteurs de la lutte contre les changements climatiques sur la collecte de donn\u00e9es et la gestion de base des donn\u00e9es, mais aussi de pr\u00e9senter aux acteurs les fiches de collecte de donn\u00e9es et la base des donn\u00e9es ; d\u2019informer et sensibiliser les participants sur l\u2019importance de la base des donn\u00e9es ; de pr\u00e9senter aux acteurs le dispositif de Suivi\/Evaluation de l\u2019adaptation ; de pr\u00e9senter la charte pour gestion de la base de donn\u00e9es et enfin de r\u00e9diger un rapport de l\u2019atelier.<\/p>\n<p>Pour les organisateurs de cet atelier, la mise en place de la Base de donn\u00e9es (BDD) sur l\u2019adaptation au changement climatique vise \u00e0 favoriser la mobilisation et la mutualisation des donn\u00e9es des diff\u00e9rents acteurs de fa\u00e7on \u00e0 les rendre facilement accessibles et de permettre une veille nationale sur l\u2019adaptation au changement climatique.<\/p>\n<p>Il vise aussi la valorisation de l\u2019information et le d\u00e9veloppement des synergies entre acteurs ainsi que la mutualisation des outils permettant la lisibilit\u00e9, la transparence et la tra\u00e7abilit\u00e9 des donn\u00e9es sur l\u2019adaptation au changement climatique au Tchad.<\/p>\n<p>C\u2019est pour cette raison que le Minist\u00e8re de l\u2019Environnement, de la P\u00eache et du D\u00e9veloppement Durable \u00e0 travers la Direction de Lutte contre les Changements Climatiques, dans le cadre d\u2019un protocole d\u2019accord sign\u00e9 avec le projet de Renforcement de la Productivit\u00e9 des Exploitations agropastorales familiales et R\u00e9silience (RePER) \u00e0 organiser cet atelier de renforcement de capacit\u00e9s des cadres de son d\u00e9partement.<\/p>\n<p><strong>Pour plus d&rsquo;informations et d&rsquo;analyses sur la <a href=\"https:\/\/www.africa-press.net\/tchad\">Tchad<\/a>, suivez <a href=\"https:\/\/www.africa-press.net\/\">Africa-Press<\/a><\/strong><\/p>\n","protected":false},"excerpt":{"rendered":"<p>Africa-Press &#8211; Tchad. Le minist\u00e8re de l\u2019Environnement, de la P\u00eache et du D\u00e9veloppement Durable, organise du 5 au 6 avril 2022 \u00e0 la maison de la Femme, un atelier de renforcement des capacit\u00e9s des acteurs de lutte contre les changements climatiques, sur la collecte et la gestion des donn\u00e9es. L\u2019objectif fix\u00e9 en organisant cet atelier [&hellip;]<\/p>\n","protected":false},"author":82,"featured_media":22944,"comment_status":"open","ping_status":"closed","sticky":false,"template":"","format":"standard","meta":{"footnotes":""},"categories":[21,11,10],"tags":[37,292,2252,3322,29],"class_list":["post-22945","post","type-post","status-publish","format-standard","has-post-thumbnail","hentry","category-communaute","category-homepage-french","category-toutes-les-actualites","tag-africa-press","tag-africa-press-tchad","tag-changement-climatique","tag-ministere-de-lenvironnement","tag-tchad"],"yoast_head":"<!-- This site is optimized with the Yoast SEO Premium plugin v26.1 (Yoast SEO v27.0) - https:\/\/yoast.com\/product\/yoast-seo-premium-wordpress\/ -->\n<title>le personnel du minist\u00e8re de l\u2019environnement outill\u00e9 sur les dangers des changements climatiques - tchad<\/title>\n<meta name=\"description\" content=\"Le minist\u00e8re de l\u2019Environnement, de la P\u00eache et du D\u00e9veloppement Durable, organise du 5 au 6 avril 2022 \u00e0 la maison d ...\" \/>\n<meta name=\"robots\" content=\"index, follow, max-snippet:-1, max-image-preview:large, max-video-preview:-1\" \/>\n<link rel=\"canonical\" href=\"https:\/\/www.africa-press.net\/tchad\/toutes-les-actualites\/le-personnel-du-ministere-de-lenvironnement-outille-sur-les-dangers-des-changements-climatiques\" \/>\n<meta property=\"og:locale\" content=\"fr_FR\" \/>\n<meta property=\"og:type\" content=\"article\" \/>\n<meta property=\"og:title\" content=\"le personnel du minist\u00e8re de l\u2019environnement outill\u00e9 sur les dangers des changements climatiques\" \/>\n<meta property=\"og:description\" content=\"Le minist\u00e8re de l\u2019Environnement, de la P\u00eache et du D\u00e9veloppement Durable, organise du 5 au 6 avril 2022 \u00e0 la maison d ...\" \/>\n<meta property=\"og:url\" content=\"https:\/\/www.africa-press.net\/tchad\/toutes-les-actualites\/le-personnel-du-ministere-de-lenvironnement-outille-sur-les-dangers-des-changements-climatiques\" \/>\n<meta property=\"og:site_name\" content=\"tchad\" \/>\n<meta property=\"article:published_time\" content=\"2022-04-07T10:24:23+00:00\" \/>\n<meta property=\"article:modified_time\" content=\"2022-04-07T10:39:58+00:00\" \/>\n<meta property=\"og:image\" content=\"https:\/\/static.africa-press.net\/tchad\/sites\/41\/2022\/04\/img-624ebf4925952.jpg\" \/>\n\t<meta property=\"og:image:width\" content=\"780\" \/>\n\t<meta property=\"og:image:height\" content=\"440\" \/>\n\t<meta property=\"og:image:type\" content=\"image\/jpeg\" \/>\n<meta name=\"author\" content=\"cfeditorfr\" \/>\n<meta name=\"twitter:card\" content=\"summary_large_image\" \/>\n<meta name=\"twitter:label1\" content=\"\u00c9crit par\" \/>\n\t<meta name=\"twitter:data1\" content=\"cfeditorfr\" \/>\n\t<meta name=\"twitter:label2\" content=\"Dur\u00e9e de lecture estim\u00e9e\" \/>\n\t<meta name=\"twitter:data2\" content=\"2 minutes\" \/>\n<script type=\"application\/ld+json\" class=\"yoast-schema-graph\">{\"@context\":\"https:\/\/schema.org\",\"@graph\":[{\"@type\":\"Article\",\"@id\":\"https:\/\/www.africa-press.net\/tchad\/toutes-les-actualites\/le-personnel-du-ministere-de-lenvironnement-outille-sur-les-dangers-des-changements-climatiques#article\",\"isPartOf\":{\"@id\":\"https:\/\/www.africa-press.net\/tchad\/toutes-les-actualites\/le-personnel-du-ministere-de-lenvironnement-outille-sur-les-dangers-des-changements-climatiques\"},\"author\":{\"name\":\"cfeditorfr\",\"@id\":\"https:\/\/www.africa-press.net\/tchad\/#\/schema\/person\/2b1cf3cd81a31e3cd26889ca66d677f1\"},\"headline\":\"le personnel du minist\u00e8re de l\u2019environnement outill\u00e9 sur les dangers des changements climatiques\",\"datePublished\":\"2022-04-07T10:24:23+00:00\",\"dateModified\":\"2022-04-07T10:39:58+00:00\",\"mainEntityOfPage\":{\"@id\":\"https:\/\/www.africa-press.net\/tchad\/toutes-les-actualites\/le-personnel-du-ministere-de-lenvironnement-outille-sur-les-dangers-des-changements-climatiques\"},\"wordCount\":352,\"commentCount\":0,\"image\":{\"@id\":\"https:\/\/www.africa-press.net\/tchad\/toutes-les-actualites\/le-personnel-du-ministere-de-lenvironnement-outille-sur-les-dangers-des-changements-climatiques#primaryimage\"},\"thumbnailUrl\":\"https:\/\/static.africa-press.net\/tchad\/sites\/41\/2022\/04\/img-624ebf4925952.jpg\",\"keywords\":[\"Africa Press\",\"Africa Press-Tchad\",\"Changement climatique\",\"Minist\u00e8re de l\u2019environnement\",\"Tchad\"],\"articleSection\":[\"Communaut\u00e9\",\"homepage-french\",\"Toutes les actualit\u00e9s\"],\"inLanguage\":\"fr-FR\",\"potentialAction\":[{\"@type\":\"CommentAction\",\"name\":\"Comment\",\"target\":[\"https:\/\/www.africa-press.net\/tchad\/toutes-les-actualites\/le-personnel-du-ministere-de-lenvironnement-outille-sur-les-dangers-des-changements-climatiques#respond\"]}]},{\"@type\":\"WebPage\",\"@id\":\"https:\/\/www.africa-press.net\/tchad\/toutes-les-actualites\/le-personnel-du-ministere-de-lenvironnement-outille-sur-les-dangers-des-changements-climatiques\",\"url\":\"https:\/\/www.africa-press.net\/tchad\/toutes-les-actualites\/le-personnel-du-ministere-de-lenvironnement-outille-sur-les-dangers-des-changements-climatiques\",\"name\":\"le personnel du minist\u00e8re de l\u2019environnement outill\u00e9 sur les dangers des changements climatiques - tchad\",\"isPartOf\":{\"@id\":\"https:\/\/www.africa-press.net\/tchad\/#website\"},\"primaryImageOfPage\":{\"@id\":\"https:\/\/www.africa-press.net\/tchad\/toutes-les-actualites\/le-personnel-du-ministere-de-lenvironnement-outille-sur-les-dangers-des-changements-climatiques#primaryimage\"},\"image\":{\"@id\":\"https:\/\/www.africa-press.net\/tchad\/toutes-les-actualites\/le-personnel-du-ministere-de-lenvironnement-outille-sur-les-dangers-des-changements-climatiques#primaryimage\"},\"thumbnailUrl\":\"https:\/\/static.africa-press.net\/tchad\/sites\/41\/2022\/04\/img-624ebf4925952.jpg\",\"datePublished\":\"2022-04-07T10:24:23+00:00\",\"dateModified\":\"2022-04-07T10:39:58+00:00\",\"author\":{\"@id\":\"https:\/\/www.africa-press.net\/tchad\/#\/schema\/person\/2b1cf3cd81a31e3cd26889ca66d677f1\"},\"description\":\"Le minist\u00e8re de l\u2019Environnement, de la P\u00eache et du D\u00e9veloppement Durable, organise du 5 au 6 avril 2022 \u00e0 la maison d ...\",\"breadcrumb\":{\"@id\":\"https:\/\/www.africa-press.net\/tchad\/toutes-les-actualites\/le-personnel-du-ministere-de-lenvironnement-outille-sur-les-dangers-des-changements-climatiques#breadcrumb\"},\"inLanguage\":\"fr-FR\",\"potentialAction\":[{\"@type\":\"ReadAction\",\"target\":[\"https:\/\/www.africa-press.net\/tchad\/toutes-les-actualites\/le-personnel-du-ministere-de-lenvironnement-outille-sur-les-dangers-des-changements-climatiques\"]}]},{\"@type\":\"ImageObject\",\"inLanguage\":\"fr-FR\",\"@id\":\"https:\/\/www.africa-press.net\/tchad\/toutes-les-actualites\/le-personnel-du-ministere-de-lenvironnement-outille-sur-les-dangers-des-changements-climatiques#primaryimage\",\"url\":\"https:\/\/static.africa-press.net\/tchad\/sites\/41\/2022\/04\/img-624ebf4925952.jpg\",\"contentUrl\":\"https:\/\/static.africa-press.net\/tchad\/sites\/41\/2022\/04\/img-624ebf4925952.jpg\",\"width\":780,\"height\":440,\"caption\":\"le personnel du minist\u00e8re de l\u2019environnement outill\u00e9 sur les dangers des changements climatiques\"},{\"@type\":\"BreadcrumbList\",\"@id\":\"https:\/\/www.africa-press.net\/tchad\/toutes-les-actualites\/le-personnel-du-ministere-de-lenvironnement-outille-sur-les-dangers-des-changements-climatiques#breadcrumb\",\"itemListElement\":[{\"@type\":\"ListItem\",\"position\":1,\"name\":\"Accueil\",\"item\":\"https:\/\/www.africa-press.net\/tchad\/\"},{\"@type\":\"ListItem\",\"position\":2,\"name\":\"le personnel du minist\u00e8re de l\u2019environnement outill\u00e9 sur les dangers des changements climatiques\"}]},{\"@type\":\"WebSite\",\"@id\":\"https:\/\/www.africa-press.net\/tchad\/#website\",\"url\":\"https:\/\/www.africa-press.net\/tchad\/\",\"name\":\"tchad\",\"description\":\"Just another Africa News Agency Sites site\",\"potentialAction\":[{\"@type\":\"SearchAction\",\"target\":{\"@type\":\"EntryPoint\",\"urlTemplate\":\"https:\/\/www.africa-press.net\/tchad\/?s={search_term_string}\"},\"query-input\":{\"@type\":\"PropertyValueSpecification\",\"valueRequired\":true,\"valueName\":\"search_term_string\"}}],\"inLanguage\":\"fr-FR\"},{\"@type\":\"Person\",\"@id\":\"https:\/\/www.africa-press.net\/tchad\/#\/schema\/person\/2b1cf3cd81a31e3cd26889ca66d677f1\",\"name\":\"cfeditorfr\"}]}<\/script>\n<!-- \/ Yoast SEO Premium plugin. -->","yoast_head_json":{"title":"le personnel du minist\u00e8re de l\u2019environnement outill\u00e9 sur les dangers des changements climatiques - tchad","description":"Le minist\u00e8re de l\u2019Environnement, de la P\u00eache et du D\u00e9veloppement Durable, organise du 5 au 6 avril 2022 \u00e0 la maison d ...","robots":{"index":"index","follow":"follow","max-snippet":"max-snippet:-1","max-image-preview":"max-image-preview:large","max-video-preview":"max-video-preview:-1"},"canonical":"https:\/\/www.africa-press.net\/tchad\/toutes-les-actualites\/le-personnel-du-ministere-de-lenvironnement-outille-sur-les-dangers-des-changements-climatiques","og_locale":"fr_FR","og_type":"article","og_title":"le personnel du minist\u00e8re de l\u2019environnement outill\u00e9 sur les dangers des changements climatiques","og_description":"Le minist\u00e8re de l\u2019Environnement, de la P\u00eache et du D\u00e9veloppement Durable, organise du 5 au 6 avril 2022 \u00e0 la maison d ...","og_url":"https:\/\/www.africa-press.net\/tchad\/toutes-les-actualites\/le-personnel-du-ministere-de-lenvironnement-outille-sur-les-dangers-des-changements-climatiques","og_site_name":"tchad","article_published_time":"2022-04-07T10:24:23+00:00","article_modified_time":"2022-04-07T10:39:58+00:00","og_image":[{"width":780,"height":440,"url":"https:\/\/static.africa-press.net\/tchad\/sites\/41\/2022\/04\/img-624ebf4925952.jpg","type":"image\/jpeg"}],"author":"cfeditorfr","twitter_card":"summary_large_image","twitter_misc":{"\u00c9crit par":"cfeditorfr","Dur\u00e9e de lecture estim\u00e9e":"2 minutes"},"schema":{"@context":"https:\/\/schema.org","@graph":[{"@type":"Article","@id":"https:\/\/www.africa-press.net\/tchad\/toutes-les-actualites\/le-personnel-du-ministere-de-lenvironnement-outille-sur-les-dangers-des-changements-climatiques#article","isPartOf":{"@id":"https:\/\/www.africa-press.net\/tchad\/toutes-les-actualites\/le-personnel-du-ministere-de-lenvironnement-outille-sur-les-dangers-des-changements-climatiques"},"author":{"name":"cfeditorfr","@id":"https:\/\/www.africa-press.net\/tchad\/#\/schema\/person\/2b1cf3cd81a31e3cd26889ca66d677f1"},"headline":"le personnel du minist\u00e8re de l\u2019environnement outill\u00e9 sur les dangers des changements climatiques","datePublished":"2022-04-07T10:24:23+00:00","dateModified":"2022-04-07T10:39:58+00:00","mainEntityOfPage":{"@id":"https:\/\/www.africa-press.net\/tchad\/toutes-les-actualites\/le-personnel-du-ministere-de-lenvironnement-outille-sur-les-dangers-des-changements-climatiques"},"wordCount":352,"commentCount":0,"image":{"@id":"https:\/\/www.africa-press.net\/tchad\/toutes-les-actualites\/le-personnel-du-ministere-de-lenvironnement-outille-sur-les-dangers-des-changements-climatiques#primaryimage"},"thumbnailUrl":"https:\/\/static.africa-press.net\/tchad\/sites\/41\/2022\/04\/img-624ebf4925952.jpg","keywords":["Africa Press","Africa Press-Tchad","Changement climatique","Minist\u00e8re de l\u2019environnement","Tchad"],"articleSection":["Communaut\u00e9","homepage-french","Toutes les actualit\u00e9s"],"inLanguage":"fr-FR","potentialAction":[{"@type":"CommentAction","name":"Comment","target":["https:\/\/www.africa-press.net\/tchad\/toutes-les-actualites\/le-personnel-du-ministere-de-lenvironnement-outille-sur-les-dangers-des-changements-climatiques#respond"]}]},{"@type":"WebPage","@id":"https:\/\/www.africa-press.net\/tchad\/toutes-les-actualites\/le-personnel-du-ministere-de-lenvironnement-outille-sur-les-dangers-des-changements-climatiques","url":"https:\/\/www.africa-press.net\/tchad\/toutes-les-actualites\/le-personnel-du-ministere-de-lenvironnement-outille-sur-les-dangers-des-changements-climatiques","name":"le personnel du minist\u00e8re de l\u2019environnement outill\u00e9 sur les dangers des changements climatiques - tchad","isPartOf":{"@id":"https:\/\/www.africa-press.net\/tchad\/#website"},"primaryImageOfPage":{"@id":"https:\/\/www.africa-press.net\/tchad\/toutes-les-actualites\/le-personnel-du-ministere-de-lenvironnement-outille-sur-les-dangers-des-changements-climatiques#primaryimage"},"image":{"@id":"https:\/\/www.africa-press.net\/tchad\/toutes-les-actualites\/le-personnel-du-ministere-de-lenvironnement-outille-sur-les-dangers-des-changements-climatiques#primaryimage"},"thumbnailUrl":"https:\/\/static.africa-press.net\/tchad\/sites\/41\/2022\/04\/img-624ebf4925952.jpg","datePublished":"2022-04-07T10:24:23+00:00","dateModified":"2022-04-07T10:39:58+00:00","author":{"@id":"https:\/\/www.africa-press.net\/tchad\/#\/schema\/person\/2b1cf3cd81a31e3cd26889ca66d677f1"},"description":"Le minist\u00e8re de l\u2019Environnement, de la P\u00eache et du D\u00e9veloppement Durable, organise du 5 au 6 avril 2022 \u00e0 la maison d ...","breadcrumb":{"@id":"https:\/\/www.africa-press.net\/tchad\/toutes-les-actualites\/le-personnel-du-ministere-de-lenvironnement-outille-sur-les-dangers-des-changements-climatiques#breadcrumb"},"inLanguage":"fr-FR","potentialAction":[{"@type":"ReadAction","target":["https:\/\/www.africa-press.net\/tchad\/toutes-les-actualites\/le-personnel-du-ministere-de-lenvironnement-outille-sur-les-dangers-des-changements-climatiques"]}]},{"@type":"ImageObject","inLanguage":"fr-FR","@id":"https:\/\/www.africa-press.net\/tchad\/toutes-les-actualites\/le-personnel-du-ministere-de-lenvironnement-outille-sur-les-dangers-des-changements-climatiques#primaryimage","url":"https:\/\/static.africa-press.net\/tchad\/sites\/41\/2022\/04\/img-624ebf4925952.jpg","contentUrl":"https:\/\/static.africa-press.net\/tchad\/sites\/41\/2022\/04\/img-624ebf4925952.jpg","width":780,"height":440,"caption":"le personnel du minist\u00e8re de l\u2019environnement outill\u00e9 sur les dangers des changements climatiques"},{"@type":"BreadcrumbList","@id":"https:\/\/www.africa-press.net\/tchad\/toutes-les-actualites\/le-personnel-du-ministere-de-lenvironnement-outille-sur-les-dangers-des-changements-climatiques#breadcrumb","itemListElement":[{"@type":"ListItem","position":1,"name":"Accueil","item":"https:\/\/www.africa-press.net\/tchad\/"},{"@type":"ListItem","position":2,"name":"le personnel du minist\u00e8re de l\u2019environnement outill\u00e9 sur les dangers des changements climatiques"}]},{"@type":"WebSite","@id":"https:\/\/www.africa-press.net\/tchad\/#website","url":"https:\/\/www.africa-press.net\/tchad\/","name":"tchad","description":"Just another Africa News Agency Sites site","potentialAction":[{"@type":"SearchAction","target":{"@type":"EntryPoint","urlTemplate":"https:\/\/www.africa-press.net\/tchad\/?s={search_term_string}"},"query-input":{"@type":"PropertyValueSpecification","valueRequired":true,"valueName":"search_term_string"}}],"inLanguage":"fr-FR"},{"@type":"Person","@id":"https:\/\/www.africa-press.net\/tchad\/#\/schema\/person\/2b1cf3cd81a31e3cd26889ca66d677f1","name":"cfeditorfr"}]}},"_links":{"self":[{"href":"https:\/\/www.africa-press.net\/tchad\/wp-json\/wp\/v2\/posts\/22945","targetHints":{"allow":["GET"]}}],"collection":[{"href":"https:\/\/www.africa-press.net\/tchad\/wp-json\/wp\/v2\/posts"}],"about":[{"href":"https:\/\/www.africa-press.net\/tchad\/wp-json\/wp\/v2\/types\/post"}],"author":[{"embeddable":true,"href":"https:\/\/www.africa-press.net\/tchad\/wp-json\/wp\/v2\/users\/82"}],"replies":[{"embeddable":true,"href":"https:\/\/www.africa-press.net\/tchad\/wp-json\/wp\/v2\/comments?post=22945"}],"version-history":[{"count":0,"href":"https:\/\/www.africa-press.net\/tchad\/wp-json\/wp\/v2\/posts\/22945\/revisions"}],"wp:featuredmedia":[{"embeddable":true,"href":"https:\/\/www.africa-press.net\/tchad\/wp-json\/wp\/v2\/media\/22944"}],"wp:attachment":[{"href":"https:\/\/www.africa-press.net\/tchad\/wp-json\/wp\/v2\/media?parent=22945"}],"wp:term":[{"taxonomy":"category","embeddable":true,"href":"https:\/\/www.africa-press.net\/tchad\/wp-json\/wp\/v2\/categories?post=22945"},{"taxonomy":"post_tag","embeddable":true,"href":"https:\/\/www.africa-press.net\/tchad\/wp-json\/wp\/v2\/tags?post=22945"}],"curies":[{"name":"wp","href":"https:\/\/api.w.org\/{rel}","templated":true}]}}