{"id":2305,"date":"2021-01-22T15:32:32","date_gmt":"2021-01-22T15:32:32","guid":{"rendered":"https:\/\/www.africa-press.net\/tchad\/?p=2305"},"modified":"2021-01-22T16:51:36","modified_gmt":"2021-01-22T16:51:36","slug":"le-tchad-perd-le-general-routouang-yoma-golom","status":"publish","type":"post","link":"https:\/\/www.africa-press.net\/tchad\/politique\/le-tchad-perd-le-general-routouang-yoma-golom","title":{"rendered":"Le Tchad perd le g\u00e9n\u00e9ral Routouang Yoma Golom"},"content":{"rendered":"<p><span style=\"color: #ff6600\"><strong><a href=\"https:\/\/www.africa-press.net\/\">Africa-Press<\/a> &#8211; <a href=\"https:\/\/www.africa-press.net\/tchad\">Tchad<\/a>. <\/strong><\/span><b>Un monument du Tchad vient de s\u2019en aller. Le g\u00e9n\u00e9ral Routouang Yoma Golom a tir\u00e9 sa r\u00e9v\u00e9rence dans la matin\u00e9e du 22 janvier 2021. Il aurait succomb\u00e9 \u00e0 la maladie.<\/b><\/p>\n<p>Baobab dans la province du Mayo Kebbi Est dont il est originaire, l\u2019officier sup\u00e9rieur, Routouang Yoma Golom a su mettre son savoir-faire au sein de l\u2019administration et de l\u2019arm\u00e9e tchadienne. Il a occup\u00e9 plusieurs postes de responsabilit\u00e9s dans le gouvernement, au parlement et dans l\u2019arm\u00e9e. Il est reconnu pour son ouverture \u00e0 la jeunesse et grand conseiller de la jeunesse. Il est d\u00e9put\u00e9 \u00e0 l\u2019Assembl\u00e9e nationale depuis 2011.<\/p>\n<p>Le g\u00e9n\u00e9ral Routouang Yoma Golom est membre du Mouvement patriotique du salut (MPS), le parti au pouvoir. Sous l\u2019ancien r\u00e9gime, il a \u00e9t\u00e9 ministre de la justice, garde des sceaux. En 2002, il a \u00e9t\u00e9 nomm\u00e9 ministre de l\u2019agriculture par l\u2019actuel chef d\u2019Etat, Idriss Deby Itno. Un an plus tard, il est envoy\u00e9 au minist\u00e8re des Postes et t\u00e9l\u00e9communications. En 2004, Idriss Deby le d\u00e9place pour le minist\u00e8re de l\u2019administration territorial, ensuite au minist\u00e8re du commerce et de l\u2019industrie. Le dernier d\u00e9partement minist\u00e9riel qu\u2019il a g\u00e9r\u00e9 est celui de l\u2019int\u00e9rieur, de la s\u00e9curit\u00e9 publique et de l\u2019int\u00e9rieur en 2006.<\/p>\n<p>Le d\u00e9put\u00e9 MPS pour la province du Mayo Kebbi Est a pr\u00e9sid\u00e9 la commission parlementaire D\u00e9fense et S\u00e9curit\u00e9 ; la commission Politique G\u00e9n\u00e9rale, Institutions, Lois, Affaires Administratives et Judiciaires. Il a \u00e9t\u00e9 membre du de la commission sp\u00e9ciale charg\u00e9e de l\u2019examen du projet de Loi constitutionnelle Il est le p\u00e8re de l\u2019actuel ministre de la jeunesse et des sports, Routouang Mohamed Christian.<\/p>\n<p>\u00ab J\u2019ai appris avec tristesse le d\u00e9c\u00e8s du d\u00e9put\u00e9 Routouang Yoma Golom. Notre pays perd un de ses dignes fils, un officier g\u00e9n\u00e9ral de grande valeur, un administrateur rompu et un sage \u00e0 l\u2019exp\u00e9rience \u00e9prouv\u00e9e. J\u2019adresse mes condol\u00e9ances \u00e9mues \u00e0 sa famille et \u00e0 tous ses proches \u00bb, tel est l\u2019hommage rendu par le Mar\u00e9chal du Tchad au g\u00e9n\u00e9ral.<\/p>\n","protected":false},"excerpt":{"rendered":"<p>Africa-Press &#8211; Tchad. Un monument du Tchad vient de s\u2019en aller. Le g\u00e9n\u00e9ral Routouang Yoma Golom a tir\u00e9 sa r\u00e9v\u00e9rence dans la matin\u00e9e du 22 janvier 2021. Il aurait succomb\u00e9 \u00e0 la maladie. Baobab dans la province du Mayo Kebbi Est dont il est originaire, l\u2019officier sup\u00e9rieur, Routouang Yoma Golom a su mettre son savoir-faire [&hellip;]<\/p>\n","protected":false},"author":82,"featured_media":2304,"comment_status":"open","ping_status":"closed","sticky":false,"template":"","format":"standard","meta":{"footnotes":""},"categories":[11,2,20,10],"tags":[37,292,414,413,29],"class_list":["post-2305","post","type-post","status-publish","format-standard","has-post-thumbnail","hentry","category-homepage-french","category-politique","category-top-nouvelles","category-toutes-les-actualites","tag-africa-press","tag-africa-press-tchad","tag-deces","tag-routouang-yoma-golom","tag-tchad"],"yoast_head":"<!-- This site is optimized with the Yoast SEO Premium plugin v26.1 (Yoast SEO v27.0) - https:\/\/yoast.com\/product\/yoast-seo-premium-wordpress\/ -->\n<title>Le Tchad perd le g\u00e9n\u00e9ral Routouang Yoma Golom - tchad<\/title>\n<meta name=\"description\" content=\"Un monument du Tchad vient de s\u2019en aller. Le g\u00e9n\u00e9ral Routouang Yoma Golom a tir\u00e9 sa r\u00e9v\u00e9rence dans la matin\u00e9e du 22 j ...\" \/>\n<meta name=\"robots\" content=\"index, follow, max-snippet:-1, max-image-preview:large, max-video-preview:-1\" \/>\n<link rel=\"canonical\" href=\"https:\/\/www.africa-press.net\/tchad\/politique\/le-tchad-perd-le-general-routouang-yoma-golom\" \/>\n<meta property=\"og:locale\" content=\"fr_FR\" \/>\n<meta property=\"og:type\" content=\"article\" \/>\n<meta property=\"og:title\" content=\"Le Tchad perd le g\u00e9n\u00e9ral Routouang Yoma Golom\" \/>\n<meta property=\"og:description\" content=\"Un monument du Tchad vient de s\u2019en aller. Le g\u00e9n\u00e9ral Routouang Yoma Golom a tir\u00e9 sa r\u00e9v\u00e9rence dans la matin\u00e9e du 22 j ...\" \/>\n<meta property=\"og:url\" content=\"https:\/\/www.africa-press.net\/tchad\/politique\/le-tchad-perd-le-general-routouang-yoma-golom\" \/>\n<meta property=\"og:site_name\" content=\"tchad\" \/>\n<meta property=\"article:published_time\" content=\"2021-01-22T15:32:32+00:00\" \/>\n<meta property=\"article:modified_time\" content=\"2021-01-22T16:51:36+00:00\" \/>\n<meta property=\"og:image\" content=\"https:\/\/static.africa-press.net\/tchad\/sites\/41\/2021\/01\/img-600aec764d4fa.jpg\" \/>\n\t<meta property=\"og:image:width\" content=\"780\" \/>\n\t<meta property=\"og:image:height\" content=\"440\" \/>\n\t<meta property=\"og:image:type\" content=\"image\/jpeg\" \/>\n<meta name=\"author\" content=\"cfeditorfr\" \/>\n<meta name=\"twitter:card\" content=\"summary_large_image\" \/>\n<meta name=\"twitter:label1\" content=\"\u00c9crit par\" \/>\n\t<meta name=\"twitter:data1\" content=\"cfeditorfr\" \/>\n\t<meta name=\"twitter:label2\" content=\"Dur\u00e9e de lecture estim\u00e9e\" \/>\n\t<meta name=\"twitter:data2\" content=\"2 minutes\" \/>\n<script type=\"application\/ld+json\" class=\"yoast-schema-graph\">{\"@context\":\"https:\/\/schema.org\",\"@graph\":[{\"@type\":\"Article\",\"@id\":\"https:\/\/www.africa-press.net\/tchad\/politique\/le-tchad-perd-le-general-routouang-yoma-golom#article\",\"isPartOf\":{\"@id\":\"https:\/\/www.africa-press.net\/tchad\/politique\/le-tchad-perd-le-general-routouang-yoma-golom\"},\"author\":{\"name\":\"cfeditorfr\",\"@id\":\"https:\/\/www.africa-press.net\/tchad\/#\/schema\/person\/2b1cf3cd81a31e3cd26889ca66d677f1\"},\"headline\":\"Le Tchad perd le g\u00e9n\u00e9ral Routouang Yoma Golom\",\"datePublished\":\"2021-01-22T15:32:32+00:00\",\"dateModified\":\"2021-01-22T16:51:36+00:00\",\"mainEntityOfPage\":{\"@id\":\"https:\/\/www.africa-press.net\/tchad\/politique\/le-tchad-perd-le-general-routouang-yoma-golom\"},\"wordCount\":383,\"commentCount\":0,\"image\":{\"@id\":\"https:\/\/www.africa-press.net\/tchad\/politique\/le-tchad-perd-le-general-routouang-yoma-golom#primaryimage\"},\"thumbnailUrl\":\"https:\/\/static.africa-press.net\/tchad\/sites\/41\/2021\/01\/img-600aec764d4fa.jpg\",\"keywords\":[\"Africa Press\",\"Africa Press-Tchad\",\"D\u00e9c\u00e8s\",\"Routouang Yoma Golom\",\"Tchad\"],\"articleSection\":[\"homepage-french\",\"Politique\",\"Top Nouvelles\",\"Toutes les actualit\u00e9s\"],\"inLanguage\":\"fr-FR\",\"potentialAction\":[{\"@type\":\"CommentAction\",\"name\":\"Comment\",\"target\":[\"https:\/\/www.africa-press.net\/tchad\/politique\/le-tchad-perd-le-general-routouang-yoma-golom#respond\"]}]},{\"@type\":\"WebPage\",\"@id\":\"https:\/\/www.africa-press.net\/tchad\/politique\/le-tchad-perd-le-general-routouang-yoma-golom\",\"url\":\"https:\/\/www.africa-press.net\/tchad\/politique\/le-tchad-perd-le-general-routouang-yoma-golom\",\"name\":\"Le Tchad perd le g\u00e9n\u00e9ral Routouang Yoma Golom - tchad\",\"isPartOf\":{\"@id\":\"https:\/\/www.africa-press.net\/tchad\/#website\"},\"primaryImageOfPage\":{\"@id\":\"https:\/\/www.africa-press.net\/tchad\/politique\/le-tchad-perd-le-general-routouang-yoma-golom#primaryimage\"},\"image\":{\"@id\":\"https:\/\/www.africa-press.net\/tchad\/politique\/le-tchad-perd-le-general-routouang-yoma-golom#primaryimage\"},\"thumbnailUrl\":\"https:\/\/static.africa-press.net\/tchad\/sites\/41\/2021\/01\/img-600aec764d4fa.jpg\",\"datePublished\":\"2021-01-22T15:32:32+00:00\",\"dateModified\":\"2021-01-22T16:51:36+00:00\",\"author\":{\"@id\":\"https:\/\/www.africa-press.net\/tchad\/#\/schema\/person\/2b1cf3cd81a31e3cd26889ca66d677f1\"},\"description\":\"Un monument du Tchad vient de s\u2019en aller. Le g\u00e9n\u00e9ral Routouang Yoma Golom a tir\u00e9 sa r\u00e9v\u00e9rence dans la matin\u00e9e du 22 j ...\",\"breadcrumb\":{\"@id\":\"https:\/\/www.africa-press.net\/tchad\/politique\/le-tchad-perd-le-general-routouang-yoma-golom#breadcrumb\"},\"inLanguage\":\"fr-FR\",\"potentialAction\":[{\"@type\":\"ReadAction\",\"target\":[\"https:\/\/www.africa-press.net\/tchad\/politique\/le-tchad-perd-le-general-routouang-yoma-golom\"]}]},{\"@type\":\"ImageObject\",\"inLanguage\":\"fr-FR\",\"@id\":\"https:\/\/www.africa-press.net\/tchad\/politique\/le-tchad-perd-le-general-routouang-yoma-golom#primaryimage\",\"url\":\"https:\/\/static.africa-press.net\/tchad\/sites\/41\/2021\/01\/img-600aec764d4fa.jpg\",\"contentUrl\":\"https:\/\/static.africa-press.net\/tchad\/sites\/41\/2021\/01\/img-600aec764d4fa.jpg\",\"width\":780,\"height\":440,\"caption\":\"Le Tchad perd le g\u00e9n\u00e9ral Routouang Yoma Golom\"},{\"@type\":\"BreadcrumbList\",\"@id\":\"https:\/\/www.africa-press.net\/tchad\/politique\/le-tchad-perd-le-general-routouang-yoma-golom#breadcrumb\",\"itemListElement\":[{\"@type\":\"ListItem\",\"position\":1,\"name\":\"Accueil\",\"item\":\"https:\/\/www.africa-press.net\/tchad\/\"},{\"@type\":\"ListItem\",\"position\":2,\"name\":\"Le Tchad perd le g\u00e9n\u00e9ral Routouang Yoma Golom\"}]},{\"@type\":\"WebSite\",\"@id\":\"https:\/\/www.africa-press.net\/tchad\/#website\",\"url\":\"https:\/\/www.africa-press.net\/tchad\/\",\"name\":\"tchad\",\"description\":\"Just another Africa News Agency Sites site\",\"potentialAction\":[{\"@type\":\"SearchAction\",\"target\":{\"@type\":\"EntryPoint\",\"urlTemplate\":\"https:\/\/www.africa-press.net\/tchad\/?s={search_term_string}\"},\"query-input\":{\"@type\":\"PropertyValueSpecification\",\"valueRequired\":true,\"valueName\":\"search_term_string\"}}],\"inLanguage\":\"fr-FR\"},{\"@type\":\"Person\",\"@id\":\"https:\/\/www.africa-press.net\/tchad\/#\/schema\/person\/2b1cf3cd81a31e3cd26889ca66d677f1\",\"name\":\"cfeditorfr\"}]}<\/script>\n<!-- \/ Yoast SEO Premium plugin. -->","yoast_head_json":{"title":"Le Tchad perd le g\u00e9n\u00e9ral Routouang Yoma Golom - tchad","description":"Un monument du Tchad vient de s\u2019en aller. Le g\u00e9n\u00e9ral Routouang Yoma Golom a tir\u00e9 sa r\u00e9v\u00e9rence dans la matin\u00e9e du 22 j ...","robots":{"index":"index","follow":"follow","max-snippet":"max-snippet:-1","max-image-preview":"max-image-preview:large","max-video-preview":"max-video-preview:-1"},"canonical":"https:\/\/www.africa-press.net\/tchad\/politique\/le-tchad-perd-le-general-routouang-yoma-golom","og_locale":"fr_FR","og_type":"article","og_title":"Le Tchad perd le g\u00e9n\u00e9ral Routouang Yoma Golom","og_description":"Un monument du Tchad vient de s\u2019en aller. Le g\u00e9n\u00e9ral Routouang Yoma Golom a tir\u00e9 sa r\u00e9v\u00e9rence dans la matin\u00e9e du 22 j ...","og_url":"https:\/\/www.africa-press.net\/tchad\/politique\/le-tchad-perd-le-general-routouang-yoma-golom","og_site_name":"tchad","article_published_time":"2021-01-22T15:32:32+00:00","article_modified_time":"2021-01-22T16:51:36+00:00","og_image":[{"width":780,"height":440,"url":"https:\/\/static.africa-press.net\/tchad\/sites\/41\/2021\/01\/img-600aec764d4fa.jpg","type":"image\/jpeg"}],"author":"cfeditorfr","twitter_card":"summary_large_image","twitter_misc":{"\u00c9crit par":"cfeditorfr","Dur\u00e9e de lecture estim\u00e9e":"2 minutes"},"schema":{"@context":"https:\/\/schema.org","@graph":[{"@type":"Article","@id":"https:\/\/www.africa-press.net\/tchad\/politique\/le-tchad-perd-le-general-routouang-yoma-golom#article","isPartOf":{"@id":"https:\/\/www.africa-press.net\/tchad\/politique\/le-tchad-perd-le-general-routouang-yoma-golom"},"author":{"name":"cfeditorfr","@id":"https:\/\/www.africa-press.net\/tchad\/#\/schema\/person\/2b1cf3cd81a31e3cd26889ca66d677f1"},"headline":"Le Tchad perd le g\u00e9n\u00e9ral Routouang Yoma Golom","datePublished":"2021-01-22T15:32:32+00:00","dateModified":"2021-01-22T16:51:36+00:00","mainEntityOfPage":{"@id":"https:\/\/www.africa-press.net\/tchad\/politique\/le-tchad-perd-le-general-routouang-yoma-golom"},"wordCount":383,"commentCount":0,"image":{"@id":"https:\/\/www.africa-press.net\/tchad\/politique\/le-tchad-perd-le-general-routouang-yoma-golom#primaryimage"},"thumbnailUrl":"https:\/\/static.africa-press.net\/tchad\/sites\/41\/2021\/01\/img-600aec764d4fa.jpg","keywords":["Africa Press","Africa Press-Tchad","D\u00e9c\u00e8s","Routouang Yoma Golom","Tchad"],"articleSection":["homepage-french","Politique","Top Nouvelles","Toutes les actualit\u00e9s"],"inLanguage":"fr-FR","potentialAction":[{"@type":"CommentAction","name":"Comment","target":["https:\/\/www.africa-press.net\/tchad\/politique\/le-tchad-perd-le-general-routouang-yoma-golom#respond"]}]},{"@type":"WebPage","@id":"https:\/\/www.africa-press.net\/tchad\/politique\/le-tchad-perd-le-general-routouang-yoma-golom","url":"https:\/\/www.africa-press.net\/tchad\/politique\/le-tchad-perd-le-general-routouang-yoma-golom","name":"Le Tchad perd le g\u00e9n\u00e9ral Routouang Yoma Golom - tchad","isPartOf":{"@id":"https:\/\/www.africa-press.net\/tchad\/#website"},"primaryImageOfPage":{"@id":"https:\/\/www.africa-press.net\/tchad\/politique\/le-tchad-perd-le-general-routouang-yoma-golom#primaryimage"},"image":{"@id":"https:\/\/www.africa-press.net\/tchad\/politique\/le-tchad-perd-le-general-routouang-yoma-golom#primaryimage"},"thumbnailUrl":"https:\/\/static.africa-press.net\/tchad\/sites\/41\/2021\/01\/img-600aec764d4fa.jpg","datePublished":"2021-01-22T15:32:32+00:00","dateModified":"2021-01-22T16:51:36+00:00","author":{"@id":"https:\/\/www.africa-press.net\/tchad\/#\/schema\/person\/2b1cf3cd81a31e3cd26889ca66d677f1"},"description":"Un monument du Tchad vient de s\u2019en aller. Le g\u00e9n\u00e9ral Routouang Yoma Golom a tir\u00e9 sa r\u00e9v\u00e9rence dans la matin\u00e9e du 22 j ...","breadcrumb":{"@id":"https:\/\/www.africa-press.net\/tchad\/politique\/le-tchad-perd-le-general-routouang-yoma-golom#breadcrumb"},"inLanguage":"fr-FR","potentialAction":[{"@type":"ReadAction","target":["https:\/\/www.africa-press.net\/tchad\/politique\/le-tchad-perd-le-general-routouang-yoma-golom"]}]},{"@type":"ImageObject","inLanguage":"fr-FR","@id":"https:\/\/www.africa-press.net\/tchad\/politique\/le-tchad-perd-le-general-routouang-yoma-golom#primaryimage","url":"https:\/\/static.africa-press.net\/tchad\/sites\/41\/2021\/01\/img-600aec764d4fa.jpg","contentUrl":"https:\/\/static.africa-press.net\/tchad\/sites\/41\/2021\/01\/img-600aec764d4fa.jpg","width":780,"height":440,"caption":"Le Tchad perd le g\u00e9n\u00e9ral Routouang Yoma Golom"},{"@type":"BreadcrumbList","@id":"https:\/\/www.africa-press.net\/tchad\/politique\/le-tchad-perd-le-general-routouang-yoma-golom#breadcrumb","itemListElement":[{"@type":"ListItem","position":1,"name":"Accueil","item":"https:\/\/www.africa-press.net\/tchad\/"},{"@type":"ListItem","position":2,"name":"Le Tchad perd le g\u00e9n\u00e9ral Routouang Yoma Golom"}]},{"@type":"WebSite","@id":"https:\/\/www.africa-press.net\/tchad\/#website","url":"https:\/\/www.africa-press.net\/tchad\/","name":"tchad","description":"Just another Africa News Agency Sites site","potentialAction":[{"@type":"SearchAction","target":{"@type":"EntryPoint","urlTemplate":"https:\/\/www.africa-press.net\/tchad\/?s={search_term_string}"},"query-input":{"@type":"PropertyValueSpecification","valueRequired":true,"valueName":"search_term_string"}}],"inLanguage":"fr-FR"},{"@type":"Person","@id":"https:\/\/www.africa-press.net\/tchad\/#\/schema\/person\/2b1cf3cd81a31e3cd26889ca66d677f1","name":"cfeditorfr"}]}},"_links":{"self":[{"href":"https:\/\/www.africa-press.net\/tchad\/wp-json\/wp\/v2\/posts\/2305","targetHints":{"allow":["GET"]}}],"collection":[{"href":"https:\/\/www.africa-press.net\/tchad\/wp-json\/wp\/v2\/posts"}],"about":[{"href":"https:\/\/www.africa-press.net\/tchad\/wp-json\/wp\/v2\/types\/post"}],"author":[{"embeddable":true,"href":"https:\/\/www.africa-press.net\/tchad\/wp-json\/wp\/v2\/users\/82"}],"replies":[{"embeddable":true,"href":"https:\/\/www.africa-press.net\/tchad\/wp-json\/wp\/v2\/comments?post=2305"}],"version-history":[{"count":0,"href":"https:\/\/www.africa-press.net\/tchad\/wp-json\/wp\/v2\/posts\/2305\/revisions"}],"wp:featuredmedia":[{"embeddable":true,"href":"https:\/\/www.africa-press.net\/tchad\/wp-json\/wp\/v2\/media\/2304"}],"wp:attachment":[{"href":"https:\/\/www.africa-press.net\/tchad\/wp-json\/wp\/v2\/media?parent=2305"}],"wp:term":[{"taxonomy":"category","embeddable":true,"href":"https:\/\/www.africa-press.net\/tchad\/wp-json\/wp\/v2\/categories?post=2305"},{"taxonomy":"post_tag","embeddable":true,"href":"https:\/\/www.africa-press.net\/tchad\/wp-json\/wp\/v2\/tags?post=2305"}],"curies":[{"name":"wp","href":"https:\/\/api.w.org\/{rel}","templated":true}]}}