{"id":23489,"date":"2022-04-18T17:47:55","date_gmt":"2022-04-18T17:47:55","guid":{"rendered":"https:\/\/www.africa-press.net\/tchad\/politique\/une-delegation-du-parti-les-transformateurs-sensibilisent-dans-le-moyen-chari"},"modified":"2022-04-18T18:46:11","modified_gmt":"2022-04-18T18:46:11","slug":"une-delegation-du-parti-les-transformateurs-sensibilisent-dans-le-moyen-chari","status":"publish","type":"post","link":"https:\/\/www.africa-press.net\/tchad\/politique\/une-delegation-du-parti-les-transformateurs-sensibilisent-dans-le-moyen-chari","title":{"rendered":"une d\u00e9l\u00e9gation du parti Les Transformateurs sensibilisent dans le Moyen-Chari"},"content":{"rendered":"<p><span style=\"color: #ff6600\"><strong>Africa-Press &#8211; Tchad. <\/strong><\/span><b>Quelques membres du parti politique Les Transformateurs ont effectu\u00e9 le d\u00e9placement de N\u2019Djamena pour la province du Moyen-Chari. Dans le cadre d\u2019une mission de sensibilisation sur les \u00e9ch\u00e9ances \u00e9lectorales \u00e0 venir.<\/b><\/p>\n<p>La mission Du parti de Succ\u00e8s Masra est d\u00e9j\u00e0 \u00e0 Sarh, chef-lieu de la province du Moyen-Chari. Elle pr\u00e9voit \u00e9galement se rendre dans les quatre d\u00e9partements de la circonscription. Notamment, le Barh Koh, le Lac Iro, la Grande Sido le d\u00e9partement de Korbol.<\/p>\n<p>Le secr\u00e9taire g\u00e9n\u00e9ral du Cadre d\u2019action des ressortissants du grand Moyen-Chari pour du parti, Emmanuel Idriss, explique que, l\u2019objet de leur s\u00e9jour dans la province du Moyen-Chari vise \u00e0 sensibiliser les militants, sur les id\u00e9aux du parti. Egalement de pr\u00f4ner la devise de la formation politique \u00ab Audace-Exigence-Bienveillance \u00bb La mission entend \u00e9galement \u00e0 apporter un message de r\u00e9confort aux militants afin qu\u2019ils puissent aborder v\u00e9ritablement les prochaines \u00e9lections.<\/p>\n<p><strong>Pour plus d&rsquo;informations et d&rsquo;analyses sur la <a href=\"https:\/\/www.africa-press.net\/tchad\">Tchad<\/a>, suivez <a href=\"https:\/\/www.africa-press.net\/\">Africa-Press<\/a><\/strong><\/p>\n","protected":false},"excerpt":{"rendered":"<p>Africa-Press &#8211; Tchad. Quelques membres du parti politique Les Transformateurs ont effectu\u00e9 le d\u00e9placement de N\u2019Djamena pour la province du Moyen-Chari. Dans le cadre d\u2019une mission de sensibilisation sur les \u00e9ch\u00e9ances \u00e9lectorales \u00e0 venir. La mission Du parti de Succ\u00e8s Masra est d\u00e9j\u00e0 \u00e0 Sarh, chef-lieu de la province du Moyen-Chari. Elle pr\u00e9voit \u00e9galement se [&hellip;]<\/p>\n","protected":false},"author":82,"featured_media":23488,"comment_status":"open","ping_status":"closed","sticky":false,"template":"","format":"standard","meta":{"footnotes":""},"categories":[11,2,20,10],"tags":[1013,37,292,118,3570,432,29],"class_list":["post-23489","post","type-post","status-publish","format-standard","has-post-thumbnail","hentry","category-homepage-french","category-politique","category-top-nouvelles","category-toutes-les-actualites","tag-les-transformateurs","tag-africa-press","tag-africa-press-tchad","tag-mission","tag-province-du-moyen-chari","tag-sarh","tag-tchad"],"yoast_head":"<!-- This site is optimized with the Yoast SEO Premium plugin v26.1 (Yoast SEO v27.0) - https:\/\/yoast.com\/product\/yoast-seo-premium-wordpress\/ -->\n<title>une d\u00e9l\u00e9gation du parti Les Transformateurs sensibilisent dans le Moyen-Chari - tchad<\/title>\n<meta name=\"description\" content=\"Quelques membres du parti politique Les Transformateurs ont effectu\u00e9 le d\u00e9placement de N\u2019Djamena pour la province du ...\" \/>\n<meta name=\"robots\" content=\"index, follow, max-snippet:-1, max-image-preview:large, max-video-preview:-1\" \/>\n<link rel=\"canonical\" href=\"https:\/\/www.africa-press.net\/tchad\/politique\/une-delegation-du-parti-les-transformateurs-sensibilisent-dans-le-moyen-chari\" \/>\n<meta property=\"og:locale\" content=\"fr_FR\" \/>\n<meta property=\"og:type\" content=\"article\" \/>\n<meta property=\"og:title\" content=\"une d\u00e9l\u00e9gation du parti Les Transformateurs sensibilisent dans le Moyen-Chari\" \/>\n<meta property=\"og:description\" content=\"Quelques membres du parti politique Les Transformateurs ont effectu\u00e9 le d\u00e9placement de N\u2019Djamena pour la province du ...\" \/>\n<meta property=\"og:url\" content=\"https:\/\/www.africa-press.net\/tchad\/politique\/une-delegation-du-parti-les-transformateurs-sensibilisent-dans-le-moyen-chari\" \/>\n<meta property=\"og:site_name\" content=\"tchad\" \/>\n<meta property=\"article:published_time\" content=\"2022-04-18T17:47:55+00:00\" \/>\n<meta property=\"article:modified_time\" content=\"2022-04-18T18:46:11+00:00\" \/>\n<meta property=\"og:image\" content=\"https:\/\/static.africa-press.net\/tchad\/sites\/41\/2022\/04\/postQueueImg_19-625db1cc93e7f.jpg\" \/>\n\t<meta property=\"og:image:width\" content=\"780\" \/>\n\t<meta property=\"og:image:height\" content=\"440\" \/>\n\t<meta property=\"og:image:type\" content=\"image\/jpeg\" \/>\n<meta name=\"author\" content=\"cfeditorfr\" \/>\n<meta name=\"twitter:card\" content=\"summary_large_image\" \/>\n<meta name=\"twitter:label1\" content=\"\u00c9crit par\" \/>\n\t<meta name=\"twitter:data1\" content=\"cfeditorfr\" \/>\n\t<meta name=\"twitter:label2\" content=\"Dur\u00e9e de lecture estim\u00e9e\" \/>\n\t<meta name=\"twitter:data2\" content=\"1 minute\" \/>\n<script type=\"application\/ld+json\" class=\"yoast-schema-graph\">{\"@context\":\"https:\/\/schema.org\",\"@graph\":[{\"@type\":\"Article\",\"@id\":\"https:\/\/www.africa-press.net\/tchad\/politique\/une-delegation-du-parti-les-transformateurs-sensibilisent-dans-le-moyen-chari#article\",\"isPartOf\":{\"@id\":\"https:\/\/www.africa-press.net\/tchad\/politique\/une-delegation-du-parti-les-transformateurs-sensibilisent-dans-le-moyen-chari\"},\"author\":{\"name\":\"cfeditorfr\",\"@id\":\"https:\/\/www.africa-press.net\/tchad\/#\/schema\/person\/2b1cf3cd81a31e3cd26889ca66d677f1\"},\"headline\":\"une d\u00e9l\u00e9gation du parti Les Transformateurs sensibilisent dans le Moyen-Chari\",\"datePublished\":\"2022-04-18T17:47:55+00:00\",\"dateModified\":\"2022-04-18T18:46:11+00:00\",\"mainEntityOfPage\":{\"@id\":\"https:\/\/www.africa-press.net\/tchad\/politique\/une-delegation-du-parti-les-transformateurs-sensibilisent-dans-le-moyen-chari\"},\"wordCount\":184,\"commentCount\":0,\"image\":{\"@id\":\"https:\/\/www.africa-press.net\/tchad\/politique\/une-delegation-du-parti-les-transformateurs-sensibilisent-dans-le-moyen-chari#primaryimage\"},\"thumbnailUrl\":\"https:\/\/static.africa-press.net\/tchad\/sites\/41\/2022\/04\/postQueueImg_19-625db1cc93e7f.jpg\",\"keywords\":[\"\u00ab Les transformateurs \u00bb\",\"Africa Press\",\"Africa Press-Tchad\",\"mission\",\"province du Moyen-Chari\",\"Sarh\",\"Tchad\"],\"articleSection\":[\"homepage-french\",\"Politique\",\"Top Nouvelles\",\"Toutes les actualit\u00e9s\"],\"inLanguage\":\"fr-FR\",\"potentialAction\":[{\"@type\":\"CommentAction\",\"name\":\"Comment\",\"target\":[\"https:\/\/www.africa-press.net\/tchad\/politique\/une-delegation-du-parti-les-transformateurs-sensibilisent-dans-le-moyen-chari#respond\"]}]},{\"@type\":\"WebPage\",\"@id\":\"https:\/\/www.africa-press.net\/tchad\/politique\/une-delegation-du-parti-les-transformateurs-sensibilisent-dans-le-moyen-chari\",\"url\":\"https:\/\/www.africa-press.net\/tchad\/politique\/une-delegation-du-parti-les-transformateurs-sensibilisent-dans-le-moyen-chari\",\"name\":\"une d\u00e9l\u00e9gation du parti Les Transformateurs sensibilisent dans le Moyen-Chari - tchad\",\"isPartOf\":{\"@id\":\"https:\/\/www.africa-press.net\/tchad\/#website\"},\"primaryImageOfPage\":{\"@id\":\"https:\/\/www.africa-press.net\/tchad\/politique\/une-delegation-du-parti-les-transformateurs-sensibilisent-dans-le-moyen-chari#primaryimage\"},\"image\":{\"@id\":\"https:\/\/www.africa-press.net\/tchad\/politique\/une-delegation-du-parti-les-transformateurs-sensibilisent-dans-le-moyen-chari#primaryimage\"},\"thumbnailUrl\":\"https:\/\/static.africa-press.net\/tchad\/sites\/41\/2022\/04\/postQueueImg_19-625db1cc93e7f.jpg\",\"datePublished\":\"2022-04-18T17:47:55+00:00\",\"dateModified\":\"2022-04-18T18:46:11+00:00\",\"author\":{\"@id\":\"https:\/\/www.africa-press.net\/tchad\/#\/schema\/person\/2b1cf3cd81a31e3cd26889ca66d677f1\"},\"description\":\"Quelques membres du parti politique Les Transformateurs ont effectu\u00e9 le d\u00e9placement de N\u2019Djamena pour la province du ...\",\"breadcrumb\":{\"@id\":\"https:\/\/www.africa-press.net\/tchad\/politique\/une-delegation-du-parti-les-transformateurs-sensibilisent-dans-le-moyen-chari#breadcrumb\"},\"inLanguage\":\"fr-FR\",\"potentialAction\":[{\"@type\":\"ReadAction\",\"target\":[\"https:\/\/www.africa-press.net\/tchad\/politique\/une-delegation-du-parti-les-transformateurs-sensibilisent-dans-le-moyen-chari\"]}]},{\"@type\":\"ImageObject\",\"inLanguage\":\"fr-FR\",\"@id\":\"https:\/\/www.africa-press.net\/tchad\/politique\/une-delegation-du-parti-les-transformateurs-sensibilisent-dans-le-moyen-chari#primaryimage\",\"url\":\"https:\/\/static.africa-press.net\/tchad\/sites\/41\/2022\/04\/postQueueImg_19-625db1cc93e7f.jpg\",\"contentUrl\":\"https:\/\/static.africa-press.net\/tchad\/sites\/41\/2022\/04\/postQueueImg_19-625db1cc93e7f.jpg\",\"width\":780,\"height\":440,\"caption\":\"une d\u00e9l\u00e9gation du parti Les Transformateurs sensibilisent dans le Moyen-Chari\"},{\"@type\":\"BreadcrumbList\",\"@id\":\"https:\/\/www.africa-press.net\/tchad\/politique\/une-delegation-du-parti-les-transformateurs-sensibilisent-dans-le-moyen-chari#breadcrumb\",\"itemListElement\":[{\"@type\":\"ListItem\",\"position\":1,\"name\":\"Accueil\",\"item\":\"https:\/\/www.africa-press.net\/tchad\/\"},{\"@type\":\"ListItem\",\"position\":2,\"name\":\"une d\u00e9l\u00e9gation du parti Les Transformateurs sensibilisent dans le Moyen-Chari\"}]},{\"@type\":\"WebSite\",\"@id\":\"https:\/\/www.africa-press.net\/tchad\/#website\",\"url\":\"https:\/\/www.africa-press.net\/tchad\/\",\"name\":\"tchad\",\"description\":\"Just another Africa News Agency Sites site\",\"potentialAction\":[{\"@type\":\"SearchAction\",\"target\":{\"@type\":\"EntryPoint\",\"urlTemplate\":\"https:\/\/www.africa-press.net\/tchad\/?s={search_term_string}\"},\"query-input\":{\"@type\":\"PropertyValueSpecification\",\"valueRequired\":true,\"valueName\":\"search_term_string\"}}],\"inLanguage\":\"fr-FR\"},{\"@type\":\"Person\",\"@id\":\"https:\/\/www.africa-press.net\/tchad\/#\/schema\/person\/2b1cf3cd81a31e3cd26889ca66d677f1\",\"name\":\"cfeditorfr\"}]}<\/script>\n<!-- \/ Yoast SEO Premium plugin. -->","yoast_head_json":{"title":"une d\u00e9l\u00e9gation du parti Les Transformateurs sensibilisent dans le Moyen-Chari - tchad","description":"Quelques membres du parti politique Les Transformateurs ont effectu\u00e9 le d\u00e9placement de N\u2019Djamena pour la province du ...","robots":{"index":"index","follow":"follow","max-snippet":"max-snippet:-1","max-image-preview":"max-image-preview:large","max-video-preview":"max-video-preview:-1"},"canonical":"https:\/\/www.africa-press.net\/tchad\/politique\/une-delegation-du-parti-les-transformateurs-sensibilisent-dans-le-moyen-chari","og_locale":"fr_FR","og_type":"article","og_title":"une d\u00e9l\u00e9gation du parti Les Transformateurs sensibilisent dans le Moyen-Chari","og_description":"Quelques membres du parti politique Les Transformateurs ont effectu\u00e9 le d\u00e9placement de N\u2019Djamena pour la province du ...","og_url":"https:\/\/www.africa-press.net\/tchad\/politique\/une-delegation-du-parti-les-transformateurs-sensibilisent-dans-le-moyen-chari","og_site_name":"tchad","article_published_time":"2022-04-18T17:47:55+00:00","article_modified_time":"2022-04-18T18:46:11+00:00","og_image":[{"width":780,"height":440,"url":"https:\/\/static.africa-press.net\/tchad\/sites\/41\/2022\/04\/postQueueImg_19-625db1cc93e7f.jpg","type":"image\/jpeg"}],"author":"cfeditorfr","twitter_card":"summary_large_image","twitter_misc":{"\u00c9crit par":"cfeditorfr","Dur\u00e9e de lecture estim\u00e9e":"1 minute"},"schema":{"@context":"https:\/\/schema.org","@graph":[{"@type":"Article","@id":"https:\/\/www.africa-press.net\/tchad\/politique\/une-delegation-du-parti-les-transformateurs-sensibilisent-dans-le-moyen-chari#article","isPartOf":{"@id":"https:\/\/www.africa-press.net\/tchad\/politique\/une-delegation-du-parti-les-transformateurs-sensibilisent-dans-le-moyen-chari"},"author":{"name":"cfeditorfr","@id":"https:\/\/www.africa-press.net\/tchad\/#\/schema\/person\/2b1cf3cd81a31e3cd26889ca66d677f1"},"headline":"une d\u00e9l\u00e9gation du parti Les Transformateurs sensibilisent dans le Moyen-Chari","datePublished":"2022-04-18T17:47:55+00:00","dateModified":"2022-04-18T18:46:11+00:00","mainEntityOfPage":{"@id":"https:\/\/www.africa-press.net\/tchad\/politique\/une-delegation-du-parti-les-transformateurs-sensibilisent-dans-le-moyen-chari"},"wordCount":184,"commentCount":0,"image":{"@id":"https:\/\/www.africa-press.net\/tchad\/politique\/une-delegation-du-parti-les-transformateurs-sensibilisent-dans-le-moyen-chari#primaryimage"},"thumbnailUrl":"https:\/\/static.africa-press.net\/tchad\/sites\/41\/2022\/04\/postQueueImg_19-625db1cc93e7f.jpg","keywords":["\u00ab Les transformateurs \u00bb","Africa Press","Africa Press-Tchad","mission","province du Moyen-Chari","Sarh","Tchad"],"articleSection":["homepage-french","Politique","Top Nouvelles","Toutes les actualit\u00e9s"],"inLanguage":"fr-FR","potentialAction":[{"@type":"CommentAction","name":"Comment","target":["https:\/\/www.africa-press.net\/tchad\/politique\/une-delegation-du-parti-les-transformateurs-sensibilisent-dans-le-moyen-chari#respond"]}]},{"@type":"WebPage","@id":"https:\/\/www.africa-press.net\/tchad\/politique\/une-delegation-du-parti-les-transformateurs-sensibilisent-dans-le-moyen-chari","url":"https:\/\/www.africa-press.net\/tchad\/politique\/une-delegation-du-parti-les-transformateurs-sensibilisent-dans-le-moyen-chari","name":"une d\u00e9l\u00e9gation du parti Les Transformateurs sensibilisent dans le Moyen-Chari - tchad","isPartOf":{"@id":"https:\/\/www.africa-press.net\/tchad\/#website"},"primaryImageOfPage":{"@id":"https:\/\/www.africa-press.net\/tchad\/politique\/une-delegation-du-parti-les-transformateurs-sensibilisent-dans-le-moyen-chari#primaryimage"},"image":{"@id":"https:\/\/www.africa-press.net\/tchad\/politique\/une-delegation-du-parti-les-transformateurs-sensibilisent-dans-le-moyen-chari#primaryimage"},"thumbnailUrl":"https:\/\/static.africa-press.net\/tchad\/sites\/41\/2022\/04\/postQueueImg_19-625db1cc93e7f.jpg","datePublished":"2022-04-18T17:47:55+00:00","dateModified":"2022-04-18T18:46:11+00:00","author":{"@id":"https:\/\/www.africa-press.net\/tchad\/#\/schema\/person\/2b1cf3cd81a31e3cd26889ca66d677f1"},"description":"Quelques membres du parti politique Les Transformateurs ont effectu\u00e9 le d\u00e9placement de N\u2019Djamena pour la province du ...","breadcrumb":{"@id":"https:\/\/www.africa-press.net\/tchad\/politique\/une-delegation-du-parti-les-transformateurs-sensibilisent-dans-le-moyen-chari#breadcrumb"},"inLanguage":"fr-FR","potentialAction":[{"@type":"ReadAction","target":["https:\/\/www.africa-press.net\/tchad\/politique\/une-delegation-du-parti-les-transformateurs-sensibilisent-dans-le-moyen-chari"]}]},{"@type":"ImageObject","inLanguage":"fr-FR","@id":"https:\/\/www.africa-press.net\/tchad\/politique\/une-delegation-du-parti-les-transformateurs-sensibilisent-dans-le-moyen-chari#primaryimage","url":"https:\/\/static.africa-press.net\/tchad\/sites\/41\/2022\/04\/postQueueImg_19-625db1cc93e7f.jpg","contentUrl":"https:\/\/static.africa-press.net\/tchad\/sites\/41\/2022\/04\/postQueueImg_19-625db1cc93e7f.jpg","width":780,"height":440,"caption":"une d\u00e9l\u00e9gation du parti Les Transformateurs sensibilisent dans le Moyen-Chari"},{"@type":"BreadcrumbList","@id":"https:\/\/www.africa-press.net\/tchad\/politique\/une-delegation-du-parti-les-transformateurs-sensibilisent-dans-le-moyen-chari#breadcrumb","itemListElement":[{"@type":"ListItem","position":1,"name":"Accueil","item":"https:\/\/www.africa-press.net\/tchad\/"},{"@type":"ListItem","position":2,"name":"une d\u00e9l\u00e9gation du parti Les Transformateurs sensibilisent dans le Moyen-Chari"}]},{"@type":"WebSite","@id":"https:\/\/www.africa-press.net\/tchad\/#website","url":"https:\/\/www.africa-press.net\/tchad\/","name":"tchad","description":"Just another Africa News Agency Sites site","potentialAction":[{"@type":"SearchAction","target":{"@type":"EntryPoint","urlTemplate":"https:\/\/www.africa-press.net\/tchad\/?s={search_term_string}"},"query-input":{"@type":"PropertyValueSpecification","valueRequired":true,"valueName":"search_term_string"}}],"inLanguage":"fr-FR"},{"@type":"Person","@id":"https:\/\/www.africa-press.net\/tchad\/#\/schema\/person\/2b1cf3cd81a31e3cd26889ca66d677f1","name":"cfeditorfr"}]}},"_links":{"self":[{"href":"https:\/\/www.africa-press.net\/tchad\/wp-json\/wp\/v2\/posts\/23489","targetHints":{"allow":["GET"]}}],"collection":[{"href":"https:\/\/www.africa-press.net\/tchad\/wp-json\/wp\/v2\/posts"}],"about":[{"href":"https:\/\/www.africa-press.net\/tchad\/wp-json\/wp\/v2\/types\/post"}],"author":[{"embeddable":true,"href":"https:\/\/www.africa-press.net\/tchad\/wp-json\/wp\/v2\/users\/82"}],"replies":[{"embeddable":true,"href":"https:\/\/www.africa-press.net\/tchad\/wp-json\/wp\/v2\/comments?post=23489"}],"version-history":[{"count":0,"href":"https:\/\/www.africa-press.net\/tchad\/wp-json\/wp\/v2\/posts\/23489\/revisions"}],"wp:featuredmedia":[{"embeddable":true,"href":"https:\/\/www.africa-press.net\/tchad\/wp-json\/wp\/v2\/media\/23488"}],"wp:attachment":[{"href":"https:\/\/www.africa-press.net\/tchad\/wp-json\/wp\/v2\/media?parent=23489"}],"wp:term":[{"taxonomy":"category","embeddable":true,"href":"https:\/\/www.africa-press.net\/tchad\/wp-json\/wp\/v2\/categories?post=23489"},{"taxonomy":"post_tag","embeddable":true,"href":"https:\/\/www.africa-press.net\/tchad\/wp-json\/wp\/v2\/tags?post=23489"}],"curies":[{"name":"wp","href":"https:\/\/api.w.org\/{rel}","templated":true}]}}