{"id":2353,"date":"2021-01-24T15:03:44","date_gmt":"2021-01-24T15:03:44","guid":{"rendered":"https:\/\/www.africa-press.net\/tchad\/?p=2353"},"modified":"2021-01-24T15:11:42","modified_gmt":"2021-01-24T15:11:42","slug":"tchad-lutte-contre-le-paludisme-la-capitale-sera-demoustique-2","status":"publish","type":"post","link":"https:\/\/www.africa-press.net\/tchad\/toutes-les-actualites\/tchad-lutte-contre-le-paludisme-la-capitale-sera-demoustique-2","title":{"rendered":"lutte contre le paludisme, la capitale sera d\u00e9moustiqu\u00e9"},"content":{"rendered":"<p><span style=\"color: #ff6600\"><strong><a href=\"https:\/\/www.africa-press.net\/\">Africa-Press<\/a> &#8211; <a href=\"https:\/\/www.africa-press.net\/tchad\">Tchad<\/a>. <\/strong><\/span><b>Le ministre de la Sant\u00e9 publique et de la solidarit\u00e9 nationale a fait savoir ce 21 janvier 2021 que la ville de N\u2019Djamena sera d\u00e9moustiqu\u00e9e pendant deux semaines. L\u2019op\u00e9ration va d\u00e9marrer le dimanche 30 janvier 2021<\/b><\/p>\n<p>Dans le cadre de la lutte contre le paludisme, le minist\u00e8re de la Sant\u00e9 publique annonce qu\u2019il a mis sur pied des strat\u00e9gies et des m\u00e9canismes pour circonscrire la maladie. Les responsables de ce d\u00e9partement et les experts ont apr\u00e8s \u00e9change de travail ont jug\u00e9 n\u00e9cessaire d\u2019organiser une op\u00e9ration de d\u00e9moustication. Laquelle d\u00e9bute le 30 du mois en cours. Elle va durer deux semaines. Cette op\u00e9ration de salubrit\u00e9 est d\u00e9nomm\u00e9e : \u00ab la sant\u00e9 par la salubrit\u00e9 \u00bb<\/p>\n<p>Le Dr Abdoulaye Sabre Fadoul indique que pour lutter contre le paludisme, trois axes sont pr\u00e9vus. Il s\u2019agit entre autres de, la d\u00e9moustication, le traitement des eaux us\u00e9es et l\u2019enl\u00e8vement des ordures. Les superviseurs retenus pour ce travail vont proc\u00e9der \u00e0 un recyclage, annonce le ministre. A leur tour, ils formeront les pulv\u00e9riseurs.<\/p>\n<p>Cette initiative vise \u00e0 all\u00e9ger les peines aux m\u00e9nages expos\u00e9s aux risques des maladies caus\u00e9es par les moustiques notamment le paludisme, explique Abdoulaye Sabre Fadoul.<\/p>\n<p>Le chef de d\u00e9partement de la sant\u00e9 publique et de la solidarit\u00e9 nationale a rappel\u00e9 \u00e0 l\u2019assistance les valeurs de servir la communaut\u00e9 et le sens de la solidarit\u00e9 pour mieux lutter contre les maladies li\u00e9es \u00e0 l\u2019insalubrit\u00e9.<\/p>\n","protected":false},"excerpt":{"rendered":"<p>Africa-Press &#8211; Tchad. Le ministre de la Sant\u00e9 publique et de la solidarit\u00e9 nationale a fait savoir ce 21 janvier 2021 que la ville de N\u2019Djamena sera d\u00e9moustiqu\u00e9e pendant deux semaines. L\u2019op\u00e9ration va d\u00e9marrer le dimanche 30 janvier 2021 Dans le cadre de la lutte contre le paludisme, le minist\u00e8re de la Sant\u00e9 publique annonce [&hellip;]<\/p>\n","protected":false},"author":82,"featured_media":2352,"comment_status":"open","ping_status":"closed","sticky":false,"template":"","format":"standard","meta":{"footnotes":""},"categories":[21,11,20,10],"tags":[37,292,41,416,29],"class_list":["post-2353","post","type-post","status-publish","format-standard","has-post-thumbnail","hentry","category-communaute","category-homepage-french","category-top-nouvelles","category-toutes-les-actualites","tag-africa-press","tag-africa-press-tchad","tag-ndjamena","tag-paludisme","tag-tchad"],"yoast_head":"<!-- This site is optimized with the Yoast SEO Premium plugin v26.1 (Yoast SEO v27.0) - https:\/\/yoast.com\/product\/yoast-seo-premium-wordpress\/ -->\n<title>lutte contre le paludisme, la capitale sera d\u00e9moustiqu\u00e9 - tchad<\/title>\n<meta name=\"description\" content=\"Le ministre de la Sant\u00e9 publique et de la solidarit\u00e9 nationale a fait savoir ce 21 janvier 2021 que la ville de N\u2019Dja ...\" \/>\n<meta name=\"robots\" content=\"index, follow, max-snippet:-1, max-image-preview:large, max-video-preview:-1\" \/>\n<link rel=\"canonical\" href=\"https:\/\/www.africa-press.net\/tchad\/toutes-les-actualites\/tchad-lutte-contre-le-paludisme-la-capitale-sera-demoustique-2\" \/>\n<meta property=\"og:locale\" content=\"fr_FR\" \/>\n<meta property=\"og:type\" content=\"article\" \/>\n<meta property=\"og:title\" content=\"lutte contre le paludisme, la capitale sera d\u00e9moustiqu\u00e9\" \/>\n<meta property=\"og:description\" content=\"Le ministre de la Sant\u00e9 publique et de la solidarit\u00e9 nationale a fait savoir ce 21 janvier 2021 que la ville de N\u2019Dja ...\" \/>\n<meta property=\"og:url\" content=\"https:\/\/www.africa-press.net\/tchad\/toutes-les-actualites\/tchad-lutte-contre-le-paludisme-la-capitale-sera-demoustique-2\" \/>\n<meta property=\"og:site_name\" content=\"tchad\" \/>\n<meta property=\"article:published_time\" content=\"2021-01-24T15:03:44+00:00\" \/>\n<meta property=\"article:modified_time\" content=\"2021-01-24T15:11:42+00:00\" \/>\n<meta property=\"og:image\" content=\"https:\/\/static.africa-press.net\/tchad\/sites\/41\/2021\/01\/img-600d8b0d3d11a.jpg\" \/>\n\t<meta property=\"og:image:width\" content=\"780\" \/>\n\t<meta property=\"og:image:height\" content=\"440\" \/>\n\t<meta property=\"og:image:type\" content=\"image\/jpeg\" \/>\n<meta name=\"author\" content=\"cfeditorfr\" \/>\n<meta name=\"twitter:card\" content=\"summary_large_image\" \/>\n<meta name=\"twitter:label1\" content=\"\u00c9crit par\" \/>\n\t<meta name=\"twitter:data1\" content=\"cfeditorfr\" \/>\n\t<meta name=\"twitter:label2\" content=\"Dur\u00e9e de lecture estim\u00e9e\" \/>\n\t<meta name=\"twitter:data2\" content=\"1 minute\" \/>\n<script type=\"application\/ld+json\" class=\"yoast-schema-graph\">{\"@context\":\"https:\/\/schema.org\",\"@graph\":[{\"@type\":\"Article\",\"@id\":\"https:\/\/www.africa-press.net\/tchad\/toutes-les-actualites\/tchad-lutte-contre-le-paludisme-la-capitale-sera-demoustique-2#article\",\"isPartOf\":{\"@id\":\"https:\/\/www.africa-press.net\/tchad\/toutes-les-actualites\/tchad-lutte-contre-le-paludisme-la-capitale-sera-demoustique-2\"},\"author\":{\"name\":\"cfeditorfr\",\"@id\":\"https:\/\/www.africa-press.net\/tchad\/#\/schema\/person\/2b1cf3cd81a31e3cd26889ca66d677f1\"},\"headline\":\"lutte contre le paludisme, la capitale sera d\u00e9moustiqu\u00e9\",\"datePublished\":\"2021-01-24T15:03:44+00:00\",\"dateModified\":\"2021-01-24T15:11:42+00:00\",\"mainEntityOfPage\":{\"@id\":\"https:\/\/www.africa-press.net\/tchad\/toutes-les-actualites\/tchad-lutte-contre-le-paludisme-la-capitale-sera-demoustique-2\"},\"wordCount\":266,\"commentCount\":0,\"image\":{\"@id\":\"https:\/\/www.africa-press.net\/tchad\/toutes-les-actualites\/tchad-lutte-contre-le-paludisme-la-capitale-sera-demoustique-2#primaryimage\"},\"thumbnailUrl\":\"https:\/\/static.africa-press.net\/tchad\/sites\/41\/2021\/01\/img-600d8b0d3d11a.jpg\",\"keywords\":[\"Africa Press\",\"Africa Press-Tchad\",\"N'Djamena\",\"paludisme\",\"Tchad\"],\"articleSection\":[\"Communaut\u00e9\",\"homepage-french\",\"Top Nouvelles\",\"Toutes les actualit\u00e9s\"],\"inLanguage\":\"fr-FR\",\"potentialAction\":[{\"@type\":\"CommentAction\",\"name\":\"Comment\",\"target\":[\"https:\/\/www.africa-press.net\/tchad\/toutes-les-actualites\/tchad-lutte-contre-le-paludisme-la-capitale-sera-demoustique-2#respond\"]}]},{\"@type\":\"WebPage\",\"@id\":\"https:\/\/www.africa-press.net\/tchad\/toutes-les-actualites\/tchad-lutte-contre-le-paludisme-la-capitale-sera-demoustique-2\",\"url\":\"https:\/\/www.africa-press.net\/tchad\/toutes-les-actualites\/tchad-lutte-contre-le-paludisme-la-capitale-sera-demoustique-2\",\"name\":\"lutte contre le paludisme, la capitale sera d\u00e9moustiqu\u00e9 - tchad\",\"isPartOf\":{\"@id\":\"https:\/\/www.africa-press.net\/tchad\/#website\"},\"primaryImageOfPage\":{\"@id\":\"https:\/\/www.africa-press.net\/tchad\/toutes-les-actualites\/tchad-lutte-contre-le-paludisme-la-capitale-sera-demoustique-2#primaryimage\"},\"image\":{\"@id\":\"https:\/\/www.africa-press.net\/tchad\/toutes-les-actualites\/tchad-lutte-contre-le-paludisme-la-capitale-sera-demoustique-2#primaryimage\"},\"thumbnailUrl\":\"https:\/\/static.africa-press.net\/tchad\/sites\/41\/2021\/01\/img-600d8b0d3d11a.jpg\",\"datePublished\":\"2021-01-24T15:03:44+00:00\",\"dateModified\":\"2021-01-24T15:11:42+00:00\",\"author\":{\"@id\":\"https:\/\/www.africa-press.net\/tchad\/#\/schema\/person\/2b1cf3cd81a31e3cd26889ca66d677f1\"},\"description\":\"Le ministre de la Sant\u00e9 publique et de la solidarit\u00e9 nationale a fait savoir ce 21 janvier 2021 que la ville de N\u2019Dja ...\",\"breadcrumb\":{\"@id\":\"https:\/\/www.africa-press.net\/tchad\/toutes-les-actualites\/tchad-lutte-contre-le-paludisme-la-capitale-sera-demoustique-2#breadcrumb\"},\"inLanguage\":\"fr-FR\",\"potentialAction\":[{\"@type\":\"ReadAction\",\"target\":[\"https:\/\/www.africa-press.net\/tchad\/toutes-les-actualites\/tchad-lutte-contre-le-paludisme-la-capitale-sera-demoustique-2\"]}]},{\"@type\":\"ImageObject\",\"inLanguage\":\"fr-FR\",\"@id\":\"https:\/\/www.africa-press.net\/tchad\/toutes-les-actualites\/tchad-lutte-contre-le-paludisme-la-capitale-sera-demoustique-2#primaryimage\",\"url\":\"https:\/\/static.africa-press.net\/tchad\/sites\/41\/2021\/01\/img-600d8b0d3d11a.jpg\",\"contentUrl\":\"https:\/\/static.africa-press.net\/tchad\/sites\/41\/2021\/01\/img-600d8b0d3d11a.jpg\",\"width\":780,\"height\":440,\"caption\":\"Tchad : lutte contre le paludisme, la capitale sera d\u00e9moustiqu\u00e9\"},{\"@type\":\"BreadcrumbList\",\"@id\":\"https:\/\/www.africa-press.net\/tchad\/toutes-les-actualites\/tchad-lutte-contre-le-paludisme-la-capitale-sera-demoustique-2#breadcrumb\",\"itemListElement\":[{\"@type\":\"ListItem\",\"position\":1,\"name\":\"Accueil\",\"item\":\"https:\/\/www.africa-press.net\/tchad\/\"},{\"@type\":\"ListItem\",\"position\":2,\"name\":\"lutte contre le paludisme, la capitale sera d\u00e9moustiqu\u00e9\"}]},{\"@type\":\"WebSite\",\"@id\":\"https:\/\/www.africa-press.net\/tchad\/#website\",\"url\":\"https:\/\/www.africa-press.net\/tchad\/\",\"name\":\"tchad\",\"description\":\"Just another Africa News Agency Sites site\",\"potentialAction\":[{\"@type\":\"SearchAction\",\"target\":{\"@type\":\"EntryPoint\",\"urlTemplate\":\"https:\/\/www.africa-press.net\/tchad\/?s={search_term_string}\"},\"query-input\":{\"@type\":\"PropertyValueSpecification\",\"valueRequired\":true,\"valueName\":\"search_term_string\"}}],\"inLanguage\":\"fr-FR\"},{\"@type\":\"Person\",\"@id\":\"https:\/\/www.africa-press.net\/tchad\/#\/schema\/person\/2b1cf3cd81a31e3cd26889ca66d677f1\",\"name\":\"cfeditorfr\"}]}<\/script>\n<!-- \/ Yoast SEO Premium plugin. -->","yoast_head_json":{"title":"lutte contre le paludisme, la capitale sera d\u00e9moustiqu\u00e9 - tchad","description":"Le ministre de la Sant\u00e9 publique et de la solidarit\u00e9 nationale a fait savoir ce 21 janvier 2021 que la ville de N\u2019Dja ...","robots":{"index":"index","follow":"follow","max-snippet":"max-snippet:-1","max-image-preview":"max-image-preview:large","max-video-preview":"max-video-preview:-1"},"canonical":"https:\/\/www.africa-press.net\/tchad\/toutes-les-actualites\/tchad-lutte-contre-le-paludisme-la-capitale-sera-demoustique-2","og_locale":"fr_FR","og_type":"article","og_title":"lutte contre le paludisme, la capitale sera d\u00e9moustiqu\u00e9","og_description":"Le ministre de la Sant\u00e9 publique et de la solidarit\u00e9 nationale a fait savoir ce 21 janvier 2021 que la ville de N\u2019Dja ...","og_url":"https:\/\/www.africa-press.net\/tchad\/toutes-les-actualites\/tchad-lutte-contre-le-paludisme-la-capitale-sera-demoustique-2","og_site_name":"tchad","article_published_time":"2021-01-24T15:03:44+00:00","article_modified_time":"2021-01-24T15:11:42+00:00","og_image":[{"width":780,"height":440,"url":"https:\/\/static.africa-press.net\/tchad\/sites\/41\/2021\/01\/img-600d8b0d3d11a.jpg","type":"image\/jpeg"}],"author":"cfeditorfr","twitter_card":"summary_large_image","twitter_misc":{"\u00c9crit par":"cfeditorfr","Dur\u00e9e de lecture estim\u00e9e":"1 minute"},"schema":{"@context":"https:\/\/schema.org","@graph":[{"@type":"Article","@id":"https:\/\/www.africa-press.net\/tchad\/toutes-les-actualites\/tchad-lutte-contre-le-paludisme-la-capitale-sera-demoustique-2#article","isPartOf":{"@id":"https:\/\/www.africa-press.net\/tchad\/toutes-les-actualites\/tchad-lutte-contre-le-paludisme-la-capitale-sera-demoustique-2"},"author":{"name":"cfeditorfr","@id":"https:\/\/www.africa-press.net\/tchad\/#\/schema\/person\/2b1cf3cd81a31e3cd26889ca66d677f1"},"headline":"lutte contre le paludisme, la capitale sera d\u00e9moustiqu\u00e9","datePublished":"2021-01-24T15:03:44+00:00","dateModified":"2021-01-24T15:11:42+00:00","mainEntityOfPage":{"@id":"https:\/\/www.africa-press.net\/tchad\/toutes-les-actualites\/tchad-lutte-contre-le-paludisme-la-capitale-sera-demoustique-2"},"wordCount":266,"commentCount":0,"image":{"@id":"https:\/\/www.africa-press.net\/tchad\/toutes-les-actualites\/tchad-lutte-contre-le-paludisme-la-capitale-sera-demoustique-2#primaryimage"},"thumbnailUrl":"https:\/\/static.africa-press.net\/tchad\/sites\/41\/2021\/01\/img-600d8b0d3d11a.jpg","keywords":["Africa Press","Africa Press-Tchad","N'Djamena","paludisme","Tchad"],"articleSection":["Communaut\u00e9","homepage-french","Top Nouvelles","Toutes les actualit\u00e9s"],"inLanguage":"fr-FR","potentialAction":[{"@type":"CommentAction","name":"Comment","target":["https:\/\/www.africa-press.net\/tchad\/toutes-les-actualites\/tchad-lutte-contre-le-paludisme-la-capitale-sera-demoustique-2#respond"]}]},{"@type":"WebPage","@id":"https:\/\/www.africa-press.net\/tchad\/toutes-les-actualites\/tchad-lutte-contre-le-paludisme-la-capitale-sera-demoustique-2","url":"https:\/\/www.africa-press.net\/tchad\/toutes-les-actualites\/tchad-lutte-contre-le-paludisme-la-capitale-sera-demoustique-2","name":"lutte contre le paludisme, la capitale sera d\u00e9moustiqu\u00e9 - tchad","isPartOf":{"@id":"https:\/\/www.africa-press.net\/tchad\/#website"},"primaryImageOfPage":{"@id":"https:\/\/www.africa-press.net\/tchad\/toutes-les-actualites\/tchad-lutte-contre-le-paludisme-la-capitale-sera-demoustique-2#primaryimage"},"image":{"@id":"https:\/\/www.africa-press.net\/tchad\/toutes-les-actualites\/tchad-lutte-contre-le-paludisme-la-capitale-sera-demoustique-2#primaryimage"},"thumbnailUrl":"https:\/\/static.africa-press.net\/tchad\/sites\/41\/2021\/01\/img-600d8b0d3d11a.jpg","datePublished":"2021-01-24T15:03:44+00:00","dateModified":"2021-01-24T15:11:42+00:00","author":{"@id":"https:\/\/www.africa-press.net\/tchad\/#\/schema\/person\/2b1cf3cd81a31e3cd26889ca66d677f1"},"description":"Le ministre de la Sant\u00e9 publique et de la solidarit\u00e9 nationale a fait savoir ce 21 janvier 2021 que la ville de N\u2019Dja ...","breadcrumb":{"@id":"https:\/\/www.africa-press.net\/tchad\/toutes-les-actualites\/tchad-lutte-contre-le-paludisme-la-capitale-sera-demoustique-2#breadcrumb"},"inLanguage":"fr-FR","potentialAction":[{"@type":"ReadAction","target":["https:\/\/www.africa-press.net\/tchad\/toutes-les-actualites\/tchad-lutte-contre-le-paludisme-la-capitale-sera-demoustique-2"]}]},{"@type":"ImageObject","inLanguage":"fr-FR","@id":"https:\/\/www.africa-press.net\/tchad\/toutes-les-actualites\/tchad-lutte-contre-le-paludisme-la-capitale-sera-demoustique-2#primaryimage","url":"https:\/\/static.africa-press.net\/tchad\/sites\/41\/2021\/01\/img-600d8b0d3d11a.jpg","contentUrl":"https:\/\/static.africa-press.net\/tchad\/sites\/41\/2021\/01\/img-600d8b0d3d11a.jpg","width":780,"height":440,"caption":"Tchad : lutte contre le paludisme, la capitale sera d\u00e9moustiqu\u00e9"},{"@type":"BreadcrumbList","@id":"https:\/\/www.africa-press.net\/tchad\/toutes-les-actualites\/tchad-lutte-contre-le-paludisme-la-capitale-sera-demoustique-2#breadcrumb","itemListElement":[{"@type":"ListItem","position":1,"name":"Accueil","item":"https:\/\/www.africa-press.net\/tchad\/"},{"@type":"ListItem","position":2,"name":"lutte contre le paludisme, la capitale sera d\u00e9moustiqu\u00e9"}]},{"@type":"WebSite","@id":"https:\/\/www.africa-press.net\/tchad\/#website","url":"https:\/\/www.africa-press.net\/tchad\/","name":"tchad","description":"Just another Africa News Agency Sites site","potentialAction":[{"@type":"SearchAction","target":{"@type":"EntryPoint","urlTemplate":"https:\/\/www.africa-press.net\/tchad\/?s={search_term_string}"},"query-input":{"@type":"PropertyValueSpecification","valueRequired":true,"valueName":"search_term_string"}}],"inLanguage":"fr-FR"},{"@type":"Person","@id":"https:\/\/www.africa-press.net\/tchad\/#\/schema\/person\/2b1cf3cd81a31e3cd26889ca66d677f1","name":"cfeditorfr"}]}},"_links":{"self":[{"href":"https:\/\/www.africa-press.net\/tchad\/wp-json\/wp\/v2\/posts\/2353","targetHints":{"allow":["GET"]}}],"collection":[{"href":"https:\/\/www.africa-press.net\/tchad\/wp-json\/wp\/v2\/posts"}],"about":[{"href":"https:\/\/www.africa-press.net\/tchad\/wp-json\/wp\/v2\/types\/post"}],"author":[{"embeddable":true,"href":"https:\/\/www.africa-press.net\/tchad\/wp-json\/wp\/v2\/users\/82"}],"replies":[{"embeddable":true,"href":"https:\/\/www.africa-press.net\/tchad\/wp-json\/wp\/v2\/comments?post=2353"}],"version-history":[{"count":0,"href":"https:\/\/www.africa-press.net\/tchad\/wp-json\/wp\/v2\/posts\/2353\/revisions"}],"wp:featuredmedia":[{"embeddable":true,"href":"https:\/\/www.africa-press.net\/tchad\/wp-json\/wp\/v2\/media\/2352"}],"wp:attachment":[{"href":"https:\/\/www.africa-press.net\/tchad\/wp-json\/wp\/v2\/media?parent=2353"}],"wp:term":[{"taxonomy":"category","embeddable":true,"href":"https:\/\/www.africa-press.net\/tchad\/wp-json\/wp\/v2\/categories?post=2353"},{"taxonomy":"post_tag","embeddable":true,"href":"https:\/\/www.africa-press.net\/tchad\/wp-json\/wp\/v2\/tags?post=2353"}],"curies":[{"name":"wp","href":"https:\/\/api.w.org\/{rel}","templated":true}]}}