{"id":2499,"date":"2021-01-28T18:51:45","date_gmt":"2021-01-28T18:51:45","guid":{"rendered":"https:\/\/www.africa-press.net\/tchad\/?p=2499"},"modified":"2021-01-28T18:21:07","modified_gmt":"2021-01-28T18:21:07","slug":"facebook-ne-fera-plus-de-propositions-politiques-sur-sa-plateforme","status":"publish","type":"post","link":"https:\/\/www.africa-press.net\/tchad\/toutes-les-actualites\/facebook-ne-fera-plus-de-propositions-politiques-sur-sa-plateforme","title":{"rendered":"Facebook ne fera plus de propositions politiques sur sa plateforme"},"content":{"rendered":"<p><span style=\"color: #ff6600\"><strong><a href=\"https:\/\/www.africa-press.net\/\">Africa-Press<\/a> &#8211; <a href=\"https:\/\/www.africa-press.net\/tchad\">Tchad<\/a>. <\/strong><\/span><b>Le patron de Facebook, Mark Zuckerberg a annonc\u00e9 le 27 janvier 202, que la plateforme ne recommandera plus \u00e0 ses utilisateurs les groupes militants ou politiques. Une mesure d\u00e9j\u00e0 prise aux Etats-Unis cet automne pour tenter d\u2019apaiser les \u00e9changes des \u00e9lections am\u00e9ricaines sous tension<\/b><\/p>\n<p>Le r\u00e9seau cherche \u00e0 s\u2019\u00e9loigner des combats politiques, apr\u00e8s son r\u00f4le jou\u00e9 dans le printemps arabe. Le r\u00e9seau bleu souhaite d\u00e9sormais s\u2019\u00e9carter des conversations \u00ab clivantes \u00bb. Le groupe fait savoir a qu\u2019il vit au rythme des controverses et scandales politiques depuis l\u2019\u00e9lection de Donald Trump et le Brexit en 2016. \u00ab De larges pans de la soci\u00e9t\u00e9 civile lui reprochent de servir de base \u00e0 des personnes et organisations qui incitent \u00e0 la violence \u00bb. Le r\u00e9seau bleu a \u00e9galement \u00e9t\u00e9 interpell\u00e9 \u00e0 propose de la pers\u00e9cution de la minorit\u00e9 Rohingya en Birmanie au r\u00e9cent meurtre du Pr Samuel Paty en France.<\/p>\n<p>Le g\u00e9ant am\u00e9ricain des r\u00e9seaux sociaux a fait ces d\u00e9clarations lors de la pr\u00e9sentation des r\u00e9sultats trimestriels de son groupe. Mark Zuckerberg assure que la plateforme ne proposera plus aux utilisateurs les groupes militants ou politiques, une mesure d\u00e9j\u00e0 prise aux Etats-Unis pour tenter d\u2019apaiser les \u00e9changes \u00e0 l\u2019approche des derni\u00e8res \u00e9lections am\u00e9ricaines.<\/p>\n<p>Face book voit 2021 comme une ann\u00e9e propice pour \u00ab inventer des moyens de cr\u00e9er des opportunit\u00e9s \u00e9conomiques, construire des communaut\u00e9s et aider les gens \u00e0 simplement s\u2019amuser \u00bb. Le groupe californien a r\u00e9alis\u00e9 pr\u00e8s de 86 milliards de dollars de chiffre d\u2019affaires l\u2019ann\u00e9e derni\u00e8re, et d\u00e9gag\u00e9 plus de 29 milliards de profits, en hausse de 58%, malgr\u00e9 de nombreux contretemps Le r\u00e9seau social fait \u00e9galement savoir qu\u2019il a \u00e9t\u00e9 boycott\u00e9 par des marques pour exiger une meilleure mod\u00e9ration des contenus jug\u00e9s \u00ab haineux \u00bb.<\/p>\n","protected":false},"excerpt":{"rendered":"<p>Africa-Press &#8211; Tchad. Le patron de Facebook, Mark Zuckerberg a annonc\u00e9 le 27 janvier 202, que la plateforme ne recommandera plus \u00e0 ses utilisateurs les groupes militants ou politiques. Une mesure d\u00e9j\u00e0 prise aux Etats-Unis cet automne pour tenter d\u2019apaiser les \u00e9changes des \u00e9lections am\u00e9ricaines sous tension Le r\u00e9seau cherche \u00e0 s\u2019\u00e9loigner des combats politiques, [&hellip;]<\/p>\n","protected":false},"author":82,"featured_media":2498,"comment_status":"open","ping_status":"closed","sticky":false,"template":"","format":"standard","meta":{"footnotes":""},"categories":[22,11,10],"tags":[37,292,255,455,456,29],"class_list":["post-2499","post","type-post","status-publish","format-standard","has-post-thumbnail","hentry","category-divers","category-homepage-french","category-toutes-les-actualites","tag-africa-press","tag-africa-press-tchad","tag-facebook","tag-mark-zuckerberg","tag-politique","tag-tchad"],"yoast_head":"<!-- This site is optimized with the Yoast SEO Premium plugin v26.1 (Yoast SEO v27.0) - https:\/\/yoast.com\/product\/yoast-seo-premium-wordpress\/ -->\n<title>Facebook ne fera plus de propositions politiques sur sa plateforme - tchad<\/title>\n<meta name=\"description\" content=\"Le patron de Facebook, Mark Zuckerberg a annonc\u00e9 le 27 janvier 202, que la plateforme ne recommandera plus \u00e0 ses util ...\" \/>\n<meta name=\"robots\" content=\"index, follow, max-snippet:-1, max-image-preview:large, max-video-preview:-1\" \/>\n<link rel=\"canonical\" href=\"https:\/\/www.africa-press.net\/tchad\/toutes-les-actualites\/facebook-ne-fera-plus-de-propositions-politiques-sur-sa-plateforme\" \/>\n<meta property=\"og:locale\" content=\"fr_FR\" \/>\n<meta property=\"og:type\" content=\"article\" \/>\n<meta property=\"og:title\" content=\"Facebook ne fera plus de propositions politiques sur sa plateforme\" \/>\n<meta property=\"og:description\" content=\"Le patron de Facebook, Mark Zuckerberg a annonc\u00e9 le 27 janvier 202, que la plateforme ne recommandera plus \u00e0 ses util ...\" \/>\n<meta property=\"og:url\" content=\"https:\/\/www.africa-press.net\/tchad\/toutes-les-actualites\/facebook-ne-fera-plus-de-propositions-politiques-sur-sa-plateforme\" \/>\n<meta property=\"og:site_name\" content=\"tchad\" \/>\n<meta property=\"article:published_time\" content=\"2021-01-28T18:51:45+00:00\" \/>\n<meta property=\"og:image\" content=\"https:\/\/static.africa-press.net\/tchad\/sites\/41\/2021\/01\/img-6012fe019f9d6.jpg\" \/>\n\t<meta property=\"og:image:width\" content=\"780\" \/>\n\t<meta property=\"og:image:height\" content=\"440\" \/>\n\t<meta property=\"og:image:type\" content=\"image\/jpeg\" \/>\n<meta name=\"author\" content=\"cfeditorfr\" \/>\n<meta name=\"twitter:card\" content=\"summary_large_image\" \/>\n<meta name=\"twitter:label1\" content=\"\u00c9crit par\" \/>\n\t<meta name=\"twitter:data1\" content=\"cfeditorfr\" \/>\n\t<meta name=\"twitter:label2\" content=\"Dur\u00e9e de lecture estim\u00e9e\" \/>\n\t<meta name=\"twitter:data2\" content=\"2 minutes\" \/>\n<script type=\"application\/ld+json\" class=\"yoast-schema-graph\">{\"@context\":\"https:\/\/schema.org\",\"@graph\":[{\"@type\":\"Article\",\"@id\":\"https:\/\/www.africa-press.net\/tchad\/toutes-les-actualites\/facebook-ne-fera-plus-de-propositions-politiques-sur-sa-plateforme#article\",\"isPartOf\":{\"@id\":\"https:\/\/www.africa-press.net\/tchad\/toutes-les-actualites\/facebook-ne-fera-plus-de-propositions-politiques-sur-sa-plateforme\"},\"author\":{\"name\":\"cfeditorfr\",\"@id\":\"https:\/\/www.africa-press.net\/tchad\/#\/schema\/person\/2b1cf3cd81a31e3cd26889ca66d677f1\"},\"headline\":\"Facebook ne fera plus de propositions politiques sur sa plateforme\",\"datePublished\":\"2021-01-28T18:51:45+00:00\",\"mainEntityOfPage\":{\"@id\":\"https:\/\/www.africa-press.net\/tchad\/toutes-les-actualites\/facebook-ne-fera-plus-de-propositions-politiques-sur-sa-plateforme\"},\"wordCount\":319,\"commentCount\":0,\"image\":{\"@id\":\"https:\/\/www.africa-press.net\/tchad\/toutes-les-actualites\/facebook-ne-fera-plus-de-propositions-politiques-sur-sa-plateforme#primaryimage\"},\"thumbnailUrl\":\"https:\/\/static.africa-press.net\/tchad\/sites\/41\/2021\/01\/img-6012fe019f9d6.jpg\",\"keywords\":[\"Africa Press\",\"Africa Press-Tchad\",\"Facebook\",\"Mark Zuckerberg\",\"Politique\",\"Tchad\"],\"articleSection\":[\"Divers\",\"homepage-french\",\"Toutes les actualit\u00e9s\"],\"inLanguage\":\"fr-FR\",\"potentialAction\":[{\"@type\":\"CommentAction\",\"name\":\"Comment\",\"target\":[\"https:\/\/www.africa-press.net\/tchad\/toutes-les-actualites\/facebook-ne-fera-plus-de-propositions-politiques-sur-sa-plateforme#respond\"]}]},{\"@type\":\"WebPage\",\"@id\":\"https:\/\/www.africa-press.net\/tchad\/toutes-les-actualites\/facebook-ne-fera-plus-de-propositions-politiques-sur-sa-plateforme\",\"url\":\"https:\/\/www.africa-press.net\/tchad\/toutes-les-actualites\/facebook-ne-fera-plus-de-propositions-politiques-sur-sa-plateforme\",\"name\":\"Facebook ne fera plus de propositions politiques sur sa plateforme - tchad\",\"isPartOf\":{\"@id\":\"https:\/\/www.africa-press.net\/tchad\/#website\"},\"primaryImageOfPage\":{\"@id\":\"https:\/\/www.africa-press.net\/tchad\/toutes-les-actualites\/facebook-ne-fera-plus-de-propositions-politiques-sur-sa-plateforme#primaryimage\"},\"image\":{\"@id\":\"https:\/\/www.africa-press.net\/tchad\/toutes-les-actualites\/facebook-ne-fera-plus-de-propositions-politiques-sur-sa-plateforme#primaryimage\"},\"thumbnailUrl\":\"https:\/\/static.africa-press.net\/tchad\/sites\/41\/2021\/01\/img-6012fe019f9d6.jpg\",\"datePublished\":\"2021-01-28T18:51:45+00:00\",\"author\":{\"@id\":\"https:\/\/www.africa-press.net\/tchad\/#\/schema\/person\/2b1cf3cd81a31e3cd26889ca66d677f1\"},\"description\":\"Le patron de Facebook, Mark Zuckerberg a annonc\u00e9 le 27 janvier 202, que la plateforme ne recommandera plus \u00e0 ses util ...\",\"breadcrumb\":{\"@id\":\"https:\/\/www.africa-press.net\/tchad\/toutes-les-actualites\/facebook-ne-fera-plus-de-propositions-politiques-sur-sa-plateforme#breadcrumb\"},\"inLanguage\":\"fr-FR\",\"potentialAction\":[{\"@type\":\"ReadAction\",\"target\":[\"https:\/\/www.africa-press.net\/tchad\/toutes-les-actualites\/facebook-ne-fera-plus-de-propositions-politiques-sur-sa-plateforme\"]}]},{\"@type\":\"ImageObject\",\"inLanguage\":\"fr-FR\",\"@id\":\"https:\/\/www.africa-press.net\/tchad\/toutes-les-actualites\/facebook-ne-fera-plus-de-propositions-politiques-sur-sa-plateforme#primaryimage\",\"url\":\"https:\/\/static.africa-press.net\/tchad\/sites\/41\/2021\/01\/img-6012fe019f9d6.jpg\",\"contentUrl\":\"https:\/\/static.africa-press.net\/tchad\/sites\/41\/2021\/01\/img-6012fe019f9d6.jpg\",\"width\":780,\"height\":440,\"caption\":\"Facebook ne fera plus de propositions politiques sur sa plateforme\"},{\"@type\":\"BreadcrumbList\",\"@id\":\"https:\/\/www.africa-press.net\/tchad\/toutes-les-actualites\/facebook-ne-fera-plus-de-propositions-politiques-sur-sa-plateforme#breadcrumb\",\"itemListElement\":[{\"@type\":\"ListItem\",\"position\":1,\"name\":\"Accueil\",\"item\":\"https:\/\/www.africa-press.net\/tchad\/\"},{\"@type\":\"ListItem\",\"position\":2,\"name\":\"Facebook ne fera plus de propositions politiques sur sa plateforme\"}]},{\"@type\":\"WebSite\",\"@id\":\"https:\/\/www.africa-press.net\/tchad\/#website\",\"url\":\"https:\/\/www.africa-press.net\/tchad\/\",\"name\":\"tchad\",\"description\":\"Just another Africa News Agency Sites site\",\"potentialAction\":[{\"@type\":\"SearchAction\",\"target\":{\"@type\":\"EntryPoint\",\"urlTemplate\":\"https:\/\/www.africa-press.net\/tchad\/?s={search_term_string}\"},\"query-input\":{\"@type\":\"PropertyValueSpecification\",\"valueRequired\":true,\"valueName\":\"search_term_string\"}}],\"inLanguage\":\"fr-FR\"},{\"@type\":\"Person\",\"@id\":\"https:\/\/www.africa-press.net\/tchad\/#\/schema\/person\/2b1cf3cd81a31e3cd26889ca66d677f1\",\"name\":\"cfeditorfr\"}]}<\/script>\n<!-- \/ Yoast SEO Premium plugin. -->","yoast_head_json":{"title":"Facebook ne fera plus de propositions politiques sur sa plateforme - tchad","description":"Le patron de Facebook, Mark Zuckerberg a annonc\u00e9 le 27 janvier 202, que la plateforme ne recommandera plus \u00e0 ses util ...","robots":{"index":"index","follow":"follow","max-snippet":"max-snippet:-1","max-image-preview":"max-image-preview:large","max-video-preview":"max-video-preview:-1"},"canonical":"https:\/\/www.africa-press.net\/tchad\/toutes-les-actualites\/facebook-ne-fera-plus-de-propositions-politiques-sur-sa-plateforme","og_locale":"fr_FR","og_type":"article","og_title":"Facebook ne fera plus de propositions politiques sur sa plateforme","og_description":"Le patron de Facebook, Mark Zuckerberg a annonc\u00e9 le 27 janvier 202, que la plateforme ne recommandera plus \u00e0 ses util ...","og_url":"https:\/\/www.africa-press.net\/tchad\/toutes-les-actualites\/facebook-ne-fera-plus-de-propositions-politiques-sur-sa-plateforme","og_site_name":"tchad","article_published_time":"2021-01-28T18:51:45+00:00","og_image":[{"width":780,"height":440,"url":"https:\/\/static.africa-press.net\/tchad\/sites\/41\/2021\/01\/img-6012fe019f9d6.jpg","type":"image\/jpeg"}],"author":"cfeditorfr","twitter_card":"summary_large_image","twitter_misc":{"\u00c9crit par":"cfeditorfr","Dur\u00e9e de lecture estim\u00e9e":"2 minutes"},"schema":{"@context":"https:\/\/schema.org","@graph":[{"@type":"Article","@id":"https:\/\/www.africa-press.net\/tchad\/toutes-les-actualites\/facebook-ne-fera-plus-de-propositions-politiques-sur-sa-plateforme#article","isPartOf":{"@id":"https:\/\/www.africa-press.net\/tchad\/toutes-les-actualites\/facebook-ne-fera-plus-de-propositions-politiques-sur-sa-plateforme"},"author":{"name":"cfeditorfr","@id":"https:\/\/www.africa-press.net\/tchad\/#\/schema\/person\/2b1cf3cd81a31e3cd26889ca66d677f1"},"headline":"Facebook ne fera plus de propositions politiques sur sa plateforme","datePublished":"2021-01-28T18:51:45+00:00","mainEntityOfPage":{"@id":"https:\/\/www.africa-press.net\/tchad\/toutes-les-actualites\/facebook-ne-fera-plus-de-propositions-politiques-sur-sa-plateforme"},"wordCount":319,"commentCount":0,"image":{"@id":"https:\/\/www.africa-press.net\/tchad\/toutes-les-actualites\/facebook-ne-fera-plus-de-propositions-politiques-sur-sa-plateforme#primaryimage"},"thumbnailUrl":"https:\/\/static.africa-press.net\/tchad\/sites\/41\/2021\/01\/img-6012fe019f9d6.jpg","keywords":["Africa Press","Africa Press-Tchad","Facebook","Mark Zuckerberg","Politique","Tchad"],"articleSection":["Divers","homepage-french","Toutes les actualit\u00e9s"],"inLanguage":"fr-FR","potentialAction":[{"@type":"CommentAction","name":"Comment","target":["https:\/\/www.africa-press.net\/tchad\/toutes-les-actualites\/facebook-ne-fera-plus-de-propositions-politiques-sur-sa-plateforme#respond"]}]},{"@type":"WebPage","@id":"https:\/\/www.africa-press.net\/tchad\/toutes-les-actualites\/facebook-ne-fera-plus-de-propositions-politiques-sur-sa-plateforme","url":"https:\/\/www.africa-press.net\/tchad\/toutes-les-actualites\/facebook-ne-fera-plus-de-propositions-politiques-sur-sa-plateforme","name":"Facebook ne fera plus de propositions politiques sur sa plateforme - tchad","isPartOf":{"@id":"https:\/\/www.africa-press.net\/tchad\/#website"},"primaryImageOfPage":{"@id":"https:\/\/www.africa-press.net\/tchad\/toutes-les-actualites\/facebook-ne-fera-plus-de-propositions-politiques-sur-sa-plateforme#primaryimage"},"image":{"@id":"https:\/\/www.africa-press.net\/tchad\/toutes-les-actualites\/facebook-ne-fera-plus-de-propositions-politiques-sur-sa-plateforme#primaryimage"},"thumbnailUrl":"https:\/\/static.africa-press.net\/tchad\/sites\/41\/2021\/01\/img-6012fe019f9d6.jpg","datePublished":"2021-01-28T18:51:45+00:00","author":{"@id":"https:\/\/www.africa-press.net\/tchad\/#\/schema\/person\/2b1cf3cd81a31e3cd26889ca66d677f1"},"description":"Le patron de Facebook, Mark Zuckerberg a annonc\u00e9 le 27 janvier 202, que la plateforme ne recommandera plus \u00e0 ses util ...","breadcrumb":{"@id":"https:\/\/www.africa-press.net\/tchad\/toutes-les-actualites\/facebook-ne-fera-plus-de-propositions-politiques-sur-sa-plateforme#breadcrumb"},"inLanguage":"fr-FR","potentialAction":[{"@type":"ReadAction","target":["https:\/\/www.africa-press.net\/tchad\/toutes-les-actualites\/facebook-ne-fera-plus-de-propositions-politiques-sur-sa-plateforme"]}]},{"@type":"ImageObject","inLanguage":"fr-FR","@id":"https:\/\/www.africa-press.net\/tchad\/toutes-les-actualites\/facebook-ne-fera-plus-de-propositions-politiques-sur-sa-plateforme#primaryimage","url":"https:\/\/static.africa-press.net\/tchad\/sites\/41\/2021\/01\/img-6012fe019f9d6.jpg","contentUrl":"https:\/\/static.africa-press.net\/tchad\/sites\/41\/2021\/01\/img-6012fe019f9d6.jpg","width":780,"height":440,"caption":"Facebook ne fera plus de propositions politiques sur sa plateforme"},{"@type":"BreadcrumbList","@id":"https:\/\/www.africa-press.net\/tchad\/toutes-les-actualites\/facebook-ne-fera-plus-de-propositions-politiques-sur-sa-plateforme#breadcrumb","itemListElement":[{"@type":"ListItem","position":1,"name":"Accueil","item":"https:\/\/www.africa-press.net\/tchad\/"},{"@type":"ListItem","position":2,"name":"Facebook ne fera plus de propositions politiques sur sa plateforme"}]},{"@type":"WebSite","@id":"https:\/\/www.africa-press.net\/tchad\/#website","url":"https:\/\/www.africa-press.net\/tchad\/","name":"tchad","description":"Just another Africa News Agency Sites site","potentialAction":[{"@type":"SearchAction","target":{"@type":"EntryPoint","urlTemplate":"https:\/\/www.africa-press.net\/tchad\/?s={search_term_string}"},"query-input":{"@type":"PropertyValueSpecification","valueRequired":true,"valueName":"search_term_string"}}],"inLanguage":"fr-FR"},{"@type":"Person","@id":"https:\/\/www.africa-press.net\/tchad\/#\/schema\/person\/2b1cf3cd81a31e3cd26889ca66d677f1","name":"cfeditorfr"}]}},"_links":{"self":[{"href":"https:\/\/www.africa-press.net\/tchad\/wp-json\/wp\/v2\/posts\/2499","targetHints":{"allow":["GET"]}}],"collection":[{"href":"https:\/\/www.africa-press.net\/tchad\/wp-json\/wp\/v2\/posts"}],"about":[{"href":"https:\/\/www.africa-press.net\/tchad\/wp-json\/wp\/v2\/types\/post"}],"author":[{"embeddable":true,"href":"https:\/\/www.africa-press.net\/tchad\/wp-json\/wp\/v2\/users\/82"}],"replies":[{"embeddable":true,"href":"https:\/\/www.africa-press.net\/tchad\/wp-json\/wp\/v2\/comments?post=2499"}],"version-history":[{"count":0,"href":"https:\/\/www.africa-press.net\/tchad\/wp-json\/wp\/v2\/posts\/2499\/revisions"}],"wp:featuredmedia":[{"embeddable":true,"href":"https:\/\/www.africa-press.net\/tchad\/wp-json\/wp\/v2\/media\/2498"}],"wp:attachment":[{"href":"https:\/\/www.africa-press.net\/tchad\/wp-json\/wp\/v2\/media?parent=2499"}],"wp:term":[{"taxonomy":"category","embeddable":true,"href":"https:\/\/www.africa-press.net\/tchad\/wp-json\/wp\/v2\/categories?post=2499"},{"taxonomy":"post_tag","embeddable":true,"href":"https:\/\/www.africa-press.net\/tchad\/wp-json\/wp\/v2\/tags?post=2499"}],"curies":[{"name":"wp","href":"https:\/\/api.w.org\/{rel}","templated":true}]}}