{"id":25127,"date":"2022-05-13T17:52:43","date_gmt":"2022-05-13T17:52:43","guid":{"rendered":"https:\/\/www.africa-press.net\/tchad\/politique\/presidence-de-la-bdeac-le-tchad-reclame-le-siege"},"modified":"2022-05-13T18:16:41","modified_gmt":"2022-05-13T18:16:41","slug":"presidence-de-la-bdeac-le-tchad-reclame-le-siege","status":"publish","type":"post","link":"https:\/\/www.africa-press.net\/tchad\/politique\/presidence-de-la-bdeac-le-tchad-reclame-le-siege","title":{"rendered":"Pr\u00e9sidence de la BDEAC : le Tchad r\u00e9clame le si\u00e8ge"},"content":{"rendered":"<p><span style=\"color: #ff6600\"><strong>Africa-Press &#8211; Tchad. <\/strong><\/span><b>Le Tchad exige le respect du crit\u00e8re de rotation par ordre alphab\u00e9tique, dans le processus de d\u00e9signation du pr\u00e9sident de la Banque de d\u00e9veloppement des Etats de l\u2019Afrique centrale.<\/b><\/p>\n<p>A l\u2019issue des \u00e9changes, le 12 mai 2022, avec Fortunato-Ofa Mbo Nchama, pr\u00e9sident actuel de la BDEAC, Mahamat Idriss Deby a exig\u00e9 le respect des textes de l\u2019institution bancaire. Mahamat Idriss Deby regrette que des man\u0153uvres soient en cours pour attribuer la pr\u00e9sidence de la BEAC \u00e0 un autre pays.<\/p>\n<p>En effet, le camerounais, Dieudonn\u00e9 Evou Mekou, est pressenti au poste de pr\u00e9sident de l\u2019institution bancaire sous r\u00e9gional. En remplacement de l\u2019Equato-guin\u00e9en, Fortunato-Ofa Mbo Nchama. Or les textes pr\u00e9voient les nominations ob\u00e9issent au crit\u00e8re de rotation par ordre alphab\u00e9tique. Ce qui, d\u2019apr\u00e8s les autorit\u00e9s tchadiennes ne sera pas respect\u00e9 si le si\u00e8ge ne leur revient pas.<\/p>\n<p>\u00abNous avons avec une certaine surprise appris, qu\u2019il y\u2019a un changement qui va s\u2019op\u00e9rer au niveau de la banque, avec la nomination d\u2019un nouveau pr\u00e9sident \u00bb, s\u2019\u00e9tonne, Tahir Hamid Nguilin, ministre tchadien des Finances. \u00ab Le Tchad qui est membre historique de cette banque de d\u00e9veloppement et qui par ailleurs d\u00e9positaire des textes de la communaut\u00e9 s\u2019en tient au respect des textes et des proc\u00e9dures. Pour ce qui est de la nomination des premiers dirigeants de nos repr\u00e9sentants dans les organisations. \u00bb, souhait-il.<\/p>\n<p><b>Le Tchad qui est membre historique de cette banque de d\u00e9veloppement et qui par ailleurs d\u00e9positaire des textes de la communaut\u00e9 s\u2019en tient au respect des textes et des proc\u00e9dures.<\/b><\/p>\n<p>Le ministre des Finances rappelle que, le Tchad n\u2019a pas g\u00e9r\u00e9 la BDEAC depuis tr\u00e8s longtemps. En ce qui est d\u2019un mandat complet. \u00ab Et actuellement c\u2019est le tour du Tchad qui est le prochain. \u00bb Par ces mots il s\u2019oppose \u00e0 la d\u00e9signation d\u2019un autre candidat. \u00ab Le Tchad a \u00e9t\u00e9 surpris de cette d\u00e9cision. C\u2019est une d\u00e9cision qui est tout \u00e0 fait contraire aux r\u00e8gles de nomination. Nous avons eu des instructions fermes allant dans le sens de prendre des mesures pour que cette d\u00e9cision soit corrig\u00e9e. Dans les jours \u00e0 venir, avec les autres \u00c9tats, cette d\u00e9cision doit \u00eatre corrig\u00e9e \u00bb.<\/p>\n<p><b>Et actuellement c\u2019est le tour du Tchad qui est le prochai<\/b><br \/>\n<b>Le Tchad a \u00e9t\u00e9 surpris de cette d\u00e9cision.\u00bb.<\/b><\/p>\n<p>\u00ab Le Tchad n\u2019a pas encore pr\u00e9sent\u00e9 mais il pr\u00e9sentera son candidat \u00bb, annonce le ministre tchadien des Finances.<\/p>\n<p><strong>Pour plus d&rsquo;informations et d&rsquo;analyses sur la <a href=\"https:\/\/www.africa-press.net\/tchad\">Tchad<\/a>, suivez <a href=\"https:\/\/www.africa-press.net\/\">Africa-Press<\/a><\/strong><\/p>\n","protected":false},"excerpt":{"rendered":"<p>Africa-Press &#8211; Tchad. Le Tchad exige le respect du crit\u00e8re de rotation par ordre alphab\u00e9tique, dans le processus de d\u00e9signation du pr\u00e9sident de la Banque de d\u00e9veloppement des Etats de l\u2019Afrique centrale. A l\u2019issue des \u00e9changes, le 12 mai 2022, avec Fortunato-Ofa Mbo Nchama, pr\u00e9sident actuel de la BDEAC, Mahamat Idriss Deby a exig\u00e9 le [&hellip;]<\/p>\n","protected":false},"author":82,"featured_media":25126,"comment_status":"open","ping_status":"closed","sticky":false,"template":"","format":"standard","meta":{"footnotes":""},"categories":[11,2,20,10],"tags":[37,292,1639,1267,29],"class_list":["post-25127","post","type-post","status-publish","format-standard","has-post-thumbnail","hentry","category-homepage-french","category-politique","category-top-nouvelles","category-toutes-les-actualites","tag-africa-press","tag-africa-press-tchad","tag-bdeac","tag-presidence","tag-tchad"],"yoast_head":"<!-- This site is optimized with the Yoast SEO Premium plugin v26.1 (Yoast SEO v27.0) - https:\/\/yoast.com\/product\/yoast-seo-premium-wordpress\/ -->\n<title>Pr\u00e9sidence de la BDEAC : le Tchad r\u00e9clame le si\u00e8ge - tchad<\/title>\n<meta name=\"description\" content=\"Le Tchad exige le respect du crit\u00e8re de rotation par ordre alphab\u00e9tique, dans le processus de d\u00e9signation du pr\u00e9siden ...\" \/>\n<meta name=\"robots\" content=\"index, follow, max-snippet:-1, max-image-preview:large, max-video-preview:-1\" \/>\n<link rel=\"canonical\" href=\"https:\/\/www.africa-press.net\/tchad\/politique\/presidence-de-la-bdeac-le-tchad-reclame-le-siege\" \/>\n<meta property=\"og:locale\" content=\"fr_FR\" \/>\n<meta property=\"og:type\" content=\"article\" \/>\n<meta property=\"og:title\" content=\"Pr\u00e9sidence de la BDEAC : le Tchad r\u00e9clame le si\u00e8ge\" \/>\n<meta property=\"og:description\" content=\"Le Tchad exige le respect du crit\u00e8re de rotation par ordre alphab\u00e9tique, dans le processus de d\u00e9signation du pr\u00e9siden ...\" \/>\n<meta property=\"og:url\" content=\"https:\/\/www.africa-press.net\/tchad\/politique\/presidence-de-la-bdeac-le-tchad-reclame-le-siege\" \/>\n<meta property=\"og:site_name\" content=\"tchad\" \/>\n<meta property=\"article:published_time\" content=\"2022-05-13T17:52:43+00:00\" \/>\n<meta property=\"article:modified_time\" content=\"2022-05-13T18:16:41+00:00\" \/>\n<meta property=\"og:image\" content=\"https:\/\/static.africa-press.net\/tchad\/sites\/41\/2022\/05\/postQueueImg_24-627ea06885c77.jpg\" \/>\n\t<meta property=\"og:image:width\" content=\"780\" \/>\n\t<meta property=\"og:image:height\" content=\"440\" \/>\n\t<meta property=\"og:image:type\" content=\"image\/jpeg\" \/>\n<meta name=\"author\" content=\"cfeditorfr\" \/>\n<meta name=\"twitter:card\" content=\"summary_large_image\" \/>\n<meta name=\"twitter:label1\" content=\"\u00c9crit par\" \/>\n\t<meta name=\"twitter:data1\" content=\"cfeditorfr\" \/>\n\t<meta name=\"twitter:label2\" content=\"Dur\u00e9e de lecture estim\u00e9e\" \/>\n\t<meta name=\"twitter:data2\" content=\"2 minutes\" \/>\n<script type=\"application\/ld+json\" class=\"yoast-schema-graph\">{\"@context\":\"https:\/\/schema.org\",\"@graph\":[{\"@type\":\"Article\",\"@id\":\"https:\/\/www.africa-press.net\/tchad\/politique\/presidence-de-la-bdeac-le-tchad-reclame-le-siege#article\",\"isPartOf\":{\"@id\":\"https:\/\/www.africa-press.net\/tchad\/politique\/presidence-de-la-bdeac-le-tchad-reclame-le-siege\"},\"author\":{\"name\":\"cfeditorfr\",\"@id\":\"https:\/\/www.africa-press.net\/tchad\/#\/schema\/person\/2b1cf3cd81a31e3cd26889ca66d677f1\"},\"headline\":\"Pr\u00e9sidence de la BDEAC : le Tchad r\u00e9clame le si\u00e8ge\",\"datePublished\":\"2022-05-13T17:52:43+00:00\",\"dateModified\":\"2022-05-13T18:16:41+00:00\",\"mainEntityOfPage\":{\"@id\":\"https:\/\/www.africa-press.net\/tchad\/politique\/presidence-de-la-bdeac-le-tchad-reclame-le-siege\"},\"wordCount\":463,\"commentCount\":0,\"image\":{\"@id\":\"https:\/\/www.africa-press.net\/tchad\/politique\/presidence-de-la-bdeac-le-tchad-reclame-le-siege#primaryimage\"},\"thumbnailUrl\":\"https:\/\/static.africa-press.net\/tchad\/sites\/41\/2022\/05\/postQueueImg_24-627ea06885c77.jpg\",\"keywords\":[\"Africa Press\",\"Africa Press-Tchad\",\"BDEAC\",\"Pr\u00e9sidence\",\"Tchad\"],\"articleSection\":[\"homepage-french\",\"Politique\",\"Top Nouvelles\",\"Toutes les actualit\u00e9s\"],\"inLanguage\":\"fr-FR\",\"potentialAction\":[{\"@type\":\"CommentAction\",\"name\":\"Comment\",\"target\":[\"https:\/\/www.africa-press.net\/tchad\/politique\/presidence-de-la-bdeac-le-tchad-reclame-le-siege#respond\"]}]},{\"@type\":\"WebPage\",\"@id\":\"https:\/\/www.africa-press.net\/tchad\/politique\/presidence-de-la-bdeac-le-tchad-reclame-le-siege\",\"url\":\"https:\/\/www.africa-press.net\/tchad\/politique\/presidence-de-la-bdeac-le-tchad-reclame-le-siege\",\"name\":\"Pr\u00e9sidence de la BDEAC : le Tchad r\u00e9clame le si\u00e8ge - tchad\",\"isPartOf\":{\"@id\":\"https:\/\/www.africa-press.net\/tchad\/#website\"},\"primaryImageOfPage\":{\"@id\":\"https:\/\/www.africa-press.net\/tchad\/politique\/presidence-de-la-bdeac-le-tchad-reclame-le-siege#primaryimage\"},\"image\":{\"@id\":\"https:\/\/www.africa-press.net\/tchad\/politique\/presidence-de-la-bdeac-le-tchad-reclame-le-siege#primaryimage\"},\"thumbnailUrl\":\"https:\/\/static.africa-press.net\/tchad\/sites\/41\/2022\/05\/postQueueImg_24-627ea06885c77.jpg\",\"datePublished\":\"2022-05-13T17:52:43+00:00\",\"dateModified\":\"2022-05-13T18:16:41+00:00\",\"author\":{\"@id\":\"https:\/\/www.africa-press.net\/tchad\/#\/schema\/person\/2b1cf3cd81a31e3cd26889ca66d677f1\"},\"description\":\"Le Tchad exige le respect du crit\u00e8re de rotation par ordre alphab\u00e9tique, dans le processus de d\u00e9signation du pr\u00e9siden ...\",\"breadcrumb\":{\"@id\":\"https:\/\/www.africa-press.net\/tchad\/politique\/presidence-de-la-bdeac-le-tchad-reclame-le-siege#breadcrumb\"},\"inLanguage\":\"fr-FR\",\"potentialAction\":[{\"@type\":\"ReadAction\",\"target\":[\"https:\/\/www.africa-press.net\/tchad\/politique\/presidence-de-la-bdeac-le-tchad-reclame-le-siege\"]}]},{\"@type\":\"ImageObject\",\"inLanguage\":\"fr-FR\",\"@id\":\"https:\/\/www.africa-press.net\/tchad\/politique\/presidence-de-la-bdeac-le-tchad-reclame-le-siege#primaryimage\",\"url\":\"https:\/\/static.africa-press.net\/tchad\/sites\/41\/2022\/05\/postQueueImg_24-627ea06885c77.jpg\",\"contentUrl\":\"https:\/\/static.africa-press.net\/tchad\/sites\/41\/2022\/05\/postQueueImg_24-627ea06885c77.jpg\",\"width\":780,\"height\":440,\"caption\":\"Pr\u00e9sidence de la BDEAC : le Tchad r\u00e9clame le si\u00e8ge\"},{\"@type\":\"BreadcrumbList\",\"@id\":\"https:\/\/www.africa-press.net\/tchad\/politique\/presidence-de-la-bdeac-le-tchad-reclame-le-siege#breadcrumb\",\"itemListElement\":[{\"@type\":\"ListItem\",\"position\":1,\"name\":\"Accueil\",\"item\":\"https:\/\/www.africa-press.net\/tchad\/\"},{\"@type\":\"ListItem\",\"position\":2,\"name\":\"Pr\u00e9sidence de la BDEAC : le Tchad r\u00e9clame le si\u00e8ge\"}]},{\"@type\":\"WebSite\",\"@id\":\"https:\/\/www.africa-press.net\/tchad\/#website\",\"url\":\"https:\/\/www.africa-press.net\/tchad\/\",\"name\":\"tchad\",\"description\":\"Just another Africa News Agency Sites site\",\"potentialAction\":[{\"@type\":\"SearchAction\",\"target\":{\"@type\":\"EntryPoint\",\"urlTemplate\":\"https:\/\/www.africa-press.net\/tchad\/?s={search_term_string}\"},\"query-input\":{\"@type\":\"PropertyValueSpecification\",\"valueRequired\":true,\"valueName\":\"search_term_string\"}}],\"inLanguage\":\"fr-FR\"},{\"@type\":\"Person\",\"@id\":\"https:\/\/www.africa-press.net\/tchad\/#\/schema\/person\/2b1cf3cd81a31e3cd26889ca66d677f1\",\"name\":\"cfeditorfr\"}]}<\/script>\n<!-- \/ Yoast SEO Premium plugin. -->","yoast_head_json":{"title":"Pr\u00e9sidence de la BDEAC : le Tchad r\u00e9clame le si\u00e8ge - tchad","description":"Le Tchad exige le respect du crit\u00e8re de rotation par ordre alphab\u00e9tique, dans le processus de d\u00e9signation du pr\u00e9siden ...","robots":{"index":"index","follow":"follow","max-snippet":"max-snippet:-1","max-image-preview":"max-image-preview:large","max-video-preview":"max-video-preview:-1"},"canonical":"https:\/\/www.africa-press.net\/tchad\/politique\/presidence-de-la-bdeac-le-tchad-reclame-le-siege","og_locale":"fr_FR","og_type":"article","og_title":"Pr\u00e9sidence de la BDEAC : le Tchad r\u00e9clame le si\u00e8ge","og_description":"Le Tchad exige le respect du crit\u00e8re de rotation par ordre alphab\u00e9tique, dans le processus de d\u00e9signation du pr\u00e9siden ...","og_url":"https:\/\/www.africa-press.net\/tchad\/politique\/presidence-de-la-bdeac-le-tchad-reclame-le-siege","og_site_name":"tchad","article_published_time":"2022-05-13T17:52:43+00:00","article_modified_time":"2022-05-13T18:16:41+00:00","og_image":[{"width":780,"height":440,"url":"https:\/\/static.africa-press.net\/tchad\/sites\/41\/2022\/05\/postQueueImg_24-627ea06885c77.jpg","type":"image\/jpeg"}],"author":"cfeditorfr","twitter_card":"summary_large_image","twitter_misc":{"\u00c9crit par":"cfeditorfr","Dur\u00e9e de lecture estim\u00e9e":"2 minutes"},"schema":{"@context":"https:\/\/schema.org","@graph":[{"@type":"Article","@id":"https:\/\/www.africa-press.net\/tchad\/politique\/presidence-de-la-bdeac-le-tchad-reclame-le-siege#article","isPartOf":{"@id":"https:\/\/www.africa-press.net\/tchad\/politique\/presidence-de-la-bdeac-le-tchad-reclame-le-siege"},"author":{"name":"cfeditorfr","@id":"https:\/\/www.africa-press.net\/tchad\/#\/schema\/person\/2b1cf3cd81a31e3cd26889ca66d677f1"},"headline":"Pr\u00e9sidence de la BDEAC : le Tchad r\u00e9clame le si\u00e8ge","datePublished":"2022-05-13T17:52:43+00:00","dateModified":"2022-05-13T18:16:41+00:00","mainEntityOfPage":{"@id":"https:\/\/www.africa-press.net\/tchad\/politique\/presidence-de-la-bdeac-le-tchad-reclame-le-siege"},"wordCount":463,"commentCount":0,"image":{"@id":"https:\/\/www.africa-press.net\/tchad\/politique\/presidence-de-la-bdeac-le-tchad-reclame-le-siege#primaryimage"},"thumbnailUrl":"https:\/\/static.africa-press.net\/tchad\/sites\/41\/2022\/05\/postQueueImg_24-627ea06885c77.jpg","keywords":["Africa Press","Africa Press-Tchad","BDEAC","Pr\u00e9sidence","Tchad"],"articleSection":["homepage-french","Politique","Top Nouvelles","Toutes les actualit\u00e9s"],"inLanguage":"fr-FR","potentialAction":[{"@type":"CommentAction","name":"Comment","target":["https:\/\/www.africa-press.net\/tchad\/politique\/presidence-de-la-bdeac-le-tchad-reclame-le-siege#respond"]}]},{"@type":"WebPage","@id":"https:\/\/www.africa-press.net\/tchad\/politique\/presidence-de-la-bdeac-le-tchad-reclame-le-siege","url":"https:\/\/www.africa-press.net\/tchad\/politique\/presidence-de-la-bdeac-le-tchad-reclame-le-siege","name":"Pr\u00e9sidence de la BDEAC : le Tchad r\u00e9clame le si\u00e8ge - tchad","isPartOf":{"@id":"https:\/\/www.africa-press.net\/tchad\/#website"},"primaryImageOfPage":{"@id":"https:\/\/www.africa-press.net\/tchad\/politique\/presidence-de-la-bdeac-le-tchad-reclame-le-siege#primaryimage"},"image":{"@id":"https:\/\/www.africa-press.net\/tchad\/politique\/presidence-de-la-bdeac-le-tchad-reclame-le-siege#primaryimage"},"thumbnailUrl":"https:\/\/static.africa-press.net\/tchad\/sites\/41\/2022\/05\/postQueueImg_24-627ea06885c77.jpg","datePublished":"2022-05-13T17:52:43+00:00","dateModified":"2022-05-13T18:16:41+00:00","author":{"@id":"https:\/\/www.africa-press.net\/tchad\/#\/schema\/person\/2b1cf3cd81a31e3cd26889ca66d677f1"},"description":"Le Tchad exige le respect du crit\u00e8re de rotation par ordre alphab\u00e9tique, dans le processus de d\u00e9signation du pr\u00e9siden ...","breadcrumb":{"@id":"https:\/\/www.africa-press.net\/tchad\/politique\/presidence-de-la-bdeac-le-tchad-reclame-le-siege#breadcrumb"},"inLanguage":"fr-FR","potentialAction":[{"@type":"ReadAction","target":["https:\/\/www.africa-press.net\/tchad\/politique\/presidence-de-la-bdeac-le-tchad-reclame-le-siege"]}]},{"@type":"ImageObject","inLanguage":"fr-FR","@id":"https:\/\/www.africa-press.net\/tchad\/politique\/presidence-de-la-bdeac-le-tchad-reclame-le-siege#primaryimage","url":"https:\/\/static.africa-press.net\/tchad\/sites\/41\/2022\/05\/postQueueImg_24-627ea06885c77.jpg","contentUrl":"https:\/\/static.africa-press.net\/tchad\/sites\/41\/2022\/05\/postQueueImg_24-627ea06885c77.jpg","width":780,"height":440,"caption":"Pr\u00e9sidence de la BDEAC : le Tchad r\u00e9clame le si\u00e8ge"},{"@type":"BreadcrumbList","@id":"https:\/\/www.africa-press.net\/tchad\/politique\/presidence-de-la-bdeac-le-tchad-reclame-le-siege#breadcrumb","itemListElement":[{"@type":"ListItem","position":1,"name":"Accueil","item":"https:\/\/www.africa-press.net\/tchad\/"},{"@type":"ListItem","position":2,"name":"Pr\u00e9sidence de la BDEAC : le Tchad r\u00e9clame le si\u00e8ge"}]},{"@type":"WebSite","@id":"https:\/\/www.africa-press.net\/tchad\/#website","url":"https:\/\/www.africa-press.net\/tchad\/","name":"tchad","description":"Just another Africa News Agency Sites site","potentialAction":[{"@type":"SearchAction","target":{"@type":"EntryPoint","urlTemplate":"https:\/\/www.africa-press.net\/tchad\/?s={search_term_string}"},"query-input":{"@type":"PropertyValueSpecification","valueRequired":true,"valueName":"search_term_string"}}],"inLanguage":"fr-FR"},{"@type":"Person","@id":"https:\/\/www.africa-press.net\/tchad\/#\/schema\/person\/2b1cf3cd81a31e3cd26889ca66d677f1","name":"cfeditorfr"}]}},"_links":{"self":[{"href":"https:\/\/www.africa-press.net\/tchad\/wp-json\/wp\/v2\/posts\/25127","targetHints":{"allow":["GET"]}}],"collection":[{"href":"https:\/\/www.africa-press.net\/tchad\/wp-json\/wp\/v2\/posts"}],"about":[{"href":"https:\/\/www.africa-press.net\/tchad\/wp-json\/wp\/v2\/types\/post"}],"author":[{"embeddable":true,"href":"https:\/\/www.africa-press.net\/tchad\/wp-json\/wp\/v2\/users\/82"}],"replies":[{"embeddable":true,"href":"https:\/\/www.africa-press.net\/tchad\/wp-json\/wp\/v2\/comments?post=25127"}],"version-history":[{"count":0,"href":"https:\/\/www.africa-press.net\/tchad\/wp-json\/wp\/v2\/posts\/25127\/revisions"}],"wp:featuredmedia":[{"embeddable":true,"href":"https:\/\/www.africa-press.net\/tchad\/wp-json\/wp\/v2\/media\/25126"}],"wp:attachment":[{"href":"https:\/\/www.africa-press.net\/tchad\/wp-json\/wp\/v2\/media?parent=25127"}],"wp:term":[{"taxonomy":"category","embeddable":true,"href":"https:\/\/www.africa-press.net\/tchad\/wp-json\/wp\/v2\/categories?post=25127"},{"taxonomy":"post_tag","embeddable":true,"href":"https:\/\/www.africa-press.net\/tchad\/wp-json\/wp\/v2\/tags?post=25127"}],"curies":[{"name":"wp","href":"https:\/\/api.w.org\/{rel}","templated":true}]}}