{"id":25221,"date":"2022-05-15T14:28:11","date_gmt":"2022-05-15T14:28:11","guid":{"rendered":"https:\/\/www.africa-press.net\/tchad\/politique\/abderaman-koulamallah-denonce-le-saccage-inadmissible-dun-monument-a-abecheclame-le-siege"},"modified":"2022-05-15T14:54:48","modified_gmt":"2022-05-15T14:54:48","slug":"abderaman-koulamallah-denonce-le-saccage-inadmissible-dun-monument-a-abecheclame-le-siege","status":"publish","type":"post","link":"https:\/\/www.africa-press.net\/tchad\/toutes-les-actualites\/abderaman-koulamallah-denonce-le-saccage-inadmissible-dun-monument-a-abecheclame-le-siege","title":{"rendered":"Abderaman Koulamallah d\u00e9nonce le \u00ab\u00a0saccage inadmissible\u00a0\u00bb d&rsquo;un monument \u00e0 Ab\u00e9ch\u00e9clame le si\u00e8ge"},"content":{"rendered":"<p><span style=\"color: #ff6600\"><strong>Africa-Press &#8211; Tchad. <\/strong><\/span>Ceux qui se sont attaqu\u00e9s \u00e0 ce monument en commettant ce saccage inadmissible, ne se sont pas attaqu\u00e9s seulement \u00e0 la France mais au Tchad, et \u00e0 la m\u00e9moire de tous les Tchadiens qui se sont battus d\u00e8s 1940 pour la libert\u00e9\u00a0\u00bb, a affirm\u00e9 Abderaman Koulamallah.<\/p>\n<p>\u00ab\u00a0Idiotie quand tu nous tient ! Aujourd\u2019hui on a vraiment pas rendu service aux arabophones en les assimilant \u00e0 ces actes odieux qui n\u2019ont rien \u00e0 voir avec la d\u00e9mocratie .<\/p>\n<p>Je suis triste et demande \u00e0 tous les intellectuels tchadiens v\u00e9ritables de s\u2019assumer et de se d\u00e9marquer de cette horreur et de cette haine injustifi\u00e9e et injustifiable.<\/p>\n<p>Notre peuple a un devoir historique de construire une d\u00e9mocratie v\u00e9ritable en refusant de valider les actes de ceux qui veulent devenir les penseurs uniques et nous prennent en otage !\u00a0\u00bb, a poursuivi Abderaman Koulamallah.<\/p>\n<p>\u200bDes manifestants munis de marteaux et pioches ont cass\u00e9 le bloc de b\u00e9ton qui constitue le monument.<\/p>\n<p>Les images ont fait le tour des r\u00e9seaux sociaux.<\/p>\n<p><strong>Pour plus d&rsquo;informations et d&rsquo;analyses sur la <a href=\"https:\/\/www.africa-press.net\/tchad\">Tchad<\/a>, suivez <a href=\"https:\/\/www.africa-press.net\/\">Africa-Press<\/a><\/strong><\/p>\n","protected":false},"excerpt":{"rendered":"<p>Africa-Press &#8211; Tchad. Ceux qui se sont attaqu\u00e9s \u00e0 ce monument en commettant ce saccage inadmissible, ne se sont pas attaqu\u00e9s seulement \u00e0 la France mais au Tchad, et \u00e0 la m\u00e9moire de tous les Tchadiens qui se sont battus d\u00e8s 1940 pour la libert\u00e9\u00a0\u00bb, a affirm\u00e9 Abderaman Koulamallah. \u00ab\u00a0Idiotie quand tu nous tient ! [&hellip;]<\/p>\n","protected":false},"author":82,"featured_media":25220,"comment_status":"open","ping_status":"closed","sticky":false,"template":"","format":"standard","meta":{"footnotes":""},"categories":[21,11,10],"tags":[37,292,1639,1267,29],"class_list":["post-25221","post","type-post","status-publish","format-standard","has-post-thumbnail","hentry","category-communaute","category-homepage-french","category-toutes-les-actualites","tag-africa-press","tag-africa-press-tchad","tag-bdeac","tag-presidence","tag-tchad"],"yoast_head":"<!-- This site is optimized with the Yoast SEO Premium plugin v26.1 (Yoast SEO v27.0) - https:\/\/yoast.com\/product\/yoast-seo-premium-wordpress\/ -->\n<title>Abderaman Koulamallah d\u00e9nonce le &quot;saccage inadmissible&quot; d&#039;un monument \u00e0 Ab\u00e9ch\u00e9clame le si\u00e8ge - tchad<\/title>\n<meta name=\"description\" content=\"Ceux qui se sont attaqu\u00e9s \u00e0 ce monument en commettant ce saccage inadmissible, ne se sont pas attaqu\u00e9s seulement \u00e0 la Fr ...\" \/>\n<meta name=\"robots\" content=\"index, follow, max-snippet:-1, max-image-preview:large, max-video-preview:-1\" \/>\n<link rel=\"canonical\" href=\"https:\/\/www.africa-press.net\/tchad\/toutes-les-actualites\/abderaman-koulamallah-denonce-le-saccage-inadmissible-dun-monument-a-abecheclame-le-siege\" \/>\n<meta property=\"og:locale\" content=\"fr_FR\" \/>\n<meta property=\"og:type\" content=\"article\" \/>\n<meta property=\"og:title\" content=\"Abderaman Koulamallah d\u00e9nonce le &quot;saccage inadmissible&quot; d&#039;un monument \u00e0 Ab\u00e9ch\u00e9clame le si\u00e8ge\" \/>\n<meta property=\"og:description\" content=\"Ceux qui se sont attaqu\u00e9s \u00e0 ce monument en commettant ce saccage inadmissible, ne se sont pas attaqu\u00e9s seulement \u00e0 la Fr ...\" \/>\n<meta property=\"og:url\" content=\"https:\/\/www.africa-press.net\/tchad\/toutes-les-actualites\/abderaman-koulamallah-denonce-le-saccage-inadmissible-dun-monument-a-abecheclame-le-siege\" \/>\n<meta property=\"og:site_name\" content=\"tchad\" \/>\n<meta property=\"article:published_time\" content=\"2022-05-15T14:28:11+00:00\" \/>\n<meta property=\"article:modified_time\" content=\"2022-05-15T14:54:48+00:00\" \/>\n<meta property=\"og:image\" content=\"https:\/\/static.africa-press.net\/tchad\/sites\/41\/2022\/05\/postQueueImg_5-62811424e4abb.jpg\" \/>\n\t<meta property=\"og:image:width\" content=\"1280\" \/>\n\t<meta property=\"og:image:height\" content=\"720\" \/>\n\t<meta property=\"og:image:type\" content=\"image\/jpeg\" \/>\n<meta name=\"author\" content=\"cfeditorfr\" \/>\n<meta name=\"twitter:card\" content=\"summary_large_image\" \/>\n<meta name=\"twitter:label1\" content=\"\u00c9crit par\" \/>\n\t<meta name=\"twitter:data1\" content=\"cfeditorfr\" \/>\n\t<meta name=\"twitter:label2\" content=\"Dur\u00e9e de lecture estim\u00e9e\" \/>\n\t<meta name=\"twitter:data2\" content=\"1 minute\" \/>\n<script type=\"application\/ld+json\" class=\"yoast-schema-graph\">{\"@context\":\"https:\/\/schema.org\",\"@graph\":[{\"@type\":\"Article\",\"@id\":\"https:\/\/www.africa-press.net\/tchad\/toutes-les-actualites\/abderaman-koulamallah-denonce-le-saccage-inadmissible-dun-monument-a-abecheclame-le-siege#article\",\"isPartOf\":{\"@id\":\"https:\/\/www.africa-press.net\/tchad\/toutes-les-actualites\/abderaman-koulamallah-denonce-le-saccage-inadmissible-dun-monument-a-abecheclame-le-siege\"},\"author\":{\"name\":\"cfeditorfr\",\"@id\":\"https:\/\/www.africa-press.net\/tchad\/#\/schema\/person\/2b1cf3cd81a31e3cd26889ca66d677f1\"},\"headline\":\"Abderaman Koulamallah d\u00e9nonce le \u00ab\u00a0saccage inadmissible\u00a0\u00bb d&rsquo;un monument \u00e0 Ab\u00e9ch\u00e9clame le si\u00e8ge\",\"datePublished\":\"2022-05-15T14:28:11+00:00\",\"dateModified\":\"2022-05-15T14:54:48+00:00\",\"mainEntityOfPage\":{\"@id\":\"https:\/\/www.africa-press.net\/tchad\/toutes-les-actualites\/abderaman-koulamallah-denonce-le-saccage-inadmissible-dun-monument-a-abecheclame-le-siege\"},\"wordCount\":201,\"commentCount\":0,\"image\":{\"@id\":\"https:\/\/www.africa-press.net\/tchad\/toutes-les-actualites\/abderaman-koulamallah-denonce-le-saccage-inadmissible-dun-monument-a-abecheclame-le-siege#primaryimage\"},\"thumbnailUrl\":\"https:\/\/static.africa-press.net\/tchad\/sites\/41\/2022\/05\/postQueueImg_5-62811424e4abb.jpg\",\"keywords\":[\"Africa Press\",\"Africa Press-Tchad\",\"BDEAC\",\"Pr\u00e9sidence\",\"Tchad\"],\"articleSection\":[\"Communaut\u00e9\",\"homepage-french\",\"Toutes les actualit\u00e9s\"],\"inLanguage\":\"fr-FR\",\"potentialAction\":[{\"@type\":\"CommentAction\",\"name\":\"Comment\",\"target\":[\"https:\/\/www.africa-press.net\/tchad\/toutes-les-actualites\/abderaman-koulamallah-denonce-le-saccage-inadmissible-dun-monument-a-abecheclame-le-siege#respond\"]}]},{\"@type\":\"WebPage\",\"@id\":\"https:\/\/www.africa-press.net\/tchad\/toutes-les-actualites\/abderaman-koulamallah-denonce-le-saccage-inadmissible-dun-monument-a-abecheclame-le-siege\",\"url\":\"https:\/\/www.africa-press.net\/tchad\/toutes-les-actualites\/abderaman-koulamallah-denonce-le-saccage-inadmissible-dun-monument-a-abecheclame-le-siege\",\"name\":\"Abderaman Koulamallah d\u00e9nonce le \\\"saccage inadmissible\\\" d'un monument \u00e0 Ab\u00e9ch\u00e9clame le si\u00e8ge - tchad\",\"isPartOf\":{\"@id\":\"https:\/\/www.africa-press.net\/tchad\/#website\"},\"primaryImageOfPage\":{\"@id\":\"https:\/\/www.africa-press.net\/tchad\/toutes-les-actualites\/abderaman-koulamallah-denonce-le-saccage-inadmissible-dun-monument-a-abecheclame-le-siege#primaryimage\"},\"image\":{\"@id\":\"https:\/\/www.africa-press.net\/tchad\/toutes-les-actualites\/abderaman-koulamallah-denonce-le-saccage-inadmissible-dun-monument-a-abecheclame-le-siege#primaryimage\"},\"thumbnailUrl\":\"https:\/\/static.africa-press.net\/tchad\/sites\/41\/2022\/05\/postQueueImg_5-62811424e4abb.jpg\",\"datePublished\":\"2022-05-15T14:28:11+00:00\",\"dateModified\":\"2022-05-15T14:54:48+00:00\",\"author\":{\"@id\":\"https:\/\/www.africa-press.net\/tchad\/#\/schema\/person\/2b1cf3cd81a31e3cd26889ca66d677f1\"},\"description\":\"Ceux qui se sont attaqu\u00e9s \u00e0 ce monument en commettant ce saccage inadmissible, ne se sont pas attaqu\u00e9s seulement \u00e0 la Fr ...\",\"breadcrumb\":{\"@id\":\"https:\/\/www.africa-press.net\/tchad\/toutes-les-actualites\/abderaman-koulamallah-denonce-le-saccage-inadmissible-dun-monument-a-abecheclame-le-siege#breadcrumb\"},\"inLanguage\":\"fr-FR\",\"potentialAction\":[{\"@type\":\"ReadAction\",\"target\":[\"https:\/\/www.africa-press.net\/tchad\/toutes-les-actualites\/abderaman-koulamallah-denonce-le-saccage-inadmissible-dun-monument-a-abecheclame-le-siege\"]}]},{\"@type\":\"ImageObject\",\"inLanguage\":\"fr-FR\",\"@id\":\"https:\/\/www.africa-press.net\/tchad\/toutes-les-actualites\/abderaman-koulamallah-denonce-le-saccage-inadmissible-dun-monument-a-abecheclame-le-siege#primaryimage\",\"url\":\"https:\/\/static.africa-press.net\/tchad\/sites\/41\/2022\/05\/postQueueImg_5-62811424e4abb.jpg\",\"contentUrl\":\"https:\/\/static.africa-press.net\/tchad\/sites\/41\/2022\/05\/postQueueImg_5-62811424e4abb.jpg\",\"width\":1280,\"height\":720,\"caption\":\"Abderaman Koulamallah d\u00e9nonce le \\\"saccage inadmissible\\\" d'un monument \u00e0 Ab\u00e9ch\u00e9clame le si\u00e8ge\"},{\"@type\":\"BreadcrumbList\",\"@id\":\"https:\/\/www.africa-press.net\/tchad\/toutes-les-actualites\/abderaman-koulamallah-denonce-le-saccage-inadmissible-dun-monument-a-abecheclame-le-siege#breadcrumb\",\"itemListElement\":[{\"@type\":\"ListItem\",\"position\":1,\"name\":\"Accueil\",\"item\":\"https:\/\/www.africa-press.net\/tchad\/\"},{\"@type\":\"ListItem\",\"position\":2,\"name\":\"Abderaman Koulamallah d\u00e9nonce le &#8220;saccage inadmissible&#8221; d&#8217;un monument \u00e0 Ab\u00e9ch\u00e9clame le si\u00e8ge\"}]},{\"@type\":\"WebSite\",\"@id\":\"https:\/\/www.africa-press.net\/tchad\/#website\",\"url\":\"https:\/\/www.africa-press.net\/tchad\/\",\"name\":\"tchad\",\"description\":\"Just another Africa News Agency Sites site\",\"potentialAction\":[{\"@type\":\"SearchAction\",\"target\":{\"@type\":\"EntryPoint\",\"urlTemplate\":\"https:\/\/www.africa-press.net\/tchad\/?s={search_term_string}\"},\"query-input\":{\"@type\":\"PropertyValueSpecification\",\"valueRequired\":true,\"valueName\":\"search_term_string\"}}],\"inLanguage\":\"fr-FR\"},{\"@type\":\"Person\",\"@id\":\"https:\/\/www.africa-press.net\/tchad\/#\/schema\/person\/2b1cf3cd81a31e3cd26889ca66d677f1\",\"name\":\"cfeditorfr\"}]}<\/script>\n<!-- \/ Yoast SEO Premium plugin. -->","yoast_head_json":{"title":"Abderaman Koulamallah d\u00e9nonce le \"saccage inadmissible\" d'un monument \u00e0 Ab\u00e9ch\u00e9clame le si\u00e8ge - tchad","description":"Ceux qui se sont attaqu\u00e9s \u00e0 ce monument en commettant ce saccage inadmissible, ne se sont pas attaqu\u00e9s seulement \u00e0 la Fr ...","robots":{"index":"index","follow":"follow","max-snippet":"max-snippet:-1","max-image-preview":"max-image-preview:large","max-video-preview":"max-video-preview:-1"},"canonical":"https:\/\/www.africa-press.net\/tchad\/toutes-les-actualites\/abderaman-koulamallah-denonce-le-saccage-inadmissible-dun-monument-a-abecheclame-le-siege","og_locale":"fr_FR","og_type":"article","og_title":"Abderaman Koulamallah d\u00e9nonce le \"saccage inadmissible\" d'un monument \u00e0 Ab\u00e9ch\u00e9clame le si\u00e8ge","og_description":"Ceux qui se sont attaqu\u00e9s \u00e0 ce monument en commettant ce saccage inadmissible, ne se sont pas attaqu\u00e9s seulement \u00e0 la Fr ...","og_url":"https:\/\/www.africa-press.net\/tchad\/toutes-les-actualites\/abderaman-koulamallah-denonce-le-saccage-inadmissible-dun-monument-a-abecheclame-le-siege","og_site_name":"tchad","article_published_time":"2022-05-15T14:28:11+00:00","article_modified_time":"2022-05-15T14:54:48+00:00","og_image":[{"width":1280,"height":720,"url":"https:\/\/static.africa-press.net\/tchad\/sites\/41\/2022\/05\/postQueueImg_5-62811424e4abb.jpg","type":"image\/jpeg"}],"author":"cfeditorfr","twitter_card":"summary_large_image","twitter_misc":{"\u00c9crit par":"cfeditorfr","Dur\u00e9e de lecture estim\u00e9e":"1 minute"},"schema":{"@context":"https:\/\/schema.org","@graph":[{"@type":"Article","@id":"https:\/\/www.africa-press.net\/tchad\/toutes-les-actualites\/abderaman-koulamallah-denonce-le-saccage-inadmissible-dun-monument-a-abecheclame-le-siege#article","isPartOf":{"@id":"https:\/\/www.africa-press.net\/tchad\/toutes-les-actualites\/abderaman-koulamallah-denonce-le-saccage-inadmissible-dun-monument-a-abecheclame-le-siege"},"author":{"name":"cfeditorfr","@id":"https:\/\/www.africa-press.net\/tchad\/#\/schema\/person\/2b1cf3cd81a31e3cd26889ca66d677f1"},"headline":"Abderaman Koulamallah d\u00e9nonce le \u00ab\u00a0saccage inadmissible\u00a0\u00bb d&rsquo;un monument \u00e0 Ab\u00e9ch\u00e9clame le si\u00e8ge","datePublished":"2022-05-15T14:28:11+00:00","dateModified":"2022-05-15T14:54:48+00:00","mainEntityOfPage":{"@id":"https:\/\/www.africa-press.net\/tchad\/toutes-les-actualites\/abderaman-koulamallah-denonce-le-saccage-inadmissible-dun-monument-a-abecheclame-le-siege"},"wordCount":201,"commentCount":0,"image":{"@id":"https:\/\/www.africa-press.net\/tchad\/toutes-les-actualites\/abderaman-koulamallah-denonce-le-saccage-inadmissible-dun-monument-a-abecheclame-le-siege#primaryimage"},"thumbnailUrl":"https:\/\/static.africa-press.net\/tchad\/sites\/41\/2022\/05\/postQueueImg_5-62811424e4abb.jpg","keywords":["Africa Press","Africa Press-Tchad","BDEAC","Pr\u00e9sidence","Tchad"],"articleSection":["Communaut\u00e9","homepage-french","Toutes les actualit\u00e9s"],"inLanguage":"fr-FR","potentialAction":[{"@type":"CommentAction","name":"Comment","target":["https:\/\/www.africa-press.net\/tchad\/toutes-les-actualites\/abderaman-koulamallah-denonce-le-saccage-inadmissible-dun-monument-a-abecheclame-le-siege#respond"]}]},{"@type":"WebPage","@id":"https:\/\/www.africa-press.net\/tchad\/toutes-les-actualites\/abderaman-koulamallah-denonce-le-saccage-inadmissible-dun-monument-a-abecheclame-le-siege","url":"https:\/\/www.africa-press.net\/tchad\/toutes-les-actualites\/abderaman-koulamallah-denonce-le-saccage-inadmissible-dun-monument-a-abecheclame-le-siege","name":"Abderaman Koulamallah d\u00e9nonce le \"saccage inadmissible\" d'un monument \u00e0 Ab\u00e9ch\u00e9clame le si\u00e8ge - tchad","isPartOf":{"@id":"https:\/\/www.africa-press.net\/tchad\/#website"},"primaryImageOfPage":{"@id":"https:\/\/www.africa-press.net\/tchad\/toutes-les-actualites\/abderaman-koulamallah-denonce-le-saccage-inadmissible-dun-monument-a-abecheclame-le-siege#primaryimage"},"image":{"@id":"https:\/\/www.africa-press.net\/tchad\/toutes-les-actualites\/abderaman-koulamallah-denonce-le-saccage-inadmissible-dun-monument-a-abecheclame-le-siege#primaryimage"},"thumbnailUrl":"https:\/\/static.africa-press.net\/tchad\/sites\/41\/2022\/05\/postQueueImg_5-62811424e4abb.jpg","datePublished":"2022-05-15T14:28:11+00:00","dateModified":"2022-05-15T14:54:48+00:00","author":{"@id":"https:\/\/www.africa-press.net\/tchad\/#\/schema\/person\/2b1cf3cd81a31e3cd26889ca66d677f1"},"description":"Ceux qui se sont attaqu\u00e9s \u00e0 ce monument en commettant ce saccage inadmissible, ne se sont pas attaqu\u00e9s seulement \u00e0 la Fr ...","breadcrumb":{"@id":"https:\/\/www.africa-press.net\/tchad\/toutes-les-actualites\/abderaman-koulamallah-denonce-le-saccage-inadmissible-dun-monument-a-abecheclame-le-siege#breadcrumb"},"inLanguage":"fr-FR","potentialAction":[{"@type":"ReadAction","target":["https:\/\/www.africa-press.net\/tchad\/toutes-les-actualites\/abderaman-koulamallah-denonce-le-saccage-inadmissible-dun-monument-a-abecheclame-le-siege"]}]},{"@type":"ImageObject","inLanguage":"fr-FR","@id":"https:\/\/www.africa-press.net\/tchad\/toutes-les-actualites\/abderaman-koulamallah-denonce-le-saccage-inadmissible-dun-monument-a-abecheclame-le-siege#primaryimage","url":"https:\/\/static.africa-press.net\/tchad\/sites\/41\/2022\/05\/postQueueImg_5-62811424e4abb.jpg","contentUrl":"https:\/\/static.africa-press.net\/tchad\/sites\/41\/2022\/05\/postQueueImg_5-62811424e4abb.jpg","width":1280,"height":720,"caption":"Abderaman Koulamallah d\u00e9nonce le \"saccage inadmissible\" d'un monument \u00e0 Ab\u00e9ch\u00e9clame le si\u00e8ge"},{"@type":"BreadcrumbList","@id":"https:\/\/www.africa-press.net\/tchad\/toutes-les-actualites\/abderaman-koulamallah-denonce-le-saccage-inadmissible-dun-monument-a-abecheclame-le-siege#breadcrumb","itemListElement":[{"@type":"ListItem","position":1,"name":"Accueil","item":"https:\/\/www.africa-press.net\/tchad\/"},{"@type":"ListItem","position":2,"name":"Abderaman Koulamallah d\u00e9nonce le &#8220;saccage inadmissible&#8221; d&#8217;un monument \u00e0 Ab\u00e9ch\u00e9clame le si\u00e8ge"}]},{"@type":"WebSite","@id":"https:\/\/www.africa-press.net\/tchad\/#website","url":"https:\/\/www.africa-press.net\/tchad\/","name":"tchad","description":"Just another Africa News Agency Sites site","potentialAction":[{"@type":"SearchAction","target":{"@type":"EntryPoint","urlTemplate":"https:\/\/www.africa-press.net\/tchad\/?s={search_term_string}"},"query-input":{"@type":"PropertyValueSpecification","valueRequired":true,"valueName":"search_term_string"}}],"inLanguage":"fr-FR"},{"@type":"Person","@id":"https:\/\/www.africa-press.net\/tchad\/#\/schema\/person\/2b1cf3cd81a31e3cd26889ca66d677f1","name":"cfeditorfr"}]}},"_links":{"self":[{"href":"https:\/\/www.africa-press.net\/tchad\/wp-json\/wp\/v2\/posts\/25221","targetHints":{"allow":["GET"]}}],"collection":[{"href":"https:\/\/www.africa-press.net\/tchad\/wp-json\/wp\/v2\/posts"}],"about":[{"href":"https:\/\/www.africa-press.net\/tchad\/wp-json\/wp\/v2\/types\/post"}],"author":[{"embeddable":true,"href":"https:\/\/www.africa-press.net\/tchad\/wp-json\/wp\/v2\/users\/82"}],"replies":[{"embeddable":true,"href":"https:\/\/www.africa-press.net\/tchad\/wp-json\/wp\/v2\/comments?post=25221"}],"version-history":[{"count":0,"href":"https:\/\/www.africa-press.net\/tchad\/wp-json\/wp\/v2\/posts\/25221\/revisions"}],"wp:featuredmedia":[{"embeddable":true,"href":"https:\/\/www.africa-press.net\/tchad\/wp-json\/wp\/v2\/media\/25220"}],"wp:attachment":[{"href":"https:\/\/www.africa-press.net\/tchad\/wp-json\/wp\/v2\/media?parent=25221"}],"wp:term":[{"taxonomy":"category","embeddable":true,"href":"https:\/\/www.africa-press.net\/tchad\/wp-json\/wp\/v2\/categories?post=25221"},{"taxonomy":"post_tag","embeddable":true,"href":"https:\/\/www.africa-press.net\/tchad\/wp-json\/wp\/v2\/tags?post=25221"}],"curies":[{"name":"wp","href":"https:\/\/api.w.org\/{rel}","templated":true}]}}