{"id":25333,"date":"2022-05-16T17:55:31","date_gmt":"2022-05-16T17:55:31","guid":{"rendered":"https:\/\/www.africa-press.net\/tchad\/politique\/plus-rien-ne-sera-comme-avant"},"modified":"2022-05-16T18:06:00","modified_gmt":"2022-05-16T18:06:00","slug":"plus-rien-ne-sera-comme-avant","status":"publish","type":"post","link":"https:\/\/www.africa-press.net\/tchad\/dossiers\/plus-rien-ne-sera-comme-avant","title":{"rendered":"\u00ab Plus rien ne sera comme avant \u00bb"},"content":{"rendered":"<p><span style=\"color: #ff6600\"><strong>Africa-Press &#8211; Tchad. <\/strong><\/span>Au-del\u00e0 de l\u2019attaque des symboles de la pr\u00e9sence fran\u00e7aise, une jeunesse \u00ab d\u00e9sesp\u00e9r\u00e9e \u00bb s\u2019est exprim\u00e9e samedi \u00e0 N\u2019Djamena, selon le Professeur Zakaria Ousman Ramadan, pr\u00e9sident du Centre tchadien des \u00e9tudes strat\u00e9giques et des recherches prospectives.Le sentiment anti-fran\u00e7ais se propage en Afrique. Une marche s\u2019est tenue ce week-end dans la capitale tchadienne, \u00e0 l\u2019appel de la coalition d\u2019opposition Wakit Tama, pour d\u00e9noncer l\u2019ing\u00e9rence de la France dans la politique int\u00e9rieure du pays.<\/p>\n<p>D\u00e9marr\u00e9e pacifiquement, la manifestation a \u00e9t\u00e9 \u00e9maill\u00e9e de violences \u00e0 la fin. Des jeunes ont notamment attaqu\u00e9 plusieurs stations Total, la multinationale fran\u00e7aise. \u00ab La rue gronde. Il faut l\u2019\u00e9couter. Je pense que le probl\u00e8me n\u2019est pas tant soit peu la France et la pr\u00e9sence de ses soldats au Tchad, mais l\u2019exasp\u00e9ration d\u2019une jeunesse ayant perdu tout espoir et en qu\u00eate de rep\u00e8res \u00bb, analyse le Professeur Zakaria Ousman Ramadan.<\/p>\n<p>\u00c0 la mort d\u2019Idriss D\u00e9by Itno, grand alli\u00e9 militaire de la France, son fils Mahamat a pris les r\u00eanes du Tchad pour une transition d\u2019une dur\u00e9e initiale de 18 mois qui tend \u00e0 \u00eatre prolong\u00e9e. De l\u2019avis du pr\u00e9sident du Centre tchadien des \u00e9tudes strat\u00e9giques et des recherches prospectives, \u00ab il para\u00eet urgent de recentrer les d\u00e9bats sur les questions de justices sociales et de s\u00e9curit\u00e9 humaine \u00bb parce que \u00ab la jeunesse tchadienne<\/p>\n<p>est connect\u00e9e \u00e0 un monde virtuel qui la renseigne, la fascine et la fa\u00e7onne \u00bb. \u00ab Des dizaines de milliers de ch\u00f4meurs et de badauds \u00bb figuraient parmi les manifestants et \u00ab c\u2019est la premiere fois dans l\u2019histoire du Tchad qu\u2019autant de personnes, de tout bord, protestent ensemble \u00bb, renseigne le Professeur Zakaria Ousman Ramadan qui intervient aussi \u00e0 l\u2019\u00e9cole de maintien de la paix Alioune Blondin Beye de Bamako (Mali).<\/p>\n<p><strong>Pour plus d&rsquo;informations et d&rsquo;analyses sur la <a href=\"https:\/\/www.africa-press.net\/tchad\">Tchad<\/a>, suivez <a href=\"https:\/\/www.africa-press.net\/\">Africa-Press<\/a><\/strong><\/p>\n","protected":false},"excerpt":{"rendered":"<p>Africa-Press &#8211; Tchad. Au-del\u00e0 de l\u2019attaque des symboles de la pr\u00e9sence fran\u00e7aise, une jeunesse \u00ab d\u00e9sesp\u00e9r\u00e9e \u00bb s\u2019est exprim\u00e9e samedi \u00e0 N\u2019Djamena, selon le Professeur Zakaria Ousman Ramadan, pr\u00e9sident du Centre tchadien des \u00e9tudes strat\u00e9giques et des recherches prospectives.Le sentiment anti-fran\u00e7ais se propage en Afrique. Une marche s\u2019est tenue ce week-end dans la capitale tchadienne, [&hellip;]<\/p>\n","protected":false},"author":82,"featured_media":25332,"comment_status":"open","ping_status":"closed","sticky":false,"template":"","format":"standard","meta":{"footnotes":""},"categories":[7,11,10],"tags":[37,292,398,404,2532,493,29],"class_list":["post-25333","post","type-post","status-publish","format-standard","has-post-thumbnail","hentry","category-dossiers","category-homepage-french","category-toutes-les-actualites","tag-africa-press","tag-africa-press-tchad","tag-apa","tag-centre","tag-gouvernance","tag-securite","tag-tchad"],"yoast_head":"<!-- This site is optimized with the Yoast SEO Premium plugin v26.1 (Yoast SEO v27.0) - https:\/\/yoast.com\/product\/yoast-seo-premium-wordpress\/ -->\n<title>\u00ab Plus rien ne sera comme avant \u00bb - tchad<\/title>\n<meta name=\"description\" content=\"Au-del\u00e0 de l\u2019attaque des symboles de la pr\u00e9sence fran\u00e7aise, une jeunesse \u00ab d\u00e9sesp\u00e9r\u00e9e \u00bb s\u2019est exprim\u00e9e samedi \u00e0 N\u2019Djamen ...\" \/>\n<meta name=\"robots\" content=\"index, follow, max-snippet:-1, max-image-preview:large, max-video-preview:-1\" \/>\n<link rel=\"canonical\" href=\"https:\/\/www.africa-press.net\/tchad\/dossiers\/plus-rien-ne-sera-comme-avant\" \/>\n<meta property=\"og:locale\" content=\"fr_FR\" \/>\n<meta property=\"og:type\" content=\"article\" \/>\n<meta property=\"og:title\" content=\"\u00ab Plus rien ne sera comme avant \u00bb\" \/>\n<meta property=\"og:description\" content=\"Au-del\u00e0 de l\u2019attaque des symboles de la pr\u00e9sence fran\u00e7aise, une jeunesse \u00ab d\u00e9sesp\u00e9r\u00e9e \u00bb s\u2019est exprim\u00e9e samedi \u00e0 N\u2019Djamen ...\" \/>\n<meta property=\"og:url\" content=\"https:\/\/www.africa-press.net\/tchad\/dossiers\/plus-rien-ne-sera-comme-avant\" \/>\n<meta property=\"og:site_name\" content=\"tchad\" \/>\n<meta property=\"article:published_time\" content=\"2022-05-16T17:55:31+00:00\" \/>\n<meta property=\"article:modified_time\" content=\"2022-05-16T18:06:00+00:00\" \/>\n<meta property=\"og:image\" content=\"https:\/\/static.africa-press.net\/tchad\/sites\/41\/2022\/05\/postQueueImg_4-6282923dcb6f9.jpg\" \/>\n\t<meta property=\"og:image:width\" content=\"780\" \/>\n\t<meta property=\"og:image:height\" content=\"440\" \/>\n\t<meta property=\"og:image:type\" content=\"image\/jpeg\" \/>\n<meta name=\"author\" content=\"cfeditorfr\" \/>\n<meta name=\"twitter:card\" content=\"summary_large_image\" \/>\n<meta name=\"twitter:label1\" content=\"\u00c9crit par\" \/>\n\t<meta name=\"twitter:data1\" content=\"cfeditorfr\" \/>\n\t<meta name=\"twitter:label2\" content=\"Dur\u00e9e de lecture estim\u00e9e\" \/>\n\t<meta name=\"twitter:data2\" content=\"2 minutes\" \/>\n<script type=\"application\/ld+json\" class=\"yoast-schema-graph\">{\"@context\":\"https:\/\/schema.org\",\"@graph\":[{\"@type\":\"Article\",\"@id\":\"https:\/\/www.africa-press.net\/tchad\/dossiers\/plus-rien-ne-sera-comme-avant#article\",\"isPartOf\":{\"@id\":\"https:\/\/www.africa-press.net\/tchad\/dossiers\/plus-rien-ne-sera-comme-avant\"},\"author\":{\"name\":\"cfeditorfr\",\"@id\":\"https:\/\/www.africa-press.net\/tchad\/#\/schema\/person\/2b1cf3cd81a31e3cd26889ca66d677f1\"},\"headline\":\"\u00ab Plus rien ne sera comme avant \u00bb\",\"datePublished\":\"2022-05-16T17:55:31+00:00\",\"dateModified\":\"2022-05-16T18:06:00+00:00\",\"mainEntityOfPage\":{\"@id\":\"https:\/\/www.africa-press.net\/tchad\/dossiers\/plus-rien-ne-sera-comme-avant\"},\"wordCount\":340,\"commentCount\":0,\"image\":{\"@id\":\"https:\/\/www.africa-press.net\/tchad\/dossiers\/plus-rien-ne-sera-comme-avant#primaryimage\"},\"thumbnailUrl\":\"https:\/\/static.africa-press.net\/tchad\/sites\/41\/2022\/05\/postQueueImg_4-6282923dcb6f9.jpg\",\"keywords\":[\"Africa Press\",\"Africa Press-Tchad\",\"APA\",\"CENTRE\",\"Gouvernance\",\"SECURITE\",\"Tchad\"],\"articleSection\":[\"Dossiers\",\"homepage-french\",\"Toutes les actualit\u00e9s\"],\"inLanguage\":\"fr-FR\",\"potentialAction\":[{\"@type\":\"CommentAction\",\"name\":\"Comment\",\"target\":[\"https:\/\/www.africa-press.net\/tchad\/dossiers\/plus-rien-ne-sera-comme-avant#respond\"]}]},{\"@type\":\"WebPage\",\"@id\":\"https:\/\/www.africa-press.net\/tchad\/dossiers\/plus-rien-ne-sera-comme-avant\",\"url\":\"https:\/\/www.africa-press.net\/tchad\/dossiers\/plus-rien-ne-sera-comme-avant\",\"name\":\"\u00ab Plus rien ne sera comme avant \u00bb - tchad\",\"isPartOf\":{\"@id\":\"https:\/\/www.africa-press.net\/tchad\/#website\"},\"primaryImageOfPage\":{\"@id\":\"https:\/\/www.africa-press.net\/tchad\/dossiers\/plus-rien-ne-sera-comme-avant#primaryimage\"},\"image\":{\"@id\":\"https:\/\/www.africa-press.net\/tchad\/dossiers\/plus-rien-ne-sera-comme-avant#primaryimage\"},\"thumbnailUrl\":\"https:\/\/static.africa-press.net\/tchad\/sites\/41\/2022\/05\/postQueueImg_4-6282923dcb6f9.jpg\",\"datePublished\":\"2022-05-16T17:55:31+00:00\",\"dateModified\":\"2022-05-16T18:06:00+00:00\",\"author\":{\"@id\":\"https:\/\/www.africa-press.net\/tchad\/#\/schema\/person\/2b1cf3cd81a31e3cd26889ca66d677f1\"},\"description\":\"Au-del\u00e0 de l\u2019attaque des symboles de la pr\u00e9sence fran\u00e7aise, une jeunesse \u00ab d\u00e9sesp\u00e9r\u00e9e \u00bb s\u2019est exprim\u00e9e samedi \u00e0 N\u2019Djamen ...\",\"breadcrumb\":{\"@id\":\"https:\/\/www.africa-press.net\/tchad\/dossiers\/plus-rien-ne-sera-comme-avant#breadcrumb\"},\"inLanguage\":\"fr-FR\",\"potentialAction\":[{\"@type\":\"ReadAction\",\"target\":[\"https:\/\/www.africa-press.net\/tchad\/dossiers\/plus-rien-ne-sera-comme-avant\"]}]},{\"@type\":\"ImageObject\",\"inLanguage\":\"fr-FR\",\"@id\":\"https:\/\/www.africa-press.net\/tchad\/dossiers\/plus-rien-ne-sera-comme-avant#primaryimage\",\"url\":\"https:\/\/static.africa-press.net\/tchad\/sites\/41\/2022\/05\/postQueueImg_4-6282923dcb6f9.jpg\",\"contentUrl\":\"https:\/\/static.africa-press.net\/tchad\/sites\/41\/2022\/05\/postQueueImg_4-6282923dcb6f9.jpg\",\"width\":780,\"height\":440,\"caption\":\"\u00ab Plus rien ne sera comme avant \u00bb\"},{\"@type\":\"BreadcrumbList\",\"@id\":\"https:\/\/www.africa-press.net\/tchad\/dossiers\/plus-rien-ne-sera-comme-avant#breadcrumb\",\"itemListElement\":[{\"@type\":\"ListItem\",\"position\":1,\"name\":\"Accueil\",\"item\":\"https:\/\/www.africa-press.net\/tchad\/\"},{\"@type\":\"ListItem\",\"position\":2,\"name\":\"\u00ab Plus rien ne sera comme avant \u00bb\"}]},{\"@type\":\"WebSite\",\"@id\":\"https:\/\/www.africa-press.net\/tchad\/#website\",\"url\":\"https:\/\/www.africa-press.net\/tchad\/\",\"name\":\"tchad\",\"description\":\"Just another Africa News Agency Sites site\",\"potentialAction\":[{\"@type\":\"SearchAction\",\"target\":{\"@type\":\"EntryPoint\",\"urlTemplate\":\"https:\/\/www.africa-press.net\/tchad\/?s={search_term_string}\"},\"query-input\":{\"@type\":\"PropertyValueSpecification\",\"valueRequired\":true,\"valueName\":\"search_term_string\"}}],\"inLanguage\":\"fr-FR\"},{\"@type\":\"Person\",\"@id\":\"https:\/\/www.africa-press.net\/tchad\/#\/schema\/person\/2b1cf3cd81a31e3cd26889ca66d677f1\",\"name\":\"cfeditorfr\"}]}<\/script>\n<!-- \/ Yoast SEO Premium plugin. -->","yoast_head_json":{"title":"\u00ab Plus rien ne sera comme avant \u00bb - tchad","description":"Au-del\u00e0 de l\u2019attaque des symboles de la pr\u00e9sence fran\u00e7aise, une jeunesse \u00ab d\u00e9sesp\u00e9r\u00e9e \u00bb s\u2019est exprim\u00e9e samedi \u00e0 N\u2019Djamen ...","robots":{"index":"index","follow":"follow","max-snippet":"max-snippet:-1","max-image-preview":"max-image-preview:large","max-video-preview":"max-video-preview:-1"},"canonical":"https:\/\/www.africa-press.net\/tchad\/dossiers\/plus-rien-ne-sera-comme-avant","og_locale":"fr_FR","og_type":"article","og_title":"\u00ab Plus rien ne sera comme avant \u00bb","og_description":"Au-del\u00e0 de l\u2019attaque des symboles de la pr\u00e9sence fran\u00e7aise, une jeunesse \u00ab d\u00e9sesp\u00e9r\u00e9e \u00bb s\u2019est exprim\u00e9e samedi \u00e0 N\u2019Djamen ...","og_url":"https:\/\/www.africa-press.net\/tchad\/dossiers\/plus-rien-ne-sera-comme-avant","og_site_name":"tchad","article_published_time":"2022-05-16T17:55:31+00:00","article_modified_time":"2022-05-16T18:06:00+00:00","og_image":[{"width":780,"height":440,"url":"https:\/\/static.africa-press.net\/tchad\/sites\/41\/2022\/05\/postQueueImg_4-6282923dcb6f9.jpg","type":"image\/jpeg"}],"author":"cfeditorfr","twitter_card":"summary_large_image","twitter_misc":{"\u00c9crit par":"cfeditorfr","Dur\u00e9e de lecture estim\u00e9e":"2 minutes"},"schema":{"@context":"https:\/\/schema.org","@graph":[{"@type":"Article","@id":"https:\/\/www.africa-press.net\/tchad\/dossiers\/plus-rien-ne-sera-comme-avant#article","isPartOf":{"@id":"https:\/\/www.africa-press.net\/tchad\/dossiers\/plus-rien-ne-sera-comme-avant"},"author":{"name":"cfeditorfr","@id":"https:\/\/www.africa-press.net\/tchad\/#\/schema\/person\/2b1cf3cd81a31e3cd26889ca66d677f1"},"headline":"\u00ab Plus rien ne sera comme avant \u00bb","datePublished":"2022-05-16T17:55:31+00:00","dateModified":"2022-05-16T18:06:00+00:00","mainEntityOfPage":{"@id":"https:\/\/www.africa-press.net\/tchad\/dossiers\/plus-rien-ne-sera-comme-avant"},"wordCount":340,"commentCount":0,"image":{"@id":"https:\/\/www.africa-press.net\/tchad\/dossiers\/plus-rien-ne-sera-comme-avant#primaryimage"},"thumbnailUrl":"https:\/\/static.africa-press.net\/tchad\/sites\/41\/2022\/05\/postQueueImg_4-6282923dcb6f9.jpg","keywords":["Africa Press","Africa Press-Tchad","APA","CENTRE","Gouvernance","SECURITE","Tchad"],"articleSection":["Dossiers","homepage-french","Toutes les actualit\u00e9s"],"inLanguage":"fr-FR","potentialAction":[{"@type":"CommentAction","name":"Comment","target":["https:\/\/www.africa-press.net\/tchad\/dossiers\/plus-rien-ne-sera-comme-avant#respond"]}]},{"@type":"WebPage","@id":"https:\/\/www.africa-press.net\/tchad\/dossiers\/plus-rien-ne-sera-comme-avant","url":"https:\/\/www.africa-press.net\/tchad\/dossiers\/plus-rien-ne-sera-comme-avant","name":"\u00ab Plus rien ne sera comme avant \u00bb - tchad","isPartOf":{"@id":"https:\/\/www.africa-press.net\/tchad\/#website"},"primaryImageOfPage":{"@id":"https:\/\/www.africa-press.net\/tchad\/dossiers\/plus-rien-ne-sera-comme-avant#primaryimage"},"image":{"@id":"https:\/\/www.africa-press.net\/tchad\/dossiers\/plus-rien-ne-sera-comme-avant#primaryimage"},"thumbnailUrl":"https:\/\/static.africa-press.net\/tchad\/sites\/41\/2022\/05\/postQueueImg_4-6282923dcb6f9.jpg","datePublished":"2022-05-16T17:55:31+00:00","dateModified":"2022-05-16T18:06:00+00:00","author":{"@id":"https:\/\/www.africa-press.net\/tchad\/#\/schema\/person\/2b1cf3cd81a31e3cd26889ca66d677f1"},"description":"Au-del\u00e0 de l\u2019attaque des symboles de la pr\u00e9sence fran\u00e7aise, une jeunesse \u00ab d\u00e9sesp\u00e9r\u00e9e \u00bb s\u2019est exprim\u00e9e samedi \u00e0 N\u2019Djamen ...","breadcrumb":{"@id":"https:\/\/www.africa-press.net\/tchad\/dossiers\/plus-rien-ne-sera-comme-avant#breadcrumb"},"inLanguage":"fr-FR","potentialAction":[{"@type":"ReadAction","target":["https:\/\/www.africa-press.net\/tchad\/dossiers\/plus-rien-ne-sera-comme-avant"]}]},{"@type":"ImageObject","inLanguage":"fr-FR","@id":"https:\/\/www.africa-press.net\/tchad\/dossiers\/plus-rien-ne-sera-comme-avant#primaryimage","url":"https:\/\/static.africa-press.net\/tchad\/sites\/41\/2022\/05\/postQueueImg_4-6282923dcb6f9.jpg","contentUrl":"https:\/\/static.africa-press.net\/tchad\/sites\/41\/2022\/05\/postQueueImg_4-6282923dcb6f9.jpg","width":780,"height":440,"caption":"\u00ab Plus rien ne sera comme avant \u00bb"},{"@type":"BreadcrumbList","@id":"https:\/\/www.africa-press.net\/tchad\/dossiers\/plus-rien-ne-sera-comme-avant#breadcrumb","itemListElement":[{"@type":"ListItem","position":1,"name":"Accueil","item":"https:\/\/www.africa-press.net\/tchad\/"},{"@type":"ListItem","position":2,"name":"\u00ab Plus rien ne sera comme avant \u00bb"}]},{"@type":"WebSite","@id":"https:\/\/www.africa-press.net\/tchad\/#website","url":"https:\/\/www.africa-press.net\/tchad\/","name":"tchad","description":"Just another Africa News Agency Sites site","potentialAction":[{"@type":"SearchAction","target":{"@type":"EntryPoint","urlTemplate":"https:\/\/www.africa-press.net\/tchad\/?s={search_term_string}"},"query-input":{"@type":"PropertyValueSpecification","valueRequired":true,"valueName":"search_term_string"}}],"inLanguage":"fr-FR"},{"@type":"Person","@id":"https:\/\/www.africa-press.net\/tchad\/#\/schema\/person\/2b1cf3cd81a31e3cd26889ca66d677f1","name":"cfeditorfr"}]}},"_links":{"self":[{"href":"https:\/\/www.africa-press.net\/tchad\/wp-json\/wp\/v2\/posts\/25333","targetHints":{"allow":["GET"]}}],"collection":[{"href":"https:\/\/www.africa-press.net\/tchad\/wp-json\/wp\/v2\/posts"}],"about":[{"href":"https:\/\/www.africa-press.net\/tchad\/wp-json\/wp\/v2\/types\/post"}],"author":[{"embeddable":true,"href":"https:\/\/www.africa-press.net\/tchad\/wp-json\/wp\/v2\/users\/82"}],"replies":[{"embeddable":true,"href":"https:\/\/www.africa-press.net\/tchad\/wp-json\/wp\/v2\/comments?post=25333"}],"version-history":[{"count":0,"href":"https:\/\/www.africa-press.net\/tchad\/wp-json\/wp\/v2\/posts\/25333\/revisions"}],"wp:featuredmedia":[{"embeddable":true,"href":"https:\/\/www.africa-press.net\/tchad\/wp-json\/wp\/v2\/media\/25332"}],"wp:attachment":[{"href":"https:\/\/www.africa-press.net\/tchad\/wp-json\/wp\/v2\/media?parent=25333"}],"wp:term":[{"taxonomy":"category","embeddable":true,"href":"https:\/\/www.africa-press.net\/tchad\/wp-json\/wp\/v2\/categories?post=25333"},{"taxonomy":"post_tag","embeddable":true,"href":"https:\/\/www.africa-press.net\/tchad\/wp-json\/wp\/v2\/tags?post=25333"}],"curies":[{"name":"wp","href":"https:\/\/api.w.org\/{rel}","templated":true}]}}